{"id":8266,"date":"2026-04-28T10:56:31","date_gmt":"2026-04-28T13:56:31","guid":{"rendered":"https:\/\/diariodelsurdigital.com.ar\/?p=8266"},"modified":"2026-04-28T10:56:32","modified_gmt":"2026-04-28T13:56:32","slug":"milei-en-la-cena-de-la-fundacion-libertad-tarde-o-temprano-la-inflacion-y-el-riesgo-pais-se-van-a-destrozar","status":"publish","type":"post","link":"https:\/\/diariodelsurdigital.com.ar\/?p=8266","title":{"rendered":"Milei en la cena de la Fundaci\u00f3n Libertad: \u00abTarde o temprano la inflaci\u00f3n y el riesgo pa\u00eds se van a destrozar\u00bb"},"content":{"rendered":"\n<p>El Presidente disert\u00f3 en el evento llevado a cabo en Costanera Norte, donde ratific\u00f3 el rumbo econ\u00f3mico. Ausencias notorias, aplausos tibios, e impaciencia por la cena. Adorni presente, y un Macri desdibujado.<\/p>\n\n\n\n<p>Un mitin de m\u00e1s de 2000 personas se congreg\u00f3 en Costanera Norte para escuchar una \u00abmasterclass\u00bb -como le gusta decir- del presidente Javier Milei en la que dedic\u00f3 m\u00e1s de una hora a autoelogiar a su gesti\u00f3n, con algunas cr\u00edticas a economistas, empresarios y la prensa, y lanzar promesas de que la inflaci\u00f3n y el riesgo pa\u00eds bajar\u00e1n. La interna libertaria qued\u00f3 tambi\u00e9n qued\u00f3 a la luz con una ausencia -f\u00edsica y en el discurso- durante la velada.<\/p>\n\n\n\n<p>Milei disert\u00f3 este lunes por noche en la cena anual de la Fundaci\u00f3n Libertad, donde reivindic\u00f3 el rumbo econ\u00f3mico de su Gobierno, afirm\u00f3 que \u00abno hay nueva deuda\u00bb. En ese marco, sostuvo que la Argentina va \u00aba honrar\u00bb los compromisos de pagos y tarde o temprano \u00abel riesgo pa\u00eds se va a destrozar\u00bb, al igual que la inflaci\u00f3n.<\/p>\n\n\n\n<p>Hasta el Golden Center que pertenece al Sindicato de Comercio lleg\u00f3 casi la plana mayor del Gabinete, funcionarios, legisladores, y libertarios de todo tipo. El Presidente lleg\u00f3 poco antes de las 22, recibi\u00f3 un premio de su \u00abmaestro\u00bb Alberto Benegas Lynch (h), y comenz\u00f3 su exposici\u00f3n centrada principalmente en la gesti\u00f3n econ\u00f3mica, con algunos matices pol\u00edticos y dardos para el kirchnerismo. Lo acompa\u00f1\u00f3 su hermana Karina y el jefe de Gabinete, Manuel Adorni, en otro paseo de bendici\u00f3n a su continuidad pese a las desventuras que sufre por sus inconsistencias patrimoniales entre propiedades y viajes al exterior. Apenas termin\u00f3, se retir\u00f3 raudo del evento sin acercarse a la mesa principal.<\/p>\n\n\n\n<p>Tambi\u00e9n se hicieron presentes ministros como Luis \u00abToto\u00bb Caputo, Federico Sturzenegger, Patricia Bullrich, y Mario Lugones, entre otros. Sorprendi\u00f3 la ausencia del titular de la C\u00e1mara de Diputados, Mart\u00edn Menem. Pero m\u00e1s a\u00fan la del asesor estrellar Santiago Caputo y su s\u00e9quito de seguidores alineados con Las Fuerzas del Cielo. O quiz\u00e1s no deba llamar la atenci\u00f3n luego de lo que fue la furia de viernes por la noche d\u00edas atr\u00e1s en la que se enlodaron quienes apoyan al Presidente.<\/p>\n\n\n\n<p>Con un papel desdibujado estuvo Mauricio Macri, quien le precedi\u00f3 en la palabra a Milei, sin menciones espec\u00edficas a la gesti\u00f3n actual. Un asistente que s\u00ed cabe destacar es el exjefe de Gabinete, Guillermo Francos. Lleg\u00f3 temprano, horas antes de que arribe Milei, y fue la primera vez que comparti\u00f3 un evento p\u00fablico desde su ruidosa salida del Gobierno. El exministro no habl\u00f3 aun con el Presidente desde que present\u00f3 la renuncia. Tambi\u00e9n fue un viernes por la noche, un d\u00eda y horario donde parecen despertarse las pasiones libertarias.<\/p>\n\n\n\n<p>M\u00e1s de una hora despu\u00e9s de comenzado el discurso el p\u00fablico parec\u00eda impaciente por la llegada de la cena, que se sirvi\u00f3 despu\u00e9s de las 23, cuando termin\u00f3 de hablar el Presidente. Aplausos tibios y casi siempre iniciados por el mismo comensal se escuchaban mientras los asistentes comenzaban a revisar sus redes sociales y a charlar entre s\u00ed a la espera de que llegue el plato principal.<\/p>\n\n\n\n<p>Ya de lleno en su exposici\u00f3n, Milei repudi\u00f3 el intento de asesinato contra el mandatario estadounidense Donald Trump y asegur\u00f3: \u00abPor eso son importantes instituciones como esta fundaci\u00f3n para dar la batalla cultural\u201d. En tal sentido, el jefe de Estado remarc\u00f3: \u00abEstamos probando que las ideas de la libertad funcionan\u00bb.<\/p>\n\n\n\n<p>A continuaci\u00f3n, el Presidente compar\u00f3 el d\u00e9ficit fiscal de su gesti\u00f3n con las dos anteriores y le enrostr\u00f3 al exmandatario Mauricio Macri, que hab\u00eda disertado minutos antes, un resultado similar al del peronismo. \u201cPusimos las cuentas en orden\u201d, indic\u00f3 el libertario. En la pantalla las filminas mostraban que el d\u00e9ficit en la gesti\u00f3n de Juntos por el Cambio y el gobierno de Alberto Fern\u00e1ndez hab\u00edan sido casi id\u00e9nticos en 20 puntos, mientras que la administraci\u00f3n violeta arrojaba super\u00e1vit.<\/p>\n\n\n\n<p>Curiosamente, o no tanto, destac\u00f3 el rol del ministro de Econom\u00eda, Luis Caputo, a quien calific\u00f3 como un \u00abgigante\u00bb. \u00abAjust\u00f3 cinco puntos en un mes\u201d, record\u00f3. Como suele ocurrir cuando habla el Presidente, este Caputo no parece ser el mismo que acompa\u00f1o a Macri en su gesti\u00f3n. Es otro. No aquel que Milei defenestraba en los canales de televisi\u00f3n cuando era candidato, public\u00f3 \u00c1mbito.<\/p>\n\n\n\n<p>En ese marco, rechaz\u00f3 las herramientas tradicionales de financiamiento del Estado. \u201cRecurrentemente la pol\u00edtica siempre tuvo como primera opci\u00f3n tomar deuda y para nosotros no es una opci\u00f3n porque es profundamente inmoral. La otra es subir los impuestos y tambi\u00e9n nos parece aberrante, es un robo\u201d, afirm\u00f3.<\/p>\n","protected":false},"excerpt":{"rendered":"<p>El Presidente disert\u00f3 en el evento llevado a cabo en Costanera Norte, donde ratific\u00f3 el rumbo econ\u00f3mico. Ausencias notorias, aplausos tibios, e impaciencia por la cena. Adorni presente, y un Macri desdibujado. Un mitin de m\u00e1s de 2000 personas se congreg\u00f3 en Costanera Norte para escuchar una \u00abmasterclass\u00bb -como le gusta decir- del presidente Javier [&hellip;]<\/p>\n","protected":false},"author":4,"featured_media":8267,"comment_status":"open","ping_status":"open","sticky":false,"template":"","format":"standard","meta":{"footnotes":""},"categories":[18,22],"tags":[],"class_list":{"0":"post-8266","1":"post","2":"type-post","3":"status-publish","4":"format-standard","5":"has-post-thumbnail","7":"category-nacionales","8":"category-politica"},"yoast_head":"<!-- This site is optimized with the Yoast SEO plugin v27.4 - https:\/\/yoast.com\/product\/yoast-seo-wordpress\/ -->\n<title>Milei en la cena de la Fundaci\u00f3n Libertad: &quot;Tarde o temprano la inflaci\u00f3n y el riesgo pa\u00eds se van a destrozar&quot; - Diario del Sur<\/title>\n<meta name=\"robots\" content=\"index, follow, max-snippet:-1, max-image-preview:large, max-video-preview:-1\" \/>\n<link rel=\"canonical\" href=\"https:\/\/diariodelsurdigital.com.ar\/?p=8266\" \/>\n<meta property=\"og:locale\" content=\"es_ES\" \/>\n<meta property=\"og:type\" content=\"article\" \/>\n<meta property=\"og:title\" content=\"Milei en la cena de la Fundaci\u00f3n Libertad: &quot;Tarde o temprano la inflaci\u00f3n y el riesgo pa\u00eds se van a destrozar&quot; - Diario del Sur\" \/>\n<meta property=\"og:description\" content=\"El Presidente disert\u00f3 en el evento llevado a cabo en Costanera Norte, donde ratific\u00f3 el rumbo econ\u00f3mico. Ausencias notorias, aplausos tibios, e impaciencia por la cena. Adorni presente, y un Macri desdibujado. Un mitin de m\u00e1s de 2000 personas se congreg\u00f3 en Costanera Norte para escuchar una \u00abmasterclass\u00bb -como le gusta decir- del presidente Javier [&hellip;]\" \/>\n<meta property=\"og:url\" content=\"https:\/\/diariodelsurdigital.com.ar\/?p=8266\" \/>\n<meta property=\"og:site_name\" content=\"Diario del Sur\" \/>\n<meta property=\"article:published_time\" content=\"2026-04-28T13:56:31+00:00\" \/>\n<meta property=\"article:modified_time\" content=\"2026-04-28T13:56:32+00:00\" \/>\n<meta property=\"og:image\" content=\"https:\/\/diariodelsurdigital.com.ar\/wp-content\/uploads\/2026\/04\/md-2026-04-28T105507.131.webp\" \/>\n\t<meta property=\"og:image:width\" content=\"992\" \/>\n\t<meta property=\"og:image:height\" content=\"556\" \/>\n\t<meta property=\"og:image:type\" content=\"image\/webp\" \/>\n<meta name=\"author\" content=\"Diario del Sur Digital\" \/>\n<meta name=\"twitter:card\" content=\"summary_large_image\" \/>\n<meta name=\"twitter:label1\" content=\"Escrito por\" \/>\n\t<meta name=\"twitter:data1\" content=\"Diario del Sur Digital\" \/>\n\t<meta name=\"twitter:label2\" content=\"Tiempo de lectura\" \/>\n\t<meta name=\"twitter:data2\" content=\"4 minutos\" \/>\n<script type=\"application\/ld+json\" class=\"yoast-schema-graph\">{\"@context\":\"https:\\\/\\\/schema.org\",\"@graph\":[{\"@type\":\"Article\",\"@id\":\"https:\\\/\\\/diariodelsurdigital.com.ar\\\/?p=8266#article\",\"isPartOf\":{\"@id\":\"https:\\\/\\\/diariodelsurdigital.com.ar\\\/?p=8266\"},\"author\":{\"name\":\"Diario del Sur Digital\",\"@id\":\"https:\\\/\\\/diariodelsurdigital.com.ar\\\/#\\\/schema\\\/person\\\/1a4992532ed62965c968031b49195c81\"},\"headline\":\"Milei en la cena de la Fundaci\u00f3n Libertad: \u00abTarde o temprano la inflaci\u00f3n y el riesgo pa\u00eds se van a destrozar\u00bb\",\"datePublished\":\"2026-04-28T13:56:31+00:00\",\"dateModified\":\"2026-04-28T13:56:32+00:00\",\"mainEntityOfPage\":{\"@id\":\"https:\\\/\\\/diariodelsurdigital.com.ar\\\/?p=8266\"},\"wordCount\":833,\"commentCount\":0,\"image\":{\"@id\":\"https:\\\/\\\/diariodelsurdigital.com.ar\\\/?p=8266#primaryimage\"},\"thumbnailUrl\":\"https:\\\/\\\/diariodelsurdigital.com.ar\\\/wp-content\\\/uploads\\\/2026\\\/04\\\/md-2026-04-28T105507.131.webp\",\"articleSection\":[\"Nacionales\",\"Pol\u00edtica\"],\"inLanguage\":\"es\",\"potentialAction\":[{\"@type\":\"CommentAction\",\"name\":\"Comment\",\"target\":[\"https:\\\/\\\/diariodelsurdigital.com.ar\\\/?p=8266#respond\"]}]},{\"@type\":\"WebPage\",\"@id\":\"https:\\\/\\\/diariodelsurdigital.com.ar\\\/?p=8266\",\"url\":\"https:\\\/\\\/diariodelsurdigital.com.ar\\\/?p=8266\",\"name\":\"Milei en la cena de la Fundaci\u00f3n Libertad: \\\"Tarde o temprano la inflaci\u00f3n y el riesgo pa\u00eds se van a destrozar\\\" - Diario del Sur\",\"isPartOf\":{\"@id\":\"https:\\\/\\\/diariodelsurdigital.com.ar\\\/#website\"},\"primaryImageOfPage\":{\"@id\":\"https:\\\/\\\/diariodelsurdigital.com.ar\\\/?p=8266#primaryimage\"},\"image\":{\"@id\":\"https:\\\/\\\/diariodelsurdigital.com.ar\\\/?p=8266#primaryimage\"},\"thumbnailUrl\":\"https:\\\/\\\/diariodelsurdigital.com.ar\\\/wp-content\\\/uploads\\\/2026\\\/04\\\/md-2026-04-28T105507.131.webp\",\"datePublished\":\"2026-04-28T13:56:31+00:00\",\"dateModified\":\"2026-04-28T13:56:32+00:00\",\"author\":{\"@id\":\"https:\\\/\\\/diariodelsurdigital.com.ar\\\/#\\\/schema\\\/person\\\/1a4992532ed62965c968031b49195c81\"},\"breadcrumb\":{\"@id\":\"https:\\\/\\\/diariodelsurdigital.com.ar\\\/?p=8266#breadcrumb\"},\"inLanguage\":\"es\",\"potentialAction\":[{\"@type\":\"ReadAction\",\"target\":[\"https:\\\/\\\/diariodelsurdigital.com.ar\\\/?p=8266\"]}]},{\"@type\":\"ImageObject\",\"inLanguage\":\"es\",\"@id\":\"https:\\\/\\\/diariodelsurdigital.com.ar\\\/?p=8266#primaryimage\",\"url\":\"https:\\\/\\\/diariodelsurdigital.com.ar\\\/wp-content\\\/uploads\\\/2026\\\/04\\\/md-2026-04-28T105507.131.webp\",\"contentUrl\":\"https:\\\/\\\/diariodelsurdigital.com.ar\\\/wp-content\\\/uploads\\\/2026\\\/04\\\/md-2026-04-28T105507.131.webp\",\"width\":992,\"height\":556},{\"@type\":\"BreadcrumbList\",\"@id\":\"https:\\\/\\\/diariodelsurdigital.com.ar\\\/?p=8266#breadcrumb\",\"itemListElement\":[{\"@type\":\"ListItem\",\"position\":1,\"name\":\"Portada\",\"item\":\"https:\\\/\\\/diariodelsurdigital.com.ar\\\/\"},{\"@type\":\"ListItem\",\"position\":2,\"name\":\"Milei en la cena de la Fundaci\u00f3n Libertad: \u00abTarde o temprano la inflaci\u00f3n y el riesgo pa\u00eds se van a destrozar\u00bb\"}]},{\"@type\":\"WebSite\",\"@id\":\"https:\\\/\\\/diariodelsurdigital.com.ar\\\/#website\",\"url\":\"https:\\\/\\\/diariodelsurdigital.com.ar\\\/\",\"name\":\"Diario del Sur\",\"description\":\"Digital\",\"potentialAction\":[{\"@type\":\"SearchAction\",\"target\":{\"@type\":\"EntryPoint\",\"urlTemplate\":\"https:\\\/\\\/diariodelsurdigital.com.ar\\\/?s={search_term_string}\"},\"query-input\":{\"@type\":\"PropertyValueSpecification\",\"valueRequired\":true,\"valueName\":\"search_term_string\"}}],\"inLanguage\":\"es\"},{\"@type\":\"Person\",\"@id\":\"https:\\\/\\\/diariodelsurdigital.com.ar\\\/#\\\/schema\\\/person\\\/1a4992532ed62965c968031b49195c81\",\"name\":\"Diario del Sur Digital\",\"image\":{\"@type\":\"ImageObject\",\"inLanguage\":\"es\",\"@id\":\"https:\\\/\\\/secure.gravatar.com\\\/avatar\\\/f0c7c47fc7146d19828273b9b8eda651c9c7ab583767e6338d3d3bee825adf76?s=96&d=mm&r=g\",\"url\":\"https:\\\/\\\/secure.gravatar.com\\\/avatar\\\/f0c7c47fc7146d19828273b9b8eda651c9c7ab583767e6338d3d3bee825adf76?s=96&d=mm&r=g\",\"contentUrl\":\"https:\\\/\\\/secure.gravatar.com\\\/avatar\\\/f0c7c47fc7146d19828273b9b8eda651c9c7ab583767e6338d3d3bee825adf76?s=96&d=mm&r=g\",\"caption\":\"Diario del Sur Digital\"},\"url\":\"https:\\\/\\\/diariodelsurdigital.com.ar\\\/?author=4\"}]}<\/script>\n<!-- \/ Yoast SEO plugin. -->","yoast_head_json":{"title":"Milei en la cena de la Fundaci\u00f3n Libertad: \"Tarde o temprano la inflaci\u00f3n y el riesgo pa\u00eds se van a destrozar\" - Diario del Sur","robots":{"index":"index","follow":"follow","max-snippet":"max-snippet:-1","max-image-preview":"max-image-preview:large","max-video-preview":"max-video-preview:-1"},"canonical":"https:\/\/diariodelsurdigital.com.ar\/?p=8266","og_locale":"es_ES","og_type":"article","og_title":"Milei en la cena de la Fundaci\u00f3n Libertad: \"Tarde o temprano la inflaci\u00f3n y el riesgo pa\u00eds se van a destrozar\" - Diario del Sur","og_description":"El Presidente disert\u00f3 en el evento llevado a cabo en Costanera Norte, donde ratific\u00f3 el rumbo econ\u00f3mico. Ausencias notorias, aplausos tibios, e impaciencia por la cena. Adorni presente, y un Macri desdibujado. Un mitin de m\u00e1s de 2000 personas se congreg\u00f3 en Costanera Norte para escuchar una \u00abmasterclass\u00bb -como le gusta decir- del presidente Javier [&hellip;]","og_url":"https:\/\/diariodelsurdigital.com.ar\/?p=8266","og_site_name":"Diario del Sur","article_published_time":"2026-04-28T13:56:31+00:00","article_modified_time":"2026-04-28T13:56:32+00:00","og_image":[{"width":992,"height":556,"url":"https:\/\/diariodelsurdigital.com.ar\/wp-content\/uploads\/2026\/04\/md-2026-04-28T105507.131.webp","type":"image\/webp"}],"author":"Diario del Sur Digital","twitter_card":"summary_large_image","twitter_misc":{"Escrito por":"Diario del Sur Digital","Tiempo de lectura":"4 minutos"},"schema":{"@context":"https:\/\/schema.org","@graph":[{"@type":"Article","@id":"https:\/\/diariodelsurdigital.com.ar\/?p=8266#article","isPartOf":{"@id":"https:\/\/diariodelsurdigital.com.ar\/?p=8266"},"author":{"name":"Diario del Sur Digital","@id":"https:\/\/diariodelsurdigital.com.ar\/#\/schema\/person\/1a4992532ed62965c968031b49195c81"},"headline":"Milei en la cena de la Fundaci\u00f3n Libertad: \u00abTarde o temprano la inflaci\u00f3n y el riesgo pa\u00eds se van a destrozar\u00bb","datePublished":"2026-04-28T13:56:31+00:00","dateModified":"2026-04-28T13:56:32+00:00","mainEntityOfPage":{"@id":"https:\/\/diariodelsurdigital.com.ar\/?p=8266"},"wordCount":833,"commentCount":0,"image":{"@id":"https:\/\/diariodelsurdigital.com.ar\/?p=8266#primaryimage"},"thumbnailUrl":"https:\/\/diariodelsurdigital.com.ar\/wp-content\/uploads\/2026\/04\/md-2026-04-28T105507.131.webp","articleSection":["Nacionales","Pol\u00edtica"],"inLanguage":"es","potentialAction":[{"@type":"CommentAction","name":"Comment","target":["https:\/\/diariodelsurdigital.com.ar\/?p=8266#respond"]}]},{"@type":"WebPage","@id":"https:\/\/diariodelsurdigital.com.ar\/?p=8266","url":"https:\/\/diariodelsurdigital.com.ar\/?p=8266","name":"Milei en la cena de la Fundaci\u00f3n Libertad: \"Tarde o temprano la inflaci\u00f3n y el riesgo pa\u00eds se van a destrozar\" - Diario del Sur","isPartOf":{"@id":"https:\/\/diariodelsurdigital.com.ar\/#website"},"primaryImageOfPage":{"@id":"https:\/\/diariodelsurdigital.com.ar\/?p=8266#primaryimage"},"image":{"@id":"https:\/\/diariodelsurdigital.com.ar\/?p=8266#primaryimage"},"thumbnailUrl":"https:\/\/diariodelsurdigital.com.ar\/wp-content\/uploads\/2026\/04\/md-2026-04-28T105507.131.webp","datePublished":"2026-04-28T13:56:31+00:00","dateModified":"2026-04-28T13:56:32+00:00","author":{"@id":"https:\/\/diariodelsurdigital.com.ar\/#\/schema\/person\/1a4992532ed62965c968031b49195c81"},"breadcrumb":{"@id":"https:\/\/diariodelsurdigital.com.ar\/?p=8266#breadcrumb"},"inLanguage":"es","potentialAction":[{"@type":"ReadAction","target":["https:\/\/diariodelsurdigital.com.ar\/?p=8266"]}]},{"@type":"ImageObject","inLanguage":"es","@id":"https:\/\/diariodelsurdigital.com.ar\/?p=8266#primaryimage","url":"https:\/\/diariodelsurdigital.com.ar\/wp-content\/uploads\/2026\/04\/md-2026-04-28T105507.131.webp","contentUrl":"https:\/\/diariodelsurdigital.com.ar\/wp-content\/uploads\/2026\/04\/md-2026-04-28T105507.131.webp","width":992,"height":556},{"@type":"BreadcrumbList","@id":"https:\/\/diariodelsurdigital.com.ar\/?p=8266#breadcrumb","itemListElement":[{"@type":"ListItem","position":1,"name":"Portada","item":"https:\/\/diariodelsurdigital.com.ar\/"},{"@type":"ListItem","position":2,"name":"Milei en la cena de la Fundaci\u00f3n Libertad: \u00abTarde o temprano la inflaci\u00f3n y el riesgo pa\u00eds se van a destrozar\u00bb"}]},{"@type":"WebSite","@id":"https:\/\/diariodelsurdigital.com.ar\/#website","url":"https:\/\/diariodelsurdigital.com.ar\/","name":"Diario del Sur","description":"Digital","potentialAction":[{"@type":"SearchAction","target":{"@type":"EntryPoint","urlTemplate":"https:\/\/diariodelsurdigital.com.ar\/?s={search_term_string}"},"query-input":{"@type":"PropertyValueSpecification","valueRequired":true,"valueName":"search_term_string"}}],"inLanguage":"es"},{"@type":"Person","@id":"https:\/\/diariodelsurdigital.com.ar\/#\/schema\/person\/1a4992532ed62965c968031b49195c81","name":"Diario del Sur Digital","image":{"@type":"ImageObject","inLanguage":"es","@id":"https:\/\/secure.gravatar.com\/avatar\/f0c7c47fc7146d19828273b9b8eda651c9c7ab583767e6338d3d3bee825adf76?s=96&d=mm&r=g","url":"https:\/\/secure.gravatar.com\/avatar\/f0c7c47fc7146d19828273b9b8eda651c9c7ab583767e6338d3d3bee825adf76?s=96&d=mm&r=g","contentUrl":"https:\/\/secure.gravatar.com\/avatar\/f0c7c47fc7146d19828273b9b8eda651c9c7ab583767e6338d3d3bee825adf76?s=96&d=mm&r=g","caption":"Diario del Sur Digital"},"url":"https:\/\/diariodelsurdigital.com.ar\/?author=4"}]}},"_links":{"self":[{"href":"https:\/\/diariodelsurdigital.com.ar\/index.php?rest_route=\/wp\/v2\/posts\/8266","targetHints":{"allow":["GET"]}}],"collection":[{"href":"https:\/\/diariodelsurdigital.com.ar\/index.php?rest_route=\/wp\/v2\/posts"}],"about":[{"href":"https:\/\/diariodelsurdigital.com.ar\/index.php?rest_route=\/wp\/v2\/types\/post"}],"author":[{"embeddable":true,"href":"https:\/\/diariodelsurdigital.com.ar\/index.php?rest_route=\/wp\/v2\/users\/4"}],"replies":[{"embeddable":true,"href":"https:\/\/diariodelsurdigital.com.ar\/index.php?rest_route=%2Fwp%2Fv2%2Fcomments&post=8266"}],"version-history":[{"count":1,"href":"https:\/\/diariodelsurdigital.com.ar\/index.php?rest_route=\/wp\/v2\/posts\/8266\/revisions"}],"predecessor-version":[{"id":8268,"href":"https:\/\/diariodelsurdigital.com.ar\/index.php?rest_route=\/wp\/v2\/posts\/8266\/revisions\/8268"}],"wp:featuredmedia":[{"embeddable":true,"href":"https:\/\/diariodelsurdigital.com.ar\/index.php?rest_route=\/wp\/v2\/media\/8267"}],"wp:attachment":[{"href":"https:\/\/diariodelsurdigital.com.ar\/index.php?rest_route=%2Fwp%2Fv2%2Fmedia&parent=8266"}],"wp:term":[{"taxonomy":"category","embeddable":true,"href":"https:\/\/diariodelsurdigital.com.ar\/index.php?rest_route=%2Fwp%2Fv2%2Fcategories&post=8266"},{"taxonomy":"post_tag","embeddable":true,"href":"https:\/\/diariodelsurdigital.com.ar\/index.php?rest_route=%2Fwp%2Fv2%2Ftags&post=8266"}],"curies":[{"name":"wp","href":"https:\/\/api.w.org\/{rel}","templated":true}]}}