{"id":8269,"date":"2026-04-28T11:01:07","date_gmt":"2026-04-28T14:01:07","guid":{"rendered":"https:\/\/diariodelsurdigital.com.ar\/?p=8269"},"modified":"2026-04-28T11:01:08","modified_gmt":"2026-04-28T14:01:08","slug":"femicidio-murio-la-mujer-que-habia-sido-apunalada-por-su-pareja-en-concordia","status":"publish","type":"post","link":"https:\/\/diariodelsurdigital.com.ar\/?p=8269","title":{"rendered":"Femicidio: muri\u00f3 la mujer que hab\u00eda sido apu\u00f1alada por su pareja en Concordia"},"content":{"rendered":"\n<p>Mar\u00eda Leonor Godoy, de 58 a\u00f1os, estaba internada peleando por su vida desde el 4 de abril y falleci\u00f3 este lunes por la madrugada. El acusado por el crimen, Juan Pablo Estigard, est\u00e1 detenido.<\/p>\n\n\n\n<p>Falleci\u00f3 Mar\u00eda Leonor Godoy, de 58 a\u00f1os, la mujer que estaba internada desde principios de mes en el Hospital Masvernat de Concordia, tras un ataque con arma blanca por parte de su pareja, Juan Pablo Estigard, de 37 a\u00f1os.<\/p>\n\n\n\n<p>La muerte de Godoy se produjo este lunes, a las 3.50, tras permanecer internada desde el 4 de abril. Hab\u00eda sido lesionada por su pareja en contexto de violencia de g\u00e9nero. Estigard fue detenido el mismo d\u00eda del ataque y permanece alojado en la Unidad Penal 8.<\/p>\n\n\n\n<p>Estigard ten\u00eda una restricci\u00f3n vigente tras una brutal golpiza, previa al ataque con arma blanca. El 18 de noviembre de 2025 Mar\u00eda Leonor hab\u00eda sido golpeada ferozmente y qued\u00f3 con el rostro desfigurado.<\/p>\n\n\n\n<p>Aquel episodio fue tan grave que la mujer debi\u00f3 ser internada en el \u00e1rea de Psiquiatr\u00eda del Hospital Felipe Heras, debido al estado de p\u00e1nico y persecuci\u00f3n que sent\u00eda, rese\u00f1\u00f3 el sitio 7P\u00e1ginas.<\/p>\n\n\n\n<p>El horror se materializ\u00f3 el s\u00e1bado 4 de abril cerca de las 8 de la ma\u00f1ana. \u201cMi hermano vino a despertarme y me dijo: \u2018Karen, Pablo la mat\u00f3 a mam\u00e1\u2019\u201d, record\u00f3 Karen, una de sus hijas. Hac\u00eda tres meses que no ten\u00eda contacto con ella.<\/p>\n\n\n\n<p>El femicidio ocurri\u00f3 en la casa que compart\u00edan Estigard y Leonor en calles Sargento Cabral y 53. Despu\u00e9s de cometer el crimen el hombre huy\u00f3 y fue localizado m\u00e1s tarde por la Polic\u00eda en la casa de su hermana, en la zona de calles T. Ib\u00e1\u00f1ez y Larroca, donde fue detenido.<\/p>\n\n\n\n<p>Al brutal ataque con armas blancas, se le sum\u00f3 el dato que estremece a los investigadores: el trabajo pericial detect\u00f3 indicios de abuso sexual contra Mar\u00eda Leonor durante el ataque, un hecho que agravar\u00eda dr\u00e1sticamente la imputaci\u00f3n contra Estigard.<\/p>\n","protected":false},"excerpt":{"rendered":"<p>Mar\u00eda Leonor Godoy, de 58 a\u00f1os, estaba internada peleando por su vida desde el 4 de abril y falleci\u00f3 este lunes por la madrugada. El acusado por el crimen, Juan Pablo Estigard, est\u00e1 detenido. Falleci\u00f3 Mar\u00eda Leonor Godoy, de 58 a\u00f1os, la mujer que estaba internada desde principios de mes en el Hospital Masvernat de [&hellip;]<\/p>\n","protected":false},"author":4,"featured_media":8270,"comment_status":"open","ping_status":"open","sticky":false,"template":"","format":"standard","meta":{"footnotes":""},"categories":[16,21],"tags":[],"class_list":{"0":"post-8269","1":"post","2":"type-post","3":"status-publish","4":"format-standard","5":"has-post-thumbnail","7":"category-locales","8":"category-policiales"},"yoast_head":"<!-- This site is optimized with the Yoast SEO plugin v27.4 - https:\/\/yoast.com\/product\/yoast-seo-wordpress\/ -->\n<title>Femicidio: muri\u00f3 la mujer que hab\u00eda sido apu\u00f1alada por su pareja en Concordia - Diario del Sur<\/title>\n<meta name=\"robots\" content=\"index, follow, max-snippet:-1, max-image-preview:large, max-video-preview:-1\" \/>\n<link rel=\"canonical\" href=\"https:\/\/diariodelsurdigital.com.ar\/?p=8269\" \/>\n<meta property=\"og:locale\" content=\"es_ES\" \/>\n<meta property=\"og:type\" content=\"article\" \/>\n<meta property=\"og:title\" content=\"Femicidio: muri\u00f3 la mujer que hab\u00eda sido apu\u00f1alada por su pareja en Concordia - Diario del Sur\" \/>\n<meta property=\"og:description\" content=\"Mar\u00eda Leonor Godoy, de 58 a\u00f1os, estaba internada peleando por su vida desde el 4 de abril y falleci\u00f3 este lunes por la madrugada. El acusado por el crimen, Juan Pablo Estigard, est\u00e1 detenido. Falleci\u00f3 Mar\u00eda Leonor Godoy, de 58 a\u00f1os, la mujer que estaba internada desde principios de mes en el Hospital Masvernat de [&hellip;]\" \/>\n<meta property=\"og:url\" content=\"https:\/\/diariodelsurdigital.com.ar\/?p=8269\" \/>\n<meta property=\"og:site_name\" content=\"Diario del Sur\" \/>\n<meta property=\"article:published_time\" content=\"2026-04-28T14:01:07+00:00\" \/>\n<meta property=\"article:modified_time\" content=\"2026-04-28T14:01:08+00:00\" \/>\n<meta property=\"og:image\" content=\"https:\/\/diariodelsurdigital.com.ar\/wp-content\/uploads\/2026\/04\/md-2026-04-28T105953.881.webp\" \/>\n\t<meta property=\"og:image:width\" content=\"992\" \/>\n\t<meta property=\"og:image:height\" content=\"558\" \/>\n\t<meta property=\"og:image:type\" content=\"image\/webp\" \/>\n<meta name=\"author\" content=\"Diario del Sur Digital\" \/>\n<meta name=\"twitter:card\" content=\"summary_large_image\" \/>\n<meta name=\"twitter:label1\" content=\"Escrito por\" \/>\n\t<meta name=\"twitter:data1\" content=\"Diario del Sur Digital\" \/>\n\t<meta name=\"twitter:label2\" content=\"Tiempo de lectura\" \/>\n\t<meta name=\"twitter:data2\" content=\"2 minutos\" \/>\n<script type=\"application\/ld+json\" class=\"yoast-schema-graph\">{\"@context\":\"https:\\\/\\\/schema.org\",\"@graph\":[{\"@type\":\"Article\",\"@id\":\"https:\\\/\\\/diariodelsurdigital.com.ar\\\/?p=8269#article\",\"isPartOf\":{\"@id\":\"https:\\\/\\\/diariodelsurdigital.com.ar\\\/?p=8269\"},\"author\":{\"name\":\"Diario del Sur Digital\",\"@id\":\"https:\\\/\\\/diariodelsurdigital.com.ar\\\/#\\\/schema\\\/person\\\/1a4992532ed62965c968031b49195c81\"},\"headline\":\"Femicidio: muri\u00f3 la mujer que hab\u00eda sido apu\u00f1alada por su pareja en Concordia\",\"datePublished\":\"2026-04-28T14:01:07+00:00\",\"dateModified\":\"2026-04-28T14:01:08+00:00\",\"mainEntityOfPage\":{\"@id\":\"https:\\\/\\\/diariodelsurdigital.com.ar\\\/?p=8269\"},\"wordCount\":354,\"commentCount\":0,\"image\":{\"@id\":\"https:\\\/\\\/diariodelsurdigital.com.ar\\\/?p=8269#primaryimage\"},\"thumbnailUrl\":\"https:\\\/\\\/diariodelsurdigital.com.ar\\\/wp-content\\\/uploads\\\/2026\\\/04\\\/md-2026-04-28T105953.881.webp\",\"articleSection\":[\"Locales\",\"Policiales\"],\"inLanguage\":\"es\",\"potentialAction\":[{\"@type\":\"CommentAction\",\"name\":\"Comment\",\"target\":[\"https:\\\/\\\/diariodelsurdigital.com.ar\\\/?p=8269#respond\"]}]},{\"@type\":\"WebPage\",\"@id\":\"https:\\\/\\\/diariodelsurdigital.com.ar\\\/?p=8269\",\"url\":\"https:\\\/\\\/diariodelsurdigital.com.ar\\\/?p=8269\",\"name\":\"Femicidio: muri\u00f3 la mujer que hab\u00eda sido apu\u00f1alada por su pareja en Concordia - Diario del Sur\",\"isPartOf\":{\"@id\":\"https:\\\/\\\/diariodelsurdigital.com.ar\\\/#website\"},\"primaryImageOfPage\":{\"@id\":\"https:\\\/\\\/diariodelsurdigital.com.ar\\\/?p=8269#primaryimage\"},\"image\":{\"@id\":\"https:\\\/\\\/diariodelsurdigital.com.ar\\\/?p=8269#primaryimage\"},\"thumbnailUrl\":\"https:\\\/\\\/diariodelsurdigital.com.ar\\\/wp-content\\\/uploads\\\/2026\\\/04\\\/md-2026-04-28T105953.881.webp\",\"datePublished\":\"2026-04-28T14:01:07+00:00\",\"dateModified\":\"2026-04-28T14:01:08+00:00\",\"author\":{\"@id\":\"https:\\\/\\\/diariodelsurdigital.com.ar\\\/#\\\/schema\\\/person\\\/1a4992532ed62965c968031b49195c81\"},\"breadcrumb\":{\"@id\":\"https:\\\/\\\/diariodelsurdigital.com.ar\\\/?p=8269#breadcrumb\"},\"inLanguage\":\"es\",\"potentialAction\":[{\"@type\":\"ReadAction\",\"target\":[\"https:\\\/\\\/diariodelsurdigital.com.ar\\\/?p=8269\"]}]},{\"@type\":\"ImageObject\",\"inLanguage\":\"es\",\"@id\":\"https:\\\/\\\/diariodelsurdigital.com.ar\\\/?p=8269#primaryimage\",\"url\":\"https:\\\/\\\/diariodelsurdigital.com.ar\\\/wp-content\\\/uploads\\\/2026\\\/04\\\/md-2026-04-28T105953.881.webp\",\"contentUrl\":\"https:\\\/\\\/diariodelsurdigital.com.ar\\\/wp-content\\\/uploads\\\/2026\\\/04\\\/md-2026-04-28T105953.881.webp\",\"width\":992,\"height\":558},{\"@type\":\"BreadcrumbList\",\"@id\":\"https:\\\/\\\/diariodelsurdigital.com.ar\\\/?p=8269#breadcrumb\",\"itemListElement\":[{\"@type\":\"ListItem\",\"position\":1,\"name\":\"Portada\",\"item\":\"https:\\\/\\\/diariodelsurdigital.com.ar\\\/\"},{\"@type\":\"ListItem\",\"position\":2,\"name\":\"Femicidio: muri\u00f3 la mujer que hab\u00eda sido apu\u00f1alada por su pareja en Concordia\"}]},{\"@type\":\"WebSite\",\"@id\":\"https:\\\/\\\/diariodelsurdigital.com.ar\\\/#website\",\"url\":\"https:\\\/\\\/diariodelsurdigital.com.ar\\\/\",\"name\":\"Diario del Sur\",\"description\":\"Digital\",\"potentialAction\":[{\"@type\":\"SearchAction\",\"target\":{\"@type\":\"EntryPoint\",\"urlTemplate\":\"https:\\\/\\\/diariodelsurdigital.com.ar\\\/?s={search_term_string}\"},\"query-input\":{\"@type\":\"PropertyValueSpecification\",\"valueRequired\":true,\"valueName\":\"search_term_string\"}}],\"inLanguage\":\"es\"},{\"@type\":\"Person\",\"@id\":\"https:\\\/\\\/diariodelsurdigital.com.ar\\\/#\\\/schema\\\/person\\\/1a4992532ed62965c968031b49195c81\",\"name\":\"Diario del Sur Digital\",\"image\":{\"@type\":\"ImageObject\",\"inLanguage\":\"es\",\"@id\":\"https:\\\/\\\/secure.gravatar.com\\\/avatar\\\/f0c7c47fc7146d19828273b9b8eda651c9c7ab583767e6338d3d3bee825adf76?s=96&d=mm&r=g\",\"url\":\"https:\\\/\\\/secure.gravatar.com\\\/avatar\\\/f0c7c47fc7146d19828273b9b8eda651c9c7ab583767e6338d3d3bee825adf76?s=96&d=mm&r=g\",\"contentUrl\":\"https:\\\/\\\/secure.gravatar.com\\\/avatar\\\/f0c7c47fc7146d19828273b9b8eda651c9c7ab583767e6338d3d3bee825adf76?s=96&d=mm&r=g\",\"caption\":\"Diario del Sur Digital\"},\"url\":\"https:\\\/\\\/diariodelsurdigital.com.ar\\\/?author=4\"}]}<\/script>\n<!-- \/ Yoast SEO plugin. -->","yoast_head_json":{"title":"Femicidio: muri\u00f3 la mujer que hab\u00eda sido apu\u00f1alada por su pareja en Concordia - Diario del Sur","robots":{"index":"index","follow":"follow","max-snippet":"max-snippet:-1","max-image-preview":"max-image-preview:large","max-video-preview":"max-video-preview:-1"},"canonical":"https:\/\/diariodelsurdigital.com.ar\/?p=8269","og_locale":"es_ES","og_type":"article","og_title":"Femicidio: muri\u00f3 la mujer que hab\u00eda sido apu\u00f1alada por su pareja en Concordia - Diario del Sur","og_description":"Mar\u00eda Leonor Godoy, de 58 a\u00f1os, estaba internada peleando por su vida desde el 4 de abril y falleci\u00f3 este lunes por la madrugada. El acusado por el crimen, Juan Pablo Estigard, est\u00e1 detenido. Falleci\u00f3 Mar\u00eda Leonor Godoy, de 58 a\u00f1os, la mujer que estaba internada desde principios de mes en el Hospital Masvernat de [&hellip;]","og_url":"https:\/\/diariodelsurdigital.com.ar\/?p=8269","og_site_name":"Diario del Sur","article_published_time":"2026-04-28T14:01:07+00:00","article_modified_time":"2026-04-28T14:01:08+00:00","og_image":[{"width":992,"height":558,"url":"https:\/\/diariodelsurdigital.com.ar\/wp-content\/uploads\/2026\/04\/md-2026-04-28T105953.881.webp","type":"image\/webp"}],"author":"Diario del Sur Digital","twitter_card":"summary_large_image","twitter_misc":{"Escrito por":"Diario del Sur Digital","Tiempo de lectura":"2 minutos"},"schema":{"@context":"https:\/\/schema.org","@graph":[{"@type":"Article","@id":"https:\/\/diariodelsurdigital.com.ar\/?p=8269#article","isPartOf":{"@id":"https:\/\/diariodelsurdigital.com.ar\/?p=8269"},"author":{"name":"Diario del Sur Digital","@id":"https:\/\/diariodelsurdigital.com.ar\/#\/schema\/person\/1a4992532ed62965c968031b49195c81"},"headline":"Femicidio: muri\u00f3 la mujer que hab\u00eda sido apu\u00f1alada por su pareja en Concordia","datePublished":"2026-04-28T14:01:07+00:00","dateModified":"2026-04-28T14:01:08+00:00","mainEntityOfPage":{"@id":"https:\/\/diariodelsurdigital.com.ar\/?p=8269"},"wordCount":354,"commentCount":0,"image":{"@id":"https:\/\/diariodelsurdigital.com.ar\/?p=8269#primaryimage"},"thumbnailUrl":"https:\/\/diariodelsurdigital.com.ar\/wp-content\/uploads\/2026\/04\/md-2026-04-28T105953.881.webp","articleSection":["Locales","Policiales"],"inLanguage":"es","potentialAction":[{"@type":"CommentAction","name":"Comment","target":["https:\/\/diariodelsurdigital.com.ar\/?p=8269#respond"]}]},{"@type":"WebPage","@id":"https:\/\/diariodelsurdigital.com.ar\/?p=8269","url":"https:\/\/diariodelsurdigital.com.ar\/?p=8269","name":"Femicidio: muri\u00f3 la mujer que hab\u00eda sido apu\u00f1alada por su pareja en Concordia - Diario del Sur","isPartOf":{"@id":"https:\/\/diariodelsurdigital.com.ar\/#website"},"primaryImageOfPage":{"@id":"https:\/\/diariodelsurdigital.com.ar\/?p=8269#primaryimage"},"image":{"@id":"https:\/\/diariodelsurdigital.com.ar\/?p=8269#primaryimage"},"thumbnailUrl":"https:\/\/diariodelsurdigital.com.ar\/wp-content\/uploads\/2026\/04\/md-2026-04-28T105953.881.webp","datePublished":"2026-04-28T14:01:07+00:00","dateModified":"2026-04-28T14:01:08+00:00","author":{"@id":"https:\/\/diariodelsurdigital.com.ar\/#\/schema\/person\/1a4992532ed62965c968031b49195c81"},"breadcrumb":{"@id":"https:\/\/diariodelsurdigital.com.ar\/?p=8269#breadcrumb"},"inLanguage":"es","potentialAction":[{"@type":"ReadAction","target":["https:\/\/diariodelsurdigital.com.ar\/?p=8269"]}]},{"@type":"ImageObject","inLanguage":"es","@id":"https:\/\/diariodelsurdigital.com.ar\/?p=8269#primaryimage","url":"https:\/\/diariodelsurdigital.com.ar\/wp-content\/uploads\/2026\/04\/md-2026-04-28T105953.881.webp","contentUrl":"https:\/\/diariodelsurdigital.com.ar\/wp-content\/uploads\/2026\/04\/md-2026-04-28T105953.881.webp","width":992,"height":558},{"@type":"BreadcrumbList","@id":"https:\/\/diariodelsurdigital.com.ar\/?p=8269#breadcrumb","itemListElement":[{"@type":"ListItem","position":1,"name":"Portada","item":"https:\/\/diariodelsurdigital.com.ar\/"},{"@type":"ListItem","position":2,"name":"Femicidio: muri\u00f3 la mujer que hab\u00eda sido apu\u00f1alada por su pareja en Concordia"}]},{"@type":"WebSite","@id":"https:\/\/diariodelsurdigital.com.ar\/#website","url":"https:\/\/diariodelsurdigital.com.ar\/","name":"Diario del Sur","description":"Digital","potentialAction":[{"@type":"SearchAction","target":{"@type":"EntryPoint","urlTemplate":"https:\/\/diariodelsurdigital.com.ar\/?s={search_term_string}"},"query-input":{"@type":"PropertyValueSpecification","valueRequired":true,"valueName":"search_term_string"}}],"inLanguage":"es"},{"@type":"Person","@id":"https:\/\/diariodelsurdigital.com.ar\/#\/schema\/person\/1a4992532ed62965c968031b49195c81","name":"Diario del Sur Digital","image":{"@type":"ImageObject","inLanguage":"es","@id":"https:\/\/secure.gravatar.com\/avatar\/f0c7c47fc7146d19828273b9b8eda651c9c7ab583767e6338d3d3bee825adf76?s=96&d=mm&r=g","url":"https:\/\/secure.gravatar.com\/avatar\/f0c7c47fc7146d19828273b9b8eda651c9c7ab583767e6338d3d3bee825adf76?s=96&d=mm&r=g","contentUrl":"https:\/\/secure.gravatar.com\/avatar\/f0c7c47fc7146d19828273b9b8eda651c9c7ab583767e6338d3d3bee825adf76?s=96&d=mm&r=g","caption":"Diario del Sur Digital"},"url":"https:\/\/diariodelsurdigital.com.ar\/?author=4"}]}},"_links":{"self":[{"href":"https:\/\/diariodelsurdigital.com.ar\/index.php?rest_route=\/wp\/v2\/posts\/8269","targetHints":{"allow":["GET"]}}],"collection":[{"href":"https:\/\/diariodelsurdigital.com.ar\/index.php?rest_route=\/wp\/v2\/posts"}],"about":[{"href":"https:\/\/diariodelsurdigital.com.ar\/index.php?rest_route=\/wp\/v2\/types\/post"}],"author":[{"embeddable":true,"href":"https:\/\/diariodelsurdigital.com.ar\/index.php?rest_route=\/wp\/v2\/users\/4"}],"replies":[{"embeddable":true,"href":"https:\/\/diariodelsurdigital.com.ar\/index.php?rest_route=%2Fwp%2Fv2%2Fcomments&post=8269"}],"version-history":[{"count":1,"href":"https:\/\/diariodelsurdigital.com.ar\/index.php?rest_route=\/wp\/v2\/posts\/8269\/revisions"}],"predecessor-version":[{"id":8271,"href":"https:\/\/diariodelsurdigital.com.ar\/index.php?rest_route=\/wp\/v2\/posts\/8269\/revisions\/8271"}],"wp:featuredmedia":[{"embeddable":true,"href":"https:\/\/diariodelsurdigital.com.ar\/index.php?rest_route=\/wp\/v2\/media\/8270"}],"wp:attachment":[{"href":"https:\/\/diariodelsurdigital.com.ar\/index.php?rest_route=%2Fwp%2Fv2%2Fmedia&parent=8269"}],"wp:term":[{"taxonomy":"category","embeddable":true,"href":"https:\/\/diariodelsurdigital.com.ar\/index.php?rest_route=%2Fwp%2Fv2%2Fcategories&post=8269"},{"taxonomy":"post_tag","embeddable":true,"href":"https:\/\/diariodelsurdigital.com.ar\/index.php?rest_route=%2Fwp%2Fv2%2Ftags&post=8269"}],"curies":[{"name":"wp","href":"https:\/\/api.w.org\/{rel}","templated":true}]}}