{"id":8286,"date":"2026-04-29T09:39:04","date_gmt":"2026-04-29T12:39:04","guid":{"rendered":"https:\/\/diariodelsurdigital.com.ar\/?p=8286"},"modified":"2026-04-29T09:39:05","modified_gmt":"2026-04-29T12:39:05","slug":"organizaciones-sociales-calificaron-al-gobierno-de-javier-milei-como-el-mas-represor-de-la-democracia","status":"publish","type":"post","link":"https:\/\/diariodelsurdigital.com.ar\/?p=8286","title":{"rendered":"Organizaciones sociales calificaron al Gobierno de Javier Milei como \u201cel m\u00e1s represor de la democracia\u201d"},"content":{"rendered":"\n<p>Fue en el marco de una reuni\u00f3n de la Comisi\u00f3n de Derechos Humanos de Diputados donde se abord\u00f3 la situaci\u00f3n actual del derecho a la protesta social y se brindaron datos sobre las represiones policiales en cada manifestaci\u00f3n bajo la gesti\u00f3n actual.<\/p>\n\n\n\n<p><\/p>\n\n\n\n<p>La Comisi\u00f3n de Derechos Humanos y Garant\u00edas, presidida por el diputado Horacio Pietragalla Corti, se reuni\u00f3 este martes para recibir y escuchar a referentes de organizaciones sociales quienes expusieron sobre la situaci\u00f3n del derecho a la protesta y las represiones policiales en el marco del protocolo anti piquete del gobierno de Javier Milei al cual calificaron como \u201cel m\u00e1s represor de la democracia\u201d.<\/p>\n\n\n\n<p>En el inicio de la jornada, la comisi\u00f3n complet\u00f3 las autoridades siendo designada para ocupar la vicepresidencia segunda la diputada oficialista Lorena Petrocvich, para la segunda secretar\u00eda fue elegida la diputada Eliana Bruno (LLA) mientras que hicieron reserva de la secretar\u00eda tercera. Por la primera secretar\u00eda desde UP propusieron Javier Andrade.<\/p>\n\n\n\n<p>Antes de la exposici\u00f3n de oradores, la ungida vice segunda Lorena Petrovich cuestion\u00f3 que su bloque \u201cno fue consultado para armar la lista de oradores. Esto se repite en otras comisiones\u201d, y lament\u00f3 no haber estado en esa posici\u00f3n para \u201cpoder escuchar a las distintas voces para poder escuchar en una problem\u00e1tica tan importante y en un trabajo que vamos a seguir avanzando\u201d.<\/p>\n\n\n\n<p>\u201cReci\u00e9n pudimos leer el pasado viernes la lista de quienes nos van a acompa\u00f1ar. Estamos ac\u00e1 por respeto de quienes vinieron. La Libertad Avanza no tuvo la posibilidad de invitar a nadie\u201d, cerr\u00f3, mientras que Pietragalla Corte le aclar\u00f3 que se pas\u00f3 una lista de citaci\u00f3n y que \u201cno cercenamos a nadie\u201d.<\/p>\n\n\n\n<p>Los testimonios<\/p>\n\n\n\n<p>Abri\u00f3 la ronda de invitados el abogado y representante de la COREPI, Emanuel Zuccolo, quien sostuvo que \u201ctoda la bater\u00eda de leyes y decretos sancionados por el Legislativo y el Ejecutivo como la Ley Bases, privatizaci\u00f3n de empresas, reforma laboral, etc., van de la mano con la represi\u00f3n a los colectivos afectados por la quita de derechos para lo cual, el gobierno de Milei ha sancionado distintas leyes y reglamentaciones que, a nuestro entender, significan que en la pr\u00e1ctica un cambio de r\u00e9gimen con suspensi\u00f3n de derechos y garant\u00edas constitucionales, garantizando la impunidad para los represores que ejecuten estas tareas represivas\u201d.<\/p>\n\n\n\n<p>Zuccolo record\u00f3 que \u201ca lo largo de estos a\u00f1os hemos visto como se ha reprimido ferozmente mediante operativos multifuerza a quienes osan disentir y ejercer su derecho en la protesta contra la quita de derechos consagrados\u201d, y lo ejemplific\u00f3 con las marchas de cada mi\u00e9rcoles por parte de jubilados que \u201clos golpean y los gasean\u201d en medio de su reclamo por el acceso a remedios, pero \u201cla represi\u00f3n violenta se lleva a cabo contra cualquiera que ejerza su derecho a la protesta\u201d.<\/p>\n\n\n\n<p>\u201cTenemos m\u00e1s de 1.500 personas heridas en dos a\u00f1os por la represi\u00f3n estatal en la protesta social como casos emblem\u00e1ticos como Pablo Grillo. Hubo m\u00e1s de 300 detenciones arbitrarias en el marco de movilizaciones en CABA\u201d, precis\u00f3 y cuestion\u00f3 que \u201cla brutalidad represiva de las fuerzas no se investiga en lo m\u00e1s m\u00ednimo\u201d.<\/p>\n\n\n\n<p>Zuccolo denunci\u00f3 al Gobierno de Javier Milei como \u201cel m\u00e1s represor de la democracia donde el aparato represivo del Estado se llev\u00f3 la vida de 1.081 personas en sus dos primeros a\u00f1os en casos de gatillo f\u00e1cil, femicidios, muerte bajo custodia. Resulta de vital importancia que la comisi\u00f3n arbitre las medidas necesarias para que se rompa con el modo represivo que, ante el creciente malestar social, ir\u00e1 creciendo con consecuencias en la vida de los laburantes\u201d.<\/p>\n\n\n\n<p>Por parte del CELS, Diego Morales, plante\u00f3 que el protocolo anti piquetes \u201ctiene una interpretaci\u00f3n distinta a lo que propone el C\u00f3digo Penal porque la regla que fij\u00f3 el Congreso est\u00e1 aplicada de manera distinta, por lo tanto, hay un incumplimiento de la norma penal que fij\u00f3 el Parlamento\u201d.<\/p>\n\n\n\n<p>\u201cEl Ministerio de Seguridad tiene un exceso porque se aparta de las reglas que est\u00e1n fijadas para el uso y desarrollo de la actividad policial porque en el art\u00edculo 4 habla de \u2018dispersi\u00f3n\u2019 y la polic\u00eda no tiene esa facultad en ning\u00fan reglamento ni ley. Esa idea es un compromiso que se puede discutir en este \u00e1mbito legislativo\u201d, indic\u00f3 y se refiri\u00f3 a la Ley de Datos Personales porque \u201cla lo que establece el protocolo es la facultad de las fuerzas de llevar registro de los manifestantes, de organizaciones que se manifiesta, eso est\u00e1 prohibido\u201d. Morales opin\u00f3 que \u201cson tres asuntos que puede ayudar al Congreso a definir otras reglas de funcionamiento para garantizar el derecho a la protesta social\u201d.<\/p>\n\n\n\n<p>Desde la CTA aut\u00f3noma, Ricardo Peidro, manifest\u00f3 su preocupaci\u00f3n por el \u201calarmante incremento de la represi\u00f3n en las calles\u201d, y brind\u00f3 datos de los \u00faltimos a\u00f1os donde \u201chubo 107 represiones contando desde la asunci\u00f3n de Milei. Hubo 2.648 heridos y 381 detenidos y, si comparamos un a\u00f1o con otro, aument\u00f3 en un 48% la cantidad de heridos y 123% de detenidos\u201d.<\/p>\n\n\n\n<p>\u201cNo nos sorprende porque cuando el Gobierno anunci\u00f3 sus pol\u00edticas de ajuste y de sumir en la pobreza, van atadas a la represi\u00f3n. Es llamativo que es represi\u00f3n que, en otras instancias, algunos gobiernos la dibujando de otra manera. Este gobierno dice que la represi\u00f3n forma parte de su pol\u00edtica\u201d, critic\u00f3 y plante\u00f3: \u201cTenemos que tener una l\u00ednea de unidad para derrotar a este gobierno y tambi\u00e9n tenemos que tener unidad en las respuestas a las acciones represivas\u201d.<\/p>\n\n\n\n<p>Por su parte, Fabi\u00e1n Grillo padre del fot\u00f3grafo Pablo Grillo pidi\u00f3 al Congreso que \u201cvuelva a ser del pueblo\u201d que se termine con la \u201cperversi\u00f3n y la represi\u00f3n\u201d. Tambi\u00e9n cuestion\u00f3 que desde el oficialismo \u201cbuscar obstaculizar la investigaci\u00f3n de la justicia\u201d.<\/p>\n\n\n\n<p>Eduardo Belliboni, dirigente nacional del Polo Obrero, breg\u00f3 para que la reuni\u00f3n \u201ctenga una conclusi\u00f3n concreta porque la represi\u00f3n y la persecuci\u00f3n del gobierno empez\u00f3 ni bien asumi\u00f3. Es una orientaci\u00f3n perfectamente programada\u201d.<\/p>\n\n\n\n<p>\u201cDe forma sistem\u00e1tica el Gobierno tiene el triste r\u00e9cord de reprimir cada manifestaci\u00f3n que se produce, sobre todo a los sectores m\u00e1s d\u00e9biles como jubilados y discapacitados\u201d, apunt\u00f3 y sum\u00f3: \u201cTodos los Gobiernos, de una u otra manera, reprimieron al movimiento piquetero, pero lo van a negar como hacen siempre\u201d.<\/p>\n","protected":false},"excerpt":{"rendered":"<p>Fue en el marco de una reuni\u00f3n de la Comisi\u00f3n de Derechos Humanos de Diputados donde se abord\u00f3 la situaci\u00f3n actual del derecho a la protesta social y se brindaron datos sobre las represiones policiales en cada manifestaci\u00f3n bajo la gesti\u00f3n actual. La Comisi\u00f3n de Derechos Humanos y Garant\u00edas, presidida por el diputado Horacio Pietragalla [&hellip;]<\/p>\n","protected":false},"author":4,"featured_media":8287,"comment_status":"open","ping_status":"open","sticky":false,"template":"","format":"standard","meta":{"footnotes":""},"categories":[19,18],"tags":[],"class_list":{"0":"post-8286","1":"post","2":"type-post","3":"status-publish","4":"format-standard","5":"has-post-thumbnail","7":"category-interes-general","8":"category-nacionales"},"yoast_head":"<!-- This site is optimized with the Yoast SEO plugin v27.4 - https:\/\/yoast.com\/product\/yoast-seo-wordpress\/ -->\n<title>Organizaciones sociales calificaron al Gobierno de Javier Milei como \u201cel m\u00e1s represor de la democracia\u201d - Diario del Sur<\/title>\n<meta name=\"robots\" content=\"index, follow, max-snippet:-1, max-image-preview:large, max-video-preview:-1\" \/>\n<link rel=\"canonical\" href=\"https:\/\/diariodelsurdigital.com.ar\/?p=8286\" \/>\n<meta property=\"og:locale\" content=\"es_ES\" \/>\n<meta property=\"og:type\" content=\"article\" \/>\n<meta property=\"og:title\" content=\"Organizaciones sociales calificaron al Gobierno de Javier Milei como \u201cel m\u00e1s represor de la democracia\u201d - Diario del Sur\" \/>\n<meta property=\"og:description\" content=\"Fue en el marco de una reuni\u00f3n de la Comisi\u00f3n de Derechos Humanos de Diputados donde se abord\u00f3 la situaci\u00f3n actual del derecho a la protesta social y se brindaron datos sobre las represiones policiales en cada manifestaci\u00f3n bajo la gesti\u00f3n actual. La Comisi\u00f3n de Derechos Humanos y Garant\u00edas, presidida por el diputado Horacio Pietragalla [&hellip;]\" \/>\n<meta property=\"og:url\" content=\"https:\/\/diariodelsurdigital.com.ar\/?p=8286\" \/>\n<meta property=\"og:site_name\" content=\"Diario del Sur\" \/>\n<meta property=\"article:published_time\" content=\"2026-04-29T12:39:04+00:00\" \/>\n<meta property=\"article:modified_time\" content=\"2026-04-29T12:39:05+00:00\" \/>\n<meta property=\"og:image\" content=\"https:\/\/diariodelsurdigital.com.ar\/wp-content\/uploads\/2026\/04\/md-2026-04-29T093713.532.webp\" \/>\n\t<meta property=\"og:image:width\" content=\"992\" \/>\n\t<meta property=\"og:image:height\" content=\"647\" \/>\n\t<meta property=\"og:image:type\" content=\"image\/webp\" \/>\n<meta name=\"author\" content=\"Diario del Sur Digital\" \/>\n<meta name=\"twitter:card\" content=\"summary_large_image\" \/>\n<meta name=\"twitter:label1\" content=\"Escrito por\" \/>\n\t<meta name=\"twitter:data1\" content=\"Diario del Sur Digital\" \/>\n\t<meta name=\"twitter:label2\" content=\"Tiempo de lectura\" \/>\n\t<meta name=\"twitter:data2\" content=\"5 minutos\" \/>\n<script type=\"application\/ld+json\" class=\"yoast-schema-graph\">{\"@context\":\"https:\\\/\\\/schema.org\",\"@graph\":[{\"@type\":\"Article\",\"@id\":\"https:\\\/\\\/diariodelsurdigital.com.ar\\\/?p=8286#article\",\"isPartOf\":{\"@id\":\"https:\\\/\\\/diariodelsurdigital.com.ar\\\/?p=8286\"},\"author\":{\"name\":\"Diario del Sur Digital\",\"@id\":\"https:\\\/\\\/diariodelsurdigital.com.ar\\\/#\\\/schema\\\/person\\\/1a4992532ed62965c968031b49195c81\"},\"headline\":\"Organizaciones sociales calificaron al Gobierno de Javier Milei como \u201cel m\u00e1s represor de la democracia\u201d\",\"datePublished\":\"2026-04-29T12:39:04+00:00\",\"dateModified\":\"2026-04-29T12:39:05+00:00\",\"mainEntityOfPage\":{\"@id\":\"https:\\\/\\\/diariodelsurdigital.com.ar\\\/?p=8286\"},\"wordCount\":1100,\"commentCount\":0,\"image\":{\"@id\":\"https:\\\/\\\/diariodelsurdigital.com.ar\\\/?p=8286#primaryimage\"},\"thumbnailUrl\":\"https:\\\/\\\/diariodelsurdigital.com.ar\\\/wp-content\\\/uploads\\\/2026\\\/04\\\/md-2026-04-29T093713.532.webp\",\"articleSection\":[\"Inter\u00e9s General\",\"Nacionales\"],\"inLanguage\":\"es\",\"potentialAction\":[{\"@type\":\"CommentAction\",\"name\":\"Comment\",\"target\":[\"https:\\\/\\\/diariodelsurdigital.com.ar\\\/?p=8286#respond\"]}]},{\"@type\":\"WebPage\",\"@id\":\"https:\\\/\\\/diariodelsurdigital.com.ar\\\/?p=8286\",\"url\":\"https:\\\/\\\/diariodelsurdigital.com.ar\\\/?p=8286\",\"name\":\"Organizaciones sociales calificaron al Gobierno de Javier Milei como \u201cel m\u00e1s represor de la democracia\u201d - Diario del Sur\",\"isPartOf\":{\"@id\":\"https:\\\/\\\/diariodelsurdigital.com.ar\\\/#website\"},\"primaryImageOfPage\":{\"@id\":\"https:\\\/\\\/diariodelsurdigital.com.ar\\\/?p=8286#primaryimage\"},\"image\":{\"@id\":\"https:\\\/\\\/diariodelsurdigital.com.ar\\\/?p=8286#primaryimage\"},\"thumbnailUrl\":\"https:\\\/\\\/diariodelsurdigital.com.ar\\\/wp-content\\\/uploads\\\/2026\\\/04\\\/md-2026-04-29T093713.532.webp\",\"datePublished\":\"2026-04-29T12:39:04+00:00\",\"dateModified\":\"2026-04-29T12:39:05+00:00\",\"author\":{\"@id\":\"https:\\\/\\\/diariodelsurdigital.com.ar\\\/#\\\/schema\\\/person\\\/1a4992532ed62965c968031b49195c81\"},\"breadcrumb\":{\"@id\":\"https:\\\/\\\/diariodelsurdigital.com.ar\\\/?p=8286#breadcrumb\"},\"inLanguage\":\"es\",\"potentialAction\":[{\"@type\":\"ReadAction\",\"target\":[\"https:\\\/\\\/diariodelsurdigital.com.ar\\\/?p=8286\"]}]},{\"@type\":\"ImageObject\",\"inLanguage\":\"es\",\"@id\":\"https:\\\/\\\/diariodelsurdigital.com.ar\\\/?p=8286#primaryimage\",\"url\":\"https:\\\/\\\/diariodelsurdigital.com.ar\\\/wp-content\\\/uploads\\\/2026\\\/04\\\/md-2026-04-29T093713.532.webp\",\"contentUrl\":\"https:\\\/\\\/diariodelsurdigital.com.ar\\\/wp-content\\\/uploads\\\/2026\\\/04\\\/md-2026-04-29T093713.532.webp\",\"width\":992,\"height\":647},{\"@type\":\"BreadcrumbList\",\"@id\":\"https:\\\/\\\/diariodelsurdigital.com.ar\\\/?p=8286#breadcrumb\",\"itemListElement\":[{\"@type\":\"ListItem\",\"position\":1,\"name\":\"Portada\",\"item\":\"https:\\\/\\\/diariodelsurdigital.com.ar\\\/\"},{\"@type\":\"ListItem\",\"position\":2,\"name\":\"Organizaciones sociales calificaron al Gobierno de Javier Milei como \u201cel m\u00e1s represor de la democracia\u201d\"}]},{\"@type\":\"WebSite\",\"@id\":\"https:\\\/\\\/diariodelsurdigital.com.ar\\\/#website\",\"url\":\"https:\\\/\\\/diariodelsurdigital.com.ar\\\/\",\"name\":\"Diario del Sur\",\"description\":\"Digital\",\"potentialAction\":[{\"@type\":\"SearchAction\",\"target\":{\"@type\":\"EntryPoint\",\"urlTemplate\":\"https:\\\/\\\/diariodelsurdigital.com.ar\\\/?s={search_term_string}\"},\"query-input\":{\"@type\":\"PropertyValueSpecification\",\"valueRequired\":true,\"valueName\":\"search_term_string\"}}],\"inLanguage\":\"es\"},{\"@type\":\"Person\",\"@id\":\"https:\\\/\\\/diariodelsurdigital.com.ar\\\/#\\\/schema\\\/person\\\/1a4992532ed62965c968031b49195c81\",\"name\":\"Diario del Sur Digital\",\"image\":{\"@type\":\"ImageObject\",\"inLanguage\":\"es\",\"@id\":\"https:\\\/\\\/secure.gravatar.com\\\/avatar\\\/f0c7c47fc7146d19828273b9b8eda651c9c7ab583767e6338d3d3bee825adf76?s=96&d=mm&r=g\",\"url\":\"https:\\\/\\\/secure.gravatar.com\\\/avatar\\\/f0c7c47fc7146d19828273b9b8eda651c9c7ab583767e6338d3d3bee825adf76?s=96&d=mm&r=g\",\"contentUrl\":\"https:\\\/\\\/secure.gravatar.com\\\/avatar\\\/f0c7c47fc7146d19828273b9b8eda651c9c7ab583767e6338d3d3bee825adf76?s=96&d=mm&r=g\",\"caption\":\"Diario del Sur Digital\"},\"url\":\"https:\\\/\\\/diariodelsurdigital.com.ar\\\/?author=4\"}]}<\/script>\n<!-- \/ Yoast SEO plugin. -->","yoast_head_json":{"title":"Organizaciones sociales calificaron al Gobierno de Javier Milei como \u201cel m\u00e1s represor de la democracia\u201d - Diario del Sur","robots":{"index":"index","follow":"follow","max-snippet":"max-snippet:-1","max-image-preview":"max-image-preview:large","max-video-preview":"max-video-preview:-1"},"canonical":"https:\/\/diariodelsurdigital.com.ar\/?p=8286","og_locale":"es_ES","og_type":"article","og_title":"Organizaciones sociales calificaron al Gobierno de Javier Milei como \u201cel m\u00e1s represor de la democracia\u201d - Diario del Sur","og_description":"Fue en el marco de una reuni\u00f3n de la Comisi\u00f3n de Derechos Humanos de Diputados donde se abord\u00f3 la situaci\u00f3n actual del derecho a la protesta social y se brindaron datos sobre las represiones policiales en cada manifestaci\u00f3n bajo la gesti\u00f3n actual. La Comisi\u00f3n de Derechos Humanos y Garant\u00edas, presidida por el diputado Horacio Pietragalla [&hellip;]","og_url":"https:\/\/diariodelsurdigital.com.ar\/?p=8286","og_site_name":"Diario del Sur","article_published_time":"2026-04-29T12:39:04+00:00","article_modified_time":"2026-04-29T12:39:05+00:00","og_image":[{"width":992,"height":647,"url":"https:\/\/diariodelsurdigital.com.ar\/wp-content\/uploads\/2026\/04\/md-2026-04-29T093713.532.webp","type":"image\/webp"}],"author":"Diario del Sur Digital","twitter_card":"summary_large_image","twitter_misc":{"Escrito por":"Diario del Sur Digital","Tiempo de lectura":"5 minutos"},"schema":{"@context":"https:\/\/schema.org","@graph":[{"@type":"Article","@id":"https:\/\/diariodelsurdigital.com.ar\/?p=8286#article","isPartOf":{"@id":"https:\/\/diariodelsurdigital.com.ar\/?p=8286"},"author":{"name":"Diario del Sur Digital","@id":"https:\/\/diariodelsurdigital.com.ar\/#\/schema\/person\/1a4992532ed62965c968031b49195c81"},"headline":"Organizaciones sociales calificaron al Gobierno de Javier Milei como \u201cel m\u00e1s represor de la democracia\u201d","datePublished":"2026-04-29T12:39:04+00:00","dateModified":"2026-04-29T12:39:05+00:00","mainEntityOfPage":{"@id":"https:\/\/diariodelsurdigital.com.ar\/?p=8286"},"wordCount":1100,"commentCount":0,"image":{"@id":"https:\/\/diariodelsurdigital.com.ar\/?p=8286#primaryimage"},"thumbnailUrl":"https:\/\/diariodelsurdigital.com.ar\/wp-content\/uploads\/2026\/04\/md-2026-04-29T093713.532.webp","articleSection":["Inter\u00e9s General","Nacionales"],"inLanguage":"es","potentialAction":[{"@type":"CommentAction","name":"Comment","target":["https:\/\/diariodelsurdigital.com.ar\/?p=8286#respond"]}]},{"@type":"WebPage","@id":"https:\/\/diariodelsurdigital.com.ar\/?p=8286","url":"https:\/\/diariodelsurdigital.com.ar\/?p=8286","name":"Organizaciones sociales calificaron al Gobierno de Javier Milei como \u201cel m\u00e1s represor de la democracia\u201d - Diario del Sur","isPartOf":{"@id":"https:\/\/diariodelsurdigital.com.ar\/#website"},"primaryImageOfPage":{"@id":"https:\/\/diariodelsurdigital.com.ar\/?p=8286#primaryimage"},"image":{"@id":"https:\/\/diariodelsurdigital.com.ar\/?p=8286#primaryimage"},"thumbnailUrl":"https:\/\/diariodelsurdigital.com.ar\/wp-content\/uploads\/2026\/04\/md-2026-04-29T093713.532.webp","datePublished":"2026-04-29T12:39:04+00:00","dateModified":"2026-04-29T12:39:05+00:00","author":{"@id":"https:\/\/diariodelsurdigital.com.ar\/#\/schema\/person\/1a4992532ed62965c968031b49195c81"},"breadcrumb":{"@id":"https:\/\/diariodelsurdigital.com.ar\/?p=8286#breadcrumb"},"inLanguage":"es","potentialAction":[{"@type":"ReadAction","target":["https:\/\/diariodelsurdigital.com.ar\/?p=8286"]}]},{"@type":"ImageObject","inLanguage":"es","@id":"https:\/\/diariodelsurdigital.com.ar\/?p=8286#primaryimage","url":"https:\/\/diariodelsurdigital.com.ar\/wp-content\/uploads\/2026\/04\/md-2026-04-29T093713.532.webp","contentUrl":"https:\/\/diariodelsurdigital.com.ar\/wp-content\/uploads\/2026\/04\/md-2026-04-29T093713.532.webp","width":992,"height":647},{"@type":"BreadcrumbList","@id":"https:\/\/diariodelsurdigital.com.ar\/?p=8286#breadcrumb","itemListElement":[{"@type":"ListItem","position":1,"name":"Portada","item":"https:\/\/diariodelsurdigital.com.ar\/"},{"@type":"ListItem","position":2,"name":"Organizaciones sociales calificaron al Gobierno de Javier Milei como \u201cel m\u00e1s represor de la democracia\u201d"}]},{"@type":"WebSite","@id":"https:\/\/diariodelsurdigital.com.ar\/#website","url":"https:\/\/diariodelsurdigital.com.ar\/","name":"Diario del Sur","description":"Digital","potentialAction":[{"@type":"SearchAction","target":{"@type":"EntryPoint","urlTemplate":"https:\/\/diariodelsurdigital.com.ar\/?s={search_term_string}"},"query-input":{"@type":"PropertyValueSpecification","valueRequired":true,"valueName":"search_term_string"}}],"inLanguage":"es"},{"@type":"Person","@id":"https:\/\/diariodelsurdigital.com.ar\/#\/schema\/person\/1a4992532ed62965c968031b49195c81","name":"Diario del Sur Digital","image":{"@type":"ImageObject","inLanguage":"es","@id":"https:\/\/secure.gravatar.com\/avatar\/f0c7c47fc7146d19828273b9b8eda651c9c7ab583767e6338d3d3bee825adf76?s=96&d=mm&r=g","url":"https:\/\/secure.gravatar.com\/avatar\/f0c7c47fc7146d19828273b9b8eda651c9c7ab583767e6338d3d3bee825adf76?s=96&d=mm&r=g","contentUrl":"https:\/\/secure.gravatar.com\/avatar\/f0c7c47fc7146d19828273b9b8eda651c9c7ab583767e6338d3d3bee825adf76?s=96&d=mm&r=g","caption":"Diario del Sur Digital"},"url":"https:\/\/diariodelsurdigital.com.ar\/?author=4"}]}},"_links":{"self":[{"href":"https:\/\/diariodelsurdigital.com.ar\/index.php?rest_route=\/wp\/v2\/posts\/8286","targetHints":{"allow":["GET"]}}],"collection":[{"href":"https:\/\/diariodelsurdigital.com.ar\/index.php?rest_route=\/wp\/v2\/posts"}],"about":[{"href":"https:\/\/diariodelsurdigital.com.ar\/index.php?rest_route=\/wp\/v2\/types\/post"}],"author":[{"embeddable":true,"href":"https:\/\/diariodelsurdigital.com.ar\/index.php?rest_route=\/wp\/v2\/users\/4"}],"replies":[{"embeddable":true,"href":"https:\/\/diariodelsurdigital.com.ar\/index.php?rest_route=%2Fwp%2Fv2%2Fcomments&post=8286"}],"version-history":[{"count":1,"href":"https:\/\/diariodelsurdigital.com.ar\/index.php?rest_route=\/wp\/v2\/posts\/8286\/revisions"}],"predecessor-version":[{"id":8288,"href":"https:\/\/diariodelsurdigital.com.ar\/index.php?rest_route=\/wp\/v2\/posts\/8286\/revisions\/8288"}],"wp:featuredmedia":[{"embeddable":true,"href":"https:\/\/diariodelsurdigital.com.ar\/index.php?rest_route=\/wp\/v2\/media\/8287"}],"wp:attachment":[{"href":"https:\/\/diariodelsurdigital.com.ar\/index.php?rest_route=%2Fwp%2Fv2%2Fmedia&parent=8286"}],"wp:term":[{"taxonomy":"category","embeddable":true,"href":"https:\/\/diariodelsurdigital.com.ar\/index.php?rest_route=%2Fwp%2Fv2%2Fcategories&post=8286"},{"taxonomy":"post_tag","embeddable":true,"href":"https:\/\/diariodelsurdigital.com.ar\/index.php?rest_route=%2Fwp%2Fv2%2Ftags&post=8286"}],"curies":[{"name":"wp","href":"https:\/\/api.w.org\/{rel}","templated":true}]}}