{"id":8289,"date":"2026-04-29T22:09:13","date_gmt":"2026-04-30T01:09:13","guid":{"rendered":"https:\/\/diariodelsurdigital.com.ar\/?p=8289"},"modified":"2026-04-29T22:35:26","modified_gmt":"2026-04-30T01:35:26","slug":"que-ves-que-ves-cuando-me-ves-cuando-la-mentira-es-la-verdad-parte-2","status":"publish","type":"post","link":"https:\/\/diariodelsurdigital.com.ar\/?p=8289","title":{"rendered":"\u201c\u00bfQu\u00e9 ves, que ves cuando me ves? Cuando la mentira es la verdad\u201d\u00a0\u00a0Parte 2"},"content":{"rendered":"\n<p><\/p>\n\n\n\n<p><strong>Por: Luis Edgardo Jakimchuk<\/strong> <strong>para Diario del SUR Digital<\/strong><\/p>\n\n\n\n<figure class=\"wp-block-image size-full\"><img loading=\"lazy\" decoding=\"async\" width=\"113\" height=\"113\" src=\"https:\/\/diariodelsurdigital.com.ar\/wp-content\/uploads\/2026\/04\/5ff54b6f018c3f3a5a3ca1984a57cb9d.png\" alt=\"\" class=\"wp-image-8296\"\/><\/figure>\n\n\n\n<p>Alguna vez escuche: \u201cla realidad social com\u00fanmente lo vemos reflejado en las letras de un tema musical\u201d. Y, es que muchas veces son cruciales para trasmitir significados, contexto y sentimientos, lo que la convierte en un espejo de lo que se vive. Me pasa con\u00a0<em>\u201c\u00bfQu\u00e9 ves, cuando me ves?, cuando la mentira es la verdad\u2026<\/em>\u00a0<em>el bien y el mal definen por penal\u201d,<\/em>\u00a0atractiva canci\u00f3n de la banda de rock Divididos que, a trav\u00e9s de su letra sugiere que lo que se percibe muchas veces, este matizado por la mentira o una verdad desfigurada.<\/p>\n\n\n\n<p>Mientras el entronizado por fuerzas del cielo\u00a0<strong>criptoestafador<\/strong>\u00a0que supimos elegir presidente, instalo las frases: \u201cNo la ven\u201d, y Caputo nos quiere \u201ccagar a patadas a todos\u201d porque no percibimos lo bien que marcha el proceso econ\u00f3mico. La realidad muestra degradaci\u00f3n social, la tarea destructora\u00a0de un proyecto mesi\u00e1nico y, su hermana Karina, un personaje oscuro a quien nadie voto, pero coordina las distintas tribus m\u00e1s corruptas de la historia reciente. AJUSTAR Y AFANAR, es el \u00a0modus operandi. \u00a0En este contexto \u00bf<strong>Que vemos cuando no la vemos en Concordia? \u00a0\u00a0<\/strong><\/p>\n\n\n\n<p><strong>Que vemos cuando no me ves,<\/strong>&nbsp;un intendente t\u00edpico personaje de \u00e9poca que describe bastante al mundo libertario, que muestra desde el inicio de su gesti\u00f3n una necesidad extrema de sentirse reconocido pol\u00edticamente y una exagerada percepci\u00f3n de su propia importancia frente a los dem\u00e1s.<\/p>\n\n\n\n<p>Un jactancioso que prometi\u00f3&nbsp;<strong>restaurar la moral p\u00fablica<\/strong>&nbsp;y, lo m\u00e1s relevante, darle a la&nbsp;<strong>gesti\u00f3n<\/strong>&nbsp;<strong>transparencia y eficiencia siempre unido al proyecto libertario.&nbsp;<\/strong>Pero tambi\u00e9n all\u00ed se encuentra su debilidad, por su pretensi\u00f3n de una gobernanza que no reconoce la importancia de participaci\u00f3n, de consensuar. Sus propios colaboradores lo revelan, advirtiendo sobre un estilo de conducci\u00f3n que, se aleja cada vez m\u00e1s de una gesti\u00f3n eficiente. Justamente por lo insensato de su aplicaci\u00f3n y lo antidemocr\u00e1tico de sus m\u00e9todos.<\/p>\n\n\n\n<p><strong>Muchos sostienen que la pol\u00edtica es la cocina del dinero p\u00fablico, saber c\u00f3mo se gasta, es la sobremesa.&nbsp;<\/strong>El presupuesto y los actos de gobierno son un bien p\u00fablico colectivo, por lo tanto, es necesario analizar no solo lo que se promete hacer, sino tambi\u00e9n al final si se orient\u00f3 lo prometido correctamente. Evaluar cuanto se recauda, quien la gasta y para que se gasta, son preguntas que refuerza la eficiencia y la transparencia.<\/p>\n\n\n\n<p>Para garantizar la correcta informaci\u00f3n a la sociedad, existe la Ordenanza, 33.369 del 31-05-2007 (T.O. 2007 con las modificaciones introducidas en Ordenanzas 33.442 y 33.665), que establece como se debe informar. En la misma se fija una metodolog\u00eda de informaci\u00f3n sint\u00e9tica en principales secretarias, pero no da la posibilidad de detallar los rubros y subrubros de manera que el ciudadano conozca en profundidad la gesti\u00f3n financiera.La transparencia es un aspecto crucial de la informaci\u00f3n financiera. El Ejecutivo tiene la obligaci\u00f3n de rendir cuenta de sus acciones financieras, porque es dinero que aportan los contribuyentes.<\/p>\n\n\n\n<figure class=\"wp-block-image size-full\"><img loading=\"lazy\" decoding=\"async\" width=\"851\" height=\"817\" src=\"https:\/\/diariodelsurdigital.com.ar\/wp-content\/uploads\/2026\/04\/image-6.png\" alt=\"\" class=\"wp-image-8295\" srcset=\"https:\/\/diariodelsurdigital.com.ar\/wp-content\/uploads\/2026\/04\/image-6.png 851w, https:\/\/diariodelsurdigital.com.ar\/wp-content\/uploads\/2026\/04\/image-6-300x288.png 300w, https:\/\/diariodelsurdigital.com.ar\/wp-content\/uploads\/2026\/04\/image-6-768x737.png 768w, https:\/\/diariodelsurdigital.com.ar\/wp-content\/uploads\/2026\/04\/image-6-437x420.png 437w, https:\/\/diariodelsurdigital.com.ar\/wp-content\/uploads\/2026\/04\/image-6-696x668.png 696w\" sizes=\"auto, (max-width: 851px) 100vw, 851px\" \/><\/figure>\n\n\n\n<p>Cuando observamos la ejecuci\u00f3n del presupuesto 2025, vemos que donde se supone que deber\u00edamos tener conocimiento detallado de las decisiones, motivaciones y justificaciones que se toma, aparece una sigla que preocupar:&nbsp;<strong>S\/DISC, sin discriminar.<\/strong>&nbsp;De ah\u00ed surge una referencia que no es menor, sobre el total del gasto&nbsp;<strong>$95.660.821.498,84&nbsp;<\/strong>muestra que $<strong>52.327.837.802,03<\/strong>&nbsp;son partidas \u201csin discriminar\u201d. Estamos hablando que mas de la mitad del presupuesto.<\/p>\n\n\n\n<p><img loading=\"lazy\" decoding=\"async\" src=\"blob:https:\/\/diariodelsurdigital.com.ar\/004524ae-5113-4409-b05e-4e8503cf3023\" width=\"374\" height=\"234\">&nbsp;Si el concordiense dimensiona el volumen econ\u00f3mico que ejecut\u00f3 el municipio, al tipo de cambio oficial vendedor del Banco Naci\u00f3n vigente al&nbsp;<strong>28 de abril de 2026<\/strong>, el gasto total municipal 2025, equivale cerca de los USD<strong>&nbsp;66,9 millones<\/strong>. De ese total, alrededor de&nbsp;<strong>USD 36,6 millones<\/strong>&nbsp;aparecen bajo partidas \u201csin discriminar\u201d.<\/p>\n\n\n\n<p>Veamos cuando se transforman en la realidad social esos n\u00fameros, porque suelen anticipar lo que despu\u00e9s se observa en la calle y en esta gesti\u00f3n esas se\u00f1ales ya empiezan a aparecer.<\/p>\n\n\n\n<p><strong>Administraci\u00f3n General: la gran caja de pandora.&nbsp;<\/strong>El monto informado es que del total gastado $<strong>34.431.681.073,13,&nbsp;<\/strong>ejecutaron<strong>&nbsp;$30.334.958.859,31,&nbsp;<\/strong>como&nbsp;<strong>S\/DISCRIM.&nbsp;<\/strong>Deber\u00eda ser explicado con claridad por el intendente que estructuras administrativas absorbieron esos fondos. Qu\u00e9 parte responde a decisiones concretas de su rumbo marcado, dado que la magnitud del gasto sin discriminar es muy grande sin tener explicaci\u00f3n.<\/p>\n\n\n\n<figure class=\"wp-block-image size-full\"><img loading=\"lazy\" decoding=\"async\" width=\"850\" height=\"49\" src=\"https:\/\/diariodelsurdigital.com.ar\/wp-content\/uploads\/2026\/04\/image-5.png\" alt=\"\" class=\"wp-image-8294\" srcset=\"https:\/\/diariodelsurdigital.com.ar\/wp-content\/uploads\/2026\/04\/image-5.png 850w, https:\/\/diariodelsurdigital.com.ar\/wp-content\/uploads\/2026\/04\/image-5-300x17.png 300w, https:\/\/diariodelsurdigital.com.ar\/wp-content\/uploads\/2026\/04\/image-5-768x44.png 768w, https:\/\/diariodelsurdigital.com.ar\/wp-content\/uploads\/2026\/04\/image-5-696x40.png 696w\" sizes=\"auto, (max-width: 850px) 100vw, 850px\" \/><\/figure>\n\n\n\n<p>Servicios Especiales Urbanos S\/DISCRIM.: $9.508.039.654,54<\/p>\n\n\n\n<figure class=\"wp-block-image size-full\"><img loading=\"lazy\" decoding=\"async\" width=\"850\" height=\"42\" src=\"https:\/\/diariodelsurdigital.com.ar\/wp-content\/uploads\/2026\/04\/image-2.png\" alt=\"\" class=\"wp-image-8291\" srcset=\"https:\/\/diariodelsurdigital.com.ar\/wp-content\/uploads\/2026\/04\/image-2.png 850w, https:\/\/diariodelsurdigital.com.ar\/wp-content\/uploads\/2026\/04\/image-2-300x15.png 300w, https:\/\/diariodelsurdigital.com.ar\/wp-content\/uploads\/2026\/04\/image-2-768x38.png 768w, https:\/\/diariodelsurdigital.com.ar\/wp-content\/uploads\/2026\/04\/image-2-696x34.png 696w\" sizes=\"auto, (max-width: 850px) 100vw, 850px\" \/><\/figure>\n\n\n\n<p>Bienestar Social S\/DISCRIM.: $8.144.218.694,19<\/p>\n\n\n\n<figure class=\"wp-block-image size-full\"><img loading=\"lazy\" decoding=\"async\" width=\"850\" height=\"47\" src=\"https:\/\/diariodelsurdigital.com.ar\/wp-content\/uploads\/2026\/04\/image-4.png\" alt=\"\" class=\"wp-image-8293\" srcset=\"https:\/\/diariodelsurdigital.com.ar\/wp-content\/uploads\/2026\/04\/image-4.png 850w, https:\/\/diariodelsurdigital.com.ar\/wp-content\/uploads\/2026\/04\/image-4-300x17.png 300w, https:\/\/diariodelsurdigital.com.ar\/wp-content\/uploads\/2026\/04\/image-4-768x42.png 768w, https:\/\/diariodelsurdigital.com.ar\/wp-content\/uploads\/2026\/04\/image-4-696x38.png 696w\" sizes=\"auto, (max-width: 850px) 100vw, 850px\" \/><\/figure>\n\n\n\n<p>Cultura y Educaci\u00f3n S\/DISCRIM.: $1.747.882.243,12<\/p>\n\n\n\n<p><img loading=\"lazy\" decoding=\"async\" src=\"blob:https:\/\/diariodelsurdigital.com.ar\/acafb706-fd70-4fa6-9dba-ca56f1936252\" width=\"567\" height=\"33\">Desarrollo de la Econom\u00eda S\/DISCRIM.: $2.592.738.350,<\/p>\n\n\n\n<figure class=\"wp-block-image size-full\"><img loading=\"lazy\" decoding=\"async\" width=\"851\" height=\"45\" src=\"https:\/\/diariodelsurdigital.com.ar\/wp-content\/uploads\/2026\/04\/image-1.png\" alt=\"\" class=\"wp-image-8290\" srcset=\"https:\/\/diariodelsurdigital.com.ar\/wp-content\/uploads\/2026\/04\/image-1.png 851w, https:\/\/diariodelsurdigital.com.ar\/wp-content\/uploads\/2026\/04\/image-1-300x16.png 300w, https:\/\/diariodelsurdigital.com.ar\/wp-content\/uploads\/2026\/04\/image-1-768x41.png 768w, https:\/\/diariodelsurdigital.com.ar\/wp-content\/uploads\/2026\/04\/image-1-696x37.png 696w\" sizes=\"auto, (max-width: 851px) 100vw, 851px\" \/><\/figure>\n\n\n\n<p>Son \u00e1reas muy importantes en una ciudad con problemas sociales conocidos. \u00bfQu\u00e9 programas se financiaron? \u00bfQu\u00e9 poblaci\u00f3n fue alcanzada? \u00bfQu\u00e9 criterios se usaron? \u00bfQu\u00e9 resultados hubo?<\/p>\n\n\n\n<p>En el caso de los gastos de Cultura y Educaci\u00f3n<strong>&nbsp;todos<\/strong>&nbsp;est\u00e1n sin discriminar. Respecto a Desarrollo de la Econom\u00eda, m\u00e1s de 2.500 millones de pesos no se discrimina. Cu\u00e1l es la pol\u00edtica de desarrollo, si hubo programas hay que explicarlo, si hubo resultados hay que medirlo. &nbsp;<\/p>\n\n\n\n<p><strong>Presupuesto Participativo.&nbsp;<\/strong>Algo que destruye la narrativa del intendente sobre la participaci\u00f3n de los ciudadanos, se refleja en el rubro Presupuesto Oarticipativo en el a\u00f1o 2025. El ejecutado fue de $191.839.334,37. Frente a un gasto total municipal de $95.660.821.498,84, representa apenas el 0,20%.<\/p>\n\n\n\n<figure class=\"wp-block-image size-full\"><img loading=\"lazy\" decoding=\"async\" width=\"850\" height=\"49\" src=\"https:\/\/diariodelsurdigital.com.ar\/wp-content\/uploads\/2026\/04\/image-3.png\" alt=\"\" class=\"wp-image-8292\" srcset=\"https:\/\/diariodelsurdigital.com.ar\/wp-content\/uploads\/2026\/04\/image-3.png 850w, https:\/\/diariodelsurdigital.com.ar\/wp-content\/uploads\/2026\/04\/image-3-300x17.png 300w, https:\/\/diariodelsurdigital.com.ar\/wp-content\/uploads\/2026\/04\/image-3-768x44.png 768w, https:\/\/diariodelsurdigital.com.ar\/wp-content\/uploads\/2026\/04\/image-3-696x40.png 696w\" sizes=\"auto, (max-width: 850px) 100vw, 850px\" \/><\/figure>\n\n\n\n<p>O sea, de cada $100 que gast\u00f3 la Municipalidad, solo 20 centavos fueron al mecanismo que permite al vecino de m\u00e1s de cien barrios a opinar, priorizar y controlar. Azcue debe entender que los recursos participativos, tienen destino visible y una comunidad que controla. Es el instrumento m\u00e1s democr\u00e1tico que no admite partidas sin discriminar.<\/p>\n\n\n\n<p>No hace falta acusar, alcanza con preguntar. Que figure sin discriminar no constituye delito, malversaci\u00f3n, no prueba desv\u00edo, no hace falta decir lo que los datos no dicen. Pero con un intendente que en cada oportunidad que tiene de dirigirse a la comunidad, busca permanentemente resaltar que lleva adelante una gesti\u00f3n eficiente y transparente, tiene la obligaci\u00f3n de informar con claridad los mas de&nbsp;<strong>52 mil millones de pesos<\/strong>&nbsp;bajo partidas&nbsp;<strong>sin discriminar<\/strong>, la pregunta se impone sola:&nbsp;<strong>\u00bfA qu\u00e9 responden esos gastos? \u00bfQu\u00e9 efectividad tienen las asignaciones?<\/strong><\/p>\n\n\n\n<p>Estas preguntas son a las que se apela a la matem\u00e1tica para comprender los patrones de la inversi\u00f3n. La matem\u00e1tica es fundamental para el an\u00e1lisis del presupuesto, ya que permite evaluar la asignaci\u00f3n, m\u00e1s cuando se realiza bajo la metodolog\u00eda \u201cBase Cero\u201d, que implica asignaci\u00f3n de recursos en funci\u00f3n de necesidades, sin considerar asignaciones anteriores.<\/p>\n\n\n\n<p>El rubro&nbsp;<strong>Servicios no Personales<\/strong>&nbsp;se destina todos los gastos del funcionamiento del Estado. Donde se engloba el pago de las cooperativas de trabajo, pero no se segrega cuanto destina y a quienes. \u00bfPor qu\u00e9 ser\u00e1 que no se informa? &nbsp;Otra cuesti\u00f3n de falta de transparencia es la contrataci\u00f3n de la empresa VITSA Soluciones Ambientales S.A, que se encarga de manera parcial el servicio de recolecci\u00f3n de residuos. Genera duda desde el principio, la empresa comenz\u00f3 a prestar servicio ante de tener el marco normativo aprobado. Es por lo menos rara la velocidad con la que se avanz\u00f3.<\/p>\n\n\n\n<p>De acuerdo con el ejecutivo municipal, esto permite ahorrar anualmente 3 mil millones de pesos. Es ac\u00e1 donde la matem\u00e1tica es importante para la estimaci\u00f3n de la efectividad no solo de la asignaci\u00f3n sino, la evaluaci\u00f3n de la herramienta excepcional como la emergencia que utilizo el ejecutivo para contratar un servicio a un largo plazo. El intendente que habla de transparencia no act\u00faa en consonancia, generando un efecto de ret\u00f3rica vac\u00eda que socava la confianza&nbsp;ciudadana.<\/p>\n\n\n\n<p>El jurista,&nbsp;fil\u00f3sofo&nbsp;y&nbsp;polit\u00f3logo&nbsp;italiano Norberto Bobbio sosten\u00eda que la transparencia se opone al ejercicio del poder invisible, por lo tanto, la transparencia no deber\u00eda ser considerada un objetivo en s\u00ed misma, m\u00e1s bien como un mecanismo para prevenir actos de corrupci\u00f3n.<\/p>\n\n\n\n<p>Concordia supo ser considerada como una de las ciudades m\u00e1s transparentes del pa\u00eds y la provincia, hoy la gesti\u00f3n Azcue tiene d\u00e9ficit de cumplimientos, lo demuestran los indicadores que miden el desempe\u00f1o, a pesar de que su narrativa se sostiene sobre la base de eficiencia y transparencia.<\/p>\n\n\n\n<p><strong>\u201cCuando la mentira y la verdad se define por penales\u201d&nbsp;<\/strong>Azcue dice: \u201cAsumo que cada decisi\u00f3n presupuestaria debe responder a criterios de oportunidad, eficiencia y transparencia evitando gastos improductivos\u201d.<\/p>\n","protected":false},"excerpt":{"rendered":"<p>Por: Luis Edgardo Jakimchuk para Diario del SUR Digital Alguna vez escuche: \u201cla realidad social com\u00fanmente lo vemos reflejado en las letras de un tema musical\u201d. Y, es que muchas veces son cruciales para trasmitir significados, contexto y sentimientos, lo que la convierte en un espejo de lo que se vive. Me pasa con\u00a0\u201c\u00bfQu\u00e9 ves, [&hellip;]<\/p>\n","protected":false},"author":2,"featured_media":8297,"comment_status":"open","ping_status":"open","sticky":false,"template":"","format":"standard","meta":{"footnotes":""},"categories":[19,16],"tags":[],"class_list":{"0":"post-8289","1":"post","2":"type-post","3":"status-publish","4":"format-standard","5":"has-post-thumbnail","7":"category-interes-general","8":"category-locales"},"yoast_head":"<!-- This site is optimized with the Yoast SEO plugin v27.4 - https:\/\/yoast.com\/product\/yoast-seo-wordpress\/ -->\n<title>\u201c\u00bfQu\u00e9 ves, que ves cuando me ves? Cuando la mentira es la verdad\u201d\u00a0\u00a0Parte 2 - Diario del Sur<\/title>\n<meta name=\"robots\" content=\"index, follow, max-snippet:-1, max-image-preview:large, max-video-preview:-1\" \/>\n<link rel=\"canonical\" href=\"https:\/\/diariodelsurdigital.com.ar\/?p=8289\" \/>\n<meta property=\"og:locale\" content=\"es_ES\" \/>\n<meta property=\"og:type\" content=\"article\" \/>\n<meta property=\"og:title\" content=\"\u201c\u00bfQu\u00e9 ves, que ves cuando me ves? Cuando la mentira es la verdad\u201d\u00a0\u00a0Parte 2 - Diario del Sur\" \/>\n<meta property=\"og:description\" content=\"Por: Luis Edgardo Jakimchuk para Diario del SUR Digital Alguna vez escuche: \u201cla realidad social com\u00fanmente lo vemos reflejado en las letras de un tema musical\u201d. Y, es que muchas veces son cruciales para trasmitir significados, contexto y sentimientos, lo que la convierte en un espejo de lo que se vive. Me pasa con\u00a0\u201c\u00bfQu\u00e9 ves, [&hellip;]\" \/>\n<meta property=\"og:url\" content=\"https:\/\/diariodelsurdigital.com.ar\/?p=8289\" \/>\n<meta property=\"og:site_name\" content=\"Diario del Sur\" \/>\n<meta property=\"article:published_time\" content=\"2026-04-30T01:09:13+00:00\" \/>\n<meta property=\"article:modified_time\" content=\"2026-04-30T01:35:26+00:00\" \/>\n<meta property=\"og:image\" content=\"https:\/\/diariodelsurdigital.com.ar\/wp-content\/uploads\/2026\/04\/o_1701677907.jpg\" \/>\n\t<meta property=\"og:image:width\" content=\"442\" \/>\n\t<meta property=\"og:image:height\" content=\"295\" \/>\n\t<meta property=\"og:image:type\" content=\"image\/jpeg\" \/>\n<meta name=\"author\" content=\"Diario del Sur Digital\" \/>\n<meta name=\"twitter:card\" content=\"summary_large_image\" \/>\n<meta name=\"twitter:label1\" content=\"Escrito por\" \/>\n\t<meta name=\"twitter:data1\" content=\"Diario del Sur Digital\" \/>\n\t<meta name=\"twitter:label2\" content=\"Tiempo de lectura\" \/>\n\t<meta name=\"twitter:data2\" content=\"9 minutos\" \/>\n<script type=\"application\/ld+json\" class=\"yoast-schema-graph\">{\"@context\":\"https:\\\/\\\/schema.org\",\"@graph\":[{\"@type\":\"Article\",\"@id\":\"https:\\\/\\\/diariodelsurdigital.com.ar\\\/?p=8289#article\",\"isPartOf\":{\"@id\":\"https:\\\/\\\/diariodelsurdigital.com.ar\\\/?p=8289\"},\"author\":{\"name\":\"Diario del Sur Digital\",\"@id\":\"https:\\\/\\\/diariodelsurdigital.com.ar\\\/#\\\/schema\\\/person\\\/6136a32571657f7dba980b88b04c5465\"},\"headline\":\"\u201c\u00bfQu\u00e9 ves, que ves cuando me ves? Cuando la mentira es la verdad\u201d\u00a0\u00a0Parte 2\",\"datePublished\":\"2026-04-30T01:09:13+00:00\",\"dateModified\":\"2026-04-30T01:35:26+00:00\",\"mainEntityOfPage\":{\"@id\":\"https:\\\/\\\/diariodelsurdigital.com.ar\\\/?p=8289\"},\"wordCount\":1452,\"commentCount\":0,\"image\":{\"@id\":\"https:\\\/\\\/diariodelsurdigital.com.ar\\\/?p=8289#primaryimage\"},\"thumbnailUrl\":\"https:\\\/\\\/diariodelsurdigital.com.ar\\\/wp-content\\\/uploads\\\/2026\\\/04\\\/o_1701677907.jpg\",\"articleSection\":[\"Inter\u00e9s General\",\"Locales\"],\"inLanguage\":\"es\",\"potentialAction\":[{\"@type\":\"CommentAction\",\"name\":\"Comment\",\"target\":[\"https:\\\/\\\/diariodelsurdigital.com.ar\\\/?p=8289#respond\"]}]},{\"@type\":\"WebPage\",\"@id\":\"https:\\\/\\\/diariodelsurdigital.com.ar\\\/?p=8289\",\"url\":\"https:\\\/\\\/diariodelsurdigital.com.ar\\\/?p=8289\",\"name\":\"\u201c\u00bfQu\u00e9 ves, que ves cuando me ves? Cuando la mentira es la verdad\u201d\u00a0\u00a0Parte 2 - Diario del Sur\",\"isPartOf\":{\"@id\":\"https:\\\/\\\/diariodelsurdigital.com.ar\\\/#website\"},\"primaryImageOfPage\":{\"@id\":\"https:\\\/\\\/diariodelsurdigital.com.ar\\\/?p=8289#primaryimage\"},\"image\":{\"@id\":\"https:\\\/\\\/diariodelsurdigital.com.ar\\\/?p=8289#primaryimage\"},\"thumbnailUrl\":\"https:\\\/\\\/diariodelsurdigital.com.ar\\\/wp-content\\\/uploads\\\/2026\\\/04\\\/o_1701677907.jpg\",\"datePublished\":\"2026-04-30T01:09:13+00:00\",\"dateModified\":\"2026-04-30T01:35:26+00:00\",\"author\":{\"@id\":\"https:\\\/\\\/diariodelsurdigital.com.ar\\\/#\\\/schema\\\/person\\\/6136a32571657f7dba980b88b04c5465\"},\"breadcrumb\":{\"@id\":\"https:\\\/\\\/diariodelsurdigital.com.ar\\\/?p=8289#breadcrumb\"},\"inLanguage\":\"es\",\"potentialAction\":[{\"@type\":\"ReadAction\",\"target\":[\"https:\\\/\\\/diariodelsurdigital.com.ar\\\/?p=8289\"]}]},{\"@type\":\"ImageObject\",\"inLanguage\":\"es\",\"@id\":\"https:\\\/\\\/diariodelsurdigital.com.ar\\\/?p=8289#primaryimage\",\"url\":\"https:\\\/\\\/diariodelsurdigital.com.ar\\\/wp-content\\\/uploads\\\/2026\\\/04\\\/o_1701677907.jpg\",\"contentUrl\":\"https:\\\/\\\/diariodelsurdigital.com.ar\\\/wp-content\\\/uploads\\\/2026\\\/04\\\/o_1701677907.jpg\",\"width\":442,\"height\":295},{\"@type\":\"BreadcrumbList\",\"@id\":\"https:\\\/\\\/diariodelsurdigital.com.ar\\\/?p=8289#breadcrumb\",\"itemListElement\":[{\"@type\":\"ListItem\",\"position\":1,\"name\":\"Portada\",\"item\":\"https:\\\/\\\/diariodelsurdigital.com.ar\\\/\"},{\"@type\":\"ListItem\",\"position\":2,\"name\":\"\u201c\u00bfQu\u00e9 ves, que ves cuando me ves? Cuando la mentira es la verdad\u201d\u00a0\u00a0Parte 2\"}]},{\"@type\":\"WebSite\",\"@id\":\"https:\\\/\\\/diariodelsurdigital.com.ar\\\/#website\",\"url\":\"https:\\\/\\\/diariodelsurdigital.com.ar\\\/\",\"name\":\"Diario del Sur\",\"description\":\"Digital\",\"potentialAction\":[{\"@type\":\"SearchAction\",\"target\":{\"@type\":\"EntryPoint\",\"urlTemplate\":\"https:\\\/\\\/diariodelsurdigital.com.ar\\\/?s={search_term_string}\"},\"query-input\":{\"@type\":\"PropertyValueSpecification\",\"valueRequired\":true,\"valueName\":\"search_term_string\"}}],\"inLanguage\":\"es\"},{\"@type\":\"Person\",\"@id\":\"https:\\\/\\\/diariodelsurdigital.com.ar\\\/#\\\/schema\\\/person\\\/6136a32571657f7dba980b88b04c5465\",\"name\":\"Diario del Sur Digital\",\"image\":{\"@type\":\"ImageObject\",\"inLanguage\":\"es\",\"@id\":\"https:\\\/\\\/secure.gravatar.com\\\/avatar\\\/4c29ceac98541dd42460b2474aaa5dd37594d6ce6cb3cf2c101d09b48ee287ba?s=96&d=mm&r=g\",\"url\":\"https:\\\/\\\/secure.gravatar.com\\\/avatar\\\/4c29ceac98541dd42460b2474aaa5dd37594d6ce6cb3cf2c101d09b48ee287ba?s=96&d=mm&r=g\",\"contentUrl\":\"https:\\\/\\\/secure.gravatar.com\\\/avatar\\\/4c29ceac98541dd42460b2474aaa5dd37594d6ce6cb3cf2c101d09b48ee287ba?s=96&d=mm&r=g\",\"caption\":\"Diario del Sur Digital\"},\"url\":\"https:\\\/\\\/diariodelsurdigital.com.ar\\\/?author=2\"}]}<\/script>\n<!-- \/ Yoast SEO plugin. -->","yoast_head_json":{"title":"\u201c\u00bfQu\u00e9 ves, que ves cuando me ves? Cuando la mentira es la verdad\u201d\u00a0\u00a0Parte 2 - Diario del Sur","robots":{"index":"index","follow":"follow","max-snippet":"max-snippet:-1","max-image-preview":"max-image-preview:large","max-video-preview":"max-video-preview:-1"},"canonical":"https:\/\/diariodelsurdigital.com.ar\/?p=8289","og_locale":"es_ES","og_type":"article","og_title":"\u201c\u00bfQu\u00e9 ves, que ves cuando me ves? Cuando la mentira es la verdad\u201d\u00a0\u00a0Parte 2 - Diario del Sur","og_description":"Por: Luis Edgardo Jakimchuk para Diario del SUR Digital Alguna vez escuche: \u201cla realidad social com\u00fanmente lo vemos reflejado en las letras de un tema musical\u201d. Y, es que muchas veces son cruciales para trasmitir significados, contexto y sentimientos, lo que la convierte en un espejo de lo que se vive. Me pasa con\u00a0\u201c\u00bfQu\u00e9 ves, [&hellip;]","og_url":"https:\/\/diariodelsurdigital.com.ar\/?p=8289","og_site_name":"Diario del Sur","article_published_time":"2026-04-30T01:09:13+00:00","article_modified_time":"2026-04-30T01:35:26+00:00","og_image":[{"width":442,"height":295,"url":"https:\/\/diariodelsurdigital.com.ar\/wp-content\/uploads\/2026\/04\/o_1701677907.jpg","type":"image\/jpeg"}],"author":"Diario del Sur Digital","twitter_card":"summary_large_image","twitter_misc":{"Escrito por":"Diario del Sur Digital","Tiempo de lectura":"9 minutos"},"schema":{"@context":"https:\/\/schema.org","@graph":[{"@type":"Article","@id":"https:\/\/diariodelsurdigital.com.ar\/?p=8289#article","isPartOf":{"@id":"https:\/\/diariodelsurdigital.com.ar\/?p=8289"},"author":{"name":"Diario del Sur Digital","@id":"https:\/\/diariodelsurdigital.com.ar\/#\/schema\/person\/6136a32571657f7dba980b88b04c5465"},"headline":"\u201c\u00bfQu\u00e9 ves, que ves cuando me ves? Cuando la mentira es la verdad\u201d\u00a0\u00a0Parte 2","datePublished":"2026-04-30T01:09:13+00:00","dateModified":"2026-04-30T01:35:26+00:00","mainEntityOfPage":{"@id":"https:\/\/diariodelsurdigital.com.ar\/?p=8289"},"wordCount":1452,"commentCount":0,"image":{"@id":"https:\/\/diariodelsurdigital.com.ar\/?p=8289#primaryimage"},"thumbnailUrl":"https:\/\/diariodelsurdigital.com.ar\/wp-content\/uploads\/2026\/04\/o_1701677907.jpg","articleSection":["Inter\u00e9s General","Locales"],"inLanguage":"es","potentialAction":[{"@type":"CommentAction","name":"Comment","target":["https:\/\/diariodelsurdigital.com.ar\/?p=8289#respond"]}]},{"@type":"WebPage","@id":"https:\/\/diariodelsurdigital.com.ar\/?p=8289","url":"https:\/\/diariodelsurdigital.com.ar\/?p=8289","name":"\u201c\u00bfQu\u00e9 ves, que ves cuando me ves? Cuando la mentira es la verdad\u201d\u00a0\u00a0Parte 2 - Diario del Sur","isPartOf":{"@id":"https:\/\/diariodelsurdigital.com.ar\/#website"},"primaryImageOfPage":{"@id":"https:\/\/diariodelsurdigital.com.ar\/?p=8289#primaryimage"},"image":{"@id":"https:\/\/diariodelsurdigital.com.ar\/?p=8289#primaryimage"},"thumbnailUrl":"https:\/\/diariodelsurdigital.com.ar\/wp-content\/uploads\/2026\/04\/o_1701677907.jpg","datePublished":"2026-04-30T01:09:13+00:00","dateModified":"2026-04-30T01:35:26+00:00","author":{"@id":"https:\/\/diariodelsurdigital.com.ar\/#\/schema\/person\/6136a32571657f7dba980b88b04c5465"},"breadcrumb":{"@id":"https:\/\/diariodelsurdigital.com.ar\/?p=8289#breadcrumb"},"inLanguage":"es","potentialAction":[{"@type":"ReadAction","target":["https:\/\/diariodelsurdigital.com.ar\/?p=8289"]}]},{"@type":"ImageObject","inLanguage":"es","@id":"https:\/\/diariodelsurdigital.com.ar\/?p=8289#primaryimage","url":"https:\/\/diariodelsurdigital.com.ar\/wp-content\/uploads\/2026\/04\/o_1701677907.jpg","contentUrl":"https:\/\/diariodelsurdigital.com.ar\/wp-content\/uploads\/2026\/04\/o_1701677907.jpg","width":442,"height":295},{"@type":"BreadcrumbList","@id":"https:\/\/diariodelsurdigital.com.ar\/?p=8289#breadcrumb","itemListElement":[{"@type":"ListItem","position":1,"name":"Portada","item":"https:\/\/diariodelsurdigital.com.ar\/"},{"@type":"ListItem","position":2,"name":"\u201c\u00bfQu\u00e9 ves, que ves cuando me ves? Cuando la mentira es la verdad\u201d\u00a0\u00a0Parte 2"}]},{"@type":"WebSite","@id":"https:\/\/diariodelsurdigital.com.ar\/#website","url":"https:\/\/diariodelsurdigital.com.ar\/","name":"Diario del Sur","description":"Digital","potentialAction":[{"@type":"SearchAction","target":{"@type":"EntryPoint","urlTemplate":"https:\/\/diariodelsurdigital.com.ar\/?s={search_term_string}"},"query-input":{"@type":"PropertyValueSpecification","valueRequired":true,"valueName":"search_term_string"}}],"inLanguage":"es"},{"@type":"Person","@id":"https:\/\/diariodelsurdigital.com.ar\/#\/schema\/person\/6136a32571657f7dba980b88b04c5465","name":"Diario del Sur Digital","image":{"@type":"ImageObject","inLanguage":"es","@id":"https:\/\/secure.gravatar.com\/avatar\/4c29ceac98541dd42460b2474aaa5dd37594d6ce6cb3cf2c101d09b48ee287ba?s=96&d=mm&r=g","url":"https:\/\/secure.gravatar.com\/avatar\/4c29ceac98541dd42460b2474aaa5dd37594d6ce6cb3cf2c101d09b48ee287ba?s=96&d=mm&r=g","contentUrl":"https:\/\/secure.gravatar.com\/avatar\/4c29ceac98541dd42460b2474aaa5dd37594d6ce6cb3cf2c101d09b48ee287ba?s=96&d=mm&r=g","caption":"Diario del Sur Digital"},"url":"https:\/\/diariodelsurdigital.com.ar\/?author=2"}]}},"_links":{"self":[{"href":"https:\/\/diariodelsurdigital.com.ar\/index.php?rest_route=\/wp\/v2\/posts\/8289","targetHints":{"allow":["GET"]}}],"collection":[{"href":"https:\/\/diariodelsurdigital.com.ar\/index.php?rest_route=\/wp\/v2\/posts"}],"about":[{"href":"https:\/\/diariodelsurdigital.com.ar\/index.php?rest_route=\/wp\/v2\/types\/post"}],"author":[{"embeddable":true,"href":"https:\/\/diariodelsurdigital.com.ar\/index.php?rest_route=\/wp\/v2\/users\/2"}],"replies":[{"embeddable":true,"href":"https:\/\/diariodelsurdigital.com.ar\/index.php?rest_route=%2Fwp%2Fv2%2Fcomments&post=8289"}],"version-history":[{"count":3,"href":"https:\/\/diariodelsurdigital.com.ar\/index.php?rest_route=\/wp\/v2\/posts\/8289\/revisions"}],"predecessor-version":[{"id":8301,"href":"https:\/\/diariodelsurdigital.com.ar\/index.php?rest_route=\/wp\/v2\/posts\/8289\/revisions\/8301"}],"wp:featuredmedia":[{"embeddable":true,"href":"https:\/\/diariodelsurdigital.com.ar\/index.php?rest_route=\/wp\/v2\/media\/8297"}],"wp:attachment":[{"href":"https:\/\/diariodelsurdigital.com.ar\/index.php?rest_route=%2Fwp%2Fv2%2Fmedia&parent=8289"}],"wp:term":[{"taxonomy":"category","embeddable":true,"href":"https:\/\/diariodelsurdigital.com.ar\/index.php?rest_route=%2Fwp%2Fv2%2Fcategories&post=8289"},{"taxonomy":"post_tag","embeddable":true,"href":"https:\/\/diariodelsurdigital.com.ar\/index.php?rest_route=%2Fwp%2Fv2%2Ftags&post=8289"}],"curies":[{"name":"wp","href":"https:\/\/api.w.org\/{rel}","templated":true}]}}