{"id":831,"date":"2025-02-01T16:51:36","date_gmt":"2025-02-01T19:51:36","guid":{"rendered":"https:\/\/diariodelsurdigital.com.ar\/?p=831"},"modified":"2025-02-01T16:51:46","modified_gmt":"2025-02-01T19:51:46","slug":"conflicto-con-iosper-femer-solicito-un-encuentro-con-frigerio","status":"publish","type":"post","link":"https:\/\/diariodelsurdigital.com.ar\/?p=831","title":{"rendered":"Conflicto con Iosper: Femer solicit\u00f3 un encuentro con Frigerio"},"content":{"rendered":"\n<h2 class=\"wp-block-heading\" id=\"nota-title\"><\/h2>\n\n\n\n<p>D\u00edas atr\u00e1s, en una nota dirigida a todas las entidades m\u00e9dico gremiales departamentales, el Consejo Directivo de la Femer resolvi\u00f3 \u00absuspender la prestaci\u00f3n de servicios m\u00e9dicos a los afiliados del Iosper por falta de pago, los que ser\u00e1n atendidos como pacientes particulares\u00bb.<\/p>\n\n\n\n<p>La decisi\u00f3n se tom\u00f3 luego de tener \u00abvencidos e impagos\u00bb los honorarios m\u00e9dicos por prestaciones ambulatorias brindadas en el mes de noviembre del 2024, y tambi\u00e9n los generados en internaci\u00f3n en octubre y noviembre. Adem\u00e1s, recordaron que Iosper fue intimado a realizar el pago con una Carta Documento el d\u00eda 28 de enero, sin haber tenido respuesta alguna.<\/p>\n\n\n\n<h5 class=\"wp-block-heading\"><strong>La postura de Iosper<\/strong><\/h5>\n\n\n\n<p>El equipo interventor del Iosper asegur\u00f3 que hubo una reuni\u00f3n con la Femer en la que acordaron un plan de acci\u00f3n para normalizar y ordenal los pagos e irregularidades, por lo que rechaz\u00f3 la suspensi\u00f3n de los servicios.<\/p>\n\n\n\n<p>\u00abLos que durante los \u00faltimos 20 a\u00f1os callaron hoy exigen y ponen a los afiliados de rehenes cortando los servicios. Esa actitud, es como m\u00ednima desacertada y de mala fe\u00bb, enfatiz\u00f3 el interventor en un comunicado.<\/p>\n\n\n\n<p><a href=\"https:\/\/www.elentrerios.com\/uid-211827\"><\/a><\/p>\n\n\n\n<figure class=\"wp-block-image\"><a href=\"https:\/\/www.elentrerios.com\/uid-211827\"><img decoding=\"async\" src=\"https:\/\/media.elentrerios.com\/fotos-v2\/2025\/01\/03\/s_1735919900.jpg\" alt=\"\"\/><\/a><\/figure>\n\n\n\n<p> \u00abEsto deja en evidencia que tampoco representan a sus propios asociados en los escenarios de negociaciones. Muchos de los que durante los ultimos 20 a\u00f1os callaron ante los desmanejos, irregularidades y la ineficiencia en la gesti\u00f3n de la obra social hoy son los primeros en levantar la voz, exigir y poner a los afiliados de rehenes cortando los servicios\u00bb, acot\u00f3.<\/p>\n\n\n\n<p><\/p>\n\n\n\n<p>Al otro d\u00eda, Gallegos encabez\u00f3 una conferencia de prensa y record\u00f3 que la Femer representa a \u00abprestadores de salud\u00bb y que el cobro de la deuda no se resolver\u00e1 con \u00abaprietes\u00bb ni teniendo a \u00ablos afiliados como rehenes\u00bb.<\/p>\n\n\n\n<p>\u00abDijimos que \u00edbamos a pagar hasta el \u00faltimo centavo y pedimos facilidades para hacerlo. Cortar porque no les abonamos no va m\u00e1s, porque son cuestiones de salud. En estas condiciones de cortes de servicio no vamos a negociar. Si levantan el corte me voy a sentar a tratar de buscar una soluci\u00f3n\u201d, expres\u00f3.<a href=\"https:\/\/www.elentrerios.com\/uid-211804\"><\/a><\/p>\n\n\n\n<h5 class=\"wp-block-heading\"><strong>Pedido de reuni\u00f3n con Frigerio<\/strong> <\/h5>\n\n\n\n<p>El titular de la Femer, Fernando V\u00e1zquez Vuelta, explic\u00f3 este viernes que la entidad quiere \u00abdialogar\u00bb para que los afiliados de Iosper \u00abcuenten con los servicios m\u00e9dicos que necesitan\u00bb, pero a su vez pretenden \u00abcobrar lo que se debe\u00bb correspondiente a las prestaciones realizadas en octubre y noviembre.<\/p>\n\n\n\n<p>\u00abHay una posible reuni\u00f3n con el gobernador para la semana que viene\u00bb, confirm\u00f3 a Canal Once, aunque desminti\u00f3 a Gallegos ya que, seg\u00fan \u00e9l, \u00abno hubo un acuerdo\u00bb cuando se reunieron y el Iosper expuso que \u00abno iban a dar un aumento que ya se hab\u00eda informado y que iban a pagar el mes de noviembre en enero y febrero\u00bb.<\/p>\n\n\n\n<p><strong>Fuente:<\/strong>\u00a0El Once &#8211; UNO<\/p>\n","protected":false},"excerpt":{"rendered":"<p>D\u00edas atr\u00e1s, en una nota dirigida a todas las entidades m\u00e9dico gremiales departamentales, el Consejo Directivo de la Femer resolvi\u00f3 \u00absuspender la prestaci\u00f3n de servicios m\u00e9dicos a los afiliados del Iosper por falta de pago, los que ser\u00e1n atendidos como pacientes particulares\u00bb. La decisi\u00f3n se tom\u00f3 luego de tener \u00abvencidos e impagos\u00bb los honorarios m\u00e9dicos [&hellip;]<\/p>\n","protected":false},"author":2,"featured_media":832,"comment_status":"open","ping_status":"open","sticky":false,"template":"","format":"standard","meta":{"footnotes":""},"categories":[17],"tags":[],"class_list":{"0":"post-831","1":"post","2":"type-post","3":"status-publish","4":"format-standard","5":"has-post-thumbnail","7":"category-provinciales"},"yoast_head":"<!-- This site is optimized with the Yoast SEO plugin v27.4 - https:\/\/yoast.com\/product\/yoast-seo-wordpress\/ -->\n<title>Conflicto con Iosper: Femer solicit\u00f3 un encuentro con Frigerio - Diario del Sur<\/title>\n<meta name=\"robots\" content=\"index, follow, max-snippet:-1, max-image-preview:large, max-video-preview:-1\" \/>\n<link rel=\"canonical\" href=\"https:\/\/diariodelsurdigital.com.ar\/?p=831\" \/>\n<meta property=\"og:locale\" content=\"es_ES\" \/>\n<meta property=\"og:type\" content=\"article\" \/>\n<meta property=\"og:title\" content=\"Conflicto con Iosper: Femer solicit\u00f3 un encuentro con Frigerio - Diario del Sur\" \/>\n<meta property=\"og:description\" content=\"D\u00edas atr\u00e1s, en una nota dirigida a todas las entidades m\u00e9dico gremiales departamentales, el Consejo Directivo de la Femer resolvi\u00f3 \u00absuspender la prestaci\u00f3n de servicios m\u00e9dicos a los afiliados del Iosper por falta de pago, los que ser\u00e1n atendidos como pacientes particulares\u00bb. La decisi\u00f3n se tom\u00f3 luego de tener \u00abvencidos e impagos\u00bb los honorarios m\u00e9dicos [&hellip;]\" \/>\n<meta property=\"og:url\" content=\"https:\/\/diariodelsurdigital.com.ar\/?p=831\" \/>\n<meta property=\"og:site_name\" content=\"Diario del Sur\" \/>\n<meta property=\"article:published_time\" content=\"2025-02-01T19:51:36+00:00\" \/>\n<meta property=\"article:modified_time\" content=\"2025-02-01T19:51:46+00:00\" \/>\n<meta property=\"og:image\" content=\"https:\/\/diariodelsurdigital.com.ar\/wp-content\/uploads\/2025\/02\/VCZKSLUQVBGI5HCTR3SHV44IBE.jpg\" \/>\n\t<meta property=\"og:image:width\" content=\"518\" \/>\n\t<meta property=\"og:image:height\" content=\"324\" \/>\n\t<meta property=\"og:image:type\" content=\"image\/jpeg\" \/>\n<meta name=\"author\" content=\"Diario del Sur Digital\" \/>\n<meta name=\"twitter:card\" content=\"summary_large_image\" \/>\n<meta name=\"twitter:label1\" content=\"Escrito por\" \/>\n\t<meta name=\"twitter:data1\" content=\"Diario del Sur Digital\" \/>\n\t<meta name=\"twitter:label2\" content=\"Tiempo de lectura\" \/>\n\t<meta name=\"twitter:data2\" content=\"3 minutos\" \/>\n<script type=\"application\/ld+json\" class=\"yoast-schema-graph\">{\"@context\":\"https:\\\/\\\/schema.org\",\"@graph\":[{\"@type\":\"Article\",\"@id\":\"https:\\\/\\\/diariodelsurdigital.com.ar\\\/?p=831#article\",\"isPartOf\":{\"@id\":\"https:\\\/\\\/diariodelsurdigital.com.ar\\\/?p=831\"},\"author\":{\"name\":\"Diario del Sur Digital\",\"@id\":\"https:\\\/\\\/diariodelsurdigital.com.ar\\\/#\\\/schema\\\/person\\\/6136a32571657f7dba980b88b04c5465\"},\"headline\":\"Conflicto con Iosper: Femer solicit\u00f3 un encuentro con Frigerio\",\"datePublished\":\"2025-02-01T19:51:36+00:00\",\"dateModified\":\"2025-02-01T19:51:46+00:00\",\"mainEntityOfPage\":{\"@id\":\"https:\\\/\\\/diariodelsurdigital.com.ar\\\/?p=831\"},\"wordCount\":480,\"commentCount\":0,\"image\":{\"@id\":\"https:\\\/\\\/diariodelsurdigital.com.ar\\\/?p=831#primaryimage\"},\"thumbnailUrl\":\"https:\\\/\\\/diariodelsurdigital.com.ar\\\/wp-content\\\/uploads\\\/2025\\\/02\\\/VCZKSLUQVBGI5HCTR3SHV44IBE.jpg\",\"articleSection\":[\"Provinciales\"],\"inLanguage\":\"es\",\"potentialAction\":[{\"@type\":\"CommentAction\",\"name\":\"Comment\",\"target\":[\"https:\\\/\\\/diariodelsurdigital.com.ar\\\/?p=831#respond\"]}]},{\"@type\":\"WebPage\",\"@id\":\"https:\\\/\\\/diariodelsurdigital.com.ar\\\/?p=831\",\"url\":\"https:\\\/\\\/diariodelsurdigital.com.ar\\\/?p=831\",\"name\":\"Conflicto con Iosper: Femer solicit\u00f3 un encuentro con Frigerio - Diario del Sur\",\"isPartOf\":{\"@id\":\"https:\\\/\\\/diariodelsurdigital.com.ar\\\/#website\"},\"primaryImageOfPage\":{\"@id\":\"https:\\\/\\\/diariodelsurdigital.com.ar\\\/?p=831#primaryimage\"},\"image\":{\"@id\":\"https:\\\/\\\/diariodelsurdigital.com.ar\\\/?p=831#primaryimage\"},\"thumbnailUrl\":\"https:\\\/\\\/diariodelsurdigital.com.ar\\\/wp-content\\\/uploads\\\/2025\\\/02\\\/VCZKSLUQVBGI5HCTR3SHV44IBE.jpg\",\"datePublished\":\"2025-02-01T19:51:36+00:00\",\"dateModified\":\"2025-02-01T19:51:46+00:00\",\"author\":{\"@id\":\"https:\\\/\\\/diariodelsurdigital.com.ar\\\/#\\\/schema\\\/person\\\/6136a32571657f7dba980b88b04c5465\"},\"breadcrumb\":{\"@id\":\"https:\\\/\\\/diariodelsurdigital.com.ar\\\/?p=831#breadcrumb\"},\"inLanguage\":\"es\",\"potentialAction\":[{\"@type\":\"ReadAction\",\"target\":[\"https:\\\/\\\/diariodelsurdigital.com.ar\\\/?p=831\"]}]},{\"@type\":\"ImageObject\",\"inLanguage\":\"es\",\"@id\":\"https:\\\/\\\/diariodelsurdigital.com.ar\\\/?p=831#primaryimage\",\"url\":\"https:\\\/\\\/diariodelsurdigital.com.ar\\\/wp-content\\\/uploads\\\/2025\\\/02\\\/VCZKSLUQVBGI5HCTR3SHV44IBE.jpg\",\"contentUrl\":\"https:\\\/\\\/diariodelsurdigital.com.ar\\\/wp-content\\\/uploads\\\/2025\\\/02\\\/VCZKSLUQVBGI5HCTR3SHV44IBE.jpg\",\"width\":518,\"height\":324},{\"@type\":\"BreadcrumbList\",\"@id\":\"https:\\\/\\\/diariodelsurdigital.com.ar\\\/?p=831#breadcrumb\",\"itemListElement\":[{\"@type\":\"ListItem\",\"position\":1,\"name\":\"Portada\",\"item\":\"https:\\\/\\\/diariodelsurdigital.com.ar\\\/\"},{\"@type\":\"ListItem\",\"position\":2,\"name\":\"Conflicto con Iosper: Femer solicit\u00f3 un encuentro con Frigerio\"}]},{\"@type\":\"WebSite\",\"@id\":\"https:\\\/\\\/diariodelsurdigital.com.ar\\\/#website\",\"url\":\"https:\\\/\\\/diariodelsurdigital.com.ar\\\/\",\"name\":\"Diario del Sur\",\"description\":\"Digital\",\"potentialAction\":[{\"@type\":\"SearchAction\",\"target\":{\"@type\":\"EntryPoint\",\"urlTemplate\":\"https:\\\/\\\/diariodelsurdigital.com.ar\\\/?s={search_term_string}\"},\"query-input\":{\"@type\":\"PropertyValueSpecification\",\"valueRequired\":true,\"valueName\":\"search_term_string\"}}],\"inLanguage\":\"es\"},{\"@type\":\"Person\",\"@id\":\"https:\\\/\\\/diariodelsurdigital.com.ar\\\/#\\\/schema\\\/person\\\/6136a32571657f7dba980b88b04c5465\",\"name\":\"Diario del Sur Digital\",\"image\":{\"@type\":\"ImageObject\",\"inLanguage\":\"es\",\"@id\":\"https:\\\/\\\/secure.gravatar.com\\\/avatar\\\/4c29ceac98541dd42460b2474aaa5dd37594d6ce6cb3cf2c101d09b48ee287ba?s=96&d=mm&r=g\",\"url\":\"https:\\\/\\\/secure.gravatar.com\\\/avatar\\\/4c29ceac98541dd42460b2474aaa5dd37594d6ce6cb3cf2c101d09b48ee287ba?s=96&d=mm&r=g\",\"contentUrl\":\"https:\\\/\\\/secure.gravatar.com\\\/avatar\\\/4c29ceac98541dd42460b2474aaa5dd37594d6ce6cb3cf2c101d09b48ee287ba?s=96&d=mm&r=g\",\"caption\":\"Diario del Sur Digital\"},\"url\":\"https:\\\/\\\/diariodelsurdigital.com.ar\\\/?author=2\"}]}<\/script>\n<!-- \/ Yoast SEO plugin. -->","yoast_head_json":{"title":"Conflicto con Iosper: Femer solicit\u00f3 un encuentro con Frigerio - Diario del Sur","robots":{"index":"index","follow":"follow","max-snippet":"max-snippet:-1","max-image-preview":"max-image-preview:large","max-video-preview":"max-video-preview:-1"},"canonical":"https:\/\/diariodelsurdigital.com.ar\/?p=831","og_locale":"es_ES","og_type":"article","og_title":"Conflicto con Iosper: Femer solicit\u00f3 un encuentro con Frigerio - Diario del Sur","og_description":"D\u00edas atr\u00e1s, en una nota dirigida a todas las entidades m\u00e9dico gremiales departamentales, el Consejo Directivo de la Femer resolvi\u00f3 \u00absuspender la prestaci\u00f3n de servicios m\u00e9dicos a los afiliados del Iosper por falta de pago, los que ser\u00e1n atendidos como pacientes particulares\u00bb. La decisi\u00f3n se tom\u00f3 luego de tener \u00abvencidos e impagos\u00bb los honorarios m\u00e9dicos [&hellip;]","og_url":"https:\/\/diariodelsurdigital.com.ar\/?p=831","og_site_name":"Diario del Sur","article_published_time":"2025-02-01T19:51:36+00:00","article_modified_time":"2025-02-01T19:51:46+00:00","og_image":[{"width":518,"height":324,"url":"https:\/\/diariodelsurdigital.com.ar\/wp-content\/uploads\/2025\/02\/VCZKSLUQVBGI5HCTR3SHV44IBE.jpg","type":"image\/jpeg"}],"author":"Diario del Sur Digital","twitter_card":"summary_large_image","twitter_misc":{"Escrito por":"Diario del Sur Digital","Tiempo de lectura":"3 minutos"},"schema":{"@context":"https:\/\/schema.org","@graph":[{"@type":"Article","@id":"https:\/\/diariodelsurdigital.com.ar\/?p=831#article","isPartOf":{"@id":"https:\/\/diariodelsurdigital.com.ar\/?p=831"},"author":{"name":"Diario del Sur Digital","@id":"https:\/\/diariodelsurdigital.com.ar\/#\/schema\/person\/6136a32571657f7dba980b88b04c5465"},"headline":"Conflicto con Iosper: Femer solicit\u00f3 un encuentro con Frigerio","datePublished":"2025-02-01T19:51:36+00:00","dateModified":"2025-02-01T19:51:46+00:00","mainEntityOfPage":{"@id":"https:\/\/diariodelsurdigital.com.ar\/?p=831"},"wordCount":480,"commentCount":0,"image":{"@id":"https:\/\/diariodelsurdigital.com.ar\/?p=831#primaryimage"},"thumbnailUrl":"https:\/\/diariodelsurdigital.com.ar\/wp-content\/uploads\/2025\/02\/VCZKSLUQVBGI5HCTR3SHV44IBE.jpg","articleSection":["Provinciales"],"inLanguage":"es","potentialAction":[{"@type":"CommentAction","name":"Comment","target":["https:\/\/diariodelsurdigital.com.ar\/?p=831#respond"]}]},{"@type":"WebPage","@id":"https:\/\/diariodelsurdigital.com.ar\/?p=831","url":"https:\/\/diariodelsurdigital.com.ar\/?p=831","name":"Conflicto con Iosper: Femer solicit\u00f3 un encuentro con Frigerio - Diario del Sur","isPartOf":{"@id":"https:\/\/diariodelsurdigital.com.ar\/#website"},"primaryImageOfPage":{"@id":"https:\/\/diariodelsurdigital.com.ar\/?p=831#primaryimage"},"image":{"@id":"https:\/\/diariodelsurdigital.com.ar\/?p=831#primaryimage"},"thumbnailUrl":"https:\/\/diariodelsurdigital.com.ar\/wp-content\/uploads\/2025\/02\/VCZKSLUQVBGI5HCTR3SHV44IBE.jpg","datePublished":"2025-02-01T19:51:36+00:00","dateModified":"2025-02-01T19:51:46+00:00","author":{"@id":"https:\/\/diariodelsurdigital.com.ar\/#\/schema\/person\/6136a32571657f7dba980b88b04c5465"},"breadcrumb":{"@id":"https:\/\/diariodelsurdigital.com.ar\/?p=831#breadcrumb"},"inLanguage":"es","potentialAction":[{"@type":"ReadAction","target":["https:\/\/diariodelsurdigital.com.ar\/?p=831"]}]},{"@type":"ImageObject","inLanguage":"es","@id":"https:\/\/diariodelsurdigital.com.ar\/?p=831#primaryimage","url":"https:\/\/diariodelsurdigital.com.ar\/wp-content\/uploads\/2025\/02\/VCZKSLUQVBGI5HCTR3SHV44IBE.jpg","contentUrl":"https:\/\/diariodelsurdigital.com.ar\/wp-content\/uploads\/2025\/02\/VCZKSLUQVBGI5HCTR3SHV44IBE.jpg","width":518,"height":324},{"@type":"BreadcrumbList","@id":"https:\/\/diariodelsurdigital.com.ar\/?p=831#breadcrumb","itemListElement":[{"@type":"ListItem","position":1,"name":"Portada","item":"https:\/\/diariodelsurdigital.com.ar\/"},{"@type":"ListItem","position":2,"name":"Conflicto con Iosper: Femer solicit\u00f3 un encuentro con Frigerio"}]},{"@type":"WebSite","@id":"https:\/\/diariodelsurdigital.com.ar\/#website","url":"https:\/\/diariodelsurdigital.com.ar\/","name":"Diario del Sur","description":"Digital","potentialAction":[{"@type":"SearchAction","target":{"@type":"EntryPoint","urlTemplate":"https:\/\/diariodelsurdigital.com.ar\/?s={search_term_string}"},"query-input":{"@type":"PropertyValueSpecification","valueRequired":true,"valueName":"search_term_string"}}],"inLanguage":"es"},{"@type":"Person","@id":"https:\/\/diariodelsurdigital.com.ar\/#\/schema\/person\/6136a32571657f7dba980b88b04c5465","name":"Diario del Sur Digital","image":{"@type":"ImageObject","inLanguage":"es","@id":"https:\/\/secure.gravatar.com\/avatar\/4c29ceac98541dd42460b2474aaa5dd37594d6ce6cb3cf2c101d09b48ee287ba?s=96&d=mm&r=g","url":"https:\/\/secure.gravatar.com\/avatar\/4c29ceac98541dd42460b2474aaa5dd37594d6ce6cb3cf2c101d09b48ee287ba?s=96&d=mm&r=g","contentUrl":"https:\/\/secure.gravatar.com\/avatar\/4c29ceac98541dd42460b2474aaa5dd37594d6ce6cb3cf2c101d09b48ee287ba?s=96&d=mm&r=g","caption":"Diario del Sur Digital"},"url":"https:\/\/diariodelsurdigital.com.ar\/?author=2"}]}},"_links":{"self":[{"href":"https:\/\/diariodelsurdigital.com.ar\/index.php?rest_route=\/wp\/v2\/posts\/831","targetHints":{"allow":["GET"]}}],"collection":[{"href":"https:\/\/diariodelsurdigital.com.ar\/index.php?rest_route=\/wp\/v2\/posts"}],"about":[{"href":"https:\/\/diariodelsurdigital.com.ar\/index.php?rest_route=\/wp\/v2\/types\/post"}],"author":[{"embeddable":true,"href":"https:\/\/diariodelsurdigital.com.ar\/index.php?rest_route=\/wp\/v2\/users\/2"}],"replies":[{"embeddable":true,"href":"https:\/\/diariodelsurdigital.com.ar\/index.php?rest_route=%2Fwp%2Fv2%2Fcomments&post=831"}],"version-history":[{"count":2,"href":"https:\/\/diariodelsurdigital.com.ar\/index.php?rest_route=\/wp\/v2\/posts\/831\/revisions"}],"predecessor-version":[{"id":834,"href":"https:\/\/diariodelsurdigital.com.ar\/index.php?rest_route=\/wp\/v2\/posts\/831\/revisions\/834"}],"wp:featuredmedia":[{"embeddable":true,"href":"https:\/\/diariodelsurdigital.com.ar\/index.php?rest_route=\/wp\/v2\/media\/832"}],"wp:attachment":[{"href":"https:\/\/diariodelsurdigital.com.ar\/index.php?rest_route=%2Fwp%2Fv2%2Fmedia&parent=831"}],"wp:term":[{"taxonomy":"category","embeddable":true,"href":"https:\/\/diariodelsurdigital.com.ar\/index.php?rest_route=%2Fwp%2Fv2%2Fcategories&post=831"},{"taxonomy":"post_tag","embeddable":true,"href":"https:\/\/diariodelsurdigital.com.ar\/index.php?rest_route=%2Fwp%2Fv2%2Ftags&post=831"}],"curies":[{"name":"wp","href":"https:\/\/api.w.org\/{rel}","templated":true}]}}