{"id":8311,"date":"2026-04-30T18:01:58","date_gmt":"2026-04-30T21:01:58","guid":{"rendered":"https:\/\/diariodelsurdigital.com.ar\/?p=8311"},"modified":"2026-04-30T18:01:58","modified_gmt":"2026-04-30T21:01:58","slug":"vigilancia-epidemiologica-entre-rios-se-encuentra-en-fase-de-ascenso-por-gripe-y-virus-respiratorios","status":"publish","type":"post","link":"https:\/\/diariodelsurdigital.com.ar\/?p=8311","title":{"rendered":"Vigilancia epidemiol\u00f3gica: Entre R\u00edos se encuentra en fase de ascenso por gripe y virus respiratorios"},"content":{"rendered":"\n<p>Tras un inicio de a\u00f1o con indicadores estables, la provincia y la zona Centro ingresaron en estado de \u00abalerta\u00bb por el aumento de casos de gripe. Los especialistas advierten que el virus de la influenza ya es el de mayor circulaci\u00f3n local.<\/p>\n\n\n\n<p>El \u00faltimo Bolet\u00edn Epidemiol\u00f3gico Nacional (BEN) N\u00b0805, correspondiente a la SE 15 de 2026, marc\u00f3 un cambio de tendencia para la provincia y la zona Centro. Tras haber atravesado los primeros dos meses del a\u00f1o en niveles de \u00abseguridad\u00bb, los datos de vigilancia cl\u00ednica y de laboratorio confirman una reactivaci\u00f3n de los virus respiratorios, con la Influenza a la cabeza.<\/p>\n\n\n\n<p>El informe oficial destaca que el comportamiento estacional de este a\u00f1o muestra un quiebre reciente: \u00abEn 2026, las detecciones de influenza se mantuvieron estables hasta la SE9, desde la SE 10 se registra un aumento, tanto en el n\u00famero de casos, como en el porcentaje de positividad\u00bb. Este fen\u00f3meno ha sacado a la regi\u00f3n de la zona de confort epidemiol\u00f3gico, elevando la preocupaci\u00f3n en los centros de salud entrerrianos.<\/p>\n\n\n\n<p>El impacto en la regi\u00f3n<br>Aunque el reporte indica que el brote comenz\u00f3 inicialmente en el Noroeste y el Sur del pa\u00eds, la curva de contagios se desplaz\u00f3 r\u00e1pidamente hacia el \u00e1rea central. Seg\u00fan detalla el cuerpo del informe, \u00abse evidenci\u00f3 una tendencia ascendente en las detecciones en el resto de las regiones del pa\u00eds\u00bb, consolidando a la Influenza como la principal causa de consulta m\u00e9dica por encima del SARS-CoV-2 y otros virus.<\/p>\n\n\n\n<p>El an\u00e1lisis de los corredores end\u00e9micos \u2014la herramienta que compara la situaci\u00f3n actual con los \u00faltimos cinco a\u00f1os\u2014 arroja datos de alerta para la zona: \u00abLas notificaciones de Enfermedad Tipo Influenza (ETI) se mantuvieron dentro de niveles de seguridad en las primeras 9 SE, con un ascenso posterior hasta la SE 11, donde se ubic\u00f3 en niveles de alerta\u00bb.<\/p>\n\n\n\n<p>Grupos de riesgo y hospitalizaciones<br>En cuanto a la gravedad y el perfil de los pacientes en Entre R\u00edos y el resto del pa\u00eds, el BEN especifica que la ocupaci\u00f3n de camas por causas respiratorias est\u00e1 vinculada a edades muy marcadas. \u00abLas detecciones positivas para influenza predominaron en adultos mayores y personas de 45 a 64 a\u00f1os\u00bb, mientras que en el caso del Virus Sincicial Respiratorio (VSR), el impacto es cr\u00edtico en la primera infancia: \u00abEl mayor n\u00famero de casos se registr\u00f3 en menores de 5 a\u00f1os, particularmente en los ni\u00f1os menores de 1 a\u00f1o\u00bb.<\/p>\n\n\n\n<p>En lo que va de 2026, el sistema de salud ya ha tenido que lamentar consecuencias fatales. \u00abEn lo que va del a\u00f1o, se registraron 3 fallecimientos con diagn\u00f3stico de influenza\u00bb, advierte el documento, subrayando que no se registraron muertes por COVID-19 en la \u00faltima semana analizada.<\/p>\n\n\n\n<p>Recomendaciones<br>Ante el panorama de ascenso de casos, las autoridades sanitarias instan a la poblaci\u00f3n entrerriana a reforzar la prevenci\u00f3n. El informe recalca la importancia de la vacunaci\u00f3n antigripal, especialmente para el personal estrat\u00e9gico, embarazadas, mayores de 65 a\u00f1os y ni\u00f1os.<\/p>\n\n\n\n<p>Asimismo, se enfatiza una medida clave para cortar la transmisi\u00f3n comunitaria: \u00abLas personas con s\u00edntomas respiratorios deben evitar el contacto con otras personas y restringir las interacciones lo m\u00e1s posible hasta presentar mejor\u00eda cl\u00ednica y haber transcurrido al menos 24 horas sin fiebre\u00bb.<\/p>\n\n\n\n<p><\/p>\n","protected":false},"excerpt":{"rendered":"<p>Tras un inicio de a\u00f1o con indicadores estables, la provincia y la zona Centro ingresaron en estado de \u00abalerta\u00bb por el aumento de casos de gripe. Los especialistas advierten que el virus de la influenza ya es el de mayor circulaci\u00f3n local. El \u00faltimo Bolet\u00edn Epidemiol\u00f3gico Nacional (BEN) N\u00b0805, correspondiente a la SE 15 de [&hellip;]<\/p>\n","protected":false},"author":4,"featured_media":8312,"comment_status":"open","ping_status":"open","sticky":false,"template":"","format":"standard","meta":{"footnotes":""},"categories":[19,17],"tags":[],"class_list":{"0":"post-8311","1":"post","2":"type-post","3":"status-publish","4":"format-standard","5":"has-post-thumbnail","7":"category-interes-general","8":"category-provinciales"},"yoast_head":"<!-- This site is optimized with the Yoast SEO plugin v27.4 - https:\/\/yoast.com\/product\/yoast-seo-wordpress\/ -->\n<title>Vigilancia epidemiol\u00f3gica: Entre R\u00edos se encuentra en fase de ascenso por gripe y virus respiratorios - Diario del Sur<\/title>\n<meta name=\"robots\" content=\"index, follow, max-snippet:-1, max-image-preview:large, max-video-preview:-1\" \/>\n<link rel=\"canonical\" href=\"https:\/\/diariodelsurdigital.com.ar\/?p=8311\" \/>\n<meta property=\"og:locale\" content=\"es_ES\" \/>\n<meta property=\"og:type\" content=\"article\" \/>\n<meta property=\"og:title\" content=\"Vigilancia epidemiol\u00f3gica: Entre R\u00edos se encuentra en fase de ascenso por gripe y virus respiratorios - Diario del Sur\" \/>\n<meta property=\"og:description\" content=\"Tras un inicio de a\u00f1o con indicadores estables, la provincia y la zona Centro ingresaron en estado de \u00abalerta\u00bb por el aumento de casos de gripe. Los especialistas advierten que el virus de la influenza ya es el de mayor circulaci\u00f3n local. El \u00faltimo Bolet\u00edn Epidemiol\u00f3gico Nacional (BEN) N\u00b0805, correspondiente a la SE 15 de [&hellip;]\" \/>\n<meta property=\"og:url\" content=\"https:\/\/diariodelsurdigital.com.ar\/?p=8311\" \/>\n<meta property=\"og:site_name\" content=\"Diario del Sur\" \/>\n<meta property=\"article:published_time\" content=\"2026-04-30T21:01:58+00:00\" \/>\n<meta property=\"og:image\" content=\"https:\/\/diariodelsurdigital.com.ar\/wp-content\/uploads\/2026\/04\/md-2026-04-30T180023.429.webp\" \/>\n\t<meta property=\"og:image:width\" content=\"992\" \/>\n\t<meta property=\"og:image:height\" content=\"499\" \/>\n\t<meta property=\"og:image:type\" content=\"image\/webp\" \/>\n<meta name=\"author\" content=\"Diario del Sur Digital\" \/>\n<meta name=\"twitter:card\" content=\"summary_large_image\" \/>\n<meta name=\"twitter:label1\" content=\"Escrito por\" \/>\n\t<meta name=\"twitter:data1\" content=\"Diario del Sur Digital\" \/>\n\t<meta name=\"twitter:label2\" content=\"Tiempo de lectura\" \/>\n\t<meta name=\"twitter:data2\" content=\"3 minutos\" \/>\n<script type=\"application\/ld+json\" class=\"yoast-schema-graph\">{\"@context\":\"https:\\\/\\\/schema.org\",\"@graph\":[{\"@type\":\"Article\",\"@id\":\"https:\\\/\\\/diariodelsurdigital.com.ar\\\/?p=8311#article\",\"isPartOf\":{\"@id\":\"https:\\\/\\\/diariodelsurdigital.com.ar\\\/?p=8311\"},\"author\":{\"name\":\"Diario del Sur Digital\",\"@id\":\"https:\\\/\\\/diariodelsurdigital.com.ar\\\/#\\\/schema\\\/person\\\/1a4992532ed62965c968031b49195c81\"},\"headline\":\"Vigilancia epidemiol\u00f3gica: Entre R\u00edos se encuentra en fase de ascenso por gripe y virus respiratorios\",\"datePublished\":\"2026-04-30T21:01:58+00:00\",\"mainEntityOfPage\":{\"@id\":\"https:\\\/\\\/diariodelsurdigital.com.ar\\\/?p=8311\"},\"wordCount\":574,\"commentCount\":0,\"image\":{\"@id\":\"https:\\\/\\\/diariodelsurdigital.com.ar\\\/?p=8311#primaryimage\"},\"thumbnailUrl\":\"https:\\\/\\\/diariodelsurdigital.com.ar\\\/wp-content\\\/uploads\\\/2026\\\/04\\\/md-2026-04-30T180023.429.webp\",\"articleSection\":[\"Inter\u00e9s General\",\"Provinciales\"],\"inLanguage\":\"es\",\"potentialAction\":[{\"@type\":\"CommentAction\",\"name\":\"Comment\",\"target\":[\"https:\\\/\\\/diariodelsurdigital.com.ar\\\/?p=8311#respond\"]}]},{\"@type\":\"WebPage\",\"@id\":\"https:\\\/\\\/diariodelsurdigital.com.ar\\\/?p=8311\",\"url\":\"https:\\\/\\\/diariodelsurdigital.com.ar\\\/?p=8311\",\"name\":\"Vigilancia epidemiol\u00f3gica: Entre R\u00edos se encuentra en fase de ascenso por gripe y virus respiratorios - Diario del Sur\",\"isPartOf\":{\"@id\":\"https:\\\/\\\/diariodelsurdigital.com.ar\\\/#website\"},\"primaryImageOfPage\":{\"@id\":\"https:\\\/\\\/diariodelsurdigital.com.ar\\\/?p=8311#primaryimage\"},\"image\":{\"@id\":\"https:\\\/\\\/diariodelsurdigital.com.ar\\\/?p=8311#primaryimage\"},\"thumbnailUrl\":\"https:\\\/\\\/diariodelsurdigital.com.ar\\\/wp-content\\\/uploads\\\/2026\\\/04\\\/md-2026-04-30T180023.429.webp\",\"datePublished\":\"2026-04-30T21:01:58+00:00\",\"author\":{\"@id\":\"https:\\\/\\\/diariodelsurdigital.com.ar\\\/#\\\/schema\\\/person\\\/1a4992532ed62965c968031b49195c81\"},\"breadcrumb\":{\"@id\":\"https:\\\/\\\/diariodelsurdigital.com.ar\\\/?p=8311#breadcrumb\"},\"inLanguage\":\"es\",\"potentialAction\":[{\"@type\":\"ReadAction\",\"target\":[\"https:\\\/\\\/diariodelsurdigital.com.ar\\\/?p=8311\"]}]},{\"@type\":\"ImageObject\",\"inLanguage\":\"es\",\"@id\":\"https:\\\/\\\/diariodelsurdigital.com.ar\\\/?p=8311#primaryimage\",\"url\":\"https:\\\/\\\/diariodelsurdigital.com.ar\\\/wp-content\\\/uploads\\\/2026\\\/04\\\/md-2026-04-30T180023.429.webp\",\"contentUrl\":\"https:\\\/\\\/diariodelsurdigital.com.ar\\\/wp-content\\\/uploads\\\/2026\\\/04\\\/md-2026-04-30T180023.429.webp\",\"width\":992,\"height\":499},{\"@type\":\"BreadcrumbList\",\"@id\":\"https:\\\/\\\/diariodelsurdigital.com.ar\\\/?p=8311#breadcrumb\",\"itemListElement\":[{\"@type\":\"ListItem\",\"position\":1,\"name\":\"Portada\",\"item\":\"https:\\\/\\\/diariodelsurdigital.com.ar\\\/\"},{\"@type\":\"ListItem\",\"position\":2,\"name\":\"Vigilancia epidemiol\u00f3gica: Entre R\u00edos se encuentra en fase de ascenso por gripe y virus respiratorios\"}]},{\"@type\":\"WebSite\",\"@id\":\"https:\\\/\\\/diariodelsurdigital.com.ar\\\/#website\",\"url\":\"https:\\\/\\\/diariodelsurdigital.com.ar\\\/\",\"name\":\"Diario del Sur\",\"description\":\"Digital\",\"potentialAction\":[{\"@type\":\"SearchAction\",\"target\":{\"@type\":\"EntryPoint\",\"urlTemplate\":\"https:\\\/\\\/diariodelsurdigital.com.ar\\\/?s={search_term_string}\"},\"query-input\":{\"@type\":\"PropertyValueSpecification\",\"valueRequired\":true,\"valueName\":\"search_term_string\"}}],\"inLanguage\":\"es\"},{\"@type\":\"Person\",\"@id\":\"https:\\\/\\\/diariodelsurdigital.com.ar\\\/#\\\/schema\\\/person\\\/1a4992532ed62965c968031b49195c81\",\"name\":\"Diario del Sur Digital\",\"image\":{\"@type\":\"ImageObject\",\"inLanguage\":\"es\",\"@id\":\"https:\\\/\\\/secure.gravatar.com\\\/avatar\\\/f0c7c47fc7146d19828273b9b8eda651c9c7ab583767e6338d3d3bee825adf76?s=96&d=mm&r=g\",\"url\":\"https:\\\/\\\/secure.gravatar.com\\\/avatar\\\/f0c7c47fc7146d19828273b9b8eda651c9c7ab583767e6338d3d3bee825adf76?s=96&d=mm&r=g\",\"contentUrl\":\"https:\\\/\\\/secure.gravatar.com\\\/avatar\\\/f0c7c47fc7146d19828273b9b8eda651c9c7ab583767e6338d3d3bee825adf76?s=96&d=mm&r=g\",\"caption\":\"Diario del Sur Digital\"},\"url\":\"https:\\\/\\\/diariodelsurdigital.com.ar\\\/?author=4\"}]}<\/script>\n<!-- \/ Yoast SEO plugin. -->","yoast_head_json":{"title":"Vigilancia epidemiol\u00f3gica: Entre R\u00edos se encuentra en fase de ascenso por gripe y virus respiratorios - Diario del Sur","robots":{"index":"index","follow":"follow","max-snippet":"max-snippet:-1","max-image-preview":"max-image-preview:large","max-video-preview":"max-video-preview:-1"},"canonical":"https:\/\/diariodelsurdigital.com.ar\/?p=8311","og_locale":"es_ES","og_type":"article","og_title":"Vigilancia epidemiol\u00f3gica: Entre R\u00edos se encuentra en fase de ascenso por gripe y virus respiratorios - Diario del Sur","og_description":"Tras un inicio de a\u00f1o con indicadores estables, la provincia y la zona Centro ingresaron en estado de \u00abalerta\u00bb por el aumento de casos de gripe. Los especialistas advierten que el virus de la influenza ya es el de mayor circulaci\u00f3n local. El \u00faltimo Bolet\u00edn Epidemiol\u00f3gico Nacional (BEN) N\u00b0805, correspondiente a la SE 15 de [&hellip;]","og_url":"https:\/\/diariodelsurdigital.com.ar\/?p=8311","og_site_name":"Diario del Sur","article_published_time":"2026-04-30T21:01:58+00:00","og_image":[{"width":992,"height":499,"url":"https:\/\/diariodelsurdigital.com.ar\/wp-content\/uploads\/2026\/04\/md-2026-04-30T180023.429.webp","type":"image\/webp"}],"author":"Diario del Sur Digital","twitter_card":"summary_large_image","twitter_misc":{"Escrito por":"Diario del Sur Digital","Tiempo de lectura":"3 minutos"},"schema":{"@context":"https:\/\/schema.org","@graph":[{"@type":"Article","@id":"https:\/\/diariodelsurdigital.com.ar\/?p=8311#article","isPartOf":{"@id":"https:\/\/diariodelsurdigital.com.ar\/?p=8311"},"author":{"name":"Diario del Sur Digital","@id":"https:\/\/diariodelsurdigital.com.ar\/#\/schema\/person\/1a4992532ed62965c968031b49195c81"},"headline":"Vigilancia epidemiol\u00f3gica: Entre R\u00edos se encuentra en fase de ascenso por gripe y virus respiratorios","datePublished":"2026-04-30T21:01:58+00:00","mainEntityOfPage":{"@id":"https:\/\/diariodelsurdigital.com.ar\/?p=8311"},"wordCount":574,"commentCount":0,"image":{"@id":"https:\/\/diariodelsurdigital.com.ar\/?p=8311#primaryimage"},"thumbnailUrl":"https:\/\/diariodelsurdigital.com.ar\/wp-content\/uploads\/2026\/04\/md-2026-04-30T180023.429.webp","articleSection":["Inter\u00e9s General","Provinciales"],"inLanguage":"es","potentialAction":[{"@type":"CommentAction","name":"Comment","target":["https:\/\/diariodelsurdigital.com.ar\/?p=8311#respond"]}]},{"@type":"WebPage","@id":"https:\/\/diariodelsurdigital.com.ar\/?p=8311","url":"https:\/\/diariodelsurdigital.com.ar\/?p=8311","name":"Vigilancia epidemiol\u00f3gica: Entre R\u00edos se encuentra en fase de ascenso por gripe y virus respiratorios - Diario del Sur","isPartOf":{"@id":"https:\/\/diariodelsurdigital.com.ar\/#website"},"primaryImageOfPage":{"@id":"https:\/\/diariodelsurdigital.com.ar\/?p=8311#primaryimage"},"image":{"@id":"https:\/\/diariodelsurdigital.com.ar\/?p=8311#primaryimage"},"thumbnailUrl":"https:\/\/diariodelsurdigital.com.ar\/wp-content\/uploads\/2026\/04\/md-2026-04-30T180023.429.webp","datePublished":"2026-04-30T21:01:58+00:00","author":{"@id":"https:\/\/diariodelsurdigital.com.ar\/#\/schema\/person\/1a4992532ed62965c968031b49195c81"},"breadcrumb":{"@id":"https:\/\/diariodelsurdigital.com.ar\/?p=8311#breadcrumb"},"inLanguage":"es","potentialAction":[{"@type":"ReadAction","target":["https:\/\/diariodelsurdigital.com.ar\/?p=8311"]}]},{"@type":"ImageObject","inLanguage":"es","@id":"https:\/\/diariodelsurdigital.com.ar\/?p=8311#primaryimage","url":"https:\/\/diariodelsurdigital.com.ar\/wp-content\/uploads\/2026\/04\/md-2026-04-30T180023.429.webp","contentUrl":"https:\/\/diariodelsurdigital.com.ar\/wp-content\/uploads\/2026\/04\/md-2026-04-30T180023.429.webp","width":992,"height":499},{"@type":"BreadcrumbList","@id":"https:\/\/diariodelsurdigital.com.ar\/?p=8311#breadcrumb","itemListElement":[{"@type":"ListItem","position":1,"name":"Portada","item":"https:\/\/diariodelsurdigital.com.ar\/"},{"@type":"ListItem","position":2,"name":"Vigilancia epidemiol\u00f3gica: Entre R\u00edos se encuentra en fase de ascenso por gripe y virus respiratorios"}]},{"@type":"WebSite","@id":"https:\/\/diariodelsurdigital.com.ar\/#website","url":"https:\/\/diariodelsurdigital.com.ar\/","name":"Diario del Sur","description":"Digital","potentialAction":[{"@type":"SearchAction","target":{"@type":"EntryPoint","urlTemplate":"https:\/\/diariodelsurdigital.com.ar\/?s={search_term_string}"},"query-input":{"@type":"PropertyValueSpecification","valueRequired":true,"valueName":"search_term_string"}}],"inLanguage":"es"},{"@type":"Person","@id":"https:\/\/diariodelsurdigital.com.ar\/#\/schema\/person\/1a4992532ed62965c968031b49195c81","name":"Diario del Sur Digital","image":{"@type":"ImageObject","inLanguage":"es","@id":"https:\/\/secure.gravatar.com\/avatar\/f0c7c47fc7146d19828273b9b8eda651c9c7ab583767e6338d3d3bee825adf76?s=96&d=mm&r=g","url":"https:\/\/secure.gravatar.com\/avatar\/f0c7c47fc7146d19828273b9b8eda651c9c7ab583767e6338d3d3bee825adf76?s=96&d=mm&r=g","contentUrl":"https:\/\/secure.gravatar.com\/avatar\/f0c7c47fc7146d19828273b9b8eda651c9c7ab583767e6338d3d3bee825adf76?s=96&d=mm&r=g","caption":"Diario del Sur Digital"},"url":"https:\/\/diariodelsurdigital.com.ar\/?author=4"}]}},"_links":{"self":[{"href":"https:\/\/diariodelsurdigital.com.ar\/index.php?rest_route=\/wp\/v2\/posts\/8311","targetHints":{"allow":["GET"]}}],"collection":[{"href":"https:\/\/diariodelsurdigital.com.ar\/index.php?rest_route=\/wp\/v2\/posts"}],"about":[{"href":"https:\/\/diariodelsurdigital.com.ar\/index.php?rest_route=\/wp\/v2\/types\/post"}],"author":[{"embeddable":true,"href":"https:\/\/diariodelsurdigital.com.ar\/index.php?rest_route=\/wp\/v2\/users\/4"}],"replies":[{"embeddable":true,"href":"https:\/\/diariodelsurdigital.com.ar\/index.php?rest_route=%2Fwp%2Fv2%2Fcomments&post=8311"}],"version-history":[{"count":1,"href":"https:\/\/diariodelsurdigital.com.ar\/index.php?rest_route=\/wp\/v2\/posts\/8311\/revisions"}],"predecessor-version":[{"id":8313,"href":"https:\/\/diariodelsurdigital.com.ar\/index.php?rest_route=\/wp\/v2\/posts\/8311\/revisions\/8313"}],"wp:featuredmedia":[{"embeddable":true,"href":"https:\/\/diariodelsurdigital.com.ar\/index.php?rest_route=\/wp\/v2\/media\/8312"}],"wp:attachment":[{"href":"https:\/\/diariodelsurdigital.com.ar\/index.php?rest_route=%2Fwp%2Fv2%2Fmedia&parent=8311"}],"wp:term":[{"taxonomy":"category","embeddable":true,"href":"https:\/\/diariodelsurdigital.com.ar\/index.php?rest_route=%2Fwp%2Fv2%2Fcategories&post=8311"},{"taxonomy":"post_tag","embeddable":true,"href":"https:\/\/diariodelsurdigital.com.ar\/index.php?rest_route=%2Fwp%2Fv2%2Ftags&post=8311"}],"curies":[{"name":"wp","href":"https:\/\/api.w.org\/{rel}","templated":true}]}}