{"id":8315,"date":"2026-04-30T18:09:54","date_gmt":"2026-04-30T21:09:54","guid":{"rendered":"https:\/\/diariodelsurdigital.com.ar\/?p=8315"},"modified":"2026-04-30T18:09:55","modified_gmt":"2026-04-30T21:09:55","slug":"fin-de-semana-largo-hay-bajas-reservas-y-las-expectativas-en-el-sector-turistico-son-moderadas","status":"publish","type":"post","link":"https:\/\/diariodelsurdigital.com.ar\/?p=8315","title":{"rendered":"Fin de semana largo: hay bajas reservas y las expectativas en el sector tur\u00edstico son moderadas"},"content":{"rendered":"\n<p>El presidente de la C\u00e1mara Entrerriana de Turismo (CET), Juan Manuel Acedo, advirti\u00f3 que las reservas vienen \u201cmuy por debajo de lo esperado\u201d, en un contexto econ\u00f3mico que condiciona las decisiones de viaje y reduce la posibilidad de escapadas frecuentes.<\/p>\n\n\n\n<p><\/p>\n\n\n\n<p>Por el feriado del D\u00eda Internacional de los Trabajadores, que este a\u00f1o cae viernes, comienza ma\u00f1ana un nuevo fin de semana largo. Si bien puede generar un movimiento tur\u00edstico a nivel pa\u00eds, la mayor\u00eda de los destinos registran baja demanda; Entre R\u00edos no es la excepci\u00f3n y el panorama dista de ser alentador.<\/p>\n\n\n\n<p>Seg\u00fan explic\u00f3 Acedo, los relevamientos diarios que realiza el sector muestran un comportamiento dispar, con una excepci\u00f3n marcada: la ciudad de Concordia, que este fin de semana ser\u00e1 sede de una fecha del TC2000 y ya registra niveles de ocupaci\u00f3n casi plena, especialmente en alojamientos cercanos al Aut\u00f3dromo. \u201cDesde el mi\u00e9rcoles pr\u00e1cticamente ya no hab\u00eda disponibilidad en esa zona\u201d, se\u00f1al\u00f3.<\/p>\n\n\n\n<p>Sin embargo, ese escenario contrasta con el resto de la provincia, donde predominan las consultas por sobre las reservas confirmadas. \u201cHay muy pocas reservas y esto tambi\u00e9n se explica por la cercan\u00eda con el \u00faltimo fin de semana largo. No pas\u00f3 ni un mes y los bolsillos no est\u00e1n como para darse tantos gustos o hacer varias escapadas seguidas\u201d, remarc\u00f3 Acedo.<\/p>\n\n\n\n<p>En ese sentido, anticip\u00f3 que el movimiento tur\u00edstico estar\u00e1 impulsado principalmente por excursionistas, es decir, visitantes que viajan por el d\u00eda o pernoctan una sola noche. \u201cVa a ser un fin de semana donde el excursionista va a ser clave. Tenemos que estar preparados para recibir ese tipo de turismo\u201d, sostuvo.<\/p>\n\n\n\n<p>Panorama incierto<\/p>\n\n\n\n<p>Uno de los factores que incide en la baja demanda es la acumulaci\u00f3n de fines de semana largos en un per\u00edodo corto. Acedo record\u00f3 que, en otros contextos, esta coincidencia no afectaba significativamente el flujo tur\u00edstico, pero que la situaci\u00f3n actual es distinta. \u201cHoy los tiempos han cambiado. Antes, aunque hubiera dos fines de semana largos en el mismo mes, la gente viajaba igual. Ahora el bolsillo no acompa\u00f1a\u201d, explic\u00f3.<\/p>\n\n\n\n<p>No obstante, el sector mantiene mejores expectativas para el pr\u00f3ximo feriado largo del 25 de mayo, que podr\u00eda generar un mayor movimiento. \u201cCreemos que va a tener otra respuesta. Son tres fines de semana largos en menos de 60 d\u00edas, y eso hace que el turista tenga que elegir\u201d, analiz\u00f3.<\/p>\n\n\n\n<p>Adem\u00e1s, destac\u00f3 que la configuraci\u00f3n del calendario tambi\u00e9n influye: \u201cSiempre es preferible que el feriado caiga un lunes, como ser\u00e1 el 25 de mayo. En el caso del 1\u00b0 de mayo, al ser viernes, limita la posibilidad de viajar cuando hay mucha gente que trabaja el s\u00e1bado\u201d.<\/p>\n\n\n\n<p>Termas, el producto estrella<\/p>\n\n\n\n<p>Con la llegada de las bajas temperaturas, el turismo termal vuelve a posicionarse como el principal atractivo de la provincia. \u201cEstamos entrando en la \u00e9poca ideal para disfrutar de las termas, que son el producto estrella en esta temporada\u201d, afirm\u00f3 Acedo a Uno.<\/p>\n\n\n\n<p>Si bien destac\u00f3 que el termalismo mantiene su vigencia durante todo el a\u00f1o, explic\u00f3 que en oto\u00f1o e invierno cobra mayor protagonismo. \u201cEn verano se combina con playa, carnavales u otras actividades. Ahora, con el fr\u00edo, las termas pasan a ser el eje central de la propuesta tur\u00edstica entrerriana\u201d, indic\u00f3.<\/p>\n\n\n\n<p>Precios y esfuerzo del sector<\/p>\n\n\n\n<p>El contexto econ\u00f3mico tambi\u00e9n plantea desaf\u00edos en materia de costos y precios. Acedo fue claro al se\u00f1alar que el sector gastron\u00f3mico se ve obligado a trasladar los aumentos de insumos a los precios finales. \u201cEs imposible sostener un servicio de calidad sin reflejar el costo de la materia prima\u201d, afirm\u00f3.<\/p>\n\n\n\n<p>En cambio, el sector de alojamiento intenta amortiguar el impacto para no desalentar la demanda. \u201cEstamos haciendo el m\u00e1ximo esfuerzo posible. Si no cuidamos el precio del alojamiento, es muy dif\u00edcil que el turista elija quedarse en la provincia\u201d, explic\u00f3.<\/p>\n\n\n\n<p>En esa l\u00ednea, remarc\u00f3 que hoy predominan estad\u00edas m\u00e1s cortas y flexibles. \u201cYa no existe m\u00e1s eso de reservar tres o cuatro noches por un fin de semana largo. El turista elige una o dos noches, lo justo y necesario\u201d, detall\u00f3.<\/p>\n\n\n\n<p>La rentabilidad, reconoci\u00f3, es uno de los puntos m\u00e1s sensibles. \u201cEs una palabra que hoy duele. Estamos trabajando m\u00e1s para cubrir costos que para generar ganancias\u201d, admiti\u00f3.<\/p>\n","protected":false},"excerpt":{"rendered":"<p>El presidente de la C\u00e1mara Entrerriana de Turismo (CET), Juan Manuel Acedo, advirti\u00f3 que las reservas vienen \u201cmuy por debajo de lo esperado\u201d, en un contexto econ\u00f3mico que condiciona las decisiones de viaje y reduce la posibilidad de escapadas frecuentes. Por el feriado del D\u00eda Internacional de los Trabajadores, que este a\u00f1o cae viernes, comienza [&hellip;]<\/p>\n","protected":false},"author":4,"featured_media":8316,"comment_status":"open","ping_status":"open","sticky":false,"template":"","format":"standard","meta":{"footnotes":""},"categories":[19,17],"tags":[],"class_list":{"0":"post-8315","1":"post","2":"type-post","3":"status-publish","4":"format-standard","5":"has-post-thumbnail","7":"category-interes-general","8":"category-provinciales"},"yoast_head":"<!-- This site is optimized with the Yoast SEO plugin v27.4 - https:\/\/yoast.com\/product\/yoast-seo-wordpress\/ -->\n<title>Fin de semana largo: hay bajas reservas y las expectativas en el sector tur\u00edstico son moderadas - Diario del Sur<\/title>\n<meta name=\"robots\" content=\"index, follow, max-snippet:-1, max-image-preview:large, max-video-preview:-1\" \/>\n<link rel=\"canonical\" href=\"https:\/\/diariodelsurdigital.com.ar\/?p=8315\" \/>\n<meta property=\"og:locale\" content=\"es_ES\" \/>\n<meta property=\"og:type\" content=\"article\" \/>\n<meta property=\"og:title\" content=\"Fin de semana largo: hay bajas reservas y las expectativas en el sector tur\u00edstico son moderadas - Diario del Sur\" \/>\n<meta property=\"og:description\" content=\"El presidente de la C\u00e1mara Entrerriana de Turismo (CET), Juan Manuel Acedo, advirti\u00f3 que las reservas vienen \u201cmuy por debajo de lo esperado\u201d, en un contexto econ\u00f3mico que condiciona las decisiones de viaje y reduce la posibilidad de escapadas frecuentes. Por el feriado del D\u00eda Internacional de los Trabajadores, que este a\u00f1o cae viernes, comienza [&hellip;]\" \/>\n<meta property=\"og:url\" content=\"https:\/\/diariodelsurdigital.com.ar\/?p=8315\" \/>\n<meta property=\"og:site_name\" content=\"Diario del Sur\" \/>\n<meta property=\"article:published_time\" content=\"2026-04-30T21:09:54+00:00\" \/>\n<meta property=\"article:modified_time\" content=\"2026-04-30T21:09:55+00:00\" \/>\n<meta property=\"og:image\" content=\"https:\/\/diariodelsurdigital.com.ar\/wp-content\/uploads\/2026\/04\/md-2026-04-30T180750.602.webp\" \/>\n\t<meta property=\"og:image:width\" content=\"992\" \/>\n\t<meta property=\"og:image:height\" content=\"540\" \/>\n\t<meta property=\"og:image:type\" content=\"image\/webp\" \/>\n<meta name=\"author\" content=\"Diario del Sur Digital\" \/>\n<meta name=\"twitter:card\" content=\"summary_large_image\" \/>\n<meta name=\"twitter:label1\" content=\"Escrito por\" \/>\n\t<meta name=\"twitter:data1\" content=\"Diario del Sur Digital\" \/>\n\t<meta name=\"twitter:label2\" content=\"Tiempo de lectura\" \/>\n\t<meta name=\"twitter:data2\" content=\"4 minutos\" \/>\n<script type=\"application\/ld+json\" class=\"yoast-schema-graph\">{\"@context\":\"https:\\\/\\\/schema.org\",\"@graph\":[{\"@type\":\"Article\",\"@id\":\"https:\\\/\\\/diariodelsurdigital.com.ar\\\/?p=8315#article\",\"isPartOf\":{\"@id\":\"https:\\\/\\\/diariodelsurdigital.com.ar\\\/?p=8315\"},\"author\":{\"name\":\"Diario del Sur Digital\",\"@id\":\"https:\\\/\\\/diariodelsurdigital.com.ar\\\/#\\\/schema\\\/person\\\/1a4992532ed62965c968031b49195c81\"},\"headline\":\"Fin de semana largo: hay bajas reservas y las expectativas en el sector tur\u00edstico son moderadas\",\"datePublished\":\"2026-04-30T21:09:54+00:00\",\"dateModified\":\"2026-04-30T21:09:55+00:00\",\"mainEntityOfPage\":{\"@id\":\"https:\\\/\\\/diariodelsurdigital.com.ar\\\/?p=8315\"},\"wordCount\":759,\"commentCount\":0,\"image\":{\"@id\":\"https:\\\/\\\/diariodelsurdigital.com.ar\\\/?p=8315#primaryimage\"},\"thumbnailUrl\":\"https:\\\/\\\/diariodelsurdigital.com.ar\\\/wp-content\\\/uploads\\\/2026\\\/04\\\/md-2026-04-30T180750.602.webp\",\"articleSection\":[\"Inter\u00e9s General\",\"Provinciales\"],\"inLanguage\":\"es\",\"potentialAction\":[{\"@type\":\"CommentAction\",\"name\":\"Comment\",\"target\":[\"https:\\\/\\\/diariodelsurdigital.com.ar\\\/?p=8315#respond\"]}]},{\"@type\":\"WebPage\",\"@id\":\"https:\\\/\\\/diariodelsurdigital.com.ar\\\/?p=8315\",\"url\":\"https:\\\/\\\/diariodelsurdigital.com.ar\\\/?p=8315\",\"name\":\"Fin de semana largo: hay bajas reservas y las expectativas en el sector tur\u00edstico son moderadas - Diario del Sur\",\"isPartOf\":{\"@id\":\"https:\\\/\\\/diariodelsurdigital.com.ar\\\/#website\"},\"primaryImageOfPage\":{\"@id\":\"https:\\\/\\\/diariodelsurdigital.com.ar\\\/?p=8315#primaryimage\"},\"image\":{\"@id\":\"https:\\\/\\\/diariodelsurdigital.com.ar\\\/?p=8315#primaryimage\"},\"thumbnailUrl\":\"https:\\\/\\\/diariodelsurdigital.com.ar\\\/wp-content\\\/uploads\\\/2026\\\/04\\\/md-2026-04-30T180750.602.webp\",\"datePublished\":\"2026-04-30T21:09:54+00:00\",\"dateModified\":\"2026-04-30T21:09:55+00:00\",\"author\":{\"@id\":\"https:\\\/\\\/diariodelsurdigital.com.ar\\\/#\\\/schema\\\/person\\\/1a4992532ed62965c968031b49195c81\"},\"breadcrumb\":{\"@id\":\"https:\\\/\\\/diariodelsurdigital.com.ar\\\/?p=8315#breadcrumb\"},\"inLanguage\":\"es\",\"potentialAction\":[{\"@type\":\"ReadAction\",\"target\":[\"https:\\\/\\\/diariodelsurdigital.com.ar\\\/?p=8315\"]}]},{\"@type\":\"ImageObject\",\"inLanguage\":\"es\",\"@id\":\"https:\\\/\\\/diariodelsurdigital.com.ar\\\/?p=8315#primaryimage\",\"url\":\"https:\\\/\\\/diariodelsurdigital.com.ar\\\/wp-content\\\/uploads\\\/2026\\\/04\\\/md-2026-04-30T180750.602.webp\",\"contentUrl\":\"https:\\\/\\\/diariodelsurdigital.com.ar\\\/wp-content\\\/uploads\\\/2026\\\/04\\\/md-2026-04-30T180750.602.webp\",\"width\":992,\"height\":540},{\"@type\":\"BreadcrumbList\",\"@id\":\"https:\\\/\\\/diariodelsurdigital.com.ar\\\/?p=8315#breadcrumb\",\"itemListElement\":[{\"@type\":\"ListItem\",\"position\":1,\"name\":\"Portada\",\"item\":\"https:\\\/\\\/diariodelsurdigital.com.ar\\\/\"},{\"@type\":\"ListItem\",\"position\":2,\"name\":\"Fin de semana largo: hay bajas reservas y las expectativas en el sector tur\u00edstico son moderadas\"}]},{\"@type\":\"WebSite\",\"@id\":\"https:\\\/\\\/diariodelsurdigital.com.ar\\\/#website\",\"url\":\"https:\\\/\\\/diariodelsurdigital.com.ar\\\/\",\"name\":\"Diario del Sur\",\"description\":\"Digital\",\"potentialAction\":[{\"@type\":\"SearchAction\",\"target\":{\"@type\":\"EntryPoint\",\"urlTemplate\":\"https:\\\/\\\/diariodelsurdigital.com.ar\\\/?s={search_term_string}\"},\"query-input\":{\"@type\":\"PropertyValueSpecification\",\"valueRequired\":true,\"valueName\":\"search_term_string\"}}],\"inLanguage\":\"es\"},{\"@type\":\"Person\",\"@id\":\"https:\\\/\\\/diariodelsurdigital.com.ar\\\/#\\\/schema\\\/person\\\/1a4992532ed62965c968031b49195c81\",\"name\":\"Diario del Sur Digital\",\"image\":{\"@type\":\"ImageObject\",\"inLanguage\":\"es\",\"@id\":\"https:\\\/\\\/secure.gravatar.com\\\/avatar\\\/f0c7c47fc7146d19828273b9b8eda651c9c7ab583767e6338d3d3bee825adf76?s=96&d=mm&r=g\",\"url\":\"https:\\\/\\\/secure.gravatar.com\\\/avatar\\\/f0c7c47fc7146d19828273b9b8eda651c9c7ab583767e6338d3d3bee825adf76?s=96&d=mm&r=g\",\"contentUrl\":\"https:\\\/\\\/secure.gravatar.com\\\/avatar\\\/f0c7c47fc7146d19828273b9b8eda651c9c7ab583767e6338d3d3bee825adf76?s=96&d=mm&r=g\",\"caption\":\"Diario del Sur Digital\"},\"url\":\"https:\\\/\\\/diariodelsurdigital.com.ar\\\/?author=4\"}]}<\/script>\n<!-- \/ Yoast SEO plugin. -->","yoast_head_json":{"title":"Fin de semana largo: hay bajas reservas y las expectativas en el sector tur\u00edstico son moderadas - Diario del Sur","robots":{"index":"index","follow":"follow","max-snippet":"max-snippet:-1","max-image-preview":"max-image-preview:large","max-video-preview":"max-video-preview:-1"},"canonical":"https:\/\/diariodelsurdigital.com.ar\/?p=8315","og_locale":"es_ES","og_type":"article","og_title":"Fin de semana largo: hay bajas reservas y las expectativas en el sector tur\u00edstico son moderadas - Diario del Sur","og_description":"El presidente de la C\u00e1mara Entrerriana de Turismo (CET), Juan Manuel Acedo, advirti\u00f3 que las reservas vienen \u201cmuy por debajo de lo esperado\u201d, en un contexto econ\u00f3mico que condiciona las decisiones de viaje y reduce la posibilidad de escapadas frecuentes. Por el feriado del D\u00eda Internacional de los Trabajadores, que este a\u00f1o cae viernes, comienza [&hellip;]","og_url":"https:\/\/diariodelsurdigital.com.ar\/?p=8315","og_site_name":"Diario del Sur","article_published_time":"2026-04-30T21:09:54+00:00","article_modified_time":"2026-04-30T21:09:55+00:00","og_image":[{"width":992,"height":540,"url":"https:\/\/diariodelsurdigital.com.ar\/wp-content\/uploads\/2026\/04\/md-2026-04-30T180750.602.webp","type":"image\/webp"}],"author":"Diario del Sur Digital","twitter_card":"summary_large_image","twitter_misc":{"Escrito por":"Diario del Sur Digital","Tiempo de lectura":"4 minutos"},"schema":{"@context":"https:\/\/schema.org","@graph":[{"@type":"Article","@id":"https:\/\/diariodelsurdigital.com.ar\/?p=8315#article","isPartOf":{"@id":"https:\/\/diariodelsurdigital.com.ar\/?p=8315"},"author":{"name":"Diario del Sur Digital","@id":"https:\/\/diariodelsurdigital.com.ar\/#\/schema\/person\/1a4992532ed62965c968031b49195c81"},"headline":"Fin de semana largo: hay bajas reservas y las expectativas en el sector tur\u00edstico son moderadas","datePublished":"2026-04-30T21:09:54+00:00","dateModified":"2026-04-30T21:09:55+00:00","mainEntityOfPage":{"@id":"https:\/\/diariodelsurdigital.com.ar\/?p=8315"},"wordCount":759,"commentCount":0,"image":{"@id":"https:\/\/diariodelsurdigital.com.ar\/?p=8315#primaryimage"},"thumbnailUrl":"https:\/\/diariodelsurdigital.com.ar\/wp-content\/uploads\/2026\/04\/md-2026-04-30T180750.602.webp","articleSection":["Inter\u00e9s General","Provinciales"],"inLanguage":"es","potentialAction":[{"@type":"CommentAction","name":"Comment","target":["https:\/\/diariodelsurdigital.com.ar\/?p=8315#respond"]}]},{"@type":"WebPage","@id":"https:\/\/diariodelsurdigital.com.ar\/?p=8315","url":"https:\/\/diariodelsurdigital.com.ar\/?p=8315","name":"Fin de semana largo: hay bajas reservas y las expectativas en el sector tur\u00edstico son moderadas - Diario del Sur","isPartOf":{"@id":"https:\/\/diariodelsurdigital.com.ar\/#website"},"primaryImageOfPage":{"@id":"https:\/\/diariodelsurdigital.com.ar\/?p=8315#primaryimage"},"image":{"@id":"https:\/\/diariodelsurdigital.com.ar\/?p=8315#primaryimage"},"thumbnailUrl":"https:\/\/diariodelsurdigital.com.ar\/wp-content\/uploads\/2026\/04\/md-2026-04-30T180750.602.webp","datePublished":"2026-04-30T21:09:54+00:00","dateModified":"2026-04-30T21:09:55+00:00","author":{"@id":"https:\/\/diariodelsurdigital.com.ar\/#\/schema\/person\/1a4992532ed62965c968031b49195c81"},"breadcrumb":{"@id":"https:\/\/diariodelsurdigital.com.ar\/?p=8315#breadcrumb"},"inLanguage":"es","potentialAction":[{"@type":"ReadAction","target":["https:\/\/diariodelsurdigital.com.ar\/?p=8315"]}]},{"@type":"ImageObject","inLanguage":"es","@id":"https:\/\/diariodelsurdigital.com.ar\/?p=8315#primaryimage","url":"https:\/\/diariodelsurdigital.com.ar\/wp-content\/uploads\/2026\/04\/md-2026-04-30T180750.602.webp","contentUrl":"https:\/\/diariodelsurdigital.com.ar\/wp-content\/uploads\/2026\/04\/md-2026-04-30T180750.602.webp","width":992,"height":540},{"@type":"BreadcrumbList","@id":"https:\/\/diariodelsurdigital.com.ar\/?p=8315#breadcrumb","itemListElement":[{"@type":"ListItem","position":1,"name":"Portada","item":"https:\/\/diariodelsurdigital.com.ar\/"},{"@type":"ListItem","position":2,"name":"Fin de semana largo: hay bajas reservas y las expectativas en el sector tur\u00edstico son moderadas"}]},{"@type":"WebSite","@id":"https:\/\/diariodelsurdigital.com.ar\/#website","url":"https:\/\/diariodelsurdigital.com.ar\/","name":"Diario del Sur","description":"Digital","potentialAction":[{"@type":"SearchAction","target":{"@type":"EntryPoint","urlTemplate":"https:\/\/diariodelsurdigital.com.ar\/?s={search_term_string}"},"query-input":{"@type":"PropertyValueSpecification","valueRequired":true,"valueName":"search_term_string"}}],"inLanguage":"es"},{"@type":"Person","@id":"https:\/\/diariodelsurdigital.com.ar\/#\/schema\/person\/1a4992532ed62965c968031b49195c81","name":"Diario del Sur Digital","image":{"@type":"ImageObject","inLanguage":"es","@id":"https:\/\/secure.gravatar.com\/avatar\/f0c7c47fc7146d19828273b9b8eda651c9c7ab583767e6338d3d3bee825adf76?s=96&d=mm&r=g","url":"https:\/\/secure.gravatar.com\/avatar\/f0c7c47fc7146d19828273b9b8eda651c9c7ab583767e6338d3d3bee825adf76?s=96&d=mm&r=g","contentUrl":"https:\/\/secure.gravatar.com\/avatar\/f0c7c47fc7146d19828273b9b8eda651c9c7ab583767e6338d3d3bee825adf76?s=96&d=mm&r=g","caption":"Diario del Sur Digital"},"url":"https:\/\/diariodelsurdigital.com.ar\/?author=4"}]}},"_links":{"self":[{"href":"https:\/\/diariodelsurdigital.com.ar\/index.php?rest_route=\/wp\/v2\/posts\/8315","targetHints":{"allow":["GET"]}}],"collection":[{"href":"https:\/\/diariodelsurdigital.com.ar\/index.php?rest_route=\/wp\/v2\/posts"}],"about":[{"href":"https:\/\/diariodelsurdigital.com.ar\/index.php?rest_route=\/wp\/v2\/types\/post"}],"author":[{"embeddable":true,"href":"https:\/\/diariodelsurdigital.com.ar\/index.php?rest_route=\/wp\/v2\/users\/4"}],"replies":[{"embeddable":true,"href":"https:\/\/diariodelsurdigital.com.ar\/index.php?rest_route=%2Fwp%2Fv2%2Fcomments&post=8315"}],"version-history":[{"count":1,"href":"https:\/\/diariodelsurdigital.com.ar\/index.php?rest_route=\/wp\/v2\/posts\/8315\/revisions"}],"predecessor-version":[{"id":8317,"href":"https:\/\/diariodelsurdigital.com.ar\/index.php?rest_route=\/wp\/v2\/posts\/8315\/revisions\/8317"}],"wp:featuredmedia":[{"embeddable":true,"href":"https:\/\/diariodelsurdigital.com.ar\/index.php?rest_route=\/wp\/v2\/media\/8316"}],"wp:attachment":[{"href":"https:\/\/diariodelsurdigital.com.ar\/index.php?rest_route=%2Fwp%2Fv2%2Fmedia&parent=8315"}],"wp:term":[{"taxonomy":"category","embeddable":true,"href":"https:\/\/diariodelsurdigital.com.ar\/index.php?rest_route=%2Fwp%2Fv2%2Fcategories&post=8315"},{"taxonomy":"post_tag","embeddable":true,"href":"https:\/\/diariodelsurdigital.com.ar\/index.php?rest_route=%2Fwp%2Fv2%2Ftags&post=8315"}],"curies":[{"name":"wp","href":"https:\/\/api.w.org\/{rel}","templated":true}]}}