{"id":8318,"date":"2026-04-30T18:11:43","date_gmt":"2026-04-30T21:11:43","guid":{"rendered":"https:\/\/diariodelsurdigital.com.ar\/?p=8318"},"modified":"2026-04-30T18:11:43","modified_gmt":"2026-04-30T21:11:43","slug":"investigan-la-muerte-de-un-bebe-de-23-dias-que-ingreso-sin-vida-al-hospital-de-concordia","status":"publish","type":"post","link":"https:\/\/diariodelsurdigital.com.ar\/?p=8318","title":{"rendered":"Investigan la muerte de un beb\u00e9 de 23 d\u00edas que ingres\u00f3 sin vida al hospital de Concordia"},"content":{"rendered":"\n<p>Un beb\u00e9 de 23 d\u00edas fue trasladado de urgencia al hospital de Concordia luego de que su madre solicitara auxilio al personal de la comisar\u00eda Segunda que se encontraba realizando recorridas prevencionales. Al ingresar al nosocomio, el beb\u00e9 ya no presentaba signos vitales. Se abri\u00f3 una investigaci\u00f3n judicial para determinar las circunstancias del fallecimiento.<\/p>\n\n\n\n<p>El hecho ocurri\u00f3 durante el mediod\u00eda de este mi\u00e9rcoles 29 de abril, cuando la mujer fue asistida en la v\u00eda p\u00fablica, en inmediaciones de calle Saavedra y Feliciano, por efectivos policiales que realizaban tareas preventivas. Ante la situaci\u00f3n de desesperaci\u00f3n, los agentes trasladaron de inmediato al beb\u00e9 al Hospital Materno Infantil Dr. Ram\u00f3n Carrillo, donde finalmente se constat\u00f3 su muerte.<\/p>\n\n\n\n<p>De acuerdo con lo informado, la intervenci\u00f3n policial fue inmediata tras el pedido de auxilio. La madre del beb\u00e9 habr\u00eda manifestado una situaci\u00f3n de urgencia que motiv\u00f3 el traslado r\u00e1pido al centro de salud, aunque los profesionales m\u00e9dicos confirmaron que el menor ya hab\u00eda ingresado sin vida.<\/p>\n\n\n\n<p>Frente a lo ocurrido, se dio intervenci\u00f3n a la fiscal Daniela Montangie, quien dispuso la realizaci\u00f3n de una autopsia para establecer con precisi\u00f3n la causa del fallecimiento del beb\u00e9. La investigaci\u00f3n qued\u00f3 en manos de la Justicia, que busca reconstruir los minutos previos al ingreso al hospital, public\u00f3 Elonce.<\/p>\n","protected":false},"excerpt":{"rendered":"<p>Un beb\u00e9 de 23 d\u00edas fue trasladado de urgencia al hospital de Concordia luego de que su madre solicitara auxilio al personal de la comisar\u00eda Segunda que se encontraba realizando recorridas prevencionales. Al ingresar al nosocomio, el beb\u00e9 ya no presentaba signos vitales. Se abri\u00f3 una investigaci\u00f3n judicial para determinar las circunstancias del fallecimiento. El [&hellip;]<\/p>\n","protected":false},"author":4,"featured_media":8319,"comment_status":"open","ping_status":"open","sticky":false,"template":"","format":"standard","meta":{"footnotes":""},"categories":[16,21],"tags":[],"class_list":{"0":"post-8318","1":"post","2":"type-post","3":"status-publish","4":"format-standard","5":"has-post-thumbnail","7":"category-locales","8":"category-policiales"},"yoast_head":"<!-- This site is optimized with the Yoast SEO plugin v27.4 - https:\/\/yoast.com\/product\/yoast-seo-wordpress\/ -->\n<title>Investigan la muerte de un beb\u00e9 de 23 d\u00edas que ingres\u00f3 sin vida al hospital de Concordia - Diario del Sur<\/title>\n<meta name=\"robots\" content=\"index, follow, max-snippet:-1, max-image-preview:large, max-video-preview:-1\" \/>\n<link rel=\"canonical\" href=\"https:\/\/diariodelsurdigital.com.ar\/?p=8318\" \/>\n<meta property=\"og:locale\" content=\"es_ES\" \/>\n<meta property=\"og:type\" content=\"article\" \/>\n<meta property=\"og:title\" content=\"Investigan la muerte de un beb\u00e9 de 23 d\u00edas que ingres\u00f3 sin vida al hospital de Concordia - Diario del Sur\" \/>\n<meta property=\"og:description\" content=\"Un beb\u00e9 de 23 d\u00edas fue trasladado de urgencia al hospital de Concordia luego de que su madre solicitara auxilio al personal de la comisar\u00eda Segunda que se encontraba realizando recorridas prevencionales. Al ingresar al nosocomio, el beb\u00e9 ya no presentaba signos vitales. Se abri\u00f3 una investigaci\u00f3n judicial para determinar las circunstancias del fallecimiento. El [&hellip;]\" \/>\n<meta property=\"og:url\" content=\"https:\/\/diariodelsurdigital.com.ar\/?p=8318\" \/>\n<meta property=\"og:site_name\" content=\"Diario del Sur\" \/>\n<meta property=\"article:published_time\" content=\"2026-04-30T21:11:43+00:00\" \/>\n<meta property=\"og:image\" content=\"https:\/\/diariodelsurdigital.com.ar\/wp-content\/uploads\/2026\/04\/md-2026-04-30T181027.277.webp\" \/>\n\t<meta property=\"og:image:width\" content=\"992\" \/>\n\t<meta property=\"og:image:height\" content=\"557\" \/>\n\t<meta property=\"og:image:type\" content=\"image\/webp\" \/>\n<meta name=\"author\" content=\"Diario del Sur Digital\" \/>\n<meta name=\"twitter:card\" content=\"summary_large_image\" \/>\n<meta name=\"twitter:label1\" content=\"Escrito por\" \/>\n\t<meta name=\"twitter:data1\" content=\"Diario del Sur Digital\" \/>\n\t<meta name=\"twitter:label2\" content=\"Tiempo de lectura\" \/>\n\t<meta name=\"twitter:data2\" content=\"2 minutos\" \/>\n<script type=\"application\/ld+json\" class=\"yoast-schema-graph\">{\"@context\":\"https:\\\/\\\/schema.org\",\"@graph\":[{\"@type\":\"Article\",\"@id\":\"https:\\\/\\\/diariodelsurdigital.com.ar\\\/?p=8318#article\",\"isPartOf\":{\"@id\":\"https:\\\/\\\/diariodelsurdigital.com.ar\\\/?p=8318\"},\"author\":{\"name\":\"Diario del Sur Digital\",\"@id\":\"https:\\\/\\\/diariodelsurdigital.com.ar\\\/#\\\/schema\\\/person\\\/1a4992532ed62965c968031b49195c81\"},\"headline\":\"Investigan la muerte de un beb\u00e9 de 23 d\u00edas que ingres\u00f3 sin vida al hospital de Concordia\",\"datePublished\":\"2026-04-30T21:11:43+00:00\",\"mainEntityOfPage\":{\"@id\":\"https:\\\/\\\/diariodelsurdigital.com.ar\\\/?p=8318\"},\"wordCount\":245,\"commentCount\":0,\"image\":{\"@id\":\"https:\\\/\\\/diariodelsurdigital.com.ar\\\/?p=8318#primaryimage\"},\"thumbnailUrl\":\"https:\\\/\\\/diariodelsurdigital.com.ar\\\/wp-content\\\/uploads\\\/2026\\\/04\\\/md-2026-04-30T181027.277.webp\",\"articleSection\":[\"Locales\",\"Policiales\"],\"inLanguage\":\"es\",\"potentialAction\":[{\"@type\":\"CommentAction\",\"name\":\"Comment\",\"target\":[\"https:\\\/\\\/diariodelsurdigital.com.ar\\\/?p=8318#respond\"]}]},{\"@type\":\"WebPage\",\"@id\":\"https:\\\/\\\/diariodelsurdigital.com.ar\\\/?p=8318\",\"url\":\"https:\\\/\\\/diariodelsurdigital.com.ar\\\/?p=8318\",\"name\":\"Investigan la muerte de un beb\u00e9 de 23 d\u00edas que ingres\u00f3 sin vida al hospital de Concordia - Diario del Sur\",\"isPartOf\":{\"@id\":\"https:\\\/\\\/diariodelsurdigital.com.ar\\\/#website\"},\"primaryImageOfPage\":{\"@id\":\"https:\\\/\\\/diariodelsurdigital.com.ar\\\/?p=8318#primaryimage\"},\"image\":{\"@id\":\"https:\\\/\\\/diariodelsurdigital.com.ar\\\/?p=8318#primaryimage\"},\"thumbnailUrl\":\"https:\\\/\\\/diariodelsurdigital.com.ar\\\/wp-content\\\/uploads\\\/2026\\\/04\\\/md-2026-04-30T181027.277.webp\",\"datePublished\":\"2026-04-30T21:11:43+00:00\",\"author\":{\"@id\":\"https:\\\/\\\/diariodelsurdigital.com.ar\\\/#\\\/schema\\\/person\\\/1a4992532ed62965c968031b49195c81\"},\"breadcrumb\":{\"@id\":\"https:\\\/\\\/diariodelsurdigital.com.ar\\\/?p=8318#breadcrumb\"},\"inLanguage\":\"es\",\"potentialAction\":[{\"@type\":\"ReadAction\",\"target\":[\"https:\\\/\\\/diariodelsurdigital.com.ar\\\/?p=8318\"]}]},{\"@type\":\"ImageObject\",\"inLanguage\":\"es\",\"@id\":\"https:\\\/\\\/diariodelsurdigital.com.ar\\\/?p=8318#primaryimage\",\"url\":\"https:\\\/\\\/diariodelsurdigital.com.ar\\\/wp-content\\\/uploads\\\/2026\\\/04\\\/md-2026-04-30T181027.277.webp\",\"contentUrl\":\"https:\\\/\\\/diariodelsurdigital.com.ar\\\/wp-content\\\/uploads\\\/2026\\\/04\\\/md-2026-04-30T181027.277.webp\",\"width\":992,\"height\":557},{\"@type\":\"BreadcrumbList\",\"@id\":\"https:\\\/\\\/diariodelsurdigital.com.ar\\\/?p=8318#breadcrumb\",\"itemListElement\":[{\"@type\":\"ListItem\",\"position\":1,\"name\":\"Portada\",\"item\":\"https:\\\/\\\/diariodelsurdigital.com.ar\\\/\"},{\"@type\":\"ListItem\",\"position\":2,\"name\":\"Investigan la muerte de un beb\u00e9 de 23 d\u00edas que ingres\u00f3 sin vida al hospital de Concordia\"}]},{\"@type\":\"WebSite\",\"@id\":\"https:\\\/\\\/diariodelsurdigital.com.ar\\\/#website\",\"url\":\"https:\\\/\\\/diariodelsurdigital.com.ar\\\/\",\"name\":\"Diario del Sur\",\"description\":\"Digital\",\"potentialAction\":[{\"@type\":\"SearchAction\",\"target\":{\"@type\":\"EntryPoint\",\"urlTemplate\":\"https:\\\/\\\/diariodelsurdigital.com.ar\\\/?s={search_term_string}\"},\"query-input\":{\"@type\":\"PropertyValueSpecification\",\"valueRequired\":true,\"valueName\":\"search_term_string\"}}],\"inLanguage\":\"es\"},{\"@type\":\"Person\",\"@id\":\"https:\\\/\\\/diariodelsurdigital.com.ar\\\/#\\\/schema\\\/person\\\/1a4992532ed62965c968031b49195c81\",\"name\":\"Diario del Sur Digital\",\"image\":{\"@type\":\"ImageObject\",\"inLanguage\":\"es\",\"@id\":\"https:\\\/\\\/secure.gravatar.com\\\/avatar\\\/f0c7c47fc7146d19828273b9b8eda651c9c7ab583767e6338d3d3bee825adf76?s=96&d=mm&r=g\",\"url\":\"https:\\\/\\\/secure.gravatar.com\\\/avatar\\\/f0c7c47fc7146d19828273b9b8eda651c9c7ab583767e6338d3d3bee825adf76?s=96&d=mm&r=g\",\"contentUrl\":\"https:\\\/\\\/secure.gravatar.com\\\/avatar\\\/f0c7c47fc7146d19828273b9b8eda651c9c7ab583767e6338d3d3bee825adf76?s=96&d=mm&r=g\",\"caption\":\"Diario del Sur Digital\"},\"url\":\"https:\\\/\\\/diariodelsurdigital.com.ar\\\/?author=4\"}]}<\/script>\n<!-- \/ Yoast SEO plugin. -->","yoast_head_json":{"title":"Investigan la muerte de un beb\u00e9 de 23 d\u00edas que ingres\u00f3 sin vida al hospital de Concordia - Diario del Sur","robots":{"index":"index","follow":"follow","max-snippet":"max-snippet:-1","max-image-preview":"max-image-preview:large","max-video-preview":"max-video-preview:-1"},"canonical":"https:\/\/diariodelsurdigital.com.ar\/?p=8318","og_locale":"es_ES","og_type":"article","og_title":"Investigan la muerte de un beb\u00e9 de 23 d\u00edas que ingres\u00f3 sin vida al hospital de Concordia - Diario del Sur","og_description":"Un beb\u00e9 de 23 d\u00edas fue trasladado de urgencia al hospital de Concordia luego de que su madre solicitara auxilio al personal de la comisar\u00eda Segunda que se encontraba realizando recorridas prevencionales. Al ingresar al nosocomio, el beb\u00e9 ya no presentaba signos vitales. Se abri\u00f3 una investigaci\u00f3n judicial para determinar las circunstancias del fallecimiento. El [&hellip;]","og_url":"https:\/\/diariodelsurdigital.com.ar\/?p=8318","og_site_name":"Diario del Sur","article_published_time":"2026-04-30T21:11:43+00:00","og_image":[{"width":992,"height":557,"url":"https:\/\/diariodelsurdigital.com.ar\/wp-content\/uploads\/2026\/04\/md-2026-04-30T181027.277.webp","type":"image\/webp"}],"author":"Diario del Sur Digital","twitter_card":"summary_large_image","twitter_misc":{"Escrito por":"Diario del Sur Digital","Tiempo de lectura":"2 minutos"},"schema":{"@context":"https:\/\/schema.org","@graph":[{"@type":"Article","@id":"https:\/\/diariodelsurdigital.com.ar\/?p=8318#article","isPartOf":{"@id":"https:\/\/diariodelsurdigital.com.ar\/?p=8318"},"author":{"name":"Diario del Sur Digital","@id":"https:\/\/diariodelsurdigital.com.ar\/#\/schema\/person\/1a4992532ed62965c968031b49195c81"},"headline":"Investigan la muerte de un beb\u00e9 de 23 d\u00edas que ingres\u00f3 sin vida al hospital de Concordia","datePublished":"2026-04-30T21:11:43+00:00","mainEntityOfPage":{"@id":"https:\/\/diariodelsurdigital.com.ar\/?p=8318"},"wordCount":245,"commentCount":0,"image":{"@id":"https:\/\/diariodelsurdigital.com.ar\/?p=8318#primaryimage"},"thumbnailUrl":"https:\/\/diariodelsurdigital.com.ar\/wp-content\/uploads\/2026\/04\/md-2026-04-30T181027.277.webp","articleSection":["Locales","Policiales"],"inLanguage":"es","potentialAction":[{"@type":"CommentAction","name":"Comment","target":["https:\/\/diariodelsurdigital.com.ar\/?p=8318#respond"]}]},{"@type":"WebPage","@id":"https:\/\/diariodelsurdigital.com.ar\/?p=8318","url":"https:\/\/diariodelsurdigital.com.ar\/?p=8318","name":"Investigan la muerte de un beb\u00e9 de 23 d\u00edas que ingres\u00f3 sin vida al hospital de Concordia - Diario del Sur","isPartOf":{"@id":"https:\/\/diariodelsurdigital.com.ar\/#website"},"primaryImageOfPage":{"@id":"https:\/\/diariodelsurdigital.com.ar\/?p=8318#primaryimage"},"image":{"@id":"https:\/\/diariodelsurdigital.com.ar\/?p=8318#primaryimage"},"thumbnailUrl":"https:\/\/diariodelsurdigital.com.ar\/wp-content\/uploads\/2026\/04\/md-2026-04-30T181027.277.webp","datePublished":"2026-04-30T21:11:43+00:00","author":{"@id":"https:\/\/diariodelsurdigital.com.ar\/#\/schema\/person\/1a4992532ed62965c968031b49195c81"},"breadcrumb":{"@id":"https:\/\/diariodelsurdigital.com.ar\/?p=8318#breadcrumb"},"inLanguage":"es","potentialAction":[{"@type":"ReadAction","target":["https:\/\/diariodelsurdigital.com.ar\/?p=8318"]}]},{"@type":"ImageObject","inLanguage":"es","@id":"https:\/\/diariodelsurdigital.com.ar\/?p=8318#primaryimage","url":"https:\/\/diariodelsurdigital.com.ar\/wp-content\/uploads\/2026\/04\/md-2026-04-30T181027.277.webp","contentUrl":"https:\/\/diariodelsurdigital.com.ar\/wp-content\/uploads\/2026\/04\/md-2026-04-30T181027.277.webp","width":992,"height":557},{"@type":"BreadcrumbList","@id":"https:\/\/diariodelsurdigital.com.ar\/?p=8318#breadcrumb","itemListElement":[{"@type":"ListItem","position":1,"name":"Portada","item":"https:\/\/diariodelsurdigital.com.ar\/"},{"@type":"ListItem","position":2,"name":"Investigan la muerte de un beb\u00e9 de 23 d\u00edas que ingres\u00f3 sin vida al hospital de Concordia"}]},{"@type":"WebSite","@id":"https:\/\/diariodelsurdigital.com.ar\/#website","url":"https:\/\/diariodelsurdigital.com.ar\/","name":"Diario del Sur","description":"Digital","potentialAction":[{"@type":"SearchAction","target":{"@type":"EntryPoint","urlTemplate":"https:\/\/diariodelsurdigital.com.ar\/?s={search_term_string}"},"query-input":{"@type":"PropertyValueSpecification","valueRequired":true,"valueName":"search_term_string"}}],"inLanguage":"es"},{"@type":"Person","@id":"https:\/\/diariodelsurdigital.com.ar\/#\/schema\/person\/1a4992532ed62965c968031b49195c81","name":"Diario del Sur Digital","image":{"@type":"ImageObject","inLanguage":"es","@id":"https:\/\/secure.gravatar.com\/avatar\/f0c7c47fc7146d19828273b9b8eda651c9c7ab583767e6338d3d3bee825adf76?s=96&d=mm&r=g","url":"https:\/\/secure.gravatar.com\/avatar\/f0c7c47fc7146d19828273b9b8eda651c9c7ab583767e6338d3d3bee825adf76?s=96&d=mm&r=g","contentUrl":"https:\/\/secure.gravatar.com\/avatar\/f0c7c47fc7146d19828273b9b8eda651c9c7ab583767e6338d3d3bee825adf76?s=96&d=mm&r=g","caption":"Diario del Sur Digital"},"url":"https:\/\/diariodelsurdigital.com.ar\/?author=4"}]}},"_links":{"self":[{"href":"https:\/\/diariodelsurdigital.com.ar\/index.php?rest_route=\/wp\/v2\/posts\/8318","targetHints":{"allow":["GET"]}}],"collection":[{"href":"https:\/\/diariodelsurdigital.com.ar\/index.php?rest_route=\/wp\/v2\/posts"}],"about":[{"href":"https:\/\/diariodelsurdigital.com.ar\/index.php?rest_route=\/wp\/v2\/types\/post"}],"author":[{"embeddable":true,"href":"https:\/\/diariodelsurdigital.com.ar\/index.php?rest_route=\/wp\/v2\/users\/4"}],"replies":[{"embeddable":true,"href":"https:\/\/diariodelsurdigital.com.ar\/index.php?rest_route=%2Fwp%2Fv2%2Fcomments&post=8318"}],"version-history":[{"count":1,"href":"https:\/\/diariodelsurdigital.com.ar\/index.php?rest_route=\/wp\/v2\/posts\/8318\/revisions"}],"predecessor-version":[{"id":8320,"href":"https:\/\/diariodelsurdigital.com.ar\/index.php?rest_route=\/wp\/v2\/posts\/8318\/revisions\/8320"}],"wp:featuredmedia":[{"embeddable":true,"href":"https:\/\/diariodelsurdigital.com.ar\/index.php?rest_route=\/wp\/v2\/media\/8319"}],"wp:attachment":[{"href":"https:\/\/diariodelsurdigital.com.ar\/index.php?rest_route=%2Fwp%2Fv2%2Fmedia&parent=8318"}],"wp:term":[{"taxonomy":"category","embeddable":true,"href":"https:\/\/diariodelsurdigital.com.ar\/index.php?rest_route=%2Fwp%2Fv2%2Fcategories&post=8318"},{"taxonomy":"post_tag","embeddable":true,"href":"https:\/\/diariodelsurdigital.com.ar\/index.php?rest_route=%2Fwp%2Fv2%2Ftags&post=8318"}],"curies":[{"name":"wp","href":"https:\/\/api.w.org\/{rel}","templated":true}]}}