{"id":8323,"date":"2026-04-30T19:31:52","date_gmt":"2026-04-30T22:31:52","guid":{"rendered":"https:\/\/diariodelsurdigital.com.ar\/?p=8323"},"modified":"2026-04-30T19:31:53","modified_gmt":"2026-04-30T22:31:53","slug":"gualeguaychu-se-articula-una-nueva-alternativa-politica-con-proyeccion-a-2027","status":"publish","type":"post","link":"https:\/\/diariodelsurdigital.com.ar\/?p=8323","title":{"rendered":"Gualeguaych\u00fa: se articula una nueva alternativa pol\u00edtica con proyecci\u00f3n a 2027"},"content":{"rendered":"\n<h1 class=\"wp-block-heading\"><\/h1>\n\n\n\n<p>Referentes del Frente Grande, Movimiento por Todos e Integraci\u00f3n Gualeguaych\u00fa avanzan en la construcci\u00f3n de un espacio provincial tras su experiencia electoral previa.<\/p>\n\n\n\n<p>En los \u00faltimos d\u00edas, dirigentes de distintos espacios pol\u00edticos de la ciudad de Gualeguaych\u00fa mantuvieron un encuentro con el objetivo de comenzar a delinear una propuesta electoral de cara a 2027, tanto a nivel departamental como provincial.<\/p>\n\n\n\n<p>Seg\u00fan supo\u00a0el portal <em>R2820<\/em><strong><em>,<\/em><\/strong> participaron de la reuni\u00f3n el referente del sector del Frente Grande, Horacio B\u00e1ez; el presidente del Movimiento por Todos, Javier Schnismann; y Federico Olano, dirigente del Movimiento Integraci\u00f3n Gualeguaych\u00fa.<\/p>\n\n\n\n<p>Durante el intercambio, analizaron el escenario pol\u00edtico actual y coincidieron en la necesidad de \u00abconstruir una alternativa que represente a los vecinos desde una mirada m\u00e1s cercana y comprometida\u00bb, remarcaron los dirigentes.<\/p>\n\n\n\n<p>Seg\u00fan expresaron en di\u00e1logo con referentes locales, el espacio busca consolidarse como una opci\u00f3n real frente a las estructuras tradicionales, con eje en la participaci\u00f3n ciudadana, el desarrollo local y una pol\u00edtica m\u00e1s transparente.<\/p>\n\n\n\n<p>Los dirigentes recordaron adem\u00e1s su antecedente electoral conjunto en la Lista 503, que logr\u00f3 cerca de 30.000 votos en las \u00faltimas elecciones a nivel provincial, lo que consideran una base s\u00f3lida para proyectar un nuevo armado pol\u00edtico.<\/p>\n\n\n\n<p>En ese marco, adelantaron que trabajan en la \u00abconformaci\u00f3n de una nueva propuesta electoral a nivel provincial, con la intenci\u00f3n de ampliar la representaci\u00f3n y fortalecer una construcci\u00f3n pol\u00edtica con identidad propia\u00bb.<\/p>\n\n\n\n<p>El desaf\u00edo, se\u00f1alaron, ser\u00e1 transformar ese caudal electoral en una alternativa concreta que logre interpretar las demandas actuales de la sociedad entrerriana.<\/p>\n\n\n\n<p><\/p>\n","protected":false},"excerpt":{"rendered":"<p>Referentes del Frente Grande, Movimiento por Todos e Integraci\u00f3n Gualeguaych\u00fa avanzan en la construcci\u00f3n de un espacio provincial tras su experiencia electoral previa. En los \u00faltimos d\u00edas, dirigentes de distintos espacios pol\u00edticos de la ciudad de Gualeguaych\u00fa mantuvieron un encuentro con el objetivo de comenzar a delinear una propuesta electoral de cara a 2027, tanto [&hellip;]<\/p>\n","protected":false},"author":2,"featured_media":8324,"comment_status":"open","ping_status":"open","sticky":false,"template":"","format":"standard","meta":{"footnotes":""},"categories":[22,17],"tags":[],"class_list":{"0":"post-8323","1":"post","2":"type-post","3":"status-publish","4":"format-standard","5":"has-post-thumbnail","7":"category-politica","8":"category-provinciales"},"yoast_head":"<!-- This site is optimized with the Yoast SEO plugin v27.4 - https:\/\/yoast.com\/product\/yoast-seo-wordpress\/ -->\n<title>Gualeguaych\u00fa: se articula una nueva alternativa pol\u00edtica con proyecci\u00f3n a 2027 - Diario del Sur<\/title>\n<meta name=\"robots\" content=\"index, follow, max-snippet:-1, max-image-preview:large, max-video-preview:-1\" \/>\n<link rel=\"canonical\" href=\"https:\/\/diariodelsurdigital.com.ar\/?p=8323\" \/>\n<meta property=\"og:locale\" content=\"es_ES\" \/>\n<meta property=\"og:type\" content=\"article\" \/>\n<meta property=\"og:title\" content=\"Gualeguaych\u00fa: se articula una nueva alternativa pol\u00edtica con proyecci\u00f3n a 2027 - Diario del Sur\" \/>\n<meta property=\"og:description\" content=\"Referentes del Frente Grande, Movimiento por Todos e Integraci\u00f3n Gualeguaych\u00fa avanzan en la construcci\u00f3n de un espacio provincial tras su experiencia electoral previa. En los \u00faltimos d\u00edas, dirigentes de distintos espacios pol\u00edticos de la ciudad de Gualeguaych\u00fa mantuvieron un encuentro con el objetivo de comenzar a delinear una propuesta electoral de cara a 2027, tanto [&hellip;]\" \/>\n<meta property=\"og:url\" content=\"https:\/\/diariodelsurdigital.com.ar\/?p=8323\" \/>\n<meta property=\"og:site_name\" content=\"Diario del Sur\" \/>\n<meta property=\"article:published_time\" content=\"2026-04-30T22:31:52+00:00\" \/>\n<meta property=\"article:modified_time\" content=\"2026-04-30T22:31:53+00:00\" \/>\n<meta property=\"og:image\" content=\"https:\/\/diariodelsurdigital.com.ar\/wp-content\/uploads\/2026\/04\/md.png\" \/>\n\t<meta property=\"og:image:width\" content=\"412\" \/>\n\t<meta property=\"og:image:height\" content=\"253\" \/>\n\t<meta property=\"og:image:type\" content=\"image\/png\" \/>\n<meta name=\"author\" content=\"Diario del Sur Digital\" \/>\n<meta name=\"twitter:card\" content=\"summary_large_image\" \/>\n<meta name=\"twitter:label1\" content=\"Escrito por\" \/>\n\t<meta name=\"twitter:data1\" content=\"Diario del Sur Digital\" \/>\n\t<meta name=\"twitter:label2\" content=\"Tiempo de lectura\" \/>\n\t<meta name=\"twitter:data2\" content=\"2 minutos\" \/>\n<script type=\"application\/ld+json\" class=\"yoast-schema-graph\">{\"@context\":\"https:\\\/\\\/schema.org\",\"@graph\":[{\"@type\":\"Article\",\"@id\":\"https:\\\/\\\/diariodelsurdigital.com.ar\\\/?p=8323#article\",\"isPartOf\":{\"@id\":\"https:\\\/\\\/diariodelsurdigital.com.ar\\\/?p=8323\"},\"author\":{\"name\":\"Diario del Sur Digital\",\"@id\":\"https:\\\/\\\/diariodelsurdigital.com.ar\\\/#\\\/schema\\\/person\\\/6136a32571657f7dba980b88b04c5465\"},\"headline\":\"Gualeguaych\u00fa: se articula una nueva alternativa pol\u00edtica con proyecci\u00f3n a 2027\",\"datePublished\":\"2026-04-30T22:31:52+00:00\",\"dateModified\":\"2026-04-30T22:31:53+00:00\",\"mainEntityOfPage\":{\"@id\":\"https:\\\/\\\/diariodelsurdigital.com.ar\\\/?p=8323\"},\"wordCount\":286,\"commentCount\":0,\"image\":{\"@id\":\"https:\\\/\\\/diariodelsurdigital.com.ar\\\/?p=8323#primaryimage\"},\"thumbnailUrl\":\"https:\\\/\\\/diariodelsurdigital.com.ar\\\/wp-content\\\/uploads\\\/2026\\\/04\\\/md.png\",\"articleSection\":[\"Pol\u00edtica\",\"Provinciales\"],\"inLanguage\":\"es\",\"potentialAction\":[{\"@type\":\"CommentAction\",\"name\":\"Comment\",\"target\":[\"https:\\\/\\\/diariodelsurdigital.com.ar\\\/?p=8323#respond\"]}]},{\"@type\":\"WebPage\",\"@id\":\"https:\\\/\\\/diariodelsurdigital.com.ar\\\/?p=8323\",\"url\":\"https:\\\/\\\/diariodelsurdigital.com.ar\\\/?p=8323\",\"name\":\"Gualeguaych\u00fa: se articula una nueva alternativa pol\u00edtica con proyecci\u00f3n a 2027 - Diario del Sur\",\"isPartOf\":{\"@id\":\"https:\\\/\\\/diariodelsurdigital.com.ar\\\/#website\"},\"primaryImageOfPage\":{\"@id\":\"https:\\\/\\\/diariodelsurdigital.com.ar\\\/?p=8323#primaryimage\"},\"image\":{\"@id\":\"https:\\\/\\\/diariodelsurdigital.com.ar\\\/?p=8323#primaryimage\"},\"thumbnailUrl\":\"https:\\\/\\\/diariodelsurdigital.com.ar\\\/wp-content\\\/uploads\\\/2026\\\/04\\\/md.png\",\"datePublished\":\"2026-04-30T22:31:52+00:00\",\"dateModified\":\"2026-04-30T22:31:53+00:00\",\"author\":{\"@id\":\"https:\\\/\\\/diariodelsurdigital.com.ar\\\/#\\\/schema\\\/person\\\/6136a32571657f7dba980b88b04c5465\"},\"breadcrumb\":{\"@id\":\"https:\\\/\\\/diariodelsurdigital.com.ar\\\/?p=8323#breadcrumb\"},\"inLanguage\":\"es\",\"potentialAction\":[{\"@type\":\"ReadAction\",\"target\":[\"https:\\\/\\\/diariodelsurdigital.com.ar\\\/?p=8323\"]}]},{\"@type\":\"ImageObject\",\"inLanguage\":\"es\",\"@id\":\"https:\\\/\\\/diariodelsurdigital.com.ar\\\/?p=8323#primaryimage\",\"url\":\"https:\\\/\\\/diariodelsurdigital.com.ar\\\/wp-content\\\/uploads\\\/2026\\\/04\\\/md.png\",\"contentUrl\":\"https:\\\/\\\/diariodelsurdigital.com.ar\\\/wp-content\\\/uploads\\\/2026\\\/04\\\/md.png\",\"width\":412,\"height\":253},{\"@type\":\"BreadcrumbList\",\"@id\":\"https:\\\/\\\/diariodelsurdigital.com.ar\\\/?p=8323#breadcrumb\",\"itemListElement\":[{\"@type\":\"ListItem\",\"position\":1,\"name\":\"Portada\",\"item\":\"https:\\\/\\\/diariodelsurdigital.com.ar\\\/\"},{\"@type\":\"ListItem\",\"position\":2,\"name\":\"Gualeguaych\u00fa: se articula una nueva alternativa pol\u00edtica con proyecci\u00f3n a 2027\"}]},{\"@type\":\"WebSite\",\"@id\":\"https:\\\/\\\/diariodelsurdigital.com.ar\\\/#website\",\"url\":\"https:\\\/\\\/diariodelsurdigital.com.ar\\\/\",\"name\":\"Diario del Sur\",\"description\":\"Digital\",\"potentialAction\":[{\"@type\":\"SearchAction\",\"target\":{\"@type\":\"EntryPoint\",\"urlTemplate\":\"https:\\\/\\\/diariodelsurdigital.com.ar\\\/?s={search_term_string}\"},\"query-input\":{\"@type\":\"PropertyValueSpecification\",\"valueRequired\":true,\"valueName\":\"search_term_string\"}}],\"inLanguage\":\"es\"},{\"@type\":\"Person\",\"@id\":\"https:\\\/\\\/diariodelsurdigital.com.ar\\\/#\\\/schema\\\/person\\\/6136a32571657f7dba980b88b04c5465\",\"name\":\"Diario del Sur Digital\",\"image\":{\"@type\":\"ImageObject\",\"inLanguage\":\"es\",\"@id\":\"https:\\\/\\\/secure.gravatar.com\\\/avatar\\\/4c29ceac98541dd42460b2474aaa5dd37594d6ce6cb3cf2c101d09b48ee287ba?s=96&d=mm&r=g\",\"url\":\"https:\\\/\\\/secure.gravatar.com\\\/avatar\\\/4c29ceac98541dd42460b2474aaa5dd37594d6ce6cb3cf2c101d09b48ee287ba?s=96&d=mm&r=g\",\"contentUrl\":\"https:\\\/\\\/secure.gravatar.com\\\/avatar\\\/4c29ceac98541dd42460b2474aaa5dd37594d6ce6cb3cf2c101d09b48ee287ba?s=96&d=mm&r=g\",\"caption\":\"Diario del Sur Digital\"},\"url\":\"https:\\\/\\\/diariodelsurdigital.com.ar\\\/?author=2\"}]}<\/script>\n<!-- \/ Yoast SEO plugin. -->","yoast_head_json":{"title":"Gualeguaych\u00fa: se articula una nueva alternativa pol\u00edtica con proyecci\u00f3n a 2027 - Diario del Sur","robots":{"index":"index","follow":"follow","max-snippet":"max-snippet:-1","max-image-preview":"max-image-preview:large","max-video-preview":"max-video-preview:-1"},"canonical":"https:\/\/diariodelsurdigital.com.ar\/?p=8323","og_locale":"es_ES","og_type":"article","og_title":"Gualeguaych\u00fa: se articula una nueva alternativa pol\u00edtica con proyecci\u00f3n a 2027 - Diario del Sur","og_description":"Referentes del Frente Grande, Movimiento por Todos e Integraci\u00f3n Gualeguaych\u00fa avanzan en la construcci\u00f3n de un espacio provincial tras su experiencia electoral previa. En los \u00faltimos d\u00edas, dirigentes de distintos espacios pol\u00edticos de la ciudad de Gualeguaych\u00fa mantuvieron un encuentro con el objetivo de comenzar a delinear una propuesta electoral de cara a 2027, tanto [&hellip;]","og_url":"https:\/\/diariodelsurdigital.com.ar\/?p=8323","og_site_name":"Diario del Sur","article_published_time":"2026-04-30T22:31:52+00:00","article_modified_time":"2026-04-30T22:31:53+00:00","og_image":[{"width":412,"height":253,"url":"https:\/\/diariodelsurdigital.com.ar\/wp-content\/uploads\/2026\/04\/md.png","type":"image\/png"}],"author":"Diario del Sur Digital","twitter_card":"summary_large_image","twitter_misc":{"Escrito por":"Diario del Sur Digital","Tiempo de lectura":"2 minutos"},"schema":{"@context":"https:\/\/schema.org","@graph":[{"@type":"Article","@id":"https:\/\/diariodelsurdigital.com.ar\/?p=8323#article","isPartOf":{"@id":"https:\/\/diariodelsurdigital.com.ar\/?p=8323"},"author":{"name":"Diario del Sur Digital","@id":"https:\/\/diariodelsurdigital.com.ar\/#\/schema\/person\/6136a32571657f7dba980b88b04c5465"},"headline":"Gualeguaych\u00fa: se articula una nueva alternativa pol\u00edtica con proyecci\u00f3n a 2027","datePublished":"2026-04-30T22:31:52+00:00","dateModified":"2026-04-30T22:31:53+00:00","mainEntityOfPage":{"@id":"https:\/\/diariodelsurdigital.com.ar\/?p=8323"},"wordCount":286,"commentCount":0,"image":{"@id":"https:\/\/diariodelsurdigital.com.ar\/?p=8323#primaryimage"},"thumbnailUrl":"https:\/\/diariodelsurdigital.com.ar\/wp-content\/uploads\/2026\/04\/md.png","articleSection":["Pol\u00edtica","Provinciales"],"inLanguage":"es","potentialAction":[{"@type":"CommentAction","name":"Comment","target":["https:\/\/diariodelsurdigital.com.ar\/?p=8323#respond"]}]},{"@type":"WebPage","@id":"https:\/\/diariodelsurdigital.com.ar\/?p=8323","url":"https:\/\/diariodelsurdigital.com.ar\/?p=8323","name":"Gualeguaych\u00fa: se articula una nueva alternativa pol\u00edtica con proyecci\u00f3n a 2027 - Diario del Sur","isPartOf":{"@id":"https:\/\/diariodelsurdigital.com.ar\/#website"},"primaryImageOfPage":{"@id":"https:\/\/diariodelsurdigital.com.ar\/?p=8323#primaryimage"},"image":{"@id":"https:\/\/diariodelsurdigital.com.ar\/?p=8323#primaryimage"},"thumbnailUrl":"https:\/\/diariodelsurdigital.com.ar\/wp-content\/uploads\/2026\/04\/md.png","datePublished":"2026-04-30T22:31:52+00:00","dateModified":"2026-04-30T22:31:53+00:00","author":{"@id":"https:\/\/diariodelsurdigital.com.ar\/#\/schema\/person\/6136a32571657f7dba980b88b04c5465"},"breadcrumb":{"@id":"https:\/\/diariodelsurdigital.com.ar\/?p=8323#breadcrumb"},"inLanguage":"es","potentialAction":[{"@type":"ReadAction","target":["https:\/\/diariodelsurdigital.com.ar\/?p=8323"]}]},{"@type":"ImageObject","inLanguage":"es","@id":"https:\/\/diariodelsurdigital.com.ar\/?p=8323#primaryimage","url":"https:\/\/diariodelsurdigital.com.ar\/wp-content\/uploads\/2026\/04\/md.png","contentUrl":"https:\/\/diariodelsurdigital.com.ar\/wp-content\/uploads\/2026\/04\/md.png","width":412,"height":253},{"@type":"BreadcrumbList","@id":"https:\/\/diariodelsurdigital.com.ar\/?p=8323#breadcrumb","itemListElement":[{"@type":"ListItem","position":1,"name":"Portada","item":"https:\/\/diariodelsurdigital.com.ar\/"},{"@type":"ListItem","position":2,"name":"Gualeguaych\u00fa: se articula una nueva alternativa pol\u00edtica con proyecci\u00f3n a 2027"}]},{"@type":"WebSite","@id":"https:\/\/diariodelsurdigital.com.ar\/#website","url":"https:\/\/diariodelsurdigital.com.ar\/","name":"Diario del Sur","description":"Digital","potentialAction":[{"@type":"SearchAction","target":{"@type":"EntryPoint","urlTemplate":"https:\/\/diariodelsurdigital.com.ar\/?s={search_term_string}"},"query-input":{"@type":"PropertyValueSpecification","valueRequired":true,"valueName":"search_term_string"}}],"inLanguage":"es"},{"@type":"Person","@id":"https:\/\/diariodelsurdigital.com.ar\/#\/schema\/person\/6136a32571657f7dba980b88b04c5465","name":"Diario del Sur Digital","image":{"@type":"ImageObject","inLanguage":"es","@id":"https:\/\/secure.gravatar.com\/avatar\/4c29ceac98541dd42460b2474aaa5dd37594d6ce6cb3cf2c101d09b48ee287ba?s=96&d=mm&r=g","url":"https:\/\/secure.gravatar.com\/avatar\/4c29ceac98541dd42460b2474aaa5dd37594d6ce6cb3cf2c101d09b48ee287ba?s=96&d=mm&r=g","contentUrl":"https:\/\/secure.gravatar.com\/avatar\/4c29ceac98541dd42460b2474aaa5dd37594d6ce6cb3cf2c101d09b48ee287ba?s=96&d=mm&r=g","caption":"Diario del Sur Digital"},"url":"https:\/\/diariodelsurdigital.com.ar\/?author=2"}]}},"_links":{"self":[{"href":"https:\/\/diariodelsurdigital.com.ar\/index.php?rest_route=\/wp\/v2\/posts\/8323","targetHints":{"allow":["GET"]}}],"collection":[{"href":"https:\/\/diariodelsurdigital.com.ar\/index.php?rest_route=\/wp\/v2\/posts"}],"about":[{"href":"https:\/\/diariodelsurdigital.com.ar\/index.php?rest_route=\/wp\/v2\/types\/post"}],"author":[{"embeddable":true,"href":"https:\/\/diariodelsurdigital.com.ar\/index.php?rest_route=\/wp\/v2\/users\/2"}],"replies":[{"embeddable":true,"href":"https:\/\/diariodelsurdigital.com.ar\/index.php?rest_route=%2Fwp%2Fv2%2Fcomments&post=8323"}],"version-history":[{"count":1,"href":"https:\/\/diariodelsurdigital.com.ar\/index.php?rest_route=\/wp\/v2\/posts\/8323\/revisions"}],"predecessor-version":[{"id":8325,"href":"https:\/\/diariodelsurdigital.com.ar\/index.php?rest_route=\/wp\/v2\/posts\/8323\/revisions\/8325"}],"wp:featuredmedia":[{"embeddable":true,"href":"https:\/\/diariodelsurdigital.com.ar\/index.php?rest_route=\/wp\/v2\/media\/8324"}],"wp:attachment":[{"href":"https:\/\/diariodelsurdigital.com.ar\/index.php?rest_route=%2Fwp%2Fv2%2Fmedia&parent=8323"}],"wp:term":[{"taxonomy":"category","embeddable":true,"href":"https:\/\/diariodelsurdigital.com.ar\/index.php?rest_route=%2Fwp%2Fv2%2Fcategories&post=8323"},{"taxonomy":"post_tag","embeddable":true,"href":"https:\/\/diariodelsurdigital.com.ar\/index.php?rest_route=%2Fwp%2Fv2%2Ftags&post=8323"}],"curies":[{"name":"wp","href":"https:\/\/api.w.org\/{rel}","templated":true}]}}