{"id":8326,"date":"2026-04-30T22:07:06","date_gmt":"2026-05-01T01:07:06","guid":{"rendered":"https:\/\/diariodelsurdigital.com.ar\/?p=8326"},"modified":"2026-04-30T22:07:06","modified_gmt":"2026-05-01T01:07:06","slug":"internaron-a-diego-peretti-y-hay-preocupacion-por-su-salud","status":"publish","type":"post","link":"https:\/\/diariodelsurdigital.com.ar\/?p=8326","title":{"rendered":"Internaron a Diego Peretti y hay preocupaci\u00f3n por su salud"},"content":{"rendered":"\n<p id=\"p-1777580300167-86747\">El actor\u00a0Diego Peretti fue internado y sometido a una intervenci\u00f3n card\u00edaca en las \u00faltimas horas, lo que gener\u00f3 preocupaci\u00f3n en el ambiente art\u00edstico. Seg\u00fan trascendi\u00f3, la decisi\u00f3n m\u00e9dica se tom\u00f3 luego de una serie de estudios de rutina que encendieron algunas alertas y derivaron en un control m\u00e1s exhaustivo de su estado de salud.<\/p>\n\n\n\n<p id=\"p-1777580300167-57573\">La informaci\u00f3n fue dada a conocer por la periodista Maru Leone en El Observador, quien llev\u00f3 tranquilidad sobre el cuadro del actor. \u00abLlevamos tranquilidad a la gente. Diego Peretti est\u00e1 internado. Me entero el martes. \u00c9l se fue a hacer un estudio de chequeo del coraz\u00f3n. Hab\u00eda unas cositas que a los m\u00e9dicos les hac\u00eda ruido y decidieron dejarlo internado por precauci\u00f3n y hacerle estudios de rigor\u00bb, explic\u00f3, detallando c\u00f3mo se desencaden\u00f3 la situaci\u00f3n.<\/p>\n\n\n\n<p id=\"p-1777580300167-34449\">En ese contexto, se confirm\u00f3 que Peretti fue sometido a una angioplastia con colocaci\u00f3n de stent, una intervenci\u00f3n habitual en casos de obstrucci\u00f3n arterial. \u00abEn el d\u00eda de ayer le colocaron un stent. Sali\u00f3 todo bien. Me cuentan que el diagn\u00f3stico es una cardiopat\u00eda isqu\u00e9mica que es cuando las arterias coronarias se estresan y por eso se coloca un stent. Est\u00e1 internado en el ICBA, el Instituto Cardiovascular de Buenos Aires\u00bb, agreg\u00f3 la periodista, llevando calma respecto a la evoluci\u00f3n.<\/p>\n\n\n\n<p id=\"p-1777580300167-53440\">De acuerdo a lo informado, el actor deber\u00e1 guardar reposo durante algunos d\u00edas antes de retomar sus actividades. \u00abVa a tener que guardar reposo unos d\u00edas\u00bb, se\u00f1al\u00f3 Leone sobre el protagonista de El Jefe del Jefe, la obra que comparte con Federico D&#8217;El\u00eda en el Paseo La Plaza. Por este motivo, las funciones fueron suspendidas durante esta semana, aunque est\u00e1 previsto que se reanuden en los pr\u00f3ximos d\u00edas, con un posible regreso a escena el 8 de mayo.<\/p>\n\n\n\n<p id=\"p-1777580300167-89947\">En paralelo, Peretti se prepara para uno de los estrenos m\u00e1s esperados del a\u00f1o: una nueva pel\u00edcula junto a Ricardo Dar\u00edn para Netflix. Ambos protagonizan Lo dejamos ac\u00e1, un thriller psicol\u00f3gico dirigido por Hern\u00e1n Goldfrid que tiene previsto su lanzamiento en septiembre de 2026 y que ya genera gran expectativa entre el p\u00fablico.<\/p>\n","protected":false},"excerpt":{"rendered":"<p>El actor\u00a0Diego Peretti fue internado y sometido a una intervenci\u00f3n card\u00edaca en las \u00faltimas horas, lo que gener\u00f3 preocupaci\u00f3n en el ambiente art\u00edstico. Seg\u00fan trascendi\u00f3, la decisi\u00f3n m\u00e9dica se tom\u00f3 luego de una serie de estudios de rutina que encendieron algunas alertas y derivaron en un control m\u00e1s exhaustivo de su estado de salud. La [&hellip;]<\/p>\n","protected":false},"author":2,"featured_media":8327,"comment_status":"open","ping_status":"open","sticky":false,"template":"","format":"standard","meta":{"footnotes":""},"categories":[19,18],"tags":[],"class_list":{"0":"post-8326","1":"post","2":"type-post","3":"status-publish","4":"format-standard","5":"has-post-thumbnail","7":"category-interes-general","8":"category-nacionales"},"yoast_head":"<!-- This site is optimized with the Yoast SEO plugin v27.4 - https:\/\/yoast.com\/product\/yoast-seo-wordpress\/ -->\n<title>Internaron a Diego Peretti y hay preocupaci\u00f3n por su salud - Diario del Sur<\/title>\n<meta name=\"robots\" content=\"index, follow, max-snippet:-1, max-image-preview:large, max-video-preview:-1\" \/>\n<link rel=\"canonical\" href=\"https:\/\/diariodelsurdigital.com.ar\/?p=8326\" \/>\n<meta property=\"og:locale\" content=\"es_ES\" \/>\n<meta property=\"og:type\" content=\"article\" \/>\n<meta property=\"og:title\" content=\"Internaron a Diego Peretti y hay preocupaci\u00f3n por su salud - Diario del Sur\" \/>\n<meta property=\"og:description\" content=\"El actor\u00a0Diego Peretti fue internado y sometido a una intervenci\u00f3n card\u00edaca en las \u00faltimas horas, lo que gener\u00f3 preocupaci\u00f3n en el ambiente art\u00edstico. Seg\u00fan trascendi\u00f3, la decisi\u00f3n m\u00e9dica se tom\u00f3 luego de una serie de estudios de rutina que encendieron algunas alertas y derivaron en un control m\u00e1s exhaustivo de su estado de salud. La [&hellip;]\" \/>\n<meta property=\"og:url\" content=\"https:\/\/diariodelsurdigital.com.ar\/?p=8326\" \/>\n<meta property=\"og:site_name\" content=\"Diario del Sur\" \/>\n<meta property=\"article:published_time\" content=\"2026-05-01T01:07:06+00:00\" \/>\n<meta property=\"og:image\" content=\"https:\/\/diariodelsurdigital.com.ar\/wp-content\/uploads\/2026\/04\/AA227lmS.jpeg\" \/>\n\t<meta property=\"og:image:width\" content=\"449\" \/>\n\t<meta property=\"og:image:height\" content=\"276\" \/>\n\t<meta property=\"og:image:type\" content=\"image\/jpeg\" \/>\n<meta name=\"author\" content=\"Diario del Sur Digital\" \/>\n<meta name=\"twitter:card\" content=\"summary_large_image\" \/>\n<meta name=\"twitter:label1\" content=\"Escrito por\" \/>\n\t<meta name=\"twitter:data1\" content=\"Diario del Sur Digital\" \/>\n\t<meta name=\"twitter:label2\" content=\"Tiempo de lectura\" \/>\n\t<meta name=\"twitter:data2\" content=\"2 minutos\" \/>\n<script type=\"application\/ld+json\" class=\"yoast-schema-graph\">{\"@context\":\"https:\\\/\\\/schema.org\",\"@graph\":[{\"@type\":\"Article\",\"@id\":\"https:\\\/\\\/diariodelsurdigital.com.ar\\\/?p=8326#article\",\"isPartOf\":{\"@id\":\"https:\\\/\\\/diariodelsurdigital.com.ar\\\/?p=8326\"},\"author\":{\"name\":\"Diario del Sur Digital\",\"@id\":\"https:\\\/\\\/diariodelsurdigital.com.ar\\\/#\\\/schema\\\/person\\\/6136a32571657f7dba980b88b04c5465\"},\"headline\":\"Internaron a Diego Peretti y hay preocupaci\u00f3n por su salud\",\"datePublished\":\"2026-05-01T01:07:06+00:00\",\"mainEntityOfPage\":{\"@id\":\"https:\\\/\\\/diariodelsurdigital.com.ar\\\/?p=8326\"},\"wordCount\":386,\"commentCount\":0,\"image\":{\"@id\":\"https:\\\/\\\/diariodelsurdigital.com.ar\\\/?p=8326#primaryimage\"},\"thumbnailUrl\":\"https:\\\/\\\/diariodelsurdigital.com.ar\\\/wp-content\\\/uploads\\\/2026\\\/04\\\/AA227lmS.jpeg\",\"articleSection\":[\"Inter\u00e9s General\",\"Nacionales\"],\"inLanguage\":\"es\",\"potentialAction\":[{\"@type\":\"CommentAction\",\"name\":\"Comment\",\"target\":[\"https:\\\/\\\/diariodelsurdigital.com.ar\\\/?p=8326#respond\"]}]},{\"@type\":\"WebPage\",\"@id\":\"https:\\\/\\\/diariodelsurdigital.com.ar\\\/?p=8326\",\"url\":\"https:\\\/\\\/diariodelsurdigital.com.ar\\\/?p=8326\",\"name\":\"Internaron a Diego Peretti y hay preocupaci\u00f3n por su salud - Diario del Sur\",\"isPartOf\":{\"@id\":\"https:\\\/\\\/diariodelsurdigital.com.ar\\\/#website\"},\"primaryImageOfPage\":{\"@id\":\"https:\\\/\\\/diariodelsurdigital.com.ar\\\/?p=8326#primaryimage\"},\"image\":{\"@id\":\"https:\\\/\\\/diariodelsurdigital.com.ar\\\/?p=8326#primaryimage\"},\"thumbnailUrl\":\"https:\\\/\\\/diariodelsurdigital.com.ar\\\/wp-content\\\/uploads\\\/2026\\\/04\\\/AA227lmS.jpeg\",\"datePublished\":\"2026-05-01T01:07:06+00:00\",\"author\":{\"@id\":\"https:\\\/\\\/diariodelsurdigital.com.ar\\\/#\\\/schema\\\/person\\\/6136a32571657f7dba980b88b04c5465\"},\"breadcrumb\":{\"@id\":\"https:\\\/\\\/diariodelsurdigital.com.ar\\\/?p=8326#breadcrumb\"},\"inLanguage\":\"es\",\"potentialAction\":[{\"@type\":\"ReadAction\",\"target\":[\"https:\\\/\\\/diariodelsurdigital.com.ar\\\/?p=8326\"]}]},{\"@type\":\"ImageObject\",\"inLanguage\":\"es\",\"@id\":\"https:\\\/\\\/diariodelsurdigital.com.ar\\\/?p=8326#primaryimage\",\"url\":\"https:\\\/\\\/diariodelsurdigital.com.ar\\\/wp-content\\\/uploads\\\/2026\\\/04\\\/AA227lmS.jpeg\",\"contentUrl\":\"https:\\\/\\\/diariodelsurdigital.com.ar\\\/wp-content\\\/uploads\\\/2026\\\/04\\\/AA227lmS.jpeg\",\"width\":449,\"height\":276},{\"@type\":\"BreadcrumbList\",\"@id\":\"https:\\\/\\\/diariodelsurdigital.com.ar\\\/?p=8326#breadcrumb\",\"itemListElement\":[{\"@type\":\"ListItem\",\"position\":1,\"name\":\"Portada\",\"item\":\"https:\\\/\\\/diariodelsurdigital.com.ar\\\/\"},{\"@type\":\"ListItem\",\"position\":2,\"name\":\"Internaron a Diego Peretti y hay preocupaci\u00f3n por su salud\"}]},{\"@type\":\"WebSite\",\"@id\":\"https:\\\/\\\/diariodelsurdigital.com.ar\\\/#website\",\"url\":\"https:\\\/\\\/diariodelsurdigital.com.ar\\\/\",\"name\":\"Diario del Sur\",\"description\":\"Digital\",\"potentialAction\":[{\"@type\":\"SearchAction\",\"target\":{\"@type\":\"EntryPoint\",\"urlTemplate\":\"https:\\\/\\\/diariodelsurdigital.com.ar\\\/?s={search_term_string}\"},\"query-input\":{\"@type\":\"PropertyValueSpecification\",\"valueRequired\":true,\"valueName\":\"search_term_string\"}}],\"inLanguage\":\"es\"},{\"@type\":\"Person\",\"@id\":\"https:\\\/\\\/diariodelsurdigital.com.ar\\\/#\\\/schema\\\/person\\\/6136a32571657f7dba980b88b04c5465\",\"name\":\"Diario del Sur Digital\",\"image\":{\"@type\":\"ImageObject\",\"inLanguage\":\"es\",\"@id\":\"https:\\\/\\\/secure.gravatar.com\\\/avatar\\\/4c29ceac98541dd42460b2474aaa5dd37594d6ce6cb3cf2c101d09b48ee287ba?s=96&d=mm&r=g\",\"url\":\"https:\\\/\\\/secure.gravatar.com\\\/avatar\\\/4c29ceac98541dd42460b2474aaa5dd37594d6ce6cb3cf2c101d09b48ee287ba?s=96&d=mm&r=g\",\"contentUrl\":\"https:\\\/\\\/secure.gravatar.com\\\/avatar\\\/4c29ceac98541dd42460b2474aaa5dd37594d6ce6cb3cf2c101d09b48ee287ba?s=96&d=mm&r=g\",\"caption\":\"Diario del Sur Digital\"},\"url\":\"https:\\\/\\\/diariodelsurdigital.com.ar\\\/?author=2\"}]}<\/script>\n<!-- \/ Yoast SEO plugin. -->","yoast_head_json":{"title":"Internaron a Diego Peretti y hay preocupaci\u00f3n por su salud - Diario del Sur","robots":{"index":"index","follow":"follow","max-snippet":"max-snippet:-1","max-image-preview":"max-image-preview:large","max-video-preview":"max-video-preview:-1"},"canonical":"https:\/\/diariodelsurdigital.com.ar\/?p=8326","og_locale":"es_ES","og_type":"article","og_title":"Internaron a Diego Peretti y hay preocupaci\u00f3n por su salud - Diario del Sur","og_description":"El actor\u00a0Diego Peretti fue internado y sometido a una intervenci\u00f3n card\u00edaca en las \u00faltimas horas, lo que gener\u00f3 preocupaci\u00f3n en el ambiente art\u00edstico. Seg\u00fan trascendi\u00f3, la decisi\u00f3n m\u00e9dica se tom\u00f3 luego de una serie de estudios de rutina que encendieron algunas alertas y derivaron en un control m\u00e1s exhaustivo de su estado de salud. La [&hellip;]","og_url":"https:\/\/diariodelsurdigital.com.ar\/?p=8326","og_site_name":"Diario del Sur","article_published_time":"2026-05-01T01:07:06+00:00","og_image":[{"width":449,"height":276,"url":"https:\/\/diariodelsurdigital.com.ar\/wp-content\/uploads\/2026\/04\/AA227lmS.jpeg","type":"image\/jpeg"}],"author":"Diario del Sur Digital","twitter_card":"summary_large_image","twitter_misc":{"Escrito por":"Diario del Sur Digital","Tiempo de lectura":"2 minutos"},"schema":{"@context":"https:\/\/schema.org","@graph":[{"@type":"Article","@id":"https:\/\/diariodelsurdigital.com.ar\/?p=8326#article","isPartOf":{"@id":"https:\/\/diariodelsurdigital.com.ar\/?p=8326"},"author":{"name":"Diario del Sur Digital","@id":"https:\/\/diariodelsurdigital.com.ar\/#\/schema\/person\/6136a32571657f7dba980b88b04c5465"},"headline":"Internaron a Diego Peretti y hay preocupaci\u00f3n por su salud","datePublished":"2026-05-01T01:07:06+00:00","mainEntityOfPage":{"@id":"https:\/\/diariodelsurdigital.com.ar\/?p=8326"},"wordCount":386,"commentCount":0,"image":{"@id":"https:\/\/diariodelsurdigital.com.ar\/?p=8326#primaryimage"},"thumbnailUrl":"https:\/\/diariodelsurdigital.com.ar\/wp-content\/uploads\/2026\/04\/AA227lmS.jpeg","articleSection":["Inter\u00e9s General","Nacionales"],"inLanguage":"es","potentialAction":[{"@type":"CommentAction","name":"Comment","target":["https:\/\/diariodelsurdigital.com.ar\/?p=8326#respond"]}]},{"@type":"WebPage","@id":"https:\/\/diariodelsurdigital.com.ar\/?p=8326","url":"https:\/\/diariodelsurdigital.com.ar\/?p=8326","name":"Internaron a Diego Peretti y hay preocupaci\u00f3n por su salud - Diario del Sur","isPartOf":{"@id":"https:\/\/diariodelsurdigital.com.ar\/#website"},"primaryImageOfPage":{"@id":"https:\/\/diariodelsurdigital.com.ar\/?p=8326#primaryimage"},"image":{"@id":"https:\/\/diariodelsurdigital.com.ar\/?p=8326#primaryimage"},"thumbnailUrl":"https:\/\/diariodelsurdigital.com.ar\/wp-content\/uploads\/2026\/04\/AA227lmS.jpeg","datePublished":"2026-05-01T01:07:06+00:00","author":{"@id":"https:\/\/diariodelsurdigital.com.ar\/#\/schema\/person\/6136a32571657f7dba980b88b04c5465"},"breadcrumb":{"@id":"https:\/\/diariodelsurdigital.com.ar\/?p=8326#breadcrumb"},"inLanguage":"es","potentialAction":[{"@type":"ReadAction","target":["https:\/\/diariodelsurdigital.com.ar\/?p=8326"]}]},{"@type":"ImageObject","inLanguage":"es","@id":"https:\/\/diariodelsurdigital.com.ar\/?p=8326#primaryimage","url":"https:\/\/diariodelsurdigital.com.ar\/wp-content\/uploads\/2026\/04\/AA227lmS.jpeg","contentUrl":"https:\/\/diariodelsurdigital.com.ar\/wp-content\/uploads\/2026\/04\/AA227lmS.jpeg","width":449,"height":276},{"@type":"BreadcrumbList","@id":"https:\/\/diariodelsurdigital.com.ar\/?p=8326#breadcrumb","itemListElement":[{"@type":"ListItem","position":1,"name":"Portada","item":"https:\/\/diariodelsurdigital.com.ar\/"},{"@type":"ListItem","position":2,"name":"Internaron a Diego Peretti y hay preocupaci\u00f3n por su salud"}]},{"@type":"WebSite","@id":"https:\/\/diariodelsurdigital.com.ar\/#website","url":"https:\/\/diariodelsurdigital.com.ar\/","name":"Diario del Sur","description":"Digital","potentialAction":[{"@type":"SearchAction","target":{"@type":"EntryPoint","urlTemplate":"https:\/\/diariodelsurdigital.com.ar\/?s={search_term_string}"},"query-input":{"@type":"PropertyValueSpecification","valueRequired":true,"valueName":"search_term_string"}}],"inLanguage":"es"},{"@type":"Person","@id":"https:\/\/diariodelsurdigital.com.ar\/#\/schema\/person\/6136a32571657f7dba980b88b04c5465","name":"Diario del Sur Digital","image":{"@type":"ImageObject","inLanguage":"es","@id":"https:\/\/secure.gravatar.com\/avatar\/4c29ceac98541dd42460b2474aaa5dd37594d6ce6cb3cf2c101d09b48ee287ba?s=96&d=mm&r=g","url":"https:\/\/secure.gravatar.com\/avatar\/4c29ceac98541dd42460b2474aaa5dd37594d6ce6cb3cf2c101d09b48ee287ba?s=96&d=mm&r=g","contentUrl":"https:\/\/secure.gravatar.com\/avatar\/4c29ceac98541dd42460b2474aaa5dd37594d6ce6cb3cf2c101d09b48ee287ba?s=96&d=mm&r=g","caption":"Diario del Sur Digital"},"url":"https:\/\/diariodelsurdigital.com.ar\/?author=2"}]}},"_links":{"self":[{"href":"https:\/\/diariodelsurdigital.com.ar\/index.php?rest_route=\/wp\/v2\/posts\/8326","targetHints":{"allow":["GET"]}}],"collection":[{"href":"https:\/\/diariodelsurdigital.com.ar\/index.php?rest_route=\/wp\/v2\/posts"}],"about":[{"href":"https:\/\/diariodelsurdigital.com.ar\/index.php?rest_route=\/wp\/v2\/types\/post"}],"author":[{"embeddable":true,"href":"https:\/\/diariodelsurdigital.com.ar\/index.php?rest_route=\/wp\/v2\/users\/2"}],"replies":[{"embeddable":true,"href":"https:\/\/diariodelsurdigital.com.ar\/index.php?rest_route=%2Fwp%2Fv2%2Fcomments&post=8326"}],"version-history":[{"count":1,"href":"https:\/\/diariodelsurdigital.com.ar\/index.php?rest_route=\/wp\/v2\/posts\/8326\/revisions"}],"predecessor-version":[{"id":8328,"href":"https:\/\/diariodelsurdigital.com.ar\/index.php?rest_route=\/wp\/v2\/posts\/8326\/revisions\/8328"}],"wp:featuredmedia":[{"embeddable":true,"href":"https:\/\/diariodelsurdigital.com.ar\/index.php?rest_route=\/wp\/v2\/media\/8327"}],"wp:attachment":[{"href":"https:\/\/diariodelsurdigital.com.ar\/index.php?rest_route=%2Fwp%2Fv2%2Fmedia&parent=8326"}],"wp:term":[{"taxonomy":"category","embeddable":true,"href":"https:\/\/diariodelsurdigital.com.ar\/index.php?rest_route=%2Fwp%2Fv2%2Fcategories&post=8326"},{"taxonomy":"post_tag","embeddable":true,"href":"https:\/\/diariodelsurdigital.com.ar\/index.php?rest_route=%2Fwp%2Fv2%2Ftags&post=8326"}],"curies":[{"name":"wp","href":"https:\/\/api.w.org\/{rel}","templated":true}]}}