{"id":8329,"date":"2026-04-30T22:44:55","date_gmt":"2026-05-01T01:44:55","guid":{"rendered":"https:\/\/diariodelsurdigital.com.ar\/?p=8329"},"modified":"2026-04-30T22:44:55","modified_gmt":"2026-05-01T01:44:55","slug":"se-pone-en-marcha-la-red-de-mantas-en-puerto-yerua","status":"publish","type":"post","link":"https:\/\/diariodelsurdigital.com.ar\/?p=8329","title":{"rendered":"Se pone en marcha la Red de Mantas en Puerto Yeru\u00e1"},"content":{"rendered":"\n<p><br><strong>Red de Mantas<\/strong> es la nueva propuesta para este oto\u00f1o-invierno que lleva adelante la<strong> Asociaci\u00f3n Artiguista en Puerto Yeru\u00e1<\/strong>. La idea es fabricar mantas con lanas y telas recicladas para personas en situaci\u00f3n de vulnerabilidad, sobre todo para ni\u00f1os y adultos mayores. <\/p>\n\n\n\n<p>Para ello, se convoc\u00f3 a tres vecinas que saben del oficio de la costura y las agujas de tejer, para que aporten ideas y t\u00e9cnicas sobre la cantidad de material necesario, facilitando as\u00ed las confecciones y logrando que lleguen a m\u00e1s personas, <strong>Marta Mart\u00ednez, Norma Alarc\u00f3n y Lorena Schvin <\/strong>dieron un s\u00ed rotundo a esta movida, impulsadas solo por el deseo de ayudar. Marta es vecina y, entre otras tantas habilidades, es especialista en costura y dise\u00f1o de indumentaria. Ella nos dio la idea de no solo hacer mantas tejidas, sino, adem\u00e1s, de confeccionarlas con cuadrados de telas, estilo patchwork. Esta t\u00e9cnica de costura consiste en unir peque\u00f1os trozos de telas o retazos, de diversos colores, texturas y estampados, para crear un dise\u00f1o nuevo y m\u00e1s grande.<br>Lorena Schvin, m\u00e1s que una vecina, es una de las colaboradoras m\u00e1s comprometidas de la Asociaci\u00f3n, siempre dispuesta a brindar su ayuda. Adem\u00e1s de ser una talentosa tejedora de crochet, especializada en la creaci\u00f3n de amigurumis, cuenta con una variedad de habilidades que la hacen destacar. Lorena tambi\u00e9n elabora deliciosos dulces caseros, cultiva su propia huerta y es famosa por sus chorizos caseros, considerados los m\u00e1s sabrosos del pueblo. Nos reunimos con ella para que nos comparta su experiencia y conocimientos sobre la cantidad de lana necesaria y el tiempo estimado que lleva hacer cada cuadrado. Gracias a su orientaci\u00f3n, podremos organizarnos mejor con las donaciones y as\u00ed maximizar la cantidad de mantas que podemos confeccionar. Norma Alarc\u00f3n, m\u00e1s conocida como \u201cTati\u201d, es una experta en tejido al crochet y dos agujas. Con vasta experiencia, nos acerc\u00f3 una propuesta para realizar dentro del marco de Red de Mantas: una Marat\u00f3n de Tejido, la cual consiste en una jornada dedicada al tejido. All\u00ed, no solo compartiremos unos mates y una mesa dulce, sino que tambi\u00e9n habr\u00e1 sorteos para quienes participen. Entre los obsequios tendremos tres grandes canastas de productos comestibles y muchos regalos m\u00e1s. Ser\u00e1 abierto a todas aquellas mujeres y j\u00f3venes que quieran acercarse, compartir y ser parte de esta movida solidaria.<\/p>\n\n\n\n<p><br>Las mantas llevan alrededor de 70 cuadros de 20&#215;20 cm. Cada uno ser\u00e1 tejido por distintas manos, la mayor\u00eda con lanas recicladas de prendas en desuso. \u201cDesde hace un mes, venimos juntando lanitas que la gente ya no usa, o prendas viejas que nosotras desarmaremos y usaremos para realizar las mantas\u201d, dijo la coordinadora Julieta Ferrer.<\/p>\n\n\n\n<p><strong>Mantas para ayudar<\/strong><\/p>\n\n\n\n<p><br>Las mantas que se confeccionar\u00e1n tienen el prop\u00f3sito de brindar abrigo y calor a quienes m\u00e1s lo necesitan. Cada pieza ser\u00e1 un s\u00edmbolo de solidaridad y esfuerzo comunitario, reflejando el compromiso de cada persona que participe en el proyecto.<\/p>\n\n\n\n<p><br><strong>Encuentros que abrigan y dan calor<\/strong><\/p>\n\n\n\n<p><br>Los encuentros de tejido no solo son una oportunidad para crear mantas, sino tambi\u00e9n un espacio de conexi\u00f3n entre las participantes. Cada reuni\u00f3n se convertir\u00e1 en un momento de calidez, donde se comparten risas, historias y un mismo objetivo: ayudar a quienes est\u00e1n en situaci\u00f3n de vulnerabilidad.<\/p>\n\n\n\n<p><br>L<strong>a \u00fanica constancia: el compromiso<\/strong><\/p>\n\n\n\n<p><br>El compromiso de las vecinas y de la comunidad es fundamental para que este proyecto se lleve a cabo. Cada cuadrado tejido es un paso hacia la meta de confeccionar mantas que ser\u00e1n donadas a ni\u00f1os y adultos mayores. La dedicaci\u00f3n y el esfuerzo de cada participante son la clave del \u00e9xito de esta iniciativa.<\/p>\n\n\n\n<p><br>El proyecto tiene metas y una fecha de inicio. Red de mantas dar\u00e1 su inicio con la Marat\u00f3n de Tejido el s\u00e1bado 16 de mayo desde las 14 hasta las 17 horas. Este a\u00f1o, el fr\u00edo nos sorprendi\u00f3 con las agujas a\u00fan en movimiento. Cuando comenzamos a organizarnos, la temperatura era superior a los 23\u00b0. Estamos recibiendo lanas y ropa en desuso para comenzar a tejer los primeros cuadraditos.<\/p>\n\n\n\n<p><br><strong>Un espacio para crear, compartir y multiplicar<\/strong><\/p>\n\n\n\n<p><br>La Asociaci\u00f3n Artiguista no solo es un lugar de encuentro; tambi\u00e9n se comparten historias de vida. La pasi\u00f3n por el tejido forma parte del d\u00eda a d\u00eda de muchas mujeres. Lo hacen en sus casas, en encuentros con otras mujeres e incluso cuando viajan.<br>El mensaje es claro: ayudar es posible desde lo que cada uno sabe hacer. Coser, tejer, cocinar, cebar un mate o simplemente acompa\u00f1ar. Para la ONG, todo suma. La idea es contagiar esta voluntad de ayudar desde lo que cada uno sabe hacer. Porque en tiempos de crisis, tejer tambi\u00e9n puede ser una forma de resistir y acompa\u00f1ar. En un pa\u00eds golpeado por la crisis econ\u00f3mica, donde miles de personas pasan las fr\u00edas noches de invierno sin abrigo, estas mujeres demuestran que la solidaridad tambi\u00e9n se puede tejer.<\/p>\n\n\n\n<p><br>Los invitamos a colaborar con cuadrados de tela o tejidos de 20\u00d720 cm para confeccionar mantas que ser\u00e1n donadas a ni\u00f1os y adultos mayores de Puerto Yeru\u00e1. Tambi\u00e9n pueden acercarnos retazos de tela o lanas para tejer. Cualquier consulta pueden comunicarse al tel\u00e9fono <strong>345 4 096 619<\/strong> o a trav\u00e9s de nuestras redes. \u00a1Por un invierno m\u00e1s abrigado! <\/p>\n","protected":false},"excerpt":{"rendered":"<p>Red de Mantas es la nueva propuesta para este oto\u00f1o-invierno que lleva adelante la Asociaci\u00f3n Artiguista en Puerto Yeru\u00e1. La idea es fabricar mantas con lanas y telas recicladas para personas en situaci\u00f3n de vulnerabilidad, sobre todo para ni\u00f1os y adultos mayores. Para ello, se convoc\u00f3 a tres vecinas que saben del oficio de la [&hellip;]<\/p>\n","protected":false},"author":2,"featured_media":8330,"comment_status":"open","ping_status":"open","sticky":false,"template":"","format":"standard","meta":{"footnotes":""},"categories":[19,16],"tags":[],"class_list":{"0":"post-8329","1":"post","2":"type-post","3":"status-publish","4":"format-standard","5":"has-post-thumbnail","7":"category-interes-general","8":"category-locales"},"yoast_head":"<!-- This site is optimized with the Yoast SEO plugin v27.4 - https:\/\/yoast.com\/product\/yoast-seo-wordpress\/ -->\n<title>Se pone en marcha la Red de Mantas en Puerto Yeru\u00e1 - Diario del Sur<\/title>\n<meta name=\"robots\" content=\"index, follow, max-snippet:-1, max-image-preview:large, max-video-preview:-1\" \/>\n<link rel=\"canonical\" href=\"https:\/\/diariodelsurdigital.com.ar\/?p=8329\" \/>\n<meta property=\"og:locale\" content=\"es_ES\" \/>\n<meta property=\"og:type\" content=\"article\" \/>\n<meta property=\"og:title\" content=\"Se pone en marcha la Red de Mantas en Puerto Yeru\u00e1 - Diario del Sur\" \/>\n<meta property=\"og:description\" content=\"Red de Mantas es la nueva propuesta para este oto\u00f1o-invierno que lleva adelante la Asociaci\u00f3n Artiguista en Puerto Yeru\u00e1. La idea es fabricar mantas con lanas y telas recicladas para personas en situaci\u00f3n de vulnerabilidad, sobre todo para ni\u00f1os y adultos mayores. Para ello, se convoc\u00f3 a tres vecinas que saben del oficio de la [&hellip;]\" \/>\n<meta property=\"og:url\" content=\"https:\/\/diariodelsurdigital.com.ar\/?p=8329\" \/>\n<meta property=\"og:site_name\" content=\"Diario del Sur\" \/>\n<meta property=\"article:published_time\" content=\"2026-05-01T01:44:55+00:00\" \/>\n<meta property=\"og:image\" content=\"https:\/\/diariodelsurdigital.com.ar\/wp-content\/uploads\/2026\/04\/WhatsApp-Image-2026-04-29-at-19.07.45.jpeg\" \/>\n\t<meta property=\"og:image:width\" content=\"552\" \/>\n\t<meta property=\"og:image:height\" content=\"378\" \/>\n\t<meta property=\"og:image:type\" content=\"image\/jpeg\" \/>\n<meta name=\"author\" content=\"Diario del Sur Digital\" \/>\n<meta name=\"twitter:card\" content=\"summary_large_image\" \/>\n<meta name=\"twitter:label1\" content=\"Escrito por\" \/>\n\t<meta name=\"twitter:data1\" content=\"Diario del Sur Digital\" \/>\n\t<meta name=\"twitter:label2\" content=\"Tiempo de lectura\" \/>\n\t<meta name=\"twitter:data2\" content=\"5 minutos\" \/>\n<script type=\"application\/ld+json\" class=\"yoast-schema-graph\">{\"@context\":\"https:\\\/\\\/schema.org\",\"@graph\":[{\"@type\":\"Article\",\"@id\":\"https:\\\/\\\/diariodelsurdigital.com.ar\\\/?p=8329#article\",\"isPartOf\":{\"@id\":\"https:\\\/\\\/diariodelsurdigital.com.ar\\\/?p=8329\"},\"author\":{\"name\":\"Diario del Sur Digital\",\"@id\":\"https:\\\/\\\/diariodelsurdigital.com.ar\\\/#\\\/schema\\\/person\\\/6136a32571657f7dba980b88b04c5465\"},\"headline\":\"Se pone en marcha la Red de Mantas en Puerto Yeru\u00e1\",\"datePublished\":\"2026-05-01T01:44:55+00:00\",\"mainEntityOfPage\":{\"@id\":\"https:\\\/\\\/diariodelsurdigital.com.ar\\\/?p=8329\"},\"wordCount\":923,\"commentCount\":0,\"image\":{\"@id\":\"https:\\\/\\\/diariodelsurdigital.com.ar\\\/?p=8329#primaryimage\"},\"thumbnailUrl\":\"https:\\\/\\\/diariodelsurdigital.com.ar\\\/wp-content\\\/uploads\\\/2026\\\/04\\\/WhatsApp-Image-2026-04-29-at-19.07.45.jpeg\",\"articleSection\":[\"Inter\u00e9s General\",\"Locales\"],\"inLanguage\":\"es\",\"potentialAction\":[{\"@type\":\"CommentAction\",\"name\":\"Comment\",\"target\":[\"https:\\\/\\\/diariodelsurdigital.com.ar\\\/?p=8329#respond\"]}]},{\"@type\":\"WebPage\",\"@id\":\"https:\\\/\\\/diariodelsurdigital.com.ar\\\/?p=8329\",\"url\":\"https:\\\/\\\/diariodelsurdigital.com.ar\\\/?p=8329\",\"name\":\"Se pone en marcha la Red de Mantas en Puerto Yeru\u00e1 - Diario del Sur\",\"isPartOf\":{\"@id\":\"https:\\\/\\\/diariodelsurdigital.com.ar\\\/#website\"},\"primaryImageOfPage\":{\"@id\":\"https:\\\/\\\/diariodelsurdigital.com.ar\\\/?p=8329#primaryimage\"},\"image\":{\"@id\":\"https:\\\/\\\/diariodelsurdigital.com.ar\\\/?p=8329#primaryimage\"},\"thumbnailUrl\":\"https:\\\/\\\/diariodelsurdigital.com.ar\\\/wp-content\\\/uploads\\\/2026\\\/04\\\/WhatsApp-Image-2026-04-29-at-19.07.45.jpeg\",\"datePublished\":\"2026-05-01T01:44:55+00:00\",\"author\":{\"@id\":\"https:\\\/\\\/diariodelsurdigital.com.ar\\\/#\\\/schema\\\/person\\\/6136a32571657f7dba980b88b04c5465\"},\"breadcrumb\":{\"@id\":\"https:\\\/\\\/diariodelsurdigital.com.ar\\\/?p=8329#breadcrumb\"},\"inLanguage\":\"es\",\"potentialAction\":[{\"@type\":\"ReadAction\",\"target\":[\"https:\\\/\\\/diariodelsurdigital.com.ar\\\/?p=8329\"]}]},{\"@type\":\"ImageObject\",\"inLanguage\":\"es\",\"@id\":\"https:\\\/\\\/diariodelsurdigital.com.ar\\\/?p=8329#primaryimage\",\"url\":\"https:\\\/\\\/diariodelsurdigital.com.ar\\\/wp-content\\\/uploads\\\/2026\\\/04\\\/WhatsApp-Image-2026-04-29-at-19.07.45.jpeg\",\"contentUrl\":\"https:\\\/\\\/diariodelsurdigital.com.ar\\\/wp-content\\\/uploads\\\/2026\\\/04\\\/WhatsApp-Image-2026-04-29-at-19.07.45.jpeg\",\"width\":552,\"height\":378},{\"@type\":\"BreadcrumbList\",\"@id\":\"https:\\\/\\\/diariodelsurdigital.com.ar\\\/?p=8329#breadcrumb\",\"itemListElement\":[{\"@type\":\"ListItem\",\"position\":1,\"name\":\"Portada\",\"item\":\"https:\\\/\\\/diariodelsurdigital.com.ar\\\/\"},{\"@type\":\"ListItem\",\"position\":2,\"name\":\"Se pone en marcha la Red de Mantas en Puerto Yeru\u00e1\"}]},{\"@type\":\"WebSite\",\"@id\":\"https:\\\/\\\/diariodelsurdigital.com.ar\\\/#website\",\"url\":\"https:\\\/\\\/diariodelsurdigital.com.ar\\\/\",\"name\":\"Diario del Sur\",\"description\":\"Digital\",\"potentialAction\":[{\"@type\":\"SearchAction\",\"target\":{\"@type\":\"EntryPoint\",\"urlTemplate\":\"https:\\\/\\\/diariodelsurdigital.com.ar\\\/?s={search_term_string}\"},\"query-input\":{\"@type\":\"PropertyValueSpecification\",\"valueRequired\":true,\"valueName\":\"search_term_string\"}}],\"inLanguage\":\"es\"},{\"@type\":\"Person\",\"@id\":\"https:\\\/\\\/diariodelsurdigital.com.ar\\\/#\\\/schema\\\/person\\\/6136a32571657f7dba980b88b04c5465\",\"name\":\"Diario del Sur Digital\",\"image\":{\"@type\":\"ImageObject\",\"inLanguage\":\"es\",\"@id\":\"https:\\\/\\\/secure.gravatar.com\\\/avatar\\\/4c29ceac98541dd42460b2474aaa5dd37594d6ce6cb3cf2c101d09b48ee287ba?s=96&d=mm&r=g\",\"url\":\"https:\\\/\\\/secure.gravatar.com\\\/avatar\\\/4c29ceac98541dd42460b2474aaa5dd37594d6ce6cb3cf2c101d09b48ee287ba?s=96&d=mm&r=g\",\"contentUrl\":\"https:\\\/\\\/secure.gravatar.com\\\/avatar\\\/4c29ceac98541dd42460b2474aaa5dd37594d6ce6cb3cf2c101d09b48ee287ba?s=96&d=mm&r=g\",\"caption\":\"Diario del Sur Digital\"},\"url\":\"https:\\\/\\\/diariodelsurdigital.com.ar\\\/?author=2\"}]}<\/script>\n<!-- \/ Yoast SEO plugin. -->","yoast_head_json":{"title":"Se pone en marcha la Red de Mantas en Puerto Yeru\u00e1 - Diario del Sur","robots":{"index":"index","follow":"follow","max-snippet":"max-snippet:-1","max-image-preview":"max-image-preview:large","max-video-preview":"max-video-preview:-1"},"canonical":"https:\/\/diariodelsurdigital.com.ar\/?p=8329","og_locale":"es_ES","og_type":"article","og_title":"Se pone en marcha la Red de Mantas en Puerto Yeru\u00e1 - Diario del Sur","og_description":"Red de Mantas es la nueva propuesta para este oto\u00f1o-invierno que lleva adelante la Asociaci\u00f3n Artiguista en Puerto Yeru\u00e1. La idea es fabricar mantas con lanas y telas recicladas para personas en situaci\u00f3n de vulnerabilidad, sobre todo para ni\u00f1os y adultos mayores. Para ello, se convoc\u00f3 a tres vecinas que saben del oficio de la [&hellip;]","og_url":"https:\/\/diariodelsurdigital.com.ar\/?p=8329","og_site_name":"Diario del Sur","article_published_time":"2026-05-01T01:44:55+00:00","og_image":[{"width":552,"height":378,"url":"https:\/\/diariodelsurdigital.com.ar\/wp-content\/uploads\/2026\/04\/WhatsApp-Image-2026-04-29-at-19.07.45.jpeg","type":"image\/jpeg"}],"author":"Diario del Sur Digital","twitter_card":"summary_large_image","twitter_misc":{"Escrito por":"Diario del Sur Digital","Tiempo de lectura":"5 minutos"},"schema":{"@context":"https:\/\/schema.org","@graph":[{"@type":"Article","@id":"https:\/\/diariodelsurdigital.com.ar\/?p=8329#article","isPartOf":{"@id":"https:\/\/diariodelsurdigital.com.ar\/?p=8329"},"author":{"name":"Diario del Sur Digital","@id":"https:\/\/diariodelsurdigital.com.ar\/#\/schema\/person\/6136a32571657f7dba980b88b04c5465"},"headline":"Se pone en marcha la Red de Mantas en Puerto Yeru\u00e1","datePublished":"2026-05-01T01:44:55+00:00","mainEntityOfPage":{"@id":"https:\/\/diariodelsurdigital.com.ar\/?p=8329"},"wordCount":923,"commentCount":0,"image":{"@id":"https:\/\/diariodelsurdigital.com.ar\/?p=8329#primaryimage"},"thumbnailUrl":"https:\/\/diariodelsurdigital.com.ar\/wp-content\/uploads\/2026\/04\/WhatsApp-Image-2026-04-29-at-19.07.45.jpeg","articleSection":["Inter\u00e9s General","Locales"],"inLanguage":"es","potentialAction":[{"@type":"CommentAction","name":"Comment","target":["https:\/\/diariodelsurdigital.com.ar\/?p=8329#respond"]}]},{"@type":"WebPage","@id":"https:\/\/diariodelsurdigital.com.ar\/?p=8329","url":"https:\/\/diariodelsurdigital.com.ar\/?p=8329","name":"Se pone en marcha la Red de Mantas en Puerto Yeru\u00e1 - Diario del Sur","isPartOf":{"@id":"https:\/\/diariodelsurdigital.com.ar\/#website"},"primaryImageOfPage":{"@id":"https:\/\/diariodelsurdigital.com.ar\/?p=8329#primaryimage"},"image":{"@id":"https:\/\/diariodelsurdigital.com.ar\/?p=8329#primaryimage"},"thumbnailUrl":"https:\/\/diariodelsurdigital.com.ar\/wp-content\/uploads\/2026\/04\/WhatsApp-Image-2026-04-29-at-19.07.45.jpeg","datePublished":"2026-05-01T01:44:55+00:00","author":{"@id":"https:\/\/diariodelsurdigital.com.ar\/#\/schema\/person\/6136a32571657f7dba980b88b04c5465"},"breadcrumb":{"@id":"https:\/\/diariodelsurdigital.com.ar\/?p=8329#breadcrumb"},"inLanguage":"es","potentialAction":[{"@type":"ReadAction","target":["https:\/\/diariodelsurdigital.com.ar\/?p=8329"]}]},{"@type":"ImageObject","inLanguage":"es","@id":"https:\/\/diariodelsurdigital.com.ar\/?p=8329#primaryimage","url":"https:\/\/diariodelsurdigital.com.ar\/wp-content\/uploads\/2026\/04\/WhatsApp-Image-2026-04-29-at-19.07.45.jpeg","contentUrl":"https:\/\/diariodelsurdigital.com.ar\/wp-content\/uploads\/2026\/04\/WhatsApp-Image-2026-04-29-at-19.07.45.jpeg","width":552,"height":378},{"@type":"BreadcrumbList","@id":"https:\/\/diariodelsurdigital.com.ar\/?p=8329#breadcrumb","itemListElement":[{"@type":"ListItem","position":1,"name":"Portada","item":"https:\/\/diariodelsurdigital.com.ar\/"},{"@type":"ListItem","position":2,"name":"Se pone en marcha la Red de Mantas en Puerto Yeru\u00e1"}]},{"@type":"WebSite","@id":"https:\/\/diariodelsurdigital.com.ar\/#website","url":"https:\/\/diariodelsurdigital.com.ar\/","name":"Diario del Sur","description":"Digital","potentialAction":[{"@type":"SearchAction","target":{"@type":"EntryPoint","urlTemplate":"https:\/\/diariodelsurdigital.com.ar\/?s={search_term_string}"},"query-input":{"@type":"PropertyValueSpecification","valueRequired":true,"valueName":"search_term_string"}}],"inLanguage":"es"},{"@type":"Person","@id":"https:\/\/diariodelsurdigital.com.ar\/#\/schema\/person\/6136a32571657f7dba980b88b04c5465","name":"Diario del Sur Digital","image":{"@type":"ImageObject","inLanguage":"es","@id":"https:\/\/secure.gravatar.com\/avatar\/4c29ceac98541dd42460b2474aaa5dd37594d6ce6cb3cf2c101d09b48ee287ba?s=96&d=mm&r=g","url":"https:\/\/secure.gravatar.com\/avatar\/4c29ceac98541dd42460b2474aaa5dd37594d6ce6cb3cf2c101d09b48ee287ba?s=96&d=mm&r=g","contentUrl":"https:\/\/secure.gravatar.com\/avatar\/4c29ceac98541dd42460b2474aaa5dd37594d6ce6cb3cf2c101d09b48ee287ba?s=96&d=mm&r=g","caption":"Diario del Sur Digital"},"url":"https:\/\/diariodelsurdigital.com.ar\/?author=2"}]}},"_links":{"self":[{"href":"https:\/\/diariodelsurdigital.com.ar\/index.php?rest_route=\/wp\/v2\/posts\/8329","targetHints":{"allow":["GET"]}}],"collection":[{"href":"https:\/\/diariodelsurdigital.com.ar\/index.php?rest_route=\/wp\/v2\/posts"}],"about":[{"href":"https:\/\/diariodelsurdigital.com.ar\/index.php?rest_route=\/wp\/v2\/types\/post"}],"author":[{"embeddable":true,"href":"https:\/\/diariodelsurdigital.com.ar\/index.php?rest_route=\/wp\/v2\/users\/2"}],"replies":[{"embeddable":true,"href":"https:\/\/diariodelsurdigital.com.ar\/index.php?rest_route=%2Fwp%2Fv2%2Fcomments&post=8329"}],"version-history":[{"count":1,"href":"https:\/\/diariodelsurdigital.com.ar\/index.php?rest_route=\/wp\/v2\/posts\/8329\/revisions"}],"predecessor-version":[{"id":8331,"href":"https:\/\/diariodelsurdigital.com.ar\/index.php?rest_route=\/wp\/v2\/posts\/8329\/revisions\/8331"}],"wp:featuredmedia":[{"embeddable":true,"href":"https:\/\/diariodelsurdigital.com.ar\/index.php?rest_route=\/wp\/v2\/media\/8330"}],"wp:attachment":[{"href":"https:\/\/diariodelsurdigital.com.ar\/index.php?rest_route=%2Fwp%2Fv2%2Fmedia&parent=8329"}],"wp:term":[{"taxonomy":"category","embeddable":true,"href":"https:\/\/diariodelsurdigital.com.ar\/index.php?rest_route=%2Fwp%2Fv2%2Fcategories&post=8329"},{"taxonomy":"post_tag","embeddable":true,"href":"https:\/\/diariodelsurdigital.com.ar\/index.php?rest_route=%2Fwp%2Fv2%2Ftags&post=8329"}],"curies":[{"name":"wp","href":"https:\/\/api.w.org\/{rel}","templated":true}]}}