{"id":8332,"date":"2026-05-01T20:20:10","date_gmt":"2026-05-01T23:20:10","guid":{"rendered":"https:\/\/diariodelsurdigital.com.ar\/?p=8332"},"modified":"2026-05-01T20:20:11","modified_gmt":"2026-05-01T23:20:11","slug":"peronismo-concordiense-mucho-ruido-y-pocas-nueces-mucha-rosca-y-nada-de-territorio","status":"publish","type":"post","link":"https:\/\/diariodelsurdigital.com.ar\/?p=8332","title":{"rendered":"Peronismo concordiense: \u201cMucho ruido y pocas nueces, mucha rosca y nada de territorio\u201d"},"content":{"rendered":"\n<p><strong>Por Ruben Bonelli (Congresal del PJ)<\/strong><\/p>\n\n\n\n<p><strong>La verdad es la \u00fanica realidad<\/strong><\/p>\n\n\n\n<p><em>Del otro lado de la reja est\u00e1 la realidad, de<br>este lado de la reja tambi\u00e9n est\u00e1<br>la realidad; la \u00fanica irreal<br>es la reja; la libertad es real aunque no se sabe&nbsp;bien<br>si pertenece al mundo de los vivos, al<br>mundo de los muertos, al mundo de las<br>fantas\u00edas o al mundo de la vigilia, al<br>de la explotaci\u00f3n o de la producci\u00f3n.<\/em><\/p>\n\n\n\n<p>Fragmento de un poema escrito por Paco Urondo desde la c\u00e1rcel en 1973.<\/p>\n\n\n\n<p>Desde cuando comenz\u00f3 esa reja imaginaria que impide esa simbiosis entre lo que fuera ese universo militante barrial, ese territorio que fuera el laboratorio de aquellos que milit\u00e1bamos y el de aquellos compa\u00f1eros que, por un orden natural, en esa pr\u00e1ctica, los mejores que sal\u00edan de esas filas nos conduc\u00edan.<\/p>\n\n\n\n<p>\u00bfQu\u00e9 pas\u00f3? \u00bfQu\u00e9 pas\u00f3, para que un movimiento pol\u00edtico que era din\u00e1mico y aplastante a la hora de dirimir elecciones en Concordia, haya quedado reducido a la m\u00ednima expresi\u00f3n? Ni hablar del Consejo Departamental, que qued\u00f3 a merced de una interna inentendible para lo que queda de esa gloriosa militancia que supo catapultar a gobernadores y funcionarios de primera l\u00ednea en las esferas nacionales en un tiempo. Porque Concordia tuvo eso. Fue la que siempre salv\u00f3 las papas a la hora de contar los votos, para que el peronismo triunfe en la provincia varias veces.<\/p>\n\n\n\n<p>Ac\u00e1 no se trata de echar culpas, pero si de responsabilidades hablamos, mas de uno de los que fueron y quieren volver, son los mismos que contribuyeron al anquilosamiento de ese movimiento concordiense peronista que insisto, se nutr\u00eda del trabajo territorial y que en esa praxis, los que ten\u00edan las responsabilidades en el Estado, desde el gobernador hasta el \u00faltimo funcionario, ten\u00edan un diagn\u00f3stico acertado y una organizaci\u00f3n capaz de dar soluciones r\u00e1pidas a la demanda de la sociedad al momento que lo requer\u00eda.<\/p>\n\n\n\n<p><strong>La Reja<\/strong><\/p>\n\n\n\n<p>Lo que queda meridianamente claro, es que a ese divorcio entre la dirigencia y la militancia peronista y en general el Pueblo, se fue dando a lo largo de estos 25 a\u00f1os. Un cuarto de siglo, en donde mediante la rosca y la confecci\u00f3n de las listas a dedo por parte de dirigentes deshonestos, fue la herramienta que fue construyendo esa reja que hoy separa a lo que queda de esa militancia y sus insaciables dirigentes.<\/p>\n\n\n\n<p>Para muestra sobra un bot\u00f3n. \u00bfO a caso hubo elecciones internas libres en el PJ Entre R\u00edos en estos \u00faltimos 25 a\u00f1os? \u00bfO cada departamento de Entre R\u00edos eligi\u00f3 en forma directa a sus candidatos a senadores o diputados? Hace unas tres d\u00e9cadas, cada sector o seccionales de Concordia eleg\u00edan libremente en forma directa y mediante el voto por asambleas a sus precandidatos a concejales. Lo mismo ocurr\u00eda en el resto de los departamentos.<\/p>\n\n\n\n<p><strong>Los p\u00edcaros del consenso<\/strong><\/p>\n\n\n\n<p>Para que todo esto ocurriera, la dirigencia se sirvi\u00f3 de lo que se denomin\u00f3 \u201cconsenso\u201d. Que consist\u00eda y hasta dir\u00eda consisti\u00f3, hasta la \u00faltima elecci\u00f3n de medio t\u00e9rmino en esgrimir que, para que no haya una pelea dura entre sectores, era mejor que los dirigentes se reunieran para \u201cconsensuar\u201d, o sea, para poner <strong>el dedo<\/strong> a personas de sus entornos inmediatos, sin hablar, de que algunas eran parientes o hasta sus mismas esposas o amantes. Todo eso fue hartando a una militancia, que iba perdiendo a su vez poder adquisitivo debido a las pol\u00edticas de orden nacional y que se fue profundizando en los \u00faltimos diez a\u00f1os.<\/p>\n\n\n\n<p><strong>Los carros delante del caballo<\/strong><\/p>\n\n\n\n<p>En este escenario de crueldad, hambruna, precarizaci\u00f3n y desocupaci\u00f3n que viven ingentes sectores de la sociedad y los concordienses en particular con el gobierno insensible del intendente Azcu\u00e9, es necesario rever algunas de estas pr\u00e1cticas que llevaron a que se profundice el divorcio entre dirigentes y militantes. Para volver a creer, se necesita estar en donde hay que estar como peronistas. Estar en donde hay una necesidad. Estar con el que sufre. Tender una mano y un abrazo a aquellos que est\u00e1n solos y esperan. Nuestro paso inmediato es con el Pueblo. Es con el otro. Con un o\u00eddo en el Pueblo, escuchando lo que demandan y con el otro, en lo que dictan nuestras convicciones.<\/p>\n\n\n\n<p>De nada sirve tirar nombres a concejales, diputados, senadores en las redes sociales. De nada sirven las individualidades. Lo que sirve es la organizaci\u00f3n, que vence al tiempo. Lo que sirve es la planificaci\u00f3n. Lo que sirve es juntarse para diagramar qu\u00e9 quieren los concordienses y qu\u00e9 queremos nosotros. Lo que sirve es juntarse, m\u00e1s all\u00e1 de las diferencias internas y de sectores. Poner al peronismo de Concordia nuevamente de pie. Hacerlo por quienes nos precedieron y que ofrendaron hasta sus vidas para ver una Concordia con justicia social. Por ellos, por nuestros jubilados apaleados, por nuestros discapacitados despojados de sus derechos, por el ni\u00f1o que reclama a su madre por un vaso de leche todos los d\u00edas. Por los que quedaron sin trabajo. Por los trabajadores municipales que en forma compulsiva fueron trasladados y se descomponen al ver que en sus recibos perdieron m\u00e1s de la mitad de sus haberes. Por ellos y ellas. S\u00ed, por esos ni\u00f1os que est\u00e1n dando sus primeros pasos en la vida y que nada saben todav\u00eda de recortes y crisis, pero saben perfectamente lo que es el dolor de sus pancitas cuando no tienen ni un pedazo de pan que los calme. Por todos ellos y tambi\u00e9n porque no nosotros tambi\u00e9n que tenemos y seguiremos teniendo la dura responsabilidad de ser peronistas\u2026<\/p>\n\n\n\n<figure class=\"wp-block-image size-full is-resized\"><img loading=\"lazy\" decoding=\"async\" width=\"640\" height=\"410\" src=\"https:\/\/diariodelsurdigital.com.ar\/wp-content\/uploads\/2026\/05\/ninos-pidiendo.jpg\" alt=\"\" class=\"wp-image-8334\" style=\"width:424px;height:auto\" srcset=\"https:\/\/diariodelsurdigital.com.ar\/wp-content\/uploads\/2026\/05\/ninos-pidiendo.jpg 640w, https:\/\/diariodelsurdigital.com.ar\/wp-content\/uploads\/2026\/05\/ninos-pidiendo-300x192.jpg 300w\" sizes=\"auto, (max-width: 640px) 100vw, 640px\" \/><\/figure>\n","protected":false},"excerpt":{"rendered":"<p>Por Ruben Bonelli (Congresal del PJ) La verdad es la \u00fanica realidad Del otro lado de la reja est\u00e1 la realidad, deeste lado de la reja tambi\u00e9n est\u00e1la realidad; la \u00fanica irreales la reja; la libertad es real aunque no se sabe&nbsp;biensi pertenece al mundo de los vivos, almundo de los muertos, al mundo de [&hellip;]<\/p>\n","protected":false},"author":2,"featured_media":8333,"comment_status":"open","ping_status":"open","sticky":false,"template":"","format":"standard","meta":{"footnotes":""},"categories":[16,22],"tags":[],"class_list":{"0":"post-8332","1":"post","2":"type-post","3":"status-publish","4":"format-standard","5":"has-post-thumbnail","7":"category-locales","8":"category-politica"},"yoast_head":"<!-- This site is optimized with the Yoast SEO plugin v27.4 - https:\/\/yoast.com\/product\/yoast-seo-wordpress\/ -->\n<title>Peronismo concordiense: \u201cMucho ruido y pocas nueces, mucha rosca y nada de territorio\u201d - Diario del Sur<\/title>\n<meta name=\"robots\" content=\"index, follow, max-snippet:-1, max-image-preview:large, max-video-preview:-1\" \/>\n<link rel=\"canonical\" href=\"https:\/\/diariodelsurdigital.com.ar\/?p=8332\" \/>\n<meta property=\"og:locale\" content=\"es_ES\" \/>\n<meta property=\"og:type\" content=\"article\" \/>\n<meta property=\"og:title\" content=\"Peronismo concordiense: \u201cMucho ruido y pocas nueces, mucha rosca y nada de territorio\u201d - Diario del Sur\" \/>\n<meta property=\"og:description\" content=\"Por Ruben Bonelli (Congresal del PJ) La verdad es la \u00fanica realidad Del otro lado de la reja est\u00e1 la realidad, deeste lado de la reja tambi\u00e9n est\u00e1la realidad; la \u00fanica irreales la reja; la libertad es real aunque no se sabe&nbsp;biensi pertenece al mundo de los vivos, almundo de los muertos, al mundo de [&hellip;]\" \/>\n<meta property=\"og:url\" content=\"https:\/\/diariodelsurdigital.com.ar\/?p=8332\" \/>\n<meta property=\"og:site_name\" content=\"Diario del Sur\" \/>\n<meta property=\"article:published_time\" content=\"2026-05-01T23:20:10+00:00\" \/>\n<meta property=\"article:modified_time\" content=\"2026-05-01T23:20:11+00:00\" \/>\n<meta property=\"og:image\" content=\"https:\/\/diariodelsurdigital.com.ar\/wp-content\/uploads\/2026\/05\/15614.jpg\" \/>\n\t<meta property=\"og:image:width\" content=\"512\" \/>\n\t<meta property=\"og:image:height\" content=\"288\" \/>\n\t<meta property=\"og:image:type\" content=\"image\/jpeg\" \/>\n<meta name=\"author\" content=\"Diario del Sur Digital\" \/>\n<meta name=\"twitter:card\" content=\"summary_large_image\" \/>\n<meta name=\"twitter:label1\" content=\"Escrito por\" \/>\n\t<meta name=\"twitter:data1\" content=\"Diario del Sur Digital\" \/>\n\t<meta name=\"twitter:label2\" content=\"Tiempo de lectura\" \/>\n\t<meta name=\"twitter:data2\" content=\"5 minutos\" \/>\n<script type=\"application\/ld+json\" class=\"yoast-schema-graph\">{\"@context\":\"https:\\\/\\\/schema.org\",\"@graph\":[{\"@type\":\"Article\",\"@id\":\"https:\\\/\\\/diariodelsurdigital.com.ar\\\/?p=8332#article\",\"isPartOf\":{\"@id\":\"https:\\\/\\\/diariodelsurdigital.com.ar\\\/?p=8332\"},\"author\":{\"name\":\"Diario del Sur Digital\",\"@id\":\"https:\\\/\\\/diariodelsurdigital.com.ar\\\/#\\\/schema\\\/person\\\/6136a32571657f7dba980b88b04c5465\"},\"headline\":\"Peronismo concordiense: \u201cMucho ruido y pocas nueces, mucha rosca y nada de territorio\u201d\",\"datePublished\":\"2026-05-01T23:20:10+00:00\",\"dateModified\":\"2026-05-01T23:20:11+00:00\",\"mainEntityOfPage\":{\"@id\":\"https:\\\/\\\/diariodelsurdigital.com.ar\\\/?p=8332\"},\"wordCount\":981,\"commentCount\":0,\"image\":{\"@id\":\"https:\\\/\\\/diariodelsurdigital.com.ar\\\/?p=8332#primaryimage\"},\"thumbnailUrl\":\"https:\\\/\\\/diariodelsurdigital.com.ar\\\/wp-content\\\/uploads\\\/2026\\\/05\\\/15614.jpg\",\"articleSection\":[\"Locales\",\"Pol\u00edtica\"],\"inLanguage\":\"es\",\"potentialAction\":[{\"@type\":\"CommentAction\",\"name\":\"Comment\",\"target\":[\"https:\\\/\\\/diariodelsurdigital.com.ar\\\/?p=8332#respond\"]}]},{\"@type\":\"WebPage\",\"@id\":\"https:\\\/\\\/diariodelsurdigital.com.ar\\\/?p=8332\",\"url\":\"https:\\\/\\\/diariodelsurdigital.com.ar\\\/?p=8332\",\"name\":\"Peronismo concordiense: \u201cMucho ruido y pocas nueces, mucha rosca y nada de territorio\u201d - Diario del Sur\",\"isPartOf\":{\"@id\":\"https:\\\/\\\/diariodelsurdigital.com.ar\\\/#website\"},\"primaryImageOfPage\":{\"@id\":\"https:\\\/\\\/diariodelsurdigital.com.ar\\\/?p=8332#primaryimage\"},\"image\":{\"@id\":\"https:\\\/\\\/diariodelsurdigital.com.ar\\\/?p=8332#primaryimage\"},\"thumbnailUrl\":\"https:\\\/\\\/diariodelsurdigital.com.ar\\\/wp-content\\\/uploads\\\/2026\\\/05\\\/15614.jpg\",\"datePublished\":\"2026-05-01T23:20:10+00:00\",\"dateModified\":\"2026-05-01T23:20:11+00:00\",\"author\":{\"@id\":\"https:\\\/\\\/diariodelsurdigital.com.ar\\\/#\\\/schema\\\/person\\\/6136a32571657f7dba980b88b04c5465\"},\"breadcrumb\":{\"@id\":\"https:\\\/\\\/diariodelsurdigital.com.ar\\\/?p=8332#breadcrumb\"},\"inLanguage\":\"es\",\"potentialAction\":[{\"@type\":\"ReadAction\",\"target\":[\"https:\\\/\\\/diariodelsurdigital.com.ar\\\/?p=8332\"]}]},{\"@type\":\"ImageObject\",\"inLanguage\":\"es\",\"@id\":\"https:\\\/\\\/diariodelsurdigital.com.ar\\\/?p=8332#primaryimage\",\"url\":\"https:\\\/\\\/diariodelsurdigital.com.ar\\\/wp-content\\\/uploads\\\/2026\\\/05\\\/15614.jpg\",\"contentUrl\":\"https:\\\/\\\/diariodelsurdigital.com.ar\\\/wp-content\\\/uploads\\\/2026\\\/05\\\/15614.jpg\",\"width\":512,\"height\":288},{\"@type\":\"BreadcrumbList\",\"@id\":\"https:\\\/\\\/diariodelsurdigital.com.ar\\\/?p=8332#breadcrumb\",\"itemListElement\":[{\"@type\":\"ListItem\",\"position\":1,\"name\":\"Portada\",\"item\":\"https:\\\/\\\/diariodelsurdigital.com.ar\\\/\"},{\"@type\":\"ListItem\",\"position\":2,\"name\":\"Peronismo concordiense: \u201cMucho ruido y pocas nueces, mucha rosca y nada de territorio\u201d\"}]},{\"@type\":\"WebSite\",\"@id\":\"https:\\\/\\\/diariodelsurdigital.com.ar\\\/#website\",\"url\":\"https:\\\/\\\/diariodelsurdigital.com.ar\\\/\",\"name\":\"Diario del Sur\",\"description\":\"Digital\",\"potentialAction\":[{\"@type\":\"SearchAction\",\"target\":{\"@type\":\"EntryPoint\",\"urlTemplate\":\"https:\\\/\\\/diariodelsurdigital.com.ar\\\/?s={search_term_string}\"},\"query-input\":{\"@type\":\"PropertyValueSpecification\",\"valueRequired\":true,\"valueName\":\"search_term_string\"}}],\"inLanguage\":\"es\"},{\"@type\":\"Person\",\"@id\":\"https:\\\/\\\/diariodelsurdigital.com.ar\\\/#\\\/schema\\\/person\\\/6136a32571657f7dba980b88b04c5465\",\"name\":\"Diario del Sur Digital\",\"image\":{\"@type\":\"ImageObject\",\"inLanguage\":\"es\",\"@id\":\"https:\\\/\\\/secure.gravatar.com\\\/avatar\\\/4c29ceac98541dd42460b2474aaa5dd37594d6ce6cb3cf2c101d09b48ee287ba?s=96&d=mm&r=g\",\"url\":\"https:\\\/\\\/secure.gravatar.com\\\/avatar\\\/4c29ceac98541dd42460b2474aaa5dd37594d6ce6cb3cf2c101d09b48ee287ba?s=96&d=mm&r=g\",\"contentUrl\":\"https:\\\/\\\/secure.gravatar.com\\\/avatar\\\/4c29ceac98541dd42460b2474aaa5dd37594d6ce6cb3cf2c101d09b48ee287ba?s=96&d=mm&r=g\",\"caption\":\"Diario del Sur Digital\"},\"url\":\"https:\\\/\\\/diariodelsurdigital.com.ar\\\/?author=2\"}]}<\/script>\n<!-- \/ Yoast SEO plugin. -->","yoast_head_json":{"title":"Peronismo concordiense: \u201cMucho ruido y pocas nueces, mucha rosca y nada de territorio\u201d - Diario del Sur","robots":{"index":"index","follow":"follow","max-snippet":"max-snippet:-1","max-image-preview":"max-image-preview:large","max-video-preview":"max-video-preview:-1"},"canonical":"https:\/\/diariodelsurdigital.com.ar\/?p=8332","og_locale":"es_ES","og_type":"article","og_title":"Peronismo concordiense: \u201cMucho ruido y pocas nueces, mucha rosca y nada de territorio\u201d - Diario del Sur","og_description":"Por Ruben Bonelli (Congresal del PJ) La verdad es la \u00fanica realidad Del otro lado de la reja est\u00e1 la realidad, deeste lado de la reja tambi\u00e9n est\u00e1la realidad; la \u00fanica irreales la reja; la libertad es real aunque no se sabe&nbsp;biensi pertenece al mundo de los vivos, almundo de los muertos, al mundo de [&hellip;]","og_url":"https:\/\/diariodelsurdigital.com.ar\/?p=8332","og_site_name":"Diario del Sur","article_published_time":"2026-05-01T23:20:10+00:00","article_modified_time":"2026-05-01T23:20:11+00:00","og_image":[{"width":512,"height":288,"url":"https:\/\/diariodelsurdigital.com.ar\/wp-content\/uploads\/2026\/05\/15614.jpg","type":"image\/jpeg"}],"author":"Diario del Sur Digital","twitter_card":"summary_large_image","twitter_misc":{"Escrito por":"Diario del Sur Digital","Tiempo de lectura":"5 minutos"},"schema":{"@context":"https:\/\/schema.org","@graph":[{"@type":"Article","@id":"https:\/\/diariodelsurdigital.com.ar\/?p=8332#article","isPartOf":{"@id":"https:\/\/diariodelsurdigital.com.ar\/?p=8332"},"author":{"name":"Diario del Sur Digital","@id":"https:\/\/diariodelsurdigital.com.ar\/#\/schema\/person\/6136a32571657f7dba980b88b04c5465"},"headline":"Peronismo concordiense: \u201cMucho ruido y pocas nueces, mucha rosca y nada de territorio\u201d","datePublished":"2026-05-01T23:20:10+00:00","dateModified":"2026-05-01T23:20:11+00:00","mainEntityOfPage":{"@id":"https:\/\/diariodelsurdigital.com.ar\/?p=8332"},"wordCount":981,"commentCount":0,"image":{"@id":"https:\/\/diariodelsurdigital.com.ar\/?p=8332#primaryimage"},"thumbnailUrl":"https:\/\/diariodelsurdigital.com.ar\/wp-content\/uploads\/2026\/05\/15614.jpg","articleSection":["Locales","Pol\u00edtica"],"inLanguage":"es","potentialAction":[{"@type":"CommentAction","name":"Comment","target":["https:\/\/diariodelsurdigital.com.ar\/?p=8332#respond"]}]},{"@type":"WebPage","@id":"https:\/\/diariodelsurdigital.com.ar\/?p=8332","url":"https:\/\/diariodelsurdigital.com.ar\/?p=8332","name":"Peronismo concordiense: \u201cMucho ruido y pocas nueces, mucha rosca y nada de territorio\u201d - Diario del Sur","isPartOf":{"@id":"https:\/\/diariodelsurdigital.com.ar\/#website"},"primaryImageOfPage":{"@id":"https:\/\/diariodelsurdigital.com.ar\/?p=8332#primaryimage"},"image":{"@id":"https:\/\/diariodelsurdigital.com.ar\/?p=8332#primaryimage"},"thumbnailUrl":"https:\/\/diariodelsurdigital.com.ar\/wp-content\/uploads\/2026\/05\/15614.jpg","datePublished":"2026-05-01T23:20:10+00:00","dateModified":"2026-05-01T23:20:11+00:00","author":{"@id":"https:\/\/diariodelsurdigital.com.ar\/#\/schema\/person\/6136a32571657f7dba980b88b04c5465"},"breadcrumb":{"@id":"https:\/\/diariodelsurdigital.com.ar\/?p=8332#breadcrumb"},"inLanguage":"es","potentialAction":[{"@type":"ReadAction","target":["https:\/\/diariodelsurdigital.com.ar\/?p=8332"]}]},{"@type":"ImageObject","inLanguage":"es","@id":"https:\/\/diariodelsurdigital.com.ar\/?p=8332#primaryimage","url":"https:\/\/diariodelsurdigital.com.ar\/wp-content\/uploads\/2026\/05\/15614.jpg","contentUrl":"https:\/\/diariodelsurdigital.com.ar\/wp-content\/uploads\/2026\/05\/15614.jpg","width":512,"height":288},{"@type":"BreadcrumbList","@id":"https:\/\/diariodelsurdigital.com.ar\/?p=8332#breadcrumb","itemListElement":[{"@type":"ListItem","position":1,"name":"Portada","item":"https:\/\/diariodelsurdigital.com.ar\/"},{"@type":"ListItem","position":2,"name":"Peronismo concordiense: \u201cMucho ruido y pocas nueces, mucha rosca y nada de territorio\u201d"}]},{"@type":"WebSite","@id":"https:\/\/diariodelsurdigital.com.ar\/#website","url":"https:\/\/diariodelsurdigital.com.ar\/","name":"Diario del Sur","description":"Digital","potentialAction":[{"@type":"SearchAction","target":{"@type":"EntryPoint","urlTemplate":"https:\/\/diariodelsurdigital.com.ar\/?s={search_term_string}"},"query-input":{"@type":"PropertyValueSpecification","valueRequired":true,"valueName":"search_term_string"}}],"inLanguage":"es"},{"@type":"Person","@id":"https:\/\/diariodelsurdigital.com.ar\/#\/schema\/person\/6136a32571657f7dba980b88b04c5465","name":"Diario del Sur Digital","image":{"@type":"ImageObject","inLanguage":"es","@id":"https:\/\/secure.gravatar.com\/avatar\/4c29ceac98541dd42460b2474aaa5dd37594d6ce6cb3cf2c101d09b48ee287ba?s=96&d=mm&r=g","url":"https:\/\/secure.gravatar.com\/avatar\/4c29ceac98541dd42460b2474aaa5dd37594d6ce6cb3cf2c101d09b48ee287ba?s=96&d=mm&r=g","contentUrl":"https:\/\/secure.gravatar.com\/avatar\/4c29ceac98541dd42460b2474aaa5dd37594d6ce6cb3cf2c101d09b48ee287ba?s=96&d=mm&r=g","caption":"Diario del Sur Digital"},"url":"https:\/\/diariodelsurdigital.com.ar\/?author=2"}]}},"_links":{"self":[{"href":"https:\/\/diariodelsurdigital.com.ar\/index.php?rest_route=\/wp\/v2\/posts\/8332","targetHints":{"allow":["GET"]}}],"collection":[{"href":"https:\/\/diariodelsurdigital.com.ar\/index.php?rest_route=\/wp\/v2\/posts"}],"about":[{"href":"https:\/\/diariodelsurdigital.com.ar\/index.php?rest_route=\/wp\/v2\/types\/post"}],"author":[{"embeddable":true,"href":"https:\/\/diariodelsurdigital.com.ar\/index.php?rest_route=\/wp\/v2\/users\/2"}],"replies":[{"embeddable":true,"href":"https:\/\/diariodelsurdigital.com.ar\/index.php?rest_route=%2Fwp%2Fv2%2Fcomments&post=8332"}],"version-history":[{"count":1,"href":"https:\/\/diariodelsurdigital.com.ar\/index.php?rest_route=\/wp\/v2\/posts\/8332\/revisions"}],"predecessor-version":[{"id":8335,"href":"https:\/\/diariodelsurdigital.com.ar\/index.php?rest_route=\/wp\/v2\/posts\/8332\/revisions\/8335"}],"wp:featuredmedia":[{"embeddable":true,"href":"https:\/\/diariodelsurdigital.com.ar\/index.php?rest_route=\/wp\/v2\/media\/8333"}],"wp:attachment":[{"href":"https:\/\/diariodelsurdigital.com.ar\/index.php?rest_route=%2Fwp%2Fv2%2Fmedia&parent=8332"}],"wp:term":[{"taxonomy":"category","embeddable":true,"href":"https:\/\/diariodelsurdigital.com.ar\/index.php?rest_route=%2Fwp%2Fv2%2Fcategories&post=8332"},{"taxonomy":"post_tag","embeddable":true,"href":"https:\/\/diariodelsurdigital.com.ar\/index.php?rest_route=%2Fwp%2Fv2%2Ftags&post=8332"}],"curies":[{"name":"wp","href":"https:\/\/api.w.org\/{rel}","templated":true}]}}