{"id":835,"date":"2025-02-02T11:07:00","date_gmt":"2025-02-02T14:07:00","guid":{"rendered":"https:\/\/diariodelsurdigital.com.ar\/?p=835"},"modified":"2025-02-02T11:07:02","modified_gmt":"2025-02-02T14:07:02","slug":"la-marcha-antifascista-contra-milei-se-hizo-sentir-en-concordia","status":"publish","type":"post","link":"https:\/\/diariodelsurdigital.com.ar\/?p=835","title":{"rendered":"La Marcha Antifascista contra Milei se hizo sentir en Concordia"},"content":{"rendered":"\n<p>La movida estuvo encabezada por el movimiento LGBTIQ+, parti\u00f3 de Plaza Urquiza a las 19,40, al sonar de tambores de mujeres, seguida por gremios locales, partidos pol\u00edticos, movimientos sociales, vecinos, vecinas, j\u00f3venes, atravesada por las distintas clases sociales que compone el espectro concordiense.<\/p>\n\n\n\n<figure class=\"wp-block-image size-large\"><img loading=\"lazy\" decoding=\"async\" width=\"1024\" height=\"768\" src=\"https:\/\/diariodelsurdigital.com.ar\/wp-content\/uploads\/2025\/02\/Imagen-de-WhatsApp-2025-02-02-a-las-10.57.11_da652b2b-1024x768.jpg\" alt=\"\" class=\"wp-image-837\" srcset=\"https:\/\/diariodelsurdigital.com.ar\/wp-content\/uploads\/2025\/02\/Imagen-de-WhatsApp-2025-02-02-a-las-10.57.11_da652b2b-1024x768.jpg 1024w, https:\/\/diariodelsurdigital.com.ar\/wp-content\/uploads\/2025\/02\/Imagen-de-WhatsApp-2025-02-02-a-las-10.57.11_da652b2b-300x225.jpg 300w, https:\/\/diariodelsurdigital.com.ar\/wp-content\/uploads\/2025\/02\/Imagen-de-WhatsApp-2025-02-02-a-las-10.57.11_da652b2b-768x576.jpg 768w, https:\/\/diariodelsurdigital.com.ar\/wp-content\/uploads\/2025\/02\/Imagen-de-WhatsApp-2025-02-02-a-las-10.57.11_da652b2b-1536x1152.jpg 1536w, https:\/\/diariodelsurdigital.com.ar\/wp-content\/uploads\/2025\/02\/Imagen-de-WhatsApp-2025-02-02-a-las-10.57.11_da652b2b-560x420.jpg 560w, https:\/\/diariodelsurdigital.com.ar\/wp-content\/uploads\/2025\/02\/Imagen-de-WhatsApp-2025-02-02-a-las-10.57.11_da652b2b-80x60.jpg 80w, https:\/\/diariodelsurdigital.com.ar\/wp-content\/uploads\/2025\/02\/Imagen-de-WhatsApp-2025-02-02-a-las-10.57.11_da652b2b-696x522.jpg 696w, https:\/\/diariodelsurdigital.com.ar\/wp-content\/uploads\/2025\/02\/Imagen-de-WhatsApp-2025-02-02-a-las-10.57.11_da652b2b-1068x801.jpg 1068w, https:\/\/diariodelsurdigital.com.ar\/wp-content\/uploads\/2025\/02\/Imagen-de-WhatsApp-2025-02-02-a-las-10.57.11_da652b2b-265x198.jpg 265w, https:\/\/diariodelsurdigital.com.ar\/wp-content\/uploads\/2025\/02\/Imagen-de-WhatsApp-2025-02-02-a-las-10.57.11_da652b2b.jpg 1600w\" sizes=\"auto, (max-width: 1024px) 100vw, 1024px\" \/><\/figure>\n\n\n\n<figure class=\"wp-block-image size-large\"><img loading=\"lazy\" decoding=\"async\" width=\"1024\" height=\"768\" src=\"https:\/\/diariodelsurdigital.com.ar\/wp-content\/uploads\/2025\/02\/Imagen-de-WhatsApp-2025-02-02-a-las-10.57.11_d221d82f-1024x768.jpg\" alt=\"\" class=\"wp-image-838\" srcset=\"https:\/\/diariodelsurdigital.com.ar\/wp-content\/uploads\/2025\/02\/Imagen-de-WhatsApp-2025-02-02-a-las-10.57.11_d221d82f-1024x768.jpg 1024w, https:\/\/diariodelsurdigital.com.ar\/wp-content\/uploads\/2025\/02\/Imagen-de-WhatsApp-2025-02-02-a-las-10.57.11_d221d82f-300x225.jpg 300w, https:\/\/diariodelsurdigital.com.ar\/wp-content\/uploads\/2025\/02\/Imagen-de-WhatsApp-2025-02-02-a-las-10.57.11_d221d82f-768x576.jpg 768w, https:\/\/diariodelsurdigital.com.ar\/wp-content\/uploads\/2025\/02\/Imagen-de-WhatsApp-2025-02-02-a-las-10.57.11_d221d82f-1536x1152.jpg 1536w, https:\/\/diariodelsurdigital.com.ar\/wp-content\/uploads\/2025\/02\/Imagen-de-WhatsApp-2025-02-02-a-las-10.57.11_d221d82f-560x420.jpg 560w, https:\/\/diariodelsurdigital.com.ar\/wp-content\/uploads\/2025\/02\/Imagen-de-WhatsApp-2025-02-02-a-las-10.57.11_d221d82f-80x60.jpg 80w, https:\/\/diariodelsurdigital.com.ar\/wp-content\/uploads\/2025\/02\/Imagen-de-WhatsApp-2025-02-02-a-las-10.57.11_d221d82f-696x522.jpg 696w, https:\/\/diariodelsurdigital.com.ar\/wp-content\/uploads\/2025\/02\/Imagen-de-WhatsApp-2025-02-02-a-las-10.57.11_d221d82f-1068x801.jpg 1068w, https:\/\/diariodelsurdigital.com.ar\/wp-content\/uploads\/2025\/02\/Imagen-de-WhatsApp-2025-02-02-a-las-10.57.11_d221d82f-265x198.jpg 265w, https:\/\/diariodelsurdigital.com.ar\/wp-content\/uploads\/2025\/02\/Imagen-de-WhatsApp-2025-02-02-a-las-10.57.11_d221d82f.jpg 1600w\" sizes=\"auto, (max-width: 1024px) 100vw, 1024px\" \/><\/figure>\n\n\n\n<p>La marcha recorri\u00f3 la traza por calle Urquiza a pie hasta la Plaza 25 de Mayo donde se ley\u00f3 un documento en las escalinatas de ingreso a la Municipalidad de Concordia. All\u00ed un grupo de j\u00f3venes se\u00f1alaron, \u00abNos oponemos al racismo estructural que siguen permeando muchas instituciones de nuestra ciudad y hoy, m\u00e1s que nunca, nos vemos en la obligaci\u00f3n de reafirmar que la Argentina es un pa\u00eds diverso, multicultural, plurinacional y en esa identidad est\u00e1 nuestra fuerza\u00bb, se indic\u00f3 en uno de los p\u00e1rrafos del documento le\u00eddo por los organizadores de la manifestaci\u00f3n. \u00abA los y las concejales de Concordia y al intendente Azcu\u00e9 les exigimos que se pronuncien al respecto porque el silencio es complicidad. Est\u00e1n cumpliendo funciones de representaci\u00f3n popular\u00bb, les recordaron.<\/p>\n\n\n\n<figure class=\"wp-block-image size-large\"><img loading=\"lazy\" decoding=\"async\" width=\"1024\" height=\"768\" src=\"https:\/\/diariodelsurdigital.com.ar\/wp-content\/uploads\/2025\/02\/Imagen-de-WhatsApp-2025-02-02-a-las-10.57.10_5705e060-1024x768.jpg\" alt=\"\" class=\"wp-image-840\" srcset=\"https:\/\/diariodelsurdigital.com.ar\/wp-content\/uploads\/2025\/02\/Imagen-de-WhatsApp-2025-02-02-a-las-10.57.10_5705e060-1024x768.jpg 1024w, https:\/\/diariodelsurdigital.com.ar\/wp-content\/uploads\/2025\/02\/Imagen-de-WhatsApp-2025-02-02-a-las-10.57.10_5705e060-300x225.jpg 300w, https:\/\/diariodelsurdigital.com.ar\/wp-content\/uploads\/2025\/02\/Imagen-de-WhatsApp-2025-02-02-a-las-10.57.10_5705e060-768x576.jpg 768w, https:\/\/diariodelsurdigital.com.ar\/wp-content\/uploads\/2025\/02\/Imagen-de-WhatsApp-2025-02-02-a-las-10.57.10_5705e060-1536x1152.jpg 1536w, https:\/\/diariodelsurdigital.com.ar\/wp-content\/uploads\/2025\/02\/Imagen-de-WhatsApp-2025-02-02-a-las-10.57.10_5705e060-560x420.jpg 560w, https:\/\/diariodelsurdigital.com.ar\/wp-content\/uploads\/2025\/02\/Imagen-de-WhatsApp-2025-02-02-a-las-10.57.10_5705e060-80x60.jpg 80w, https:\/\/diariodelsurdigital.com.ar\/wp-content\/uploads\/2025\/02\/Imagen-de-WhatsApp-2025-02-02-a-las-10.57.10_5705e060-696x522.jpg 696w, https:\/\/diariodelsurdigital.com.ar\/wp-content\/uploads\/2025\/02\/Imagen-de-WhatsApp-2025-02-02-a-las-10.57.10_5705e060-1068x801.jpg 1068w, https:\/\/diariodelsurdigital.com.ar\/wp-content\/uploads\/2025\/02\/Imagen-de-WhatsApp-2025-02-02-a-las-10.57.10_5705e060-265x198.jpg 265w, https:\/\/diariodelsurdigital.com.ar\/wp-content\/uploads\/2025\/02\/Imagen-de-WhatsApp-2025-02-02-a-las-10.57.10_5705e060.jpg 1600w\" sizes=\"auto, (max-width: 1024px) 100vw, 1024px\" \/><\/figure>\n\n\n\n\n\n<figure class=\"wp-block-image size-large\"><img loading=\"lazy\" decoding=\"async\" width=\"1024\" height=\"768\" src=\"https:\/\/diariodelsurdigital.com.ar\/wp-content\/uploads\/2025\/02\/Imagen-de-WhatsApp-2025-02-02-a-las-10.57.08_a393a610-1024x768.jpg\" alt=\"\" class=\"wp-image-841\" srcset=\"https:\/\/diariodelsurdigital.com.ar\/wp-content\/uploads\/2025\/02\/Imagen-de-WhatsApp-2025-02-02-a-las-10.57.08_a393a610-1024x768.jpg 1024w, https:\/\/diariodelsurdigital.com.ar\/wp-content\/uploads\/2025\/02\/Imagen-de-WhatsApp-2025-02-02-a-las-10.57.08_a393a610-300x225.jpg 300w, https:\/\/diariodelsurdigital.com.ar\/wp-content\/uploads\/2025\/02\/Imagen-de-WhatsApp-2025-02-02-a-las-10.57.08_a393a610-768x576.jpg 768w, https:\/\/diariodelsurdigital.com.ar\/wp-content\/uploads\/2025\/02\/Imagen-de-WhatsApp-2025-02-02-a-las-10.57.08_a393a610-560x420.jpg 560w, https:\/\/diariodelsurdigital.com.ar\/wp-content\/uploads\/2025\/02\/Imagen-de-WhatsApp-2025-02-02-a-las-10.57.08_a393a610-80x60.jpg 80w, https:\/\/diariodelsurdigital.com.ar\/wp-content\/uploads\/2025\/02\/Imagen-de-WhatsApp-2025-02-02-a-las-10.57.08_a393a610-696x522.jpg 696w, https:\/\/diariodelsurdigital.com.ar\/wp-content\/uploads\/2025\/02\/Imagen-de-WhatsApp-2025-02-02-a-las-10.57.08_a393a610-1068x801.jpg 1068w, https:\/\/diariodelsurdigital.com.ar\/wp-content\/uploads\/2025\/02\/Imagen-de-WhatsApp-2025-02-02-a-las-10.57.08_a393a610-265x198.jpg 265w, https:\/\/diariodelsurdigital.com.ar\/wp-content\/uploads\/2025\/02\/Imagen-de-WhatsApp-2025-02-02-a-las-10.57.08_a393a610.jpg 1280w\" sizes=\"auto, (max-width: 1024px) 100vw, 1024px\" \/><\/figure>\n\n\n\n<p> Los organizadores tambi\u00e9n les recordaron a las autoridades que en los \u00faltimos a\u00f1os, la sociedad se volvi\u00f3 m\u00e1s inclusiva, los derechos humanos se volvieron el pilar y el acuerdo social fue m\u00e1s s\u00f3lido. \u00abLos organismos de Derechos Humanos han sido una luz frente a la sombra de la dictadura y no vamos a permitir que el pasado oscuro vuelva a hacerse presente. Defendemos la memoria, al verdad y la justicia y luchamos para que nunca m\u00e1s una dictadura, un gobierno unitario ni ning\u00fan l\u00edder fascista borren nuestros derechos conquistados\u00bb, se\u00f1alaron.<\/p>\n\n\n\n<figure class=\"wp-block-image size-large\"><img loading=\"lazy\" decoding=\"async\" width=\"1024\" height=\"768\" src=\"https:\/\/diariodelsurdigital.com.ar\/wp-content\/uploads\/2025\/02\/Imagen-de-WhatsApp-2025-02-02-a-las-10.57.11_226c98cd-1024x768.jpg\" alt=\"\" class=\"wp-image-842\" srcset=\"https:\/\/diariodelsurdigital.com.ar\/wp-content\/uploads\/2025\/02\/Imagen-de-WhatsApp-2025-02-02-a-las-10.57.11_226c98cd-1024x768.jpg 1024w, https:\/\/diariodelsurdigital.com.ar\/wp-content\/uploads\/2025\/02\/Imagen-de-WhatsApp-2025-02-02-a-las-10.57.11_226c98cd-300x225.jpg 300w, https:\/\/diariodelsurdigital.com.ar\/wp-content\/uploads\/2025\/02\/Imagen-de-WhatsApp-2025-02-02-a-las-10.57.11_226c98cd-768x576.jpg 768w, https:\/\/diariodelsurdigital.com.ar\/wp-content\/uploads\/2025\/02\/Imagen-de-WhatsApp-2025-02-02-a-las-10.57.11_226c98cd-1536x1152.jpg 1536w, https:\/\/diariodelsurdigital.com.ar\/wp-content\/uploads\/2025\/02\/Imagen-de-WhatsApp-2025-02-02-a-las-10.57.11_226c98cd-560x420.jpg 560w, https:\/\/diariodelsurdigital.com.ar\/wp-content\/uploads\/2025\/02\/Imagen-de-WhatsApp-2025-02-02-a-las-10.57.11_226c98cd-80x60.jpg 80w, https:\/\/diariodelsurdigital.com.ar\/wp-content\/uploads\/2025\/02\/Imagen-de-WhatsApp-2025-02-02-a-las-10.57.11_226c98cd-696x522.jpg 696w, https:\/\/diariodelsurdigital.com.ar\/wp-content\/uploads\/2025\/02\/Imagen-de-WhatsApp-2025-02-02-a-las-10.57.11_226c98cd-1068x801.jpg 1068w, https:\/\/diariodelsurdigital.com.ar\/wp-content\/uploads\/2025\/02\/Imagen-de-WhatsApp-2025-02-02-a-las-10.57.11_226c98cd-265x198.jpg 265w, https:\/\/diariodelsurdigital.com.ar\/wp-content\/uploads\/2025\/02\/Imagen-de-WhatsApp-2025-02-02-a-las-10.57.11_226c98cd.jpg 1600w\" sizes=\"auto, (max-width: 1024px) 100vw, 1024px\" \/><\/figure>\n\n\n\n<figure class=\"wp-block-image size-large\"><img loading=\"lazy\" decoding=\"async\" width=\"768\" height=\"1024\" src=\"https:\/\/diariodelsurdigital.com.ar\/wp-content\/uploads\/2025\/02\/Imagen-de-WhatsApp-2025-02-02-a-las-10.57.07_be64ac5b-768x1024.jpg\" alt=\"\" class=\"wp-image-843\" srcset=\"https:\/\/diariodelsurdigital.com.ar\/wp-content\/uploads\/2025\/02\/Imagen-de-WhatsApp-2025-02-02-a-las-10.57.07_be64ac5b-768x1024.jpg 768w, https:\/\/diariodelsurdigital.com.ar\/wp-content\/uploads\/2025\/02\/Imagen-de-WhatsApp-2025-02-02-a-las-10.57.07_be64ac5b-225x300.jpg 225w, https:\/\/diariodelsurdigital.com.ar\/wp-content\/uploads\/2025\/02\/Imagen-de-WhatsApp-2025-02-02-a-las-10.57.07_be64ac5b-315x420.jpg 315w, https:\/\/diariodelsurdigital.com.ar\/wp-content\/uploads\/2025\/02\/Imagen-de-WhatsApp-2025-02-02-a-las-10.57.07_be64ac5b-696x928.jpg 696w, https:\/\/diariodelsurdigital.com.ar\/wp-content\/uploads\/2025\/02\/Imagen-de-WhatsApp-2025-02-02-a-las-10.57.07_be64ac5b.jpg 960w\" sizes=\"auto, (max-width: 768px) 100vw, 768px\" \/><\/figure>\n\n\n\n<p>\u00abAqu\u00ed estamos, no solo como defensores de esos derechos sino como la voz de millones de argentinos, argentinas y argentines que se sienten convocados por una sociedad inclusiva, justa y humanitaria\u00bb, dijo otras de las voceras de la marcha. \u00abLes tenemos una mala noticia a usted se\u00f1or Presidente, sepa que no vamos a naturalizar su violencia y vamos a movilizarnos todas las veces que intente avanzar sobre nuestra existencia\u00bb, se indicaba en otro tramo del documento.<\/p>\n\n\n\n<figure class=\"wp-block-image size-large\"><img loading=\"lazy\" decoding=\"async\" width=\"768\" height=\"1024\" src=\"https:\/\/diariodelsurdigital.com.ar\/wp-content\/uploads\/2025\/02\/Imagen-de-WhatsApp-2025-02-02-a-las-10.57.07_dcc4ef6b-768x1024.jpg\" alt=\"\" class=\"wp-image-844\" srcset=\"https:\/\/diariodelsurdigital.com.ar\/wp-content\/uploads\/2025\/02\/Imagen-de-WhatsApp-2025-02-02-a-las-10.57.07_dcc4ef6b-768x1024.jpg 768w, https:\/\/diariodelsurdigital.com.ar\/wp-content\/uploads\/2025\/02\/Imagen-de-WhatsApp-2025-02-02-a-las-10.57.07_dcc4ef6b-225x300.jpg 225w, https:\/\/diariodelsurdigital.com.ar\/wp-content\/uploads\/2025\/02\/Imagen-de-WhatsApp-2025-02-02-a-las-10.57.07_dcc4ef6b-315x420.jpg 315w, https:\/\/diariodelsurdigital.com.ar\/wp-content\/uploads\/2025\/02\/Imagen-de-WhatsApp-2025-02-02-a-las-10.57.07_dcc4ef6b-696x928.jpg 696w, https:\/\/diariodelsurdigital.com.ar\/wp-content\/uploads\/2025\/02\/Imagen-de-WhatsApp-2025-02-02-a-las-10.57.07_dcc4ef6b.jpg 960w\" sizes=\"auto, (max-width: 768px) 100vw, 768px\" \/><\/figure>\n\n\n\n<figure class=\"wp-block-image size-large\"><img loading=\"lazy\" decoding=\"async\" width=\"1024\" height=\"768\" src=\"https:\/\/diariodelsurdigital.com.ar\/wp-content\/uploads\/2025\/02\/Imagen-de-WhatsApp-2025-02-02-a-las-10.57.07_bb408944-1024x768.jpg\" alt=\"\" class=\"wp-image-845\" srcset=\"https:\/\/diariodelsurdigital.com.ar\/wp-content\/uploads\/2025\/02\/Imagen-de-WhatsApp-2025-02-02-a-las-10.57.07_bb408944-1024x768.jpg 1024w, https:\/\/diariodelsurdigital.com.ar\/wp-content\/uploads\/2025\/02\/Imagen-de-WhatsApp-2025-02-02-a-las-10.57.07_bb408944-300x225.jpg 300w, https:\/\/diariodelsurdigital.com.ar\/wp-content\/uploads\/2025\/02\/Imagen-de-WhatsApp-2025-02-02-a-las-10.57.07_bb408944-768x576.jpg 768w, https:\/\/diariodelsurdigital.com.ar\/wp-content\/uploads\/2025\/02\/Imagen-de-WhatsApp-2025-02-02-a-las-10.57.07_bb408944-560x420.jpg 560w, https:\/\/diariodelsurdigital.com.ar\/wp-content\/uploads\/2025\/02\/Imagen-de-WhatsApp-2025-02-02-a-las-10.57.07_bb408944-80x60.jpg 80w, https:\/\/diariodelsurdigital.com.ar\/wp-content\/uploads\/2025\/02\/Imagen-de-WhatsApp-2025-02-02-a-las-10.57.07_bb408944-696x522.jpg 696w, https:\/\/diariodelsurdigital.com.ar\/wp-content\/uploads\/2025\/02\/Imagen-de-WhatsApp-2025-02-02-a-las-10.57.07_bb408944-1068x801.jpg 1068w, https:\/\/diariodelsurdigital.com.ar\/wp-content\/uploads\/2025\/02\/Imagen-de-WhatsApp-2025-02-02-a-las-10.57.07_bb408944-265x198.jpg 265w, https:\/\/diariodelsurdigital.com.ar\/wp-content\/uploads\/2025\/02\/Imagen-de-WhatsApp-2025-02-02-a-las-10.57.07_bb408944.jpg 1280w\" sizes=\"auto, (max-width: 1024px) 100vw, 1024px\" \/><\/figure>\n\n\n\n<figure class=\"wp-block-image size-large\"><img loading=\"lazy\" decoding=\"async\" width=\"1024\" height=\"768\" src=\"https:\/\/diariodelsurdigital.com.ar\/wp-content\/uploads\/2025\/02\/Imagen-de-WhatsApp-2025-02-02-a-las-10.57.06_fc611eb5-1024x768.jpg\" alt=\"\" class=\"wp-image-846\" srcset=\"https:\/\/diariodelsurdigital.com.ar\/wp-content\/uploads\/2025\/02\/Imagen-de-WhatsApp-2025-02-02-a-las-10.57.06_fc611eb5-1024x768.jpg 1024w, https:\/\/diariodelsurdigital.com.ar\/wp-content\/uploads\/2025\/02\/Imagen-de-WhatsApp-2025-02-02-a-las-10.57.06_fc611eb5-300x225.jpg 300w, https:\/\/diariodelsurdigital.com.ar\/wp-content\/uploads\/2025\/02\/Imagen-de-WhatsApp-2025-02-02-a-las-10.57.06_fc611eb5-768x576.jpg 768w, https:\/\/diariodelsurdigital.com.ar\/wp-content\/uploads\/2025\/02\/Imagen-de-WhatsApp-2025-02-02-a-las-10.57.06_fc611eb5-560x420.jpg 560w, https:\/\/diariodelsurdigital.com.ar\/wp-content\/uploads\/2025\/02\/Imagen-de-WhatsApp-2025-02-02-a-las-10.57.06_fc611eb5-80x60.jpg 80w, https:\/\/diariodelsurdigital.com.ar\/wp-content\/uploads\/2025\/02\/Imagen-de-WhatsApp-2025-02-02-a-las-10.57.06_fc611eb5-696x522.jpg 696w, https:\/\/diariodelsurdigital.com.ar\/wp-content\/uploads\/2025\/02\/Imagen-de-WhatsApp-2025-02-02-a-las-10.57.06_fc611eb5-1068x801.jpg 1068w, https:\/\/diariodelsurdigital.com.ar\/wp-content\/uploads\/2025\/02\/Imagen-de-WhatsApp-2025-02-02-a-las-10.57.06_fc611eb5-265x198.jpg 265w, https:\/\/diariodelsurdigital.com.ar\/wp-content\/uploads\/2025\/02\/Imagen-de-WhatsApp-2025-02-02-a-las-10.57.06_fc611eb5.jpg 1280w\" sizes=\"auto, (max-width: 1024px) 100vw, 1024px\" \/><\/figure>\n\n\n\n<p>  <\/p>\n\n\n\n<p> <\/p>\n","protected":false},"excerpt":{"rendered":"<p>La movida estuvo encabezada por el movimiento LGBTIQ+, parti\u00f3 de Plaza Urquiza a las 19,40, al sonar de tambores de mujeres, seguida por gremios locales, partidos pol\u00edticos, movimientos sociales, vecinos, vecinas, j\u00f3venes, atravesada por las distintas clases sociales que compone el espectro concordiense. La marcha recorri\u00f3 la traza por calle Urquiza a pie hasta la [&hellip;]<\/p>\n","protected":false},"author":2,"featured_media":836,"comment_status":"open","ping_status":"open","sticky":false,"template":"","format":"standard","meta":{"footnotes":""},"categories":[16],"tags":[],"class_list":{"0":"post-835","1":"post","2":"type-post","3":"status-publish","4":"format-standard","5":"has-post-thumbnail","7":"category-locales"},"yoast_head":"<!-- This site is optimized with the Yoast SEO plugin v27.4 - https:\/\/yoast.com\/product\/yoast-seo-wordpress\/ -->\n<title>La Marcha Antifascista contra Milei se hizo sentir en Concordia - Diario del Sur<\/title>\n<meta name=\"robots\" content=\"index, follow, max-snippet:-1, max-image-preview:large, max-video-preview:-1\" \/>\n<link rel=\"canonical\" href=\"https:\/\/diariodelsurdigital.com.ar\/?p=835\" \/>\n<meta property=\"og:locale\" content=\"es_ES\" \/>\n<meta property=\"og:type\" content=\"article\" \/>\n<meta property=\"og:title\" content=\"La Marcha Antifascista contra Milei se hizo sentir en Concordia - Diario del Sur\" \/>\n<meta property=\"og:description\" content=\"La movida estuvo encabezada por el movimiento LGBTIQ+, parti\u00f3 de Plaza Urquiza a las 19,40, al sonar de tambores de mujeres, seguida por gremios locales, partidos pol\u00edticos, movimientos sociales, vecinos, vecinas, j\u00f3venes, atravesada por las distintas clases sociales que compone el espectro concordiense. La marcha recorri\u00f3 la traza por calle Urquiza a pie hasta la [&hellip;]\" \/>\n<meta property=\"og:url\" content=\"https:\/\/diariodelsurdigital.com.ar\/?p=835\" \/>\n<meta property=\"og:site_name\" content=\"Diario del Sur\" \/>\n<meta property=\"article:published_time\" content=\"2025-02-02T14:07:00+00:00\" \/>\n<meta property=\"article:modified_time\" content=\"2025-02-02T14:07:02+00:00\" \/>\n<meta property=\"og:image\" content=\"https:\/\/diariodelsurdigital.com.ar\/wp-content\/uploads\/2025\/02\/Imagen-de-WhatsApp-2025-02-02-a-las-10.57.07_355afb46.jpg\" \/>\n\t<meta property=\"og:image:width\" content=\"640\" \/>\n\t<meta property=\"og:image:height\" content=\"451\" \/>\n\t<meta property=\"og:image:type\" content=\"image\/jpeg\" \/>\n<meta name=\"author\" content=\"Diario del Sur Digital\" \/>\n<meta name=\"twitter:card\" content=\"summary_large_image\" \/>\n<meta name=\"twitter:label1\" content=\"Escrito por\" \/>\n\t<meta name=\"twitter:data1\" content=\"Diario del Sur Digital\" \/>\n\t<meta name=\"twitter:label2\" content=\"Tiempo de lectura\" \/>\n\t<meta name=\"twitter:data2\" content=\"4 minutos\" \/>\n<script type=\"application\/ld+json\" class=\"yoast-schema-graph\">{\"@context\":\"https:\\\/\\\/schema.org\",\"@graph\":[{\"@type\":\"Article\",\"@id\":\"https:\\\/\\\/diariodelsurdigital.com.ar\\\/?p=835#article\",\"isPartOf\":{\"@id\":\"https:\\\/\\\/diariodelsurdigital.com.ar\\\/?p=835\"},\"author\":{\"name\":\"Diario del Sur Digital\",\"@id\":\"https:\\\/\\\/diariodelsurdigital.com.ar\\\/#\\\/schema\\\/person\\\/6136a32571657f7dba980b88b04c5465\"},\"headline\":\"La Marcha Antifascista contra Milei se hizo sentir en Concordia\",\"datePublished\":\"2025-02-02T14:07:00+00:00\",\"dateModified\":\"2025-02-02T14:07:02+00:00\",\"mainEntityOfPage\":{\"@id\":\"https:\\\/\\\/diariodelsurdigital.com.ar\\\/?p=835\"},\"wordCount\":364,\"commentCount\":0,\"image\":{\"@id\":\"https:\\\/\\\/diariodelsurdigital.com.ar\\\/?p=835#primaryimage\"},\"thumbnailUrl\":\"https:\\\/\\\/diariodelsurdigital.com.ar\\\/wp-content\\\/uploads\\\/2025\\\/02\\\/Imagen-de-WhatsApp-2025-02-02-a-las-10.57.07_355afb46.jpg\",\"articleSection\":[\"Locales\"],\"inLanguage\":\"es\",\"potentialAction\":[{\"@type\":\"CommentAction\",\"name\":\"Comment\",\"target\":[\"https:\\\/\\\/diariodelsurdigital.com.ar\\\/?p=835#respond\"]}]},{\"@type\":\"WebPage\",\"@id\":\"https:\\\/\\\/diariodelsurdigital.com.ar\\\/?p=835\",\"url\":\"https:\\\/\\\/diariodelsurdigital.com.ar\\\/?p=835\",\"name\":\"La Marcha Antifascista contra Milei se hizo sentir en Concordia - Diario del Sur\",\"isPartOf\":{\"@id\":\"https:\\\/\\\/diariodelsurdigital.com.ar\\\/#website\"},\"primaryImageOfPage\":{\"@id\":\"https:\\\/\\\/diariodelsurdigital.com.ar\\\/?p=835#primaryimage\"},\"image\":{\"@id\":\"https:\\\/\\\/diariodelsurdigital.com.ar\\\/?p=835#primaryimage\"},\"thumbnailUrl\":\"https:\\\/\\\/diariodelsurdigital.com.ar\\\/wp-content\\\/uploads\\\/2025\\\/02\\\/Imagen-de-WhatsApp-2025-02-02-a-las-10.57.07_355afb46.jpg\",\"datePublished\":\"2025-02-02T14:07:00+00:00\",\"dateModified\":\"2025-02-02T14:07:02+00:00\",\"author\":{\"@id\":\"https:\\\/\\\/diariodelsurdigital.com.ar\\\/#\\\/schema\\\/person\\\/6136a32571657f7dba980b88b04c5465\"},\"breadcrumb\":{\"@id\":\"https:\\\/\\\/diariodelsurdigital.com.ar\\\/?p=835#breadcrumb\"},\"inLanguage\":\"es\",\"potentialAction\":[{\"@type\":\"ReadAction\",\"target\":[\"https:\\\/\\\/diariodelsurdigital.com.ar\\\/?p=835\"]}]},{\"@type\":\"ImageObject\",\"inLanguage\":\"es\",\"@id\":\"https:\\\/\\\/diariodelsurdigital.com.ar\\\/?p=835#primaryimage\",\"url\":\"https:\\\/\\\/diariodelsurdigital.com.ar\\\/wp-content\\\/uploads\\\/2025\\\/02\\\/Imagen-de-WhatsApp-2025-02-02-a-las-10.57.07_355afb46.jpg\",\"contentUrl\":\"https:\\\/\\\/diariodelsurdigital.com.ar\\\/wp-content\\\/uploads\\\/2025\\\/02\\\/Imagen-de-WhatsApp-2025-02-02-a-las-10.57.07_355afb46.jpg\",\"width\":640,\"height\":451},{\"@type\":\"BreadcrumbList\",\"@id\":\"https:\\\/\\\/diariodelsurdigital.com.ar\\\/?p=835#breadcrumb\",\"itemListElement\":[{\"@type\":\"ListItem\",\"position\":1,\"name\":\"Portada\",\"item\":\"https:\\\/\\\/diariodelsurdigital.com.ar\\\/\"},{\"@type\":\"ListItem\",\"position\":2,\"name\":\"La Marcha Antifascista contra Milei se hizo sentir en Concordia\"}]},{\"@type\":\"WebSite\",\"@id\":\"https:\\\/\\\/diariodelsurdigital.com.ar\\\/#website\",\"url\":\"https:\\\/\\\/diariodelsurdigital.com.ar\\\/\",\"name\":\"Diario del Sur\",\"description\":\"Digital\",\"potentialAction\":[{\"@type\":\"SearchAction\",\"target\":{\"@type\":\"EntryPoint\",\"urlTemplate\":\"https:\\\/\\\/diariodelsurdigital.com.ar\\\/?s={search_term_string}\"},\"query-input\":{\"@type\":\"PropertyValueSpecification\",\"valueRequired\":true,\"valueName\":\"search_term_string\"}}],\"inLanguage\":\"es\"},{\"@type\":\"Person\",\"@id\":\"https:\\\/\\\/diariodelsurdigital.com.ar\\\/#\\\/schema\\\/person\\\/6136a32571657f7dba980b88b04c5465\",\"name\":\"Diario del Sur Digital\",\"image\":{\"@type\":\"ImageObject\",\"inLanguage\":\"es\",\"@id\":\"https:\\\/\\\/secure.gravatar.com\\\/avatar\\\/4c29ceac98541dd42460b2474aaa5dd37594d6ce6cb3cf2c101d09b48ee287ba?s=96&d=mm&r=g\",\"url\":\"https:\\\/\\\/secure.gravatar.com\\\/avatar\\\/4c29ceac98541dd42460b2474aaa5dd37594d6ce6cb3cf2c101d09b48ee287ba?s=96&d=mm&r=g\",\"contentUrl\":\"https:\\\/\\\/secure.gravatar.com\\\/avatar\\\/4c29ceac98541dd42460b2474aaa5dd37594d6ce6cb3cf2c101d09b48ee287ba?s=96&d=mm&r=g\",\"caption\":\"Diario del Sur Digital\"},\"url\":\"https:\\\/\\\/diariodelsurdigital.com.ar\\\/?author=2\"}]}<\/script>\n<!-- \/ Yoast SEO plugin. -->","yoast_head_json":{"title":"La Marcha Antifascista contra Milei se hizo sentir en Concordia - Diario del Sur","robots":{"index":"index","follow":"follow","max-snippet":"max-snippet:-1","max-image-preview":"max-image-preview:large","max-video-preview":"max-video-preview:-1"},"canonical":"https:\/\/diariodelsurdigital.com.ar\/?p=835","og_locale":"es_ES","og_type":"article","og_title":"La Marcha Antifascista contra Milei se hizo sentir en Concordia - Diario del Sur","og_description":"La movida estuvo encabezada por el movimiento LGBTIQ+, parti\u00f3 de Plaza Urquiza a las 19,40, al sonar de tambores de mujeres, seguida por gremios locales, partidos pol\u00edticos, movimientos sociales, vecinos, vecinas, j\u00f3venes, atravesada por las distintas clases sociales que compone el espectro concordiense. La marcha recorri\u00f3 la traza por calle Urquiza a pie hasta la [&hellip;]","og_url":"https:\/\/diariodelsurdigital.com.ar\/?p=835","og_site_name":"Diario del Sur","article_published_time":"2025-02-02T14:07:00+00:00","article_modified_time":"2025-02-02T14:07:02+00:00","og_image":[{"width":640,"height":451,"url":"https:\/\/diariodelsurdigital.com.ar\/wp-content\/uploads\/2025\/02\/Imagen-de-WhatsApp-2025-02-02-a-las-10.57.07_355afb46.jpg","type":"image\/jpeg"}],"author":"Diario del Sur Digital","twitter_card":"summary_large_image","twitter_misc":{"Escrito por":"Diario del Sur Digital","Tiempo de lectura":"4 minutos"},"schema":{"@context":"https:\/\/schema.org","@graph":[{"@type":"Article","@id":"https:\/\/diariodelsurdigital.com.ar\/?p=835#article","isPartOf":{"@id":"https:\/\/diariodelsurdigital.com.ar\/?p=835"},"author":{"name":"Diario del Sur Digital","@id":"https:\/\/diariodelsurdigital.com.ar\/#\/schema\/person\/6136a32571657f7dba980b88b04c5465"},"headline":"La Marcha Antifascista contra Milei se hizo sentir en Concordia","datePublished":"2025-02-02T14:07:00+00:00","dateModified":"2025-02-02T14:07:02+00:00","mainEntityOfPage":{"@id":"https:\/\/diariodelsurdigital.com.ar\/?p=835"},"wordCount":364,"commentCount":0,"image":{"@id":"https:\/\/diariodelsurdigital.com.ar\/?p=835#primaryimage"},"thumbnailUrl":"https:\/\/diariodelsurdigital.com.ar\/wp-content\/uploads\/2025\/02\/Imagen-de-WhatsApp-2025-02-02-a-las-10.57.07_355afb46.jpg","articleSection":["Locales"],"inLanguage":"es","potentialAction":[{"@type":"CommentAction","name":"Comment","target":["https:\/\/diariodelsurdigital.com.ar\/?p=835#respond"]}]},{"@type":"WebPage","@id":"https:\/\/diariodelsurdigital.com.ar\/?p=835","url":"https:\/\/diariodelsurdigital.com.ar\/?p=835","name":"La Marcha Antifascista contra Milei se hizo sentir en Concordia - Diario del Sur","isPartOf":{"@id":"https:\/\/diariodelsurdigital.com.ar\/#website"},"primaryImageOfPage":{"@id":"https:\/\/diariodelsurdigital.com.ar\/?p=835#primaryimage"},"image":{"@id":"https:\/\/diariodelsurdigital.com.ar\/?p=835#primaryimage"},"thumbnailUrl":"https:\/\/diariodelsurdigital.com.ar\/wp-content\/uploads\/2025\/02\/Imagen-de-WhatsApp-2025-02-02-a-las-10.57.07_355afb46.jpg","datePublished":"2025-02-02T14:07:00+00:00","dateModified":"2025-02-02T14:07:02+00:00","author":{"@id":"https:\/\/diariodelsurdigital.com.ar\/#\/schema\/person\/6136a32571657f7dba980b88b04c5465"},"breadcrumb":{"@id":"https:\/\/diariodelsurdigital.com.ar\/?p=835#breadcrumb"},"inLanguage":"es","potentialAction":[{"@type":"ReadAction","target":["https:\/\/diariodelsurdigital.com.ar\/?p=835"]}]},{"@type":"ImageObject","inLanguage":"es","@id":"https:\/\/diariodelsurdigital.com.ar\/?p=835#primaryimage","url":"https:\/\/diariodelsurdigital.com.ar\/wp-content\/uploads\/2025\/02\/Imagen-de-WhatsApp-2025-02-02-a-las-10.57.07_355afb46.jpg","contentUrl":"https:\/\/diariodelsurdigital.com.ar\/wp-content\/uploads\/2025\/02\/Imagen-de-WhatsApp-2025-02-02-a-las-10.57.07_355afb46.jpg","width":640,"height":451},{"@type":"BreadcrumbList","@id":"https:\/\/diariodelsurdigital.com.ar\/?p=835#breadcrumb","itemListElement":[{"@type":"ListItem","position":1,"name":"Portada","item":"https:\/\/diariodelsurdigital.com.ar\/"},{"@type":"ListItem","position":2,"name":"La Marcha Antifascista contra Milei se hizo sentir en Concordia"}]},{"@type":"WebSite","@id":"https:\/\/diariodelsurdigital.com.ar\/#website","url":"https:\/\/diariodelsurdigital.com.ar\/","name":"Diario del Sur","description":"Digital","potentialAction":[{"@type":"SearchAction","target":{"@type":"EntryPoint","urlTemplate":"https:\/\/diariodelsurdigital.com.ar\/?s={search_term_string}"},"query-input":{"@type":"PropertyValueSpecification","valueRequired":true,"valueName":"search_term_string"}}],"inLanguage":"es"},{"@type":"Person","@id":"https:\/\/diariodelsurdigital.com.ar\/#\/schema\/person\/6136a32571657f7dba980b88b04c5465","name":"Diario del Sur Digital","image":{"@type":"ImageObject","inLanguage":"es","@id":"https:\/\/secure.gravatar.com\/avatar\/4c29ceac98541dd42460b2474aaa5dd37594d6ce6cb3cf2c101d09b48ee287ba?s=96&d=mm&r=g","url":"https:\/\/secure.gravatar.com\/avatar\/4c29ceac98541dd42460b2474aaa5dd37594d6ce6cb3cf2c101d09b48ee287ba?s=96&d=mm&r=g","contentUrl":"https:\/\/secure.gravatar.com\/avatar\/4c29ceac98541dd42460b2474aaa5dd37594d6ce6cb3cf2c101d09b48ee287ba?s=96&d=mm&r=g","caption":"Diario del Sur Digital"},"url":"https:\/\/diariodelsurdigital.com.ar\/?author=2"}]}},"_links":{"self":[{"href":"https:\/\/diariodelsurdigital.com.ar\/index.php?rest_route=\/wp\/v2\/posts\/835","targetHints":{"allow":["GET"]}}],"collection":[{"href":"https:\/\/diariodelsurdigital.com.ar\/index.php?rest_route=\/wp\/v2\/posts"}],"about":[{"href":"https:\/\/diariodelsurdigital.com.ar\/index.php?rest_route=\/wp\/v2\/types\/post"}],"author":[{"embeddable":true,"href":"https:\/\/diariodelsurdigital.com.ar\/index.php?rest_route=\/wp\/v2\/users\/2"}],"replies":[{"embeddable":true,"href":"https:\/\/diariodelsurdigital.com.ar\/index.php?rest_route=%2Fwp%2Fv2%2Fcomments&post=835"}],"version-history":[{"count":1,"href":"https:\/\/diariodelsurdigital.com.ar\/index.php?rest_route=\/wp\/v2\/posts\/835\/revisions"}],"predecessor-version":[{"id":847,"href":"https:\/\/diariodelsurdigital.com.ar\/index.php?rest_route=\/wp\/v2\/posts\/835\/revisions\/847"}],"wp:featuredmedia":[{"embeddable":true,"href":"https:\/\/diariodelsurdigital.com.ar\/index.php?rest_route=\/wp\/v2\/media\/836"}],"wp:attachment":[{"href":"https:\/\/diariodelsurdigital.com.ar\/index.php?rest_route=%2Fwp%2Fv2%2Fmedia&parent=835"}],"wp:term":[{"taxonomy":"category","embeddable":true,"href":"https:\/\/diariodelsurdigital.com.ar\/index.php?rest_route=%2Fwp%2Fv2%2Fcategories&post=835"},{"taxonomy":"post_tag","embeddable":true,"href":"https:\/\/diariodelsurdigital.com.ar\/index.php?rest_route=%2Fwp%2Fv2%2Ftags&post=835"}],"curies":[{"name":"wp","href":"https:\/\/api.w.org\/{rel}","templated":true}]}}