{"id":851,"date":"2025-02-02T22:04:56","date_gmt":"2025-02-03T01:04:56","guid":{"rendered":"https:\/\/diariodelsurdigital.com.ar\/?p=851"},"modified":"2025-02-02T22:55:13","modified_gmt":"2025-02-03T01:55:13","slug":"fallecio-fernando-di-pasquo-ex-integrante-del-batallon-de-inteligencia-601-durante-la-dictadura","status":"publish","type":"post","link":"https:\/\/diariodelsurdigital.com.ar\/?p=851","title":{"rendered":"Falleci\u00f3 Fernando Di Pasquo, ex integrante del Batall\u00f3n de Inteligencia 601 durante la dictadura"},"content":{"rendered":"\n<h1 class=\"wp-block-heading\"><\/h1>\n\n\n\n<h2 class=\"wp-block-heading\">Fernando Di Pasquo, era un abogado que realiz\u00f3 sus estudios en nuestra ciudad. Pas\u00f3 por el Colegio de Capuchinos, tambi\u00e9n por el Colegio&nbsp; Nacional Alejandro Carb\u00f3 y estudi\u00f3 abogac\u00eda en la Universidad Cat\u00f3lica Argentina (U.C.A.).<\/h2>\n\n\n\n<h2 class=\"wp-block-heading\">Cuando Jorge Busti, ejerci\u00f3 una de sus intendencias en la Municipalidad de Concordia, lo nombr\u00f3 como Director de Tr\u00e1nsito de la misma.<\/h2>\n\n\n\n<h2 class=\"wp-block-heading\">En el Gobierno provincial de Jorge Busti, lo nombr\u00f3 como Director de Planificaci\u00f3n de la Provincia de Entre R\u00edos.<\/h2>\n\n\n\n<h2 class=\"wp-block-heading\">Posteriormente, y antes que termine el mandato constitucional de Busti, Di Pasquo,  asumi\u00f3 como auxiliar del Ministerio P\u00fablico Fiscal de Concordia, donde ejerci\u00f3 como fiscal durante varios a\u00f1os y del cual renunci\u00f3 alegando problemas de salud.<\/h2>\n\n\n\n<h2 class=\"wp-block-heading\"> Linda sorpresa<\/h2>\n\n\n\n<h2 class=\"wp-block-heading\">Al exhumarse documentaci\u00f3n clasificada de los grupos de tareas que actuaron durante la dictadura olig\u00e1rquica militar, all\u00e1 por el a\u00f1o 2010, surgi\u00f3 que Fernando Di Pasquo, trabajaba en el t\u00e9trico Batall\u00f3n 601de Inteligencia como Personal Civil de Inteligencia (PCI). Su cargo era \u00abanalista de informaci\u00f3n\u00bb que en esa \u00e9poca era \u00abclasificada\u00bb, seg\u00fan la documentaci\u00f3n.<\/h2>\n\n\n\n<h2 class=\"wp-block-heading\">Su aclaraci\u00f3n fue que era&nbsp;simplemente un \u00abescribiente\u00bb (confeccionaba listas negras) y que no tuvo participaci\u00f3n alguna en&nbsp;ning\u00fan hecho que pudiera imput\u00e1rsele de lesa humanidad.&nbsp;<\/h2>\n\n\n\n<h2 class=\"wp-block-heading\">Di Pasquo, eligi\u00f3 radicarse en la localidad de Los Charr\u00faas, un lugar tranquilo, lejos de los dedos acusadores de Familiares de Detenidos Desaparecidos y organizaciones de Derechos Humanos de Concordia que lo sindicaban como \u00abun servicio\u00bb. El ex miembro del Batall\u00f3n 601, ten\u00eda un parentesco con Rodolfo Juan Gabioud, un abogado que se desempe\u00f1\u00f3 como Juez de Faltas en Concordia, reconocido por sus acostumbrados posteos en contra del peronismo, pero que, al igual que Di Pasquo, fue ungido con su cargo, precisamente por lo mismo que dice despreciar: el dedo del peronismo.<\/h2>\n\n\n\n<p><\/p>\n\n\n\n<p><\/p>\n\n\n\n<h2 class=\"wp-block-heading\"><\/h2>\n\n\n\n<p><\/p>\n","protected":false},"excerpt":{"rendered":"<p>Fernando Di Pasquo, era un abogado que realiz\u00f3 sus estudios en nuestra ciudad. Pas\u00f3 por el Colegio de Capuchinos, tambi\u00e9n por el Colegio&nbsp; Nacional Alejandro Carb\u00f3 y estudi\u00f3 abogac\u00eda en la Universidad Cat\u00f3lica Argentina (U.C.A.). Cuando Jorge Busti, ejerci\u00f3 una de sus intendencias en la Municipalidad de Concordia, lo nombr\u00f3 como Director de Tr\u00e1nsito de [&hellip;]<\/p>\n","protected":false},"author":2,"featured_media":852,"comment_status":"open","ping_status":"open","sticky":false,"template":"","format":"standard","meta":{"footnotes":""},"categories":[16],"tags":[],"class_list":{"0":"post-851","1":"post","2":"type-post","3":"status-publish","4":"format-standard","5":"has-post-thumbnail","7":"category-locales"},"yoast_head":"<!-- This site is optimized with the Yoast SEO plugin v27.4 - https:\/\/yoast.com\/product\/yoast-seo-wordpress\/ -->\n<title>Falleci\u00f3 Fernando Di Pasquo, ex integrante del Batall\u00f3n de Inteligencia 601 durante la dictadura - Diario del Sur<\/title>\n<meta name=\"robots\" content=\"index, follow, max-snippet:-1, max-image-preview:large, max-video-preview:-1\" \/>\n<link rel=\"canonical\" href=\"https:\/\/diariodelsurdigital.com.ar\/?p=851\" \/>\n<meta property=\"og:locale\" content=\"es_ES\" \/>\n<meta property=\"og:type\" content=\"article\" \/>\n<meta property=\"og:title\" content=\"Falleci\u00f3 Fernando Di Pasquo, ex integrante del Batall\u00f3n de Inteligencia 601 durante la dictadura - Diario del Sur\" \/>\n<meta property=\"og:description\" content=\"Fernando Di Pasquo, era un abogado que realiz\u00f3 sus estudios en nuestra ciudad. Pas\u00f3 por el Colegio de Capuchinos, tambi\u00e9n por el Colegio&nbsp; Nacional Alejandro Carb\u00f3 y estudi\u00f3 abogac\u00eda en la Universidad Cat\u00f3lica Argentina (U.C.A.). Cuando Jorge Busti, ejerci\u00f3 una de sus intendencias en la Municipalidad de Concordia, lo nombr\u00f3 como Director de Tr\u00e1nsito de [&hellip;]\" \/>\n<meta property=\"og:url\" content=\"https:\/\/diariodelsurdigital.com.ar\/?p=851\" \/>\n<meta property=\"og:site_name\" content=\"Diario del Sur\" \/>\n<meta property=\"article:published_time\" content=\"2025-02-03T01:04:56+00:00\" \/>\n<meta property=\"article:modified_time\" content=\"2025-02-03T01:55:13+00:00\" \/>\n<meta property=\"og:image\" content=\"https:\/\/diariodelsurdigital.com.ar\/wp-content\/uploads\/2025\/02\/Di.jpg\" \/>\n\t<meta property=\"og:image:width\" content=\"491\" \/>\n\t<meta property=\"og:image:height\" content=\"403\" \/>\n\t<meta property=\"og:image:type\" content=\"image\/jpeg\" \/>\n<meta name=\"author\" content=\"Diario del Sur Digital\" \/>\n<meta name=\"twitter:card\" content=\"summary_large_image\" \/>\n<meta name=\"twitter:label1\" content=\"Escrito por\" \/>\n\t<meta name=\"twitter:data1\" content=\"Diario del Sur Digital\" \/>\n\t<meta name=\"twitter:label2\" content=\"Tiempo de lectura\" \/>\n\t<meta name=\"twitter:data2\" content=\"2 minutos\" \/>\n<script type=\"application\/ld+json\" class=\"yoast-schema-graph\">{\"@context\":\"https:\\\/\\\/schema.org\",\"@graph\":[{\"@type\":\"Article\",\"@id\":\"https:\\\/\\\/diariodelsurdigital.com.ar\\\/?p=851#article\",\"isPartOf\":{\"@id\":\"https:\\\/\\\/diariodelsurdigital.com.ar\\\/?p=851\"},\"author\":{\"name\":\"Diario del Sur Digital\",\"@id\":\"https:\\\/\\\/diariodelsurdigital.com.ar\\\/#\\\/schema\\\/person\\\/6136a32571657f7dba980b88b04c5465\"},\"headline\":\"Falleci\u00f3 Fernando Di Pasquo, ex integrante del Batall\u00f3n de Inteligencia 601 durante la dictadura\",\"datePublished\":\"2025-02-03T01:04:56+00:00\",\"dateModified\":\"2025-02-03T01:55:13+00:00\",\"mainEntityOfPage\":{\"@id\":\"https:\\\/\\\/diariodelsurdigital.com.ar\\\/?p=851\"},\"wordCount\":327,\"commentCount\":0,\"image\":{\"@id\":\"https:\\\/\\\/diariodelsurdigital.com.ar\\\/?p=851#primaryimage\"},\"thumbnailUrl\":\"https:\\\/\\\/diariodelsurdigital.com.ar\\\/wp-content\\\/uploads\\\/2025\\\/02\\\/Di.jpg\",\"articleSection\":[\"Locales\"],\"inLanguage\":\"es\",\"potentialAction\":[{\"@type\":\"CommentAction\",\"name\":\"Comment\",\"target\":[\"https:\\\/\\\/diariodelsurdigital.com.ar\\\/?p=851#respond\"]}]},{\"@type\":\"WebPage\",\"@id\":\"https:\\\/\\\/diariodelsurdigital.com.ar\\\/?p=851\",\"url\":\"https:\\\/\\\/diariodelsurdigital.com.ar\\\/?p=851\",\"name\":\"Falleci\u00f3 Fernando Di Pasquo, ex integrante del Batall\u00f3n de Inteligencia 601 durante la dictadura - Diario del Sur\",\"isPartOf\":{\"@id\":\"https:\\\/\\\/diariodelsurdigital.com.ar\\\/#website\"},\"primaryImageOfPage\":{\"@id\":\"https:\\\/\\\/diariodelsurdigital.com.ar\\\/?p=851#primaryimage\"},\"image\":{\"@id\":\"https:\\\/\\\/diariodelsurdigital.com.ar\\\/?p=851#primaryimage\"},\"thumbnailUrl\":\"https:\\\/\\\/diariodelsurdigital.com.ar\\\/wp-content\\\/uploads\\\/2025\\\/02\\\/Di.jpg\",\"datePublished\":\"2025-02-03T01:04:56+00:00\",\"dateModified\":\"2025-02-03T01:55:13+00:00\",\"author\":{\"@id\":\"https:\\\/\\\/diariodelsurdigital.com.ar\\\/#\\\/schema\\\/person\\\/6136a32571657f7dba980b88b04c5465\"},\"breadcrumb\":{\"@id\":\"https:\\\/\\\/diariodelsurdigital.com.ar\\\/?p=851#breadcrumb\"},\"inLanguage\":\"es\",\"potentialAction\":[{\"@type\":\"ReadAction\",\"target\":[\"https:\\\/\\\/diariodelsurdigital.com.ar\\\/?p=851\"]}]},{\"@type\":\"ImageObject\",\"inLanguage\":\"es\",\"@id\":\"https:\\\/\\\/diariodelsurdigital.com.ar\\\/?p=851#primaryimage\",\"url\":\"https:\\\/\\\/diariodelsurdigital.com.ar\\\/wp-content\\\/uploads\\\/2025\\\/02\\\/Di.jpg\",\"contentUrl\":\"https:\\\/\\\/diariodelsurdigital.com.ar\\\/wp-content\\\/uploads\\\/2025\\\/02\\\/Di.jpg\",\"width\":491,\"height\":403},{\"@type\":\"BreadcrumbList\",\"@id\":\"https:\\\/\\\/diariodelsurdigital.com.ar\\\/?p=851#breadcrumb\",\"itemListElement\":[{\"@type\":\"ListItem\",\"position\":1,\"name\":\"Portada\",\"item\":\"https:\\\/\\\/diariodelsurdigital.com.ar\\\/\"},{\"@type\":\"ListItem\",\"position\":2,\"name\":\"Falleci\u00f3 Fernando Di Pasquo, ex integrante del Batall\u00f3n de Inteligencia 601 durante la dictadura\"}]},{\"@type\":\"WebSite\",\"@id\":\"https:\\\/\\\/diariodelsurdigital.com.ar\\\/#website\",\"url\":\"https:\\\/\\\/diariodelsurdigital.com.ar\\\/\",\"name\":\"Diario del Sur\",\"description\":\"Digital\",\"potentialAction\":[{\"@type\":\"SearchAction\",\"target\":{\"@type\":\"EntryPoint\",\"urlTemplate\":\"https:\\\/\\\/diariodelsurdigital.com.ar\\\/?s={search_term_string}\"},\"query-input\":{\"@type\":\"PropertyValueSpecification\",\"valueRequired\":true,\"valueName\":\"search_term_string\"}}],\"inLanguage\":\"es\"},{\"@type\":\"Person\",\"@id\":\"https:\\\/\\\/diariodelsurdigital.com.ar\\\/#\\\/schema\\\/person\\\/6136a32571657f7dba980b88b04c5465\",\"name\":\"Diario del Sur Digital\",\"image\":{\"@type\":\"ImageObject\",\"inLanguage\":\"es\",\"@id\":\"https:\\\/\\\/secure.gravatar.com\\\/avatar\\\/4c29ceac98541dd42460b2474aaa5dd37594d6ce6cb3cf2c101d09b48ee287ba?s=96&d=mm&r=g\",\"url\":\"https:\\\/\\\/secure.gravatar.com\\\/avatar\\\/4c29ceac98541dd42460b2474aaa5dd37594d6ce6cb3cf2c101d09b48ee287ba?s=96&d=mm&r=g\",\"contentUrl\":\"https:\\\/\\\/secure.gravatar.com\\\/avatar\\\/4c29ceac98541dd42460b2474aaa5dd37594d6ce6cb3cf2c101d09b48ee287ba?s=96&d=mm&r=g\",\"caption\":\"Diario del Sur Digital\"},\"url\":\"https:\\\/\\\/diariodelsurdigital.com.ar\\\/?author=2\"}]}<\/script>\n<!-- \/ Yoast SEO plugin. -->","yoast_head_json":{"title":"Falleci\u00f3 Fernando Di Pasquo, ex integrante del Batall\u00f3n de Inteligencia 601 durante la dictadura - Diario del Sur","robots":{"index":"index","follow":"follow","max-snippet":"max-snippet:-1","max-image-preview":"max-image-preview:large","max-video-preview":"max-video-preview:-1"},"canonical":"https:\/\/diariodelsurdigital.com.ar\/?p=851","og_locale":"es_ES","og_type":"article","og_title":"Falleci\u00f3 Fernando Di Pasquo, ex integrante del Batall\u00f3n de Inteligencia 601 durante la dictadura - Diario del Sur","og_description":"Fernando Di Pasquo, era un abogado que realiz\u00f3 sus estudios en nuestra ciudad. Pas\u00f3 por el Colegio de Capuchinos, tambi\u00e9n por el Colegio&nbsp; Nacional Alejandro Carb\u00f3 y estudi\u00f3 abogac\u00eda en la Universidad Cat\u00f3lica Argentina (U.C.A.). Cuando Jorge Busti, ejerci\u00f3 una de sus intendencias en la Municipalidad de Concordia, lo nombr\u00f3 como Director de Tr\u00e1nsito de [&hellip;]","og_url":"https:\/\/diariodelsurdigital.com.ar\/?p=851","og_site_name":"Diario del Sur","article_published_time":"2025-02-03T01:04:56+00:00","article_modified_time":"2025-02-03T01:55:13+00:00","og_image":[{"width":491,"height":403,"url":"https:\/\/diariodelsurdigital.com.ar\/wp-content\/uploads\/2025\/02\/Di.jpg","type":"image\/jpeg"}],"author":"Diario del Sur Digital","twitter_card":"summary_large_image","twitter_misc":{"Escrito por":"Diario del Sur Digital","Tiempo de lectura":"2 minutos"},"schema":{"@context":"https:\/\/schema.org","@graph":[{"@type":"Article","@id":"https:\/\/diariodelsurdigital.com.ar\/?p=851#article","isPartOf":{"@id":"https:\/\/diariodelsurdigital.com.ar\/?p=851"},"author":{"name":"Diario del Sur Digital","@id":"https:\/\/diariodelsurdigital.com.ar\/#\/schema\/person\/6136a32571657f7dba980b88b04c5465"},"headline":"Falleci\u00f3 Fernando Di Pasquo, ex integrante del Batall\u00f3n de Inteligencia 601 durante la dictadura","datePublished":"2025-02-03T01:04:56+00:00","dateModified":"2025-02-03T01:55:13+00:00","mainEntityOfPage":{"@id":"https:\/\/diariodelsurdigital.com.ar\/?p=851"},"wordCount":327,"commentCount":0,"image":{"@id":"https:\/\/diariodelsurdigital.com.ar\/?p=851#primaryimage"},"thumbnailUrl":"https:\/\/diariodelsurdigital.com.ar\/wp-content\/uploads\/2025\/02\/Di.jpg","articleSection":["Locales"],"inLanguage":"es","potentialAction":[{"@type":"CommentAction","name":"Comment","target":["https:\/\/diariodelsurdigital.com.ar\/?p=851#respond"]}]},{"@type":"WebPage","@id":"https:\/\/diariodelsurdigital.com.ar\/?p=851","url":"https:\/\/diariodelsurdigital.com.ar\/?p=851","name":"Falleci\u00f3 Fernando Di Pasquo, ex integrante del Batall\u00f3n de Inteligencia 601 durante la dictadura - Diario del Sur","isPartOf":{"@id":"https:\/\/diariodelsurdigital.com.ar\/#website"},"primaryImageOfPage":{"@id":"https:\/\/diariodelsurdigital.com.ar\/?p=851#primaryimage"},"image":{"@id":"https:\/\/diariodelsurdigital.com.ar\/?p=851#primaryimage"},"thumbnailUrl":"https:\/\/diariodelsurdigital.com.ar\/wp-content\/uploads\/2025\/02\/Di.jpg","datePublished":"2025-02-03T01:04:56+00:00","dateModified":"2025-02-03T01:55:13+00:00","author":{"@id":"https:\/\/diariodelsurdigital.com.ar\/#\/schema\/person\/6136a32571657f7dba980b88b04c5465"},"breadcrumb":{"@id":"https:\/\/diariodelsurdigital.com.ar\/?p=851#breadcrumb"},"inLanguage":"es","potentialAction":[{"@type":"ReadAction","target":["https:\/\/diariodelsurdigital.com.ar\/?p=851"]}]},{"@type":"ImageObject","inLanguage":"es","@id":"https:\/\/diariodelsurdigital.com.ar\/?p=851#primaryimage","url":"https:\/\/diariodelsurdigital.com.ar\/wp-content\/uploads\/2025\/02\/Di.jpg","contentUrl":"https:\/\/diariodelsurdigital.com.ar\/wp-content\/uploads\/2025\/02\/Di.jpg","width":491,"height":403},{"@type":"BreadcrumbList","@id":"https:\/\/diariodelsurdigital.com.ar\/?p=851#breadcrumb","itemListElement":[{"@type":"ListItem","position":1,"name":"Portada","item":"https:\/\/diariodelsurdigital.com.ar\/"},{"@type":"ListItem","position":2,"name":"Falleci\u00f3 Fernando Di Pasquo, ex integrante del Batall\u00f3n de Inteligencia 601 durante la dictadura"}]},{"@type":"WebSite","@id":"https:\/\/diariodelsurdigital.com.ar\/#website","url":"https:\/\/diariodelsurdigital.com.ar\/","name":"Diario del Sur","description":"Digital","potentialAction":[{"@type":"SearchAction","target":{"@type":"EntryPoint","urlTemplate":"https:\/\/diariodelsurdigital.com.ar\/?s={search_term_string}"},"query-input":{"@type":"PropertyValueSpecification","valueRequired":true,"valueName":"search_term_string"}}],"inLanguage":"es"},{"@type":"Person","@id":"https:\/\/diariodelsurdigital.com.ar\/#\/schema\/person\/6136a32571657f7dba980b88b04c5465","name":"Diario del Sur Digital","image":{"@type":"ImageObject","inLanguage":"es","@id":"https:\/\/secure.gravatar.com\/avatar\/4c29ceac98541dd42460b2474aaa5dd37594d6ce6cb3cf2c101d09b48ee287ba?s=96&d=mm&r=g","url":"https:\/\/secure.gravatar.com\/avatar\/4c29ceac98541dd42460b2474aaa5dd37594d6ce6cb3cf2c101d09b48ee287ba?s=96&d=mm&r=g","contentUrl":"https:\/\/secure.gravatar.com\/avatar\/4c29ceac98541dd42460b2474aaa5dd37594d6ce6cb3cf2c101d09b48ee287ba?s=96&d=mm&r=g","caption":"Diario del Sur Digital"},"url":"https:\/\/diariodelsurdigital.com.ar\/?author=2"}]}},"_links":{"self":[{"href":"https:\/\/diariodelsurdigital.com.ar\/index.php?rest_route=\/wp\/v2\/posts\/851","targetHints":{"allow":["GET"]}}],"collection":[{"href":"https:\/\/diariodelsurdigital.com.ar\/index.php?rest_route=\/wp\/v2\/posts"}],"about":[{"href":"https:\/\/diariodelsurdigital.com.ar\/index.php?rest_route=\/wp\/v2\/types\/post"}],"author":[{"embeddable":true,"href":"https:\/\/diariodelsurdigital.com.ar\/index.php?rest_route=\/wp\/v2\/users\/2"}],"replies":[{"embeddable":true,"href":"https:\/\/diariodelsurdigital.com.ar\/index.php?rest_route=%2Fwp%2Fv2%2Fcomments&post=851"}],"version-history":[{"count":3,"href":"https:\/\/diariodelsurdigital.com.ar\/index.php?rest_route=\/wp\/v2\/posts\/851\/revisions"}],"predecessor-version":[{"id":856,"href":"https:\/\/diariodelsurdigital.com.ar\/index.php?rest_route=\/wp\/v2\/posts\/851\/revisions\/856"}],"wp:featuredmedia":[{"embeddable":true,"href":"https:\/\/diariodelsurdigital.com.ar\/index.php?rest_route=\/wp\/v2\/media\/852"}],"wp:attachment":[{"href":"https:\/\/diariodelsurdigital.com.ar\/index.php?rest_route=%2Fwp%2Fv2%2Fmedia&parent=851"}],"wp:term":[{"taxonomy":"category","embeddable":true,"href":"https:\/\/diariodelsurdigital.com.ar\/index.php?rest_route=%2Fwp%2Fv2%2Fcategories&post=851"},{"taxonomy":"post_tag","embeddable":true,"href":"https:\/\/diariodelsurdigital.com.ar\/index.php?rest_route=%2Fwp%2Fv2%2Ftags&post=851"}],"curies":[{"name":"wp","href":"https:\/\/api.w.org\/{rel}","templated":true}]}}