{"id":857,"date":"2025-02-03T14:51:12","date_gmt":"2025-02-03T17:51:12","guid":{"rendered":"https:\/\/diariodelsurdigital.com.ar\/?p=857"},"modified":"2025-02-03T14:52:32","modified_gmt":"2025-02-03T17:52:32","slug":"mitchel-el-mascaron-de-proa-de-la-runfla-pejotista","status":"publish","type":"post","link":"https:\/\/diariodelsurdigital.com.ar\/?p=857","title":{"rendered":"Mitchel, el mascar\u00f3n de proa de la \u00abrunfla\u00bb pejotista"},"content":{"rendered":"\n<p>El medio period\u00edstico que usa habitualmente la cam\u00e1ndula que controla el PJ, para revelar sus estrategias, est\u00e1 muy activo las \u00faltimas semanas. Primero, a principios de diciembre, public\u00f3 un extens\u00edsimo reportaje al ex gobernador Bordet, a todas luces acordado, en el que, extra\u00f1amente, no se habl\u00f3 del \u00fanico tema de inter\u00e9s period\u00edsto que ronda hoy al investigado contador: de donde sali\u00f3 la plata para sostener su dispendiosa agenda de viajes internacionales, en butacas de primera clase, o en jets privados; y justificar su enorme patrimonio de bienes inmuebles y cuentas en d\u00f3lares. Y, ahora, en la \u00faltima semana sali\u00f3 a jugar fuerte en la pelea por las candidaturas en las pr\u00f3ximas legislativas, con un titular: \u201cMichel, el posible apuntado por el pejotismo antiperonista para la boleta 2025 El ex director de Aduanas Guillermo Michel suena con fuerza dentro de algunos sectores del peronismo para encabezar la lista de candidatos a senadores\u201d.<\/p>\n\n\n\n<p><\/p>\n\n\n\n<p>Que se sepa Michel carece en la provincia de ning\u00fan sector interno que lo tenga como referente, as\u00ed que afirmar que\u00a0<strong><em>\u201csuena con fuerza dentro de algunos sectores del peronismo<\/em><\/strong>\u201d (SIC) es por lo menos aventurado, y claramente es el inicio de un operativo de prensa para tratar de instalarlo. Su irrupci\u00f3n estelar en la pol\u00edtica local se debi\u00f3 a un acuerdo entre la runfla y Sergio Massa, acuerdo del que se desconoce la letra chica, aunque no hay que ser muy perspicaz para darse cuenta que, en primer lugar, pasa por la decisi\u00f3n de intensificar el \u2018lavado ideol\u00f3gico\u2019 de las bases del justicialismo local, difundiendo la doctrina que se conoce como\u00a0<strong>Peronismo Antiperonista,\u00a0<\/strong>de la que Michel es un cultor calificado, y despu\u00e9s por el deseo de disponer \u2018caja\u2019 ahora que se les acab\u00f3 la \u2018billetera p\u00fablica\u2019.<\/p>\n\n\n\n<p>Hasta ahora ven\u00edan \u2018dulces\u2019, ejecutando sin apremios su plan de sucederse a s\u00ed mismos, con pol\u00edticas de hechos consumados y el habitual verticalismo a ultranza, sin aperturas democr\u00e1tica hacia las bases. El objetivo que ten\u00edan: dar inmunidad parlamentaria a Bordet, instal\u00e1ndolo como el candidato a suceder a Kueider, y \u201crenovar\u201d (SIC) ideol\u00f3gicamente la doctrina,&nbsp;<strong><em>desperonisando<\/em><\/strong>&nbsp;al peronismo, difundiendo una especie de&nbsp;<strong><em>programa libertario light,&nbsp;<\/em><\/strong>al estilo cordob\u00e9s<strong><em>.&nbsp;<\/em><\/strong>&nbsp;Y de paso asegurarse el resto de las candidaturas a las posiciones legislativas que se renuevan este a\u00f1o. Algo que no solo est\u00e1 inspirado en la ambici\u00f3n pol\u00edtica, o como en el caso del ex Gobernador Gustavo Bordet, de lograr impunidad legal durante la pr\u00f3xima d\u00e9cada, algo que lo preocupa hasta el desvelo, porque cada vez queda m\u00e1s claro para la ciudadan\u00eda local que su enorme patrimonio personal, forjado en sus a\u00f1os de tr\u00e1nsito como funcionario p\u00fablico, es completamente injustificable.<\/p>\n\n\n\n<p>Y obviamente, para los p\u00edcaros que provocaron el generalizado desencanto social sobre \u2018los pol\u00edticos\u2019 que facilit\u00f3 la llegada del peluc\u00f3n, tambi\u00e9n es una \u2018oportunidad de negocios\u2019, porque obviamente los corruptos que el gobierno mima con la banelco son muchos m\u00e1s que Kueider, de quien nos fue revelada su corrupci\u00f3n por un apriete entre Macri y Milei. Para los que duden los invitamos que miren las fotos de las reuniones que hace el ex de yuyito con los \u2018legisladores amigos\u2019, o investiguen en serio los patrimonios de todos, por ejemplo, los Santilli y los Ritondo y tantos m\u00e1s que se pelean el podio de las fortunas mal habidas de la pol\u00edtica.<\/p>\n\n\n\n<p><strong>PERO\u2026 ENTONCES LLEG\u00d3 KUEIDER<\/strong><\/p>\n\n\n\n<p>El tsunami pol\u00edtico provocado por el descubrimiento infraganti del ex senador Edgardo Kueider, contrabandeando cientos de miles de d\u00f3lares (aunque ahora ya se habla de millones) en Paraguay, pate\u00f3 el tablero de la pol\u00edtica provincial, descolocando a algunos y envalentonando a otros en sus pretensiones de controlar el justicialismo entrerriano.<\/p>\n\n\n\n<p>Siguiendo los est\u00e1ndares de la realidad pol\u00edtica argentina, en la que el \u2018largo plazo\u2019 se mide a partir de una semana, sucesos de los \u00faltimos dos meses han puesto patas para arriba el panorama de la divisa local que asume (cada vez con menos \u00e9xito) ser la heredera de la doctrina legada por Juan Domingo Per\u00f3n.<\/p>\n\n\n\n<p>Al n\u00facleo duro del grupete integrado por Bordet, Bahl, Kueider (hoy ca\u00eddo en desgracia), Lauritto y pocos m\u00e1s. Como les ven\u00edamos diciendo, \u00faltimamente sumaron al reci\u00e9n llegado a la pol\u00edtica provincial, el publicitado ex titular de la Direcci\u00f3n General de Aduanas, Guillermo Michel, que les viene de perillas porque tiene a su alcance la bien abastecida caja econ\u00f3mica de Sergio Massa, un Michel al que pretenden presentar como una \u2018renovaci\u00f3n\u2019 de elenco.<\/p>\n\n\n\n<p>A la que sumaron a la \u2018<strong><em>multiidentitaria pol\u00edtica\u2019<\/em><\/strong>, Rosario Romero, la actual intendenta de Paran\u00e1, y finalmente algunos advenedizos multiprop\u00f3sito, como Enriquito Cresto, a quien, aparentemente, todos los vientos lo llevan a puerto. Adem\u00e1s, ni Michel ni Romero constituyen en s\u00ed mismos una amenaza para la hegemon\u00eda de la runfla porque carecen ambos de desarrollo pol\u00edtico propio en el territorio; incluso Romero viene malgastando r\u00e1pidamente las expectativas que hab\u00eda creado en Paran\u00e1, con denuncias de todo tipo, una gesti\u00f3n muy abollada, que hace agua por todos lados.<\/p>\n\n\n\n<p><strong>LA IRRUPCI\u00d3N ESTELAR DE GUILLERMO MICHEL EN LA POL\u00cdTICA ENTRERRIANA<\/strong><\/p>\n\n\n\n<p>Es un profesional muy formado, abogado y contador p\u00fablico, con un desempe\u00f1o en la Direcci\u00f3n de Aduana, en el \u00faltimo tramo del gobierno de Alberto Fern\u00e1ndez, debajo del ala de su protector, Sergio Massa. Localmente su padrino pol\u00edtico es Pedro (pemo) Guastavino. Pero pol\u00edticamente Michel tiene un lado flaco (o muy flaco, seg\u00fan se lo mire) y es que carece de ning\u00fan sustento pol\u00edtico propio en el territorio entrerriano.\u00a0\u00a0Esta circunstancia lo expone y de alg\u00fan modo lo deja regalado por verse obligado a aceptar la manipulaci\u00f3n por parte de la runfla, que por un lado le presta protagonismo en los escenarios de la pol\u00edtica local, pero por otro lo obliga a viajar en el \u2018carro de los condenados\u2019 para que no lo dejen \u2018colgado del pincel\u2019 si se quiere cortar solo.<\/p>\n\n\n\n<p>Dos circunstancias lo revelan ideol\u00f3gicamente. La primera es ser el organizador de la agenda del&nbsp;<strong>Peronismo Antiperonista<\/strong>&nbsp;en la provincia, auspiciando la llegada de sus principales promotores doctrinarios a bajar l\u00ednea. El primero fue Miguel \u00c1ngel Pichetto, un personaje con un curriculum completo de antecedentes que se inscriben ya no solo en el&nbsp;<strong>Peronismo Antiperonista,<\/strong>&nbsp;sino directamente en el \u2018<strong>Antiperonismo Gorila\u2019<\/strong>&nbsp;algo que no necesita explicaciones en tanto y en cuanto fue candidato a vicepresidente de la Naci\u00f3n, acompa\u00f1ando a Mauricio Macri en la f\u00f3rmula de Unidos por el Cambio, que enfrento al Frente de Todos. Otro de sus invitados \u2018ilustres\u2019 fue Diego Bossio, un calificado traidor al peronismo que no solo dinamit\u00f3 el bloque de diputados del PJ, durante la presidencia de CFK, visita que cont\u00f3 con la colaboraci\u00f3n de Lauritto, que lo recibi\u00f3 con los brazos abiertos en C. del Uruguay. Por si alguno no recuerda, Bossio se dedic\u00f3 a poner el rostro en los programas de oposici\u00f3n, durante la gesti\u00f3n del de A. Fern\u00e1ndez, e incluso criticaba ante cualquier micr\u00f3fono que le pusieran delante al mentor de Michel, Sergio Massa<a href=\"https:\/\/mail.google.com\/mail\/u\/0\/#m_-436159900652867316__edn1\">[i]<\/a>. Y por \u00faltimo Schiaretti, el empleado de Macri que fue condenado junto con \u00e9l y su pap\u00e1 en el esc\u00e1ndalo por el mega contrabando de Opalsen. (y hablan de ficha limpia, jajaja) invitaci\u00f3n que comparti\u00f3 con la \u2018patobullrich\u2019 paranaense.<\/p>\n\n\n\n<p>Hoy Michel est\u00e1 abocado a apuntalar a la runfla del PJ, tratando de contener el impacto que ha tenido en ella el\u00a0<strong><em>affaire<\/em><\/strong>\u00a0Kueider, porque lo contrario ser\u00eda escupir para arriba. Y despu\u00e9s, llama mucho la atenci\u00f3n que, en sus muy publicitadas apariciones period\u00edsticas en los \u00faltimos tiempos, cuando expresa opiniones sobre la realidad instalada por los libertarios, jam\u00e1s efect\u00faa cr\u00edticas desde la doctrina que dice representar, sino que solo habla de cuestiones formales o t\u00e9cnicas de la gesti\u00f3n, quedando la sensaci\u00f3n que no tiene objeciones ideol\u00f3gicas al modelo sino observaciones t\u00e9cnicas. Como si quisiera ponerse en la oferta como una especie de \u2018peronista moderado\u2019 disponible para los vertiginosos recambios de funcionarios del gobierno de Milei, de hecho, su mentor Massa, lo impuls\u00f3 para la Auditor\u00eda General de la Naci\u00f3n (AGN) enfrentando a la C\u00e1mpora y su candidato Juan Ignacio Forl\u00f3n.<\/p>\n\n\n\n<p>Pero en definitiva esto de las candidaturas reci\u00e9n comienza, y hay muchas \u2018vacas sagradas\u2019 que aspiran a pastar en los generosos alfalfares de las c\u00e1maras legislativas nacionales. Estaremos atentos.<\/p>\n","protected":false},"excerpt":{"rendered":"<p>El medio period\u00edstico que usa habitualmente la cam\u00e1ndula que controla el PJ, para revelar sus estrategias, est\u00e1 muy activo las \u00faltimas semanas. Primero, a principios de diciembre, public\u00f3 un extens\u00edsimo reportaje al ex gobernador Bordet, a todas luces acordado, en el que, extra\u00f1amente, no se habl\u00f3 del \u00fanico tema de inter\u00e9s period\u00edsto que ronda hoy [&hellip;]<\/p>\n","protected":false},"author":2,"featured_media":858,"comment_status":"open","ping_status":"open","sticky":false,"template":"","format":"standard","meta":{"footnotes":""},"categories":[17],"tags":[],"class_list":{"0":"post-857","1":"post","2":"type-post","3":"status-publish","4":"format-standard","5":"has-post-thumbnail","7":"category-provinciales"},"yoast_head":"<!-- This site is optimized with the Yoast SEO plugin v27.4 - https:\/\/yoast.com\/product\/yoast-seo-wordpress\/ -->\n<title>Mitchel, el mascar\u00f3n de proa de la &quot;runfla&quot; pejotista - Diario del Sur<\/title>\n<meta name=\"robots\" content=\"index, follow, max-snippet:-1, max-image-preview:large, max-video-preview:-1\" \/>\n<link rel=\"canonical\" href=\"https:\/\/diariodelsurdigital.com.ar\/?p=857\" \/>\n<meta property=\"og:locale\" content=\"es_ES\" \/>\n<meta property=\"og:type\" content=\"article\" \/>\n<meta property=\"og:title\" content=\"Mitchel, el mascar\u00f3n de proa de la &quot;runfla&quot; pejotista - Diario del Sur\" \/>\n<meta property=\"og:description\" content=\"El medio period\u00edstico que usa habitualmente la cam\u00e1ndula que controla el PJ, para revelar sus estrategias, est\u00e1 muy activo las \u00faltimas semanas. Primero, a principios de diciembre, public\u00f3 un extens\u00edsimo reportaje al ex gobernador Bordet, a todas luces acordado, en el que, extra\u00f1amente, no se habl\u00f3 del \u00fanico tema de inter\u00e9s period\u00edsto que ronda hoy [&hellip;]\" \/>\n<meta property=\"og:url\" content=\"https:\/\/diariodelsurdigital.com.ar\/?p=857\" \/>\n<meta property=\"og:site_name\" content=\"Diario del Sur\" \/>\n<meta property=\"article:published_time\" content=\"2025-02-03T17:51:12+00:00\" \/>\n<meta property=\"article:modified_time\" content=\"2025-02-03T17:52:32+00:00\" \/>\n<meta property=\"og:image\" content=\"https:\/\/diariodelsurdigital.com.ar\/wp-content\/uploads\/2025\/02\/Titulo.jpg\" \/>\n\t<meta property=\"og:image:width\" content=\"532\" \/>\n\t<meta property=\"og:image:height\" content=\"299\" \/>\n\t<meta property=\"og:image:type\" content=\"image\/jpeg\" \/>\n<meta name=\"author\" content=\"Diario del Sur Digital\" \/>\n<meta name=\"twitter:card\" content=\"summary_large_image\" \/>\n<meta name=\"twitter:label1\" content=\"Escrito por\" \/>\n\t<meta name=\"twitter:data1\" content=\"Diario del Sur Digital\" \/>\n\t<meta name=\"twitter:label2\" content=\"Tiempo de lectura\" \/>\n\t<meta name=\"twitter:data2\" content=\"7 minutos\" \/>\n<script type=\"application\/ld+json\" class=\"yoast-schema-graph\">{\"@context\":\"https:\\\/\\\/schema.org\",\"@graph\":[{\"@type\":\"Article\",\"@id\":\"https:\\\/\\\/diariodelsurdigital.com.ar\\\/?p=857#article\",\"isPartOf\":{\"@id\":\"https:\\\/\\\/diariodelsurdigital.com.ar\\\/?p=857\"},\"author\":{\"name\":\"Diario del Sur Digital\",\"@id\":\"https:\\\/\\\/diariodelsurdigital.com.ar\\\/#\\\/schema\\\/person\\\/6136a32571657f7dba980b88b04c5465\"},\"headline\":\"Mitchel, el mascar\u00f3n de proa de la \u00abrunfla\u00bb pejotista\",\"datePublished\":\"2025-02-03T17:51:12+00:00\",\"dateModified\":\"2025-02-03T17:52:32+00:00\",\"mainEntityOfPage\":{\"@id\":\"https:\\\/\\\/diariodelsurdigital.com.ar\\\/?p=857\"},\"wordCount\":1477,\"commentCount\":0,\"image\":{\"@id\":\"https:\\\/\\\/diariodelsurdigital.com.ar\\\/?p=857#primaryimage\"},\"thumbnailUrl\":\"https:\\\/\\\/diariodelsurdigital.com.ar\\\/wp-content\\\/uploads\\\/2025\\\/02\\\/Titulo.jpg\",\"articleSection\":[\"Provinciales\"],\"inLanguage\":\"es\",\"potentialAction\":[{\"@type\":\"CommentAction\",\"name\":\"Comment\",\"target\":[\"https:\\\/\\\/diariodelsurdigital.com.ar\\\/?p=857#respond\"]}]},{\"@type\":\"WebPage\",\"@id\":\"https:\\\/\\\/diariodelsurdigital.com.ar\\\/?p=857\",\"url\":\"https:\\\/\\\/diariodelsurdigital.com.ar\\\/?p=857\",\"name\":\"Mitchel, el mascar\u00f3n de proa de la \\\"runfla\\\" pejotista - Diario del Sur\",\"isPartOf\":{\"@id\":\"https:\\\/\\\/diariodelsurdigital.com.ar\\\/#website\"},\"primaryImageOfPage\":{\"@id\":\"https:\\\/\\\/diariodelsurdigital.com.ar\\\/?p=857#primaryimage\"},\"image\":{\"@id\":\"https:\\\/\\\/diariodelsurdigital.com.ar\\\/?p=857#primaryimage\"},\"thumbnailUrl\":\"https:\\\/\\\/diariodelsurdigital.com.ar\\\/wp-content\\\/uploads\\\/2025\\\/02\\\/Titulo.jpg\",\"datePublished\":\"2025-02-03T17:51:12+00:00\",\"dateModified\":\"2025-02-03T17:52:32+00:00\",\"author\":{\"@id\":\"https:\\\/\\\/diariodelsurdigital.com.ar\\\/#\\\/schema\\\/person\\\/6136a32571657f7dba980b88b04c5465\"},\"breadcrumb\":{\"@id\":\"https:\\\/\\\/diariodelsurdigital.com.ar\\\/?p=857#breadcrumb\"},\"inLanguage\":\"es\",\"potentialAction\":[{\"@type\":\"ReadAction\",\"target\":[\"https:\\\/\\\/diariodelsurdigital.com.ar\\\/?p=857\"]}]},{\"@type\":\"ImageObject\",\"inLanguage\":\"es\",\"@id\":\"https:\\\/\\\/diariodelsurdigital.com.ar\\\/?p=857#primaryimage\",\"url\":\"https:\\\/\\\/diariodelsurdigital.com.ar\\\/wp-content\\\/uploads\\\/2025\\\/02\\\/Titulo.jpg\",\"contentUrl\":\"https:\\\/\\\/diariodelsurdigital.com.ar\\\/wp-content\\\/uploads\\\/2025\\\/02\\\/Titulo.jpg\",\"width\":532,\"height\":299},{\"@type\":\"BreadcrumbList\",\"@id\":\"https:\\\/\\\/diariodelsurdigital.com.ar\\\/?p=857#breadcrumb\",\"itemListElement\":[{\"@type\":\"ListItem\",\"position\":1,\"name\":\"Portada\",\"item\":\"https:\\\/\\\/diariodelsurdigital.com.ar\\\/\"},{\"@type\":\"ListItem\",\"position\":2,\"name\":\"Mitchel, el mascar\u00f3n de proa de la \u00abrunfla\u00bb pejotista\"}]},{\"@type\":\"WebSite\",\"@id\":\"https:\\\/\\\/diariodelsurdigital.com.ar\\\/#website\",\"url\":\"https:\\\/\\\/diariodelsurdigital.com.ar\\\/\",\"name\":\"Diario del Sur\",\"description\":\"Digital\",\"potentialAction\":[{\"@type\":\"SearchAction\",\"target\":{\"@type\":\"EntryPoint\",\"urlTemplate\":\"https:\\\/\\\/diariodelsurdigital.com.ar\\\/?s={search_term_string}\"},\"query-input\":{\"@type\":\"PropertyValueSpecification\",\"valueRequired\":true,\"valueName\":\"search_term_string\"}}],\"inLanguage\":\"es\"},{\"@type\":\"Person\",\"@id\":\"https:\\\/\\\/diariodelsurdigital.com.ar\\\/#\\\/schema\\\/person\\\/6136a32571657f7dba980b88b04c5465\",\"name\":\"Diario del Sur Digital\",\"image\":{\"@type\":\"ImageObject\",\"inLanguage\":\"es\",\"@id\":\"https:\\\/\\\/secure.gravatar.com\\\/avatar\\\/4c29ceac98541dd42460b2474aaa5dd37594d6ce6cb3cf2c101d09b48ee287ba?s=96&d=mm&r=g\",\"url\":\"https:\\\/\\\/secure.gravatar.com\\\/avatar\\\/4c29ceac98541dd42460b2474aaa5dd37594d6ce6cb3cf2c101d09b48ee287ba?s=96&d=mm&r=g\",\"contentUrl\":\"https:\\\/\\\/secure.gravatar.com\\\/avatar\\\/4c29ceac98541dd42460b2474aaa5dd37594d6ce6cb3cf2c101d09b48ee287ba?s=96&d=mm&r=g\",\"caption\":\"Diario del Sur Digital\"},\"url\":\"https:\\\/\\\/diariodelsurdigital.com.ar\\\/?author=2\"}]}<\/script>\n<!-- \/ Yoast SEO plugin. -->","yoast_head_json":{"title":"Mitchel, el mascar\u00f3n de proa de la \"runfla\" pejotista - Diario del Sur","robots":{"index":"index","follow":"follow","max-snippet":"max-snippet:-1","max-image-preview":"max-image-preview:large","max-video-preview":"max-video-preview:-1"},"canonical":"https:\/\/diariodelsurdigital.com.ar\/?p=857","og_locale":"es_ES","og_type":"article","og_title":"Mitchel, el mascar\u00f3n de proa de la \"runfla\" pejotista - Diario del Sur","og_description":"El medio period\u00edstico que usa habitualmente la cam\u00e1ndula que controla el PJ, para revelar sus estrategias, est\u00e1 muy activo las \u00faltimas semanas. Primero, a principios de diciembre, public\u00f3 un extens\u00edsimo reportaje al ex gobernador Bordet, a todas luces acordado, en el que, extra\u00f1amente, no se habl\u00f3 del \u00fanico tema de inter\u00e9s period\u00edsto que ronda hoy [&hellip;]","og_url":"https:\/\/diariodelsurdigital.com.ar\/?p=857","og_site_name":"Diario del Sur","article_published_time":"2025-02-03T17:51:12+00:00","article_modified_time":"2025-02-03T17:52:32+00:00","og_image":[{"width":532,"height":299,"url":"https:\/\/diariodelsurdigital.com.ar\/wp-content\/uploads\/2025\/02\/Titulo.jpg","type":"image\/jpeg"}],"author":"Diario del Sur Digital","twitter_card":"summary_large_image","twitter_misc":{"Escrito por":"Diario del Sur Digital","Tiempo de lectura":"7 minutos"},"schema":{"@context":"https:\/\/schema.org","@graph":[{"@type":"Article","@id":"https:\/\/diariodelsurdigital.com.ar\/?p=857#article","isPartOf":{"@id":"https:\/\/diariodelsurdigital.com.ar\/?p=857"},"author":{"name":"Diario del Sur Digital","@id":"https:\/\/diariodelsurdigital.com.ar\/#\/schema\/person\/6136a32571657f7dba980b88b04c5465"},"headline":"Mitchel, el mascar\u00f3n de proa de la \u00abrunfla\u00bb pejotista","datePublished":"2025-02-03T17:51:12+00:00","dateModified":"2025-02-03T17:52:32+00:00","mainEntityOfPage":{"@id":"https:\/\/diariodelsurdigital.com.ar\/?p=857"},"wordCount":1477,"commentCount":0,"image":{"@id":"https:\/\/diariodelsurdigital.com.ar\/?p=857#primaryimage"},"thumbnailUrl":"https:\/\/diariodelsurdigital.com.ar\/wp-content\/uploads\/2025\/02\/Titulo.jpg","articleSection":["Provinciales"],"inLanguage":"es","potentialAction":[{"@type":"CommentAction","name":"Comment","target":["https:\/\/diariodelsurdigital.com.ar\/?p=857#respond"]}]},{"@type":"WebPage","@id":"https:\/\/diariodelsurdigital.com.ar\/?p=857","url":"https:\/\/diariodelsurdigital.com.ar\/?p=857","name":"Mitchel, el mascar\u00f3n de proa de la \"runfla\" pejotista - Diario del Sur","isPartOf":{"@id":"https:\/\/diariodelsurdigital.com.ar\/#website"},"primaryImageOfPage":{"@id":"https:\/\/diariodelsurdigital.com.ar\/?p=857#primaryimage"},"image":{"@id":"https:\/\/diariodelsurdigital.com.ar\/?p=857#primaryimage"},"thumbnailUrl":"https:\/\/diariodelsurdigital.com.ar\/wp-content\/uploads\/2025\/02\/Titulo.jpg","datePublished":"2025-02-03T17:51:12+00:00","dateModified":"2025-02-03T17:52:32+00:00","author":{"@id":"https:\/\/diariodelsurdigital.com.ar\/#\/schema\/person\/6136a32571657f7dba980b88b04c5465"},"breadcrumb":{"@id":"https:\/\/diariodelsurdigital.com.ar\/?p=857#breadcrumb"},"inLanguage":"es","potentialAction":[{"@type":"ReadAction","target":["https:\/\/diariodelsurdigital.com.ar\/?p=857"]}]},{"@type":"ImageObject","inLanguage":"es","@id":"https:\/\/diariodelsurdigital.com.ar\/?p=857#primaryimage","url":"https:\/\/diariodelsurdigital.com.ar\/wp-content\/uploads\/2025\/02\/Titulo.jpg","contentUrl":"https:\/\/diariodelsurdigital.com.ar\/wp-content\/uploads\/2025\/02\/Titulo.jpg","width":532,"height":299},{"@type":"BreadcrumbList","@id":"https:\/\/diariodelsurdigital.com.ar\/?p=857#breadcrumb","itemListElement":[{"@type":"ListItem","position":1,"name":"Portada","item":"https:\/\/diariodelsurdigital.com.ar\/"},{"@type":"ListItem","position":2,"name":"Mitchel, el mascar\u00f3n de proa de la \u00abrunfla\u00bb pejotista"}]},{"@type":"WebSite","@id":"https:\/\/diariodelsurdigital.com.ar\/#website","url":"https:\/\/diariodelsurdigital.com.ar\/","name":"Diario del Sur","description":"Digital","potentialAction":[{"@type":"SearchAction","target":{"@type":"EntryPoint","urlTemplate":"https:\/\/diariodelsurdigital.com.ar\/?s={search_term_string}"},"query-input":{"@type":"PropertyValueSpecification","valueRequired":true,"valueName":"search_term_string"}}],"inLanguage":"es"},{"@type":"Person","@id":"https:\/\/diariodelsurdigital.com.ar\/#\/schema\/person\/6136a32571657f7dba980b88b04c5465","name":"Diario del Sur Digital","image":{"@type":"ImageObject","inLanguage":"es","@id":"https:\/\/secure.gravatar.com\/avatar\/4c29ceac98541dd42460b2474aaa5dd37594d6ce6cb3cf2c101d09b48ee287ba?s=96&d=mm&r=g","url":"https:\/\/secure.gravatar.com\/avatar\/4c29ceac98541dd42460b2474aaa5dd37594d6ce6cb3cf2c101d09b48ee287ba?s=96&d=mm&r=g","contentUrl":"https:\/\/secure.gravatar.com\/avatar\/4c29ceac98541dd42460b2474aaa5dd37594d6ce6cb3cf2c101d09b48ee287ba?s=96&d=mm&r=g","caption":"Diario del Sur Digital"},"url":"https:\/\/diariodelsurdigital.com.ar\/?author=2"}]}},"_links":{"self":[{"href":"https:\/\/diariodelsurdigital.com.ar\/index.php?rest_route=\/wp\/v2\/posts\/857","targetHints":{"allow":["GET"]}}],"collection":[{"href":"https:\/\/diariodelsurdigital.com.ar\/index.php?rest_route=\/wp\/v2\/posts"}],"about":[{"href":"https:\/\/diariodelsurdigital.com.ar\/index.php?rest_route=\/wp\/v2\/types\/post"}],"author":[{"embeddable":true,"href":"https:\/\/diariodelsurdigital.com.ar\/index.php?rest_route=\/wp\/v2\/users\/2"}],"replies":[{"embeddable":true,"href":"https:\/\/diariodelsurdigital.com.ar\/index.php?rest_route=%2Fwp%2Fv2%2Fcomments&post=857"}],"version-history":[{"count":2,"href":"https:\/\/diariodelsurdigital.com.ar\/index.php?rest_route=\/wp\/v2\/posts\/857\/revisions"}],"predecessor-version":[{"id":860,"href":"https:\/\/diariodelsurdigital.com.ar\/index.php?rest_route=\/wp\/v2\/posts\/857\/revisions\/860"}],"wp:featuredmedia":[{"embeddable":true,"href":"https:\/\/diariodelsurdigital.com.ar\/index.php?rest_route=\/wp\/v2\/media\/858"}],"wp:attachment":[{"href":"https:\/\/diariodelsurdigital.com.ar\/index.php?rest_route=%2Fwp%2Fv2%2Fmedia&parent=857"}],"wp:term":[{"taxonomy":"category","embeddable":true,"href":"https:\/\/diariodelsurdigital.com.ar\/index.php?rest_route=%2Fwp%2Fv2%2Fcategories&post=857"},{"taxonomy":"post_tag","embeddable":true,"href":"https:\/\/diariodelsurdigital.com.ar\/index.php?rest_route=%2Fwp%2Fv2%2Ftags&post=857"}],"curies":[{"name":"wp","href":"https:\/\/api.w.org\/{rel}","templated":true}]}}