{"id":861,"date":"2025-02-03T18:26:37","date_gmt":"2025-02-03T21:26:37","guid":{"rendered":"https:\/\/diariodelsurdigital.com.ar\/?p=861"},"modified":"2025-02-03T18:26:38","modified_gmt":"2025-02-03T21:26:38","slug":"cresto-senalo-que-trabajara-para-la-region-de-salto-grande-para-tener-una-energia-mas-barata","status":"publish","type":"post","link":"https:\/\/diariodelsurdigital.com.ar\/?p=861","title":{"rendered":"Cresto se\u00f1al\u00f3 que trabajar\u00e1 para \u00abla regi\u00f3n de Salto Grande\u00bb para tener \u00abuna energ\u00eda m\u00e1s barata\u00bb"},"content":{"rendered":"\n<h2 class=\"wp-block-heading\" id=\"nota-title\"><\/h2>\n\n\n\n<p>En di\u00e1logo con <em>Radio Diputados<\/em>, Enrique Cresto reflexion\u00f3 sobre el rol del bloque del justicialismo en la C\u00e1mara baja provincial y c\u00f3mo prev\u00e9 que se desarrollar\u00e1 el trabajo legislativo durante el 2025.<\/p>\n\n\n\n<p><a href=\"whatsapp:\/\/send?text=DRU:%20Cresto%20se%C3%B1al%C3%B3%20que%20trabajar%20desde%20la%20oposici%C3%B3n%20no%20significa%20%22meter%20palos%20en%20la%20rueda%E2%80%9D%20-%20https:\/\/www.diarioriouruguay.com.ar\/uid-84628\"><\/a><a href=\"https:\/\/www.diarioriouruguay.com.ar\/politica\/cresto-seal-que-trabajar-desde-la-oposicin-no-significa-meter-palos-en-la-ruedardquo.htm#\"><\/a><a href=\"https:\/\/www.diarioriouruguay.com.ar\/politica\/cresto-seal-que-trabajar-desde-la-oposicin-no-significa-meter-palos-en-la-ruedardquo.htm#\"><\/a><\/p>\n\n\n\n<p>En este sentido, se\u00f1al\u00f3 que \u201ctratamos de marcar los errores y aportar a impulsar diferentes temas como la transparencia, la infraestructura, el desarrollo econ\u00f3mico, la educaci\u00f3n y el apoyo al sector productivo. Tratamos de priorizar siempre el di\u00e1logo y la cooperaci\u00f3n, en lugar de la confrontaci\u00f3n por la confrontaci\u00f3n misma\u201d. Agreg\u00f3 que tiene \u201cdi\u00e1logo fluido y sincero\u201d tanto con el gobernador Rogelio Frigerio como con el presidente de la C\u00e1mara de Diputados, Gustavo Hein.<\/p>\n\n\n\n<h5 class=\"wp-block-heading\"><strong>Disidencia con Naci\u00f3n<\/strong><\/h5>\n\n\n\n<p>Cresto se refiri\u00f3 a la relaci\u00f3n entre Frigerio y Milei indicando que \u201choy tenemos un gobierno nacional que no tiene absolutamente nada que ver con lo que pregona nuestro movimiento, por eso tenemos una marcada diferencia, pero tambi\u00e9n entendemos que el gobernador de la provincia est\u00e1 en una situaci\u00f3n que es complicada: por un lado depende del gobierno nacional y por otro lado debe defender el inter\u00e9s de los entrerrianos\u00bb. En ese sentido, \u00abnos va a encontrar marcando una oposici\u00f3n muy fuerte y seguramente tambi\u00e9n cuando veamos que hay un alineamiento sin condicionamientos al gobierno nacional, porque creemos que eso a la larga termina perjudicando fuertemente a la provincia de Entre R\u00edos\u201d, se\u00f1al\u00f3.<\/p>\n\n\n\n<p>En cuanto a los temas para este a\u00f1o, dijo que \u201chay que seguir avanzando en la modificaci\u00f3n de la Ley de Municipios 10.027, pero tambi\u00e9n es importante trabajar en temas como es la ley 10.270, que se sancion\u00f3 en 2013, en la cual hubo un error al no incluir la pr\u00f3rroga de un aumento del impuesto Inmobiliario y Automotor. Es un debate que va a venir en los pr\u00f3ximos d\u00edas. Tambi\u00e9n hay que tener en cuenta que los municipios est\u00e1n peleando para que esa plata se coparticipe\u201d.<\/p>\n\n\n\n<p>Por \u00faltimo, el diputado de M\u00e1s para Entre R\u00edos, Enrique Cresto, remarc\u00f3 que \u201ceste a\u00f1o vamos a apuntalar la cuesti\u00f3n energ\u00e9tica, que creemos que es fundamental fortalecer para que se reconozca para la regi\u00f3n de Salto Grande lo que nunca fue reconocido, que es tener una energ\u00eda m\u00e1s barata, y por otro lado vamos a apoyar al sector industrial y productivo\u201d.<\/p>\n","protected":false},"excerpt":{"rendered":"<p>En di\u00e1logo con Radio Diputados, Enrique Cresto reflexion\u00f3 sobre el rol del bloque del justicialismo en la C\u00e1mara baja provincial y c\u00f3mo prev\u00e9 que se desarrollar\u00e1 el trabajo legislativo durante el 2025. En este sentido, se\u00f1al\u00f3 que \u201ctratamos de marcar los errores y aportar a impulsar diferentes temas como la transparencia, la infraestructura, el desarrollo [&hellip;]<\/p>\n","protected":false},"author":2,"featured_media":862,"comment_status":"open","ping_status":"open","sticky":false,"template":"","format":"standard","meta":{"footnotes":""},"categories":[17],"tags":[],"class_list":{"0":"post-861","1":"post","2":"type-post","3":"status-publish","4":"format-standard","5":"has-post-thumbnail","7":"category-provinciales"},"yoast_head":"<!-- This site is optimized with the Yoast SEO plugin v27.4 - https:\/\/yoast.com\/product\/yoast-seo-wordpress\/ -->\n<title>Cresto se\u00f1al\u00f3 que trabajar\u00e1 para &quot;la regi\u00f3n de Salto Grande&quot; para tener &quot;una energ\u00eda m\u00e1s barata&quot; - Diario del Sur<\/title>\n<meta name=\"robots\" content=\"index, follow, max-snippet:-1, max-image-preview:large, max-video-preview:-1\" \/>\n<link rel=\"canonical\" href=\"https:\/\/diariodelsurdigital.com.ar\/?p=861\" \/>\n<meta property=\"og:locale\" content=\"es_ES\" \/>\n<meta property=\"og:type\" content=\"article\" \/>\n<meta property=\"og:title\" content=\"Cresto se\u00f1al\u00f3 que trabajar\u00e1 para &quot;la regi\u00f3n de Salto Grande&quot; para tener &quot;una energ\u00eda m\u00e1s barata&quot; - Diario del Sur\" \/>\n<meta property=\"og:description\" content=\"En di\u00e1logo con Radio Diputados, Enrique Cresto reflexion\u00f3 sobre el rol del bloque del justicialismo en la C\u00e1mara baja provincial y c\u00f3mo prev\u00e9 que se desarrollar\u00e1 el trabajo legislativo durante el 2025. En este sentido, se\u00f1al\u00f3 que \u201ctratamos de marcar los errores y aportar a impulsar diferentes temas como la transparencia, la infraestructura, el desarrollo [&hellip;]\" \/>\n<meta property=\"og:url\" content=\"https:\/\/diariodelsurdigital.com.ar\/?p=861\" \/>\n<meta property=\"og:site_name\" content=\"Diario del Sur\" \/>\n<meta property=\"article:published_time\" content=\"2025-02-03T21:26:37+00:00\" \/>\n<meta property=\"article:modified_time\" content=\"2025-02-03T21:26:38+00:00\" \/>\n<meta property=\"og:image\" content=\"https:\/\/diariodelsurdigital.com.ar\/wp-content\/uploads\/2025\/02\/r_1731677839.jpg\" \/>\n\t<meta property=\"og:image:width\" content=\"528\" \/>\n\t<meta property=\"og:image:height\" content=\"367\" \/>\n\t<meta property=\"og:image:type\" content=\"image\/jpeg\" \/>\n<meta name=\"author\" content=\"Diario del Sur Digital\" \/>\n<meta name=\"twitter:card\" content=\"summary_large_image\" \/>\n<meta name=\"twitter:label1\" content=\"Escrito por\" \/>\n\t<meta name=\"twitter:data1\" content=\"Diario del Sur Digital\" \/>\n\t<meta name=\"twitter:label2\" content=\"Tiempo de lectura\" \/>\n\t<meta name=\"twitter:data2\" content=\"2 minutos\" \/>\n<script type=\"application\/ld+json\" class=\"yoast-schema-graph\">{\"@context\":\"https:\\\/\\\/schema.org\",\"@graph\":[{\"@type\":\"Article\",\"@id\":\"https:\\\/\\\/diariodelsurdigital.com.ar\\\/?p=861#article\",\"isPartOf\":{\"@id\":\"https:\\\/\\\/diariodelsurdigital.com.ar\\\/?p=861\"},\"author\":{\"name\":\"Diario del Sur Digital\",\"@id\":\"https:\\\/\\\/diariodelsurdigital.com.ar\\\/#\\\/schema\\\/person\\\/6136a32571657f7dba980b88b04c5465\"},\"headline\":\"Cresto se\u00f1al\u00f3 que trabajar\u00e1 para \u00abla regi\u00f3n de Salto Grande\u00bb para tener \u00abuna energ\u00eda m\u00e1s barata\u00bb\",\"datePublished\":\"2025-02-03T21:26:37+00:00\",\"dateModified\":\"2025-02-03T21:26:38+00:00\",\"mainEntityOfPage\":{\"@id\":\"https:\\\/\\\/diariodelsurdigital.com.ar\\\/?p=861\"},\"wordCount\":423,\"commentCount\":0,\"image\":{\"@id\":\"https:\\\/\\\/diariodelsurdigital.com.ar\\\/?p=861#primaryimage\"},\"thumbnailUrl\":\"https:\\\/\\\/diariodelsurdigital.com.ar\\\/wp-content\\\/uploads\\\/2025\\\/02\\\/r_1731677839.jpg\",\"articleSection\":[\"Provinciales\"],\"inLanguage\":\"es\",\"potentialAction\":[{\"@type\":\"CommentAction\",\"name\":\"Comment\",\"target\":[\"https:\\\/\\\/diariodelsurdigital.com.ar\\\/?p=861#respond\"]}]},{\"@type\":\"WebPage\",\"@id\":\"https:\\\/\\\/diariodelsurdigital.com.ar\\\/?p=861\",\"url\":\"https:\\\/\\\/diariodelsurdigital.com.ar\\\/?p=861\",\"name\":\"Cresto se\u00f1al\u00f3 que trabajar\u00e1 para \\\"la regi\u00f3n de Salto Grande\\\" para tener \\\"una energ\u00eda m\u00e1s barata\\\" - Diario del Sur\",\"isPartOf\":{\"@id\":\"https:\\\/\\\/diariodelsurdigital.com.ar\\\/#website\"},\"primaryImageOfPage\":{\"@id\":\"https:\\\/\\\/diariodelsurdigital.com.ar\\\/?p=861#primaryimage\"},\"image\":{\"@id\":\"https:\\\/\\\/diariodelsurdigital.com.ar\\\/?p=861#primaryimage\"},\"thumbnailUrl\":\"https:\\\/\\\/diariodelsurdigital.com.ar\\\/wp-content\\\/uploads\\\/2025\\\/02\\\/r_1731677839.jpg\",\"datePublished\":\"2025-02-03T21:26:37+00:00\",\"dateModified\":\"2025-02-03T21:26:38+00:00\",\"author\":{\"@id\":\"https:\\\/\\\/diariodelsurdigital.com.ar\\\/#\\\/schema\\\/person\\\/6136a32571657f7dba980b88b04c5465\"},\"breadcrumb\":{\"@id\":\"https:\\\/\\\/diariodelsurdigital.com.ar\\\/?p=861#breadcrumb\"},\"inLanguage\":\"es\",\"potentialAction\":[{\"@type\":\"ReadAction\",\"target\":[\"https:\\\/\\\/diariodelsurdigital.com.ar\\\/?p=861\"]}]},{\"@type\":\"ImageObject\",\"inLanguage\":\"es\",\"@id\":\"https:\\\/\\\/diariodelsurdigital.com.ar\\\/?p=861#primaryimage\",\"url\":\"https:\\\/\\\/diariodelsurdigital.com.ar\\\/wp-content\\\/uploads\\\/2025\\\/02\\\/r_1731677839.jpg\",\"contentUrl\":\"https:\\\/\\\/diariodelsurdigital.com.ar\\\/wp-content\\\/uploads\\\/2025\\\/02\\\/r_1731677839.jpg\",\"width\":528,\"height\":367},{\"@type\":\"BreadcrumbList\",\"@id\":\"https:\\\/\\\/diariodelsurdigital.com.ar\\\/?p=861#breadcrumb\",\"itemListElement\":[{\"@type\":\"ListItem\",\"position\":1,\"name\":\"Portada\",\"item\":\"https:\\\/\\\/diariodelsurdigital.com.ar\\\/\"},{\"@type\":\"ListItem\",\"position\":2,\"name\":\"Cresto se\u00f1al\u00f3 que trabajar\u00e1 para \u00abla regi\u00f3n de Salto Grande\u00bb para tener \u00abuna energ\u00eda m\u00e1s barata\u00bb\"}]},{\"@type\":\"WebSite\",\"@id\":\"https:\\\/\\\/diariodelsurdigital.com.ar\\\/#website\",\"url\":\"https:\\\/\\\/diariodelsurdigital.com.ar\\\/\",\"name\":\"Diario del Sur\",\"description\":\"Digital\",\"potentialAction\":[{\"@type\":\"SearchAction\",\"target\":{\"@type\":\"EntryPoint\",\"urlTemplate\":\"https:\\\/\\\/diariodelsurdigital.com.ar\\\/?s={search_term_string}\"},\"query-input\":{\"@type\":\"PropertyValueSpecification\",\"valueRequired\":true,\"valueName\":\"search_term_string\"}}],\"inLanguage\":\"es\"},{\"@type\":\"Person\",\"@id\":\"https:\\\/\\\/diariodelsurdigital.com.ar\\\/#\\\/schema\\\/person\\\/6136a32571657f7dba980b88b04c5465\",\"name\":\"Diario del Sur Digital\",\"image\":{\"@type\":\"ImageObject\",\"inLanguage\":\"es\",\"@id\":\"https:\\\/\\\/secure.gravatar.com\\\/avatar\\\/4c29ceac98541dd42460b2474aaa5dd37594d6ce6cb3cf2c101d09b48ee287ba?s=96&d=mm&r=g\",\"url\":\"https:\\\/\\\/secure.gravatar.com\\\/avatar\\\/4c29ceac98541dd42460b2474aaa5dd37594d6ce6cb3cf2c101d09b48ee287ba?s=96&d=mm&r=g\",\"contentUrl\":\"https:\\\/\\\/secure.gravatar.com\\\/avatar\\\/4c29ceac98541dd42460b2474aaa5dd37594d6ce6cb3cf2c101d09b48ee287ba?s=96&d=mm&r=g\",\"caption\":\"Diario del Sur Digital\"},\"url\":\"https:\\\/\\\/diariodelsurdigital.com.ar\\\/?author=2\"}]}<\/script>\n<!-- \/ Yoast SEO plugin. -->","yoast_head_json":{"title":"Cresto se\u00f1al\u00f3 que trabajar\u00e1 para \"la regi\u00f3n de Salto Grande\" para tener \"una energ\u00eda m\u00e1s barata\" - Diario del Sur","robots":{"index":"index","follow":"follow","max-snippet":"max-snippet:-1","max-image-preview":"max-image-preview:large","max-video-preview":"max-video-preview:-1"},"canonical":"https:\/\/diariodelsurdigital.com.ar\/?p=861","og_locale":"es_ES","og_type":"article","og_title":"Cresto se\u00f1al\u00f3 que trabajar\u00e1 para \"la regi\u00f3n de Salto Grande\" para tener \"una energ\u00eda m\u00e1s barata\" - Diario del Sur","og_description":"En di\u00e1logo con Radio Diputados, Enrique Cresto reflexion\u00f3 sobre el rol del bloque del justicialismo en la C\u00e1mara baja provincial y c\u00f3mo prev\u00e9 que se desarrollar\u00e1 el trabajo legislativo durante el 2025. En este sentido, se\u00f1al\u00f3 que \u201ctratamos de marcar los errores y aportar a impulsar diferentes temas como la transparencia, la infraestructura, el desarrollo [&hellip;]","og_url":"https:\/\/diariodelsurdigital.com.ar\/?p=861","og_site_name":"Diario del Sur","article_published_time":"2025-02-03T21:26:37+00:00","article_modified_time":"2025-02-03T21:26:38+00:00","og_image":[{"width":528,"height":367,"url":"https:\/\/diariodelsurdigital.com.ar\/wp-content\/uploads\/2025\/02\/r_1731677839.jpg","type":"image\/jpeg"}],"author":"Diario del Sur Digital","twitter_card":"summary_large_image","twitter_misc":{"Escrito por":"Diario del Sur Digital","Tiempo de lectura":"2 minutos"},"schema":{"@context":"https:\/\/schema.org","@graph":[{"@type":"Article","@id":"https:\/\/diariodelsurdigital.com.ar\/?p=861#article","isPartOf":{"@id":"https:\/\/diariodelsurdigital.com.ar\/?p=861"},"author":{"name":"Diario del Sur Digital","@id":"https:\/\/diariodelsurdigital.com.ar\/#\/schema\/person\/6136a32571657f7dba980b88b04c5465"},"headline":"Cresto se\u00f1al\u00f3 que trabajar\u00e1 para \u00abla regi\u00f3n de Salto Grande\u00bb para tener \u00abuna energ\u00eda m\u00e1s barata\u00bb","datePublished":"2025-02-03T21:26:37+00:00","dateModified":"2025-02-03T21:26:38+00:00","mainEntityOfPage":{"@id":"https:\/\/diariodelsurdigital.com.ar\/?p=861"},"wordCount":423,"commentCount":0,"image":{"@id":"https:\/\/diariodelsurdigital.com.ar\/?p=861#primaryimage"},"thumbnailUrl":"https:\/\/diariodelsurdigital.com.ar\/wp-content\/uploads\/2025\/02\/r_1731677839.jpg","articleSection":["Provinciales"],"inLanguage":"es","potentialAction":[{"@type":"CommentAction","name":"Comment","target":["https:\/\/diariodelsurdigital.com.ar\/?p=861#respond"]}]},{"@type":"WebPage","@id":"https:\/\/diariodelsurdigital.com.ar\/?p=861","url":"https:\/\/diariodelsurdigital.com.ar\/?p=861","name":"Cresto se\u00f1al\u00f3 que trabajar\u00e1 para \"la regi\u00f3n de Salto Grande\" para tener \"una energ\u00eda m\u00e1s barata\" - Diario del Sur","isPartOf":{"@id":"https:\/\/diariodelsurdigital.com.ar\/#website"},"primaryImageOfPage":{"@id":"https:\/\/diariodelsurdigital.com.ar\/?p=861#primaryimage"},"image":{"@id":"https:\/\/diariodelsurdigital.com.ar\/?p=861#primaryimage"},"thumbnailUrl":"https:\/\/diariodelsurdigital.com.ar\/wp-content\/uploads\/2025\/02\/r_1731677839.jpg","datePublished":"2025-02-03T21:26:37+00:00","dateModified":"2025-02-03T21:26:38+00:00","author":{"@id":"https:\/\/diariodelsurdigital.com.ar\/#\/schema\/person\/6136a32571657f7dba980b88b04c5465"},"breadcrumb":{"@id":"https:\/\/diariodelsurdigital.com.ar\/?p=861#breadcrumb"},"inLanguage":"es","potentialAction":[{"@type":"ReadAction","target":["https:\/\/diariodelsurdigital.com.ar\/?p=861"]}]},{"@type":"ImageObject","inLanguage":"es","@id":"https:\/\/diariodelsurdigital.com.ar\/?p=861#primaryimage","url":"https:\/\/diariodelsurdigital.com.ar\/wp-content\/uploads\/2025\/02\/r_1731677839.jpg","contentUrl":"https:\/\/diariodelsurdigital.com.ar\/wp-content\/uploads\/2025\/02\/r_1731677839.jpg","width":528,"height":367},{"@type":"BreadcrumbList","@id":"https:\/\/diariodelsurdigital.com.ar\/?p=861#breadcrumb","itemListElement":[{"@type":"ListItem","position":1,"name":"Portada","item":"https:\/\/diariodelsurdigital.com.ar\/"},{"@type":"ListItem","position":2,"name":"Cresto se\u00f1al\u00f3 que trabajar\u00e1 para \u00abla regi\u00f3n de Salto Grande\u00bb para tener \u00abuna energ\u00eda m\u00e1s barata\u00bb"}]},{"@type":"WebSite","@id":"https:\/\/diariodelsurdigital.com.ar\/#website","url":"https:\/\/diariodelsurdigital.com.ar\/","name":"Diario del Sur","description":"Digital","potentialAction":[{"@type":"SearchAction","target":{"@type":"EntryPoint","urlTemplate":"https:\/\/diariodelsurdigital.com.ar\/?s={search_term_string}"},"query-input":{"@type":"PropertyValueSpecification","valueRequired":true,"valueName":"search_term_string"}}],"inLanguage":"es"},{"@type":"Person","@id":"https:\/\/diariodelsurdigital.com.ar\/#\/schema\/person\/6136a32571657f7dba980b88b04c5465","name":"Diario del Sur Digital","image":{"@type":"ImageObject","inLanguage":"es","@id":"https:\/\/secure.gravatar.com\/avatar\/4c29ceac98541dd42460b2474aaa5dd37594d6ce6cb3cf2c101d09b48ee287ba?s=96&d=mm&r=g","url":"https:\/\/secure.gravatar.com\/avatar\/4c29ceac98541dd42460b2474aaa5dd37594d6ce6cb3cf2c101d09b48ee287ba?s=96&d=mm&r=g","contentUrl":"https:\/\/secure.gravatar.com\/avatar\/4c29ceac98541dd42460b2474aaa5dd37594d6ce6cb3cf2c101d09b48ee287ba?s=96&d=mm&r=g","caption":"Diario del Sur Digital"},"url":"https:\/\/diariodelsurdigital.com.ar\/?author=2"}]}},"_links":{"self":[{"href":"https:\/\/diariodelsurdigital.com.ar\/index.php?rest_route=\/wp\/v2\/posts\/861","targetHints":{"allow":["GET"]}}],"collection":[{"href":"https:\/\/diariodelsurdigital.com.ar\/index.php?rest_route=\/wp\/v2\/posts"}],"about":[{"href":"https:\/\/diariodelsurdigital.com.ar\/index.php?rest_route=\/wp\/v2\/types\/post"}],"author":[{"embeddable":true,"href":"https:\/\/diariodelsurdigital.com.ar\/index.php?rest_route=\/wp\/v2\/users\/2"}],"replies":[{"embeddable":true,"href":"https:\/\/diariodelsurdigital.com.ar\/index.php?rest_route=%2Fwp%2Fv2%2Fcomments&post=861"}],"version-history":[{"count":1,"href":"https:\/\/diariodelsurdigital.com.ar\/index.php?rest_route=\/wp\/v2\/posts\/861\/revisions"}],"predecessor-version":[{"id":863,"href":"https:\/\/diariodelsurdigital.com.ar\/index.php?rest_route=\/wp\/v2\/posts\/861\/revisions\/863"}],"wp:featuredmedia":[{"embeddable":true,"href":"https:\/\/diariodelsurdigital.com.ar\/index.php?rest_route=\/wp\/v2\/media\/862"}],"wp:attachment":[{"href":"https:\/\/diariodelsurdigital.com.ar\/index.php?rest_route=%2Fwp%2Fv2%2Fmedia&parent=861"}],"wp:term":[{"taxonomy":"category","embeddable":true,"href":"https:\/\/diariodelsurdigital.com.ar\/index.php?rest_route=%2Fwp%2Fv2%2Fcategories&post=861"},{"taxonomy":"post_tag","embeddable":true,"href":"https:\/\/diariodelsurdigital.com.ar\/index.php?rest_route=%2Fwp%2Fv2%2Ftags&post=861"}],"curies":[{"name":"wp","href":"https:\/\/api.w.org\/{rel}","templated":true}]}}