{"id":864,"date":"2025-02-03T18:40:10","date_gmt":"2025-02-03T21:40:10","guid":{"rendered":"https:\/\/diariodelsurdigital.com.ar\/?p=864"},"modified":"2025-02-03T18:40:12","modified_gmt":"2025-02-03T21:40:12","slug":"yerua-un-hombre-de-apellido-nan-recibio-una-descarga-electrica-y-murio","status":"publish","type":"post","link":"https:\/\/diariodelsurdigital.com.ar\/?p=864","title":{"rendered":"YERU\u00c1: Un hombre de apellido Nan recibi\u00f3 una descarga el\u00e9ctrica y muri\u00f3"},"content":{"rendered":"\n<h2 class=\"wp-block-heading\">La v\u00edctima ten\u00eda 68 a\u00f1os. Falleci\u00f3 tras tocar un cable de media tensi\u00f3n.<\/h2>\n\n\n\n<figure class=\"wp-block-image size-large\"><img loading=\"lazy\" decoding=\"async\" width=\"687\" height=\"1024\" src=\"https:\/\/diariodelsurdigital.com.ar\/wp-content\/uploads\/2025\/02\/Imagen-de-WhatsApp-2025-02-03-a-las-07.53.03_e52b771d-1-687x1024.jpg\" alt=\"\" class=\"wp-image-867\" srcset=\"https:\/\/diariodelsurdigital.com.ar\/wp-content\/uploads\/2025\/02\/Imagen-de-WhatsApp-2025-02-03-a-las-07.53.03_e52b771d-1-687x1024.jpg 687w, https:\/\/diariodelsurdigital.com.ar\/wp-content\/uploads\/2025\/02\/Imagen-de-WhatsApp-2025-02-03-a-las-07.53.03_e52b771d-1-201x300.jpg 201w, https:\/\/diariodelsurdigital.com.ar\/wp-content\/uploads\/2025\/02\/Imagen-de-WhatsApp-2025-02-03-a-las-07.53.03_e52b771d-1-282x420.jpg 282w, https:\/\/diariodelsurdigital.com.ar\/wp-content\/uploads\/2025\/02\/Imagen-de-WhatsApp-2025-02-03-a-las-07.53.03_e52b771d-1-696x1037.jpg 696w, https:\/\/diariodelsurdigital.com.ar\/wp-content\/uploads\/2025\/02\/Imagen-de-WhatsApp-2025-02-03-a-las-07.53.03_e52b771d-1.jpg 720w\" sizes=\"auto, (max-width: 687px) 100vw, 687px\" \/><\/figure>\n\n\n\n<p><a href=\"https:\/\/www.facebook.com\/sharer.php?u=https%3A%2F%2Fahora.com.ar%2Fconcordia%2Ftragedia-en-estacion-yerua-recibio-una-descarga-electrica-y-murio\"><\/a><\/p>\n\n\n\n<p><a href=\"https:\/\/www.facebook.com\/sharer.php?u=https%3A%2F%2Fahora.com.ar%2Fconcordia%2Ftragedia-en-estacion-yerua-recibio-una-descarga-electrica-y-murio\"><\/a><a href=\"https:\/\/twitter.com\/intent\/tweet?text=Tragedia+en+Estaci%C3%B3n+Yer%C3%BAa%3A+recibi%C3%B3+una+descarga+el%C3%A9ctrica+y+muri%C3%B3&amp;url=https%3A%2F%2Fahora.com.ar%2Fconcordia%2Ftragedia-en-estacion-yerua-recibio-una-descarga-electrica-y-murio&amp;via=ahora.com.ar\"><\/a><a href=\"https:\/\/api.whatsapp.com\/send?text=Tragedia+en+Estaci%C3%B3n+Yer%C3%BAa%3A+recibi%C3%B3+una+descarga+el%C3%A9ctrica+y+muri%C3%B3%20%0A%0A%20https:\/\/ahora.com.ar\/concordia\/tragedia-en-estacion-yerua-recibio-una-descarga-electrica-y-murio\"><\/a><a href=\"https:\/\/telegram.me\/share\/url?url=https:\/\/ahora.com.ar\/concordia\/tragedia-en-estacion-yerua-recibio-una-descarga-electrica-y-murio&amp;text=Tragedia+en+Estaci%C3%B3n+Yer%C3%BAa%3A+recibi%C3%B3+una+descarga+el%C3%A9ctrica+y+muri%C3%B3\"><\/a><a href=\"mailto:?subject=Tragedia%20en%20Estaci%C3%B3n%20Yer%C3%BAa:%20recibi%C3%B3%20una%20descarga%20el%C3%A9ctrica%20y%20muri%C3%B3&amp;body=https:\/\/ahora.com.ar\/concordia\/tragedia-en-estacion-yerua-recibio-una-descarga-electrica-y-murio\"><\/a><a href=\"https:\/\/ahora.com.ar\/concordia\/tragedia-en-estacion-yerua-recibio-una-descarga-electrica-y-murio\"><\/a>Un hombre de 68 a\u00f1os perdi\u00f3 la vida en un tr\u00e1gico accidente mientras intentaba sofocar un incendio de pastizales en un camino a Estaci\u00f3n Yeru\u00e1, a cuatro kil\u00f3metros al oeste de la Ruta Nacional 14.<\/p>\n\n\n\n<p>Seg\u00fan las primeras investigaciones, la v\u00edctima, Nelson Nan, se encontraba utilizando su tractor con discos de arado cuando un cable de media tensi\u00f3n qued\u00f3 enredado en la maquinaria. En un intento por removerlo, el hombre tom\u00f3 el cable con su mano, sin percatarse de que ten\u00eda corriente, lo que le provoc\u00f3 la muerte en el acto.<\/p>\n\n\n\n<p>El fiscal en turno, Dr. Tscherning, junto con la Dra. Montangie, se hicieron presentes en el lugar. Adem\u00e1s, intervinieron la Polic\u00eda Cient\u00edfica, los Bomberos Zapadores y el m\u00e9dico policial Dr. Fenoglio, quien confirm\u00f3 el deceso. El cuerpo fue trasladado a la morgue judicial para la correspondiente autopsia.<\/p>\n\n\n\n<p><\/p>\n","protected":false},"excerpt":{"rendered":"<p>La v\u00edctima ten\u00eda 68 a\u00f1os. Falleci\u00f3 tras tocar un cable de media tensi\u00f3n. Un hombre de 68 a\u00f1os perdi\u00f3 la vida en un tr\u00e1gico accidente mientras intentaba sofocar un incendio de pastizales en un camino a Estaci\u00f3n Yeru\u00e1, a cuatro kil\u00f3metros al oeste de la Ruta Nacional 14. Seg\u00fan las primeras investigaciones, la v\u00edctima, Nelson [&hellip;]<\/p>\n","protected":false},"author":2,"featured_media":865,"comment_status":"open","ping_status":"open","sticky":false,"template":"","format":"standard","meta":{"footnotes":""},"categories":[16],"tags":[],"class_list":{"0":"post-864","1":"post","2":"type-post","3":"status-publish","4":"format-standard","5":"has-post-thumbnail","7":"category-locales"},"yoast_head":"<!-- This site is optimized with the Yoast SEO plugin v27.4 - https:\/\/yoast.com\/product\/yoast-seo-wordpress\/ -->\n<title>YERU\u00c1: Un hombre de apellido Nan recibi\u00f3 una descarga el\u00e9ctrica y muri\u00f3 - Diario del Sur<\/title>\n<meta name=\"robots\" content=\"index, follow, max-snippet:-1, max-image-preview:large, max-video-preview:-1\" \/>\n<link rel=\"canonical\" href=\"https:\/\/diariodelsurdigital.com.ar\/?p=864\" \/>\n<meta property=\"og:locale\" content=\"es_ES\" \/>\n<meta property=\"og:type\" content=\"article\" \/>\n<meta property=\"og:title\" content=\"YERU\u00c1: Un hombre de apellido Nan recibi\u00f3 una descarga el\u00e9ctrica y muri\u00f3 - Diario del Sur\" \/>\n<meta property=\"og:description\" content=\"La v\u00edctima ten\u00eda 68 a\u00f1os. Falleci\u00f3 tras tocar un cable de media tensi\u00f3n. Un hombre de 68 a\u00f1os perdi\u00f3 la vida en un tr\u00e1gico accidente mientras intentaba sofocar un incendio de pastizales en un camino a Estaci\u00f3n Yeru\u00e1, a cuatro kil\u00f3metros al oeste de la Ruta Nacional 14. Seg\u00fan las primeras investigaciones, la v\u00edctima, Nelson [&hellip;]\" \/>\n<meta property=\"og:url\" content=\"https:\/\/diariodelsurdigital.com.ar\/?p=864\" \/>\n<meta property=\"og:site_name\" content=\"Diario del Sur\" \/>\n<meta property=\"article:published_time\" content=\"2025-02-03T21:40:10+00:00\" \/>\n<meta property=\"article:modified_time\" content=\"2025-02-03T21:40:12+00:00\" \/>\n<meta property=\"og:image\" content=\"https:\/\/diariodelsurdigital.com.ar\/wp-content\/uploads\/2025\/02\/l_1738580710.webp\" \/>\n\t<meta property=\"og:image:width\" content=\"696\" \/>\n\t<meta property=\"og:image:height\" content=\"464\" \/>\n\t<meta property=\"og:image:type\" content=\"image\/webp\" \/>\n<meta name=\"author\" content=\"Diario del Sur Digital\" \/>\n<meta name=\"twitter:card\" content=\"summary_large_image\" \/>\n<meta name=\"twitter:label1\" content=\"Escrito por\" \/>\n\t<meta name=\"twitter:data1\" content=\"Diario del Sur Digital\" \/>\n\t<meta name=\"twitter:label2\" content=\"Tiempo de lectura\" \/>\n\t<meta name=\"twitter:data2\" content=\"2 minutos\" \/>\n<script type=\"application\/ld+json\" class=\"yoast-schema-graph\">{\"@context\":\"https:\\\/\\\/schema.org\",\"@graph\":[{\"@type\":\"Article\",\"@id\":\"https:\\\/\\\/diariodelsurdigital.com.ar\\\/?p=864#article\",\"isPartOf\":{\"@id\":\"https:\\\/\\\/diariodelsurdigital.com.ar\\\/?p=864\"},\"author\":{\"name\":\"Diario del Sur Digital\",\"@id\":\"https:\\\/\\\/diariodelsurdigital.com.ar\\\/#\\\/schema\\\/person\\\/6136a32571657f7dba980b88b04c5465\"},\"headline\":\"YERU\u00c1: Un hombre de apellido Nan recibi\u00f3 una descarga el\u00e9ctrica y muri\u00f3\",\"datePublished\":\"2025-02-03T21:40:10+00:00\",\"dateModified\":\"2025-02-03T21:40:12+00:00\",\"mainEntityOfPage\":{\"@id\":\"https:\\\/\\\/diariodelsurdigital.com.ar\\\/?p=864\"},\"wordCount\":177,\"commentCount\":0,\"image\":{\"@id\":\"https:\\\/\\\/diariodelsurdigital.com.ar\\\/?p=864#primaryimage\"},\"thumbnailUrl\":\"https:\\\/\\\/diariodelsurdigital.com.ar\\\/wp-content\\\/uploads\\\/2025\\\/02\\\/l_1738580710.webp\",\"articleSection\":[\"Locales\"],\"inLanguage\":\"es\",\"potentialAction\":[{\"@type\":\"CommentAction\",\"name\":\"Comment\",\"target\":[\"https:\\\/\\\/diariodelsurdigital.com.ar\\\/?p=864#respond\"]}]},{\"@type\":\"WebPage\",\"@id\":\"https:\\\/\\\/diariodelsurdigital.com.ar\\\/?p=864\",\"url\":\"https:\\\/\\\/diariodelsurdigital.com.ar\\\/?p=864\",\"name\":\"YERU\u00c1: Un hombre de apellido Nan recibi\u00f3 una descarga el\u00e9ctrica y muri\u00f3 - Diario del Sur\",\"isPartOf\":{\"@id\":\"https:\\\/\\\/diariodelsurdigital.com.ar\\\/#website\"},\"primaryImageOfPage\":{\"@id\":\"https:\\\/\\\/diariodelsurdigital.com.ar\\\/?p=864#primaryimage\"},\"image\":{\"@id\":\"https:\\\/\\\/diariodelsurdigital.com.ar\\\/?p=864#primaryimage\"},\"thumbnailUrl\":\"https:\\\/\\\/diariodelsurdigital.com.ar\\\/wp-content\\\/uploads\\\/2025\\\/02\\\/l_1738580710.webp\",\"datePublished\":\"2025-02-03T21:40:10+00:00\",\"dateModified\":\"2025-02-03T21:40:12+00:00\",\"author\":{\"@id\":\"https:\\\/\\\/diariodelsurdigital.com.ar\\\/#\\\/schema\\\/person\\\/6136a32571657f7dba980b88b04c5465\"},\"breadcrumb\":{\"@id\":\"https:\\\/\\\/diariodelsurdigital.com.ar\\\/?p=864#breadcrumb\"},\"inLanguage\":\"es\",\"potentialAction\":[{\"@type\":\"ReadAction\",\"target\":[\"https:\\\/\\\/diariodelsurdigital.com.ar\\\/?p=864\"]}]},{\"@type\":\"ImageObject\",\"inLanguage\":\"es\",\"@id\":\"https:\\\/\\\/diariodelsurdigital.com.ar\\\/?p=864#primaryimage\",\"url\":\"https:\\\/\\\/diariodelsurdigital.com.ar\\\/wp-content\\\/uploads\\\/2025\\\/02\\\/l_1738580710.webp\",\"contentUrl\":\"https:\\\/\\\/diariodelsurdigital.com.ar\\\/wp-content\\\/uploads\\\/2025\\\/02\\\/l_1738580710.webp\",\"width\":696,\"height\":464},{\"@type\":\"BreadcrumbList\",\"@id\":\"https:\\\/\\\/diariodelsurdigital.com.ar\\\/?p=864#breadcrumb\",\"itemListElement\":[{\"@type\":\"ListItem\",\"position\":1,\"name\":\"Portada\",\"item\":\"https:\\\/\\\/diariodelsurdigital.com.ar\\\/\"},{\"@type\":\"ListItem\",\"position\":2,\"name\":\"YERU\u00c1: Un hombre de apellido Nan recibi\u00f3 una descarga el\u00e9ctrica y muri\u00f3\"}]},{\"@type\":\"WebSite\",\"@id\":\"https:\\\/\\\/diariodelsurdigital.com.ar\\\/#website\",\"url\":\"https:\\\/\\\/diariodelsurdigital.com.ar\\\/\",\"name\":\"Diario del Sur\",\"description\":\"Digital\",\"potentialAction\":[{\"@type\":\"SearchAction\",\"target\":{\"@type\":\"EntryPoint\",\"urlTemplate\":\"https:\\\/\\\/diariodelsurdigital.com.ar\\\/?s={search_term_string}\"},\"query-input\":{\"@type\":\"PropertyValueSpecification\",\"valueRequired\":true,\"valueName\":\"search_term_string\"}}],\"inLanguage\":\"es\"},{\"@type\":\"Person\",\"@id\":\"https:\\\/\\\/diariodelsurdigital.com.ar\\\/#\\\/schema\\\/person\\\/6136a32571657f7dba980b88b04c5465\",\"name\":\"Diario del Sur Digital\",\"image\":{\"@type\":\"ImageObject\",\"inLanguage\":\"es\",\"@id\":\"https:\\\/\\\/secure.gravatar.com\\\/avatar\\\/4c29ceac98541dd42460b2474aaa5dd37594d6ce6cb3cf2c101d09b48ee287ba?s=96&d=mm&r=g\",\"url\":\"https:\\\/\\\/secure.gravatar.com\\\/avatar\\\/4c29ceac98541dd42460b2474aaa5dd37594d6ce6cb3cf2c101d09b48ee287ba?s=96&d=mm&r=g\",\"contentUrl\":\"https:\\\/\\\/secure.gravatar.com\\\/avatar\\\/4c29ceac98541dd42460b2474aaa5dd37594d6ce6cb3cf2c101d09b48ee287ba?s=96&d=mm&r=g\",\"caption\":\"Diario del Sur Digital\"},\"url\":\"https:\\\/\\\/diariodelsurdigital.com.ar\\\/?author=2\"}]}<\/script>\n<!-- \/ Yoast SEO plugin. -->","yoast_head_json":{"title":"YERU\u00c1: Un hombre de apellido Nan recibi\u00f3 una descarga el\u00e9ctrica y muri\u00f3 - Diario del Sur","robots":{"index":"index","follow":"follow","max-snippet":"max-snippet:-1","max-image-preview":"max-image-preview:large","max-video-preview":"max-video-preview:-1"},"canonical":"https:\/\/diariodelsurdigital.com.ar\/?p=864","og_locale":"es_ES","og_type":"article","og_title":"YERU\u00c1: Un hombre de apellido Nan recibi\u00f3 una descarga el\u00e9ctrica y muri\u00f3 - Diario del Sur","og_description":"La v\u00edctima ten\u00eda 68 a\u00f1os. Falleci\u00f3 tras tocar un cable de media tensi\u00f3n. Un hombre de 68 a\u00f1os perdi\u00f3 la vida en un tr\u00e1gico accidente mientras intentaba sofocar un incendio de pastizales en un camino a Estaci\u00f3n Yeru\u00e1, a cuatro kil\u00f3metros al oeste de la Ruta Nacional 14. Seg\u00fan las primeras investigaciones, la v\u00edctima, Nelson [&hellip;]","og_url":"https:\/\/diariodelsurdigital.com.ar\/?p=864","og_site_name":"Diario del Sur","article_published_time":"2025-02-03T21:40:10+00:00","article_modified_time":"2025-02-03T21:40:12+00:00","og_image":[{"width":696,"height":464,"url":"https:\/\/diariodelsurdigital.com.ar\/wp-content\/uploads\/2025\/02\/l_1738580710.webp","type":"image\/webp"}],"author":"Diario del Sur Digital","twitter_card":"summary_large_image","twitter_misc":{"Escrito por":"Diario del Sur Digital","Tiempo de lectura":"2 minutos"},"schema":{"@context":"https:\/\/schema.org","@graph":[{"@type":"Article","@id":"https:\/\/diariodelsurdigital.com.ar\/?p=864#article","isPartOf":{"@id":"https:\/\/diariodelsurdigital.com.ar\/?p=864"},"author":{"name":"Diario del Sur Digital","@id":"https:\/\/diariodelsurdigital.com.ar\/#\/schema\/person\/6136a32571657f7dba980b88b04c5465"},"headline":"YERU\u00c1: Un hombre de apellido Nan recibi\u00f3 una descarga el\u00e9ctrica y muri\u00f3","datePublished":"2025-02-03T21:40:10+00:00","dateModified":"2025-02-03T21:40:12+00:00","mainEntityOfPage":{"@id":"https:\/\/diariodelsurdigital.com.ar\/?p=864"},"wordCount":177,"commentCount":0,"image":{"@id":"https:\/\/diariodelsurdigital.com.ar\/?p=864#primaryimage"},"thumbnailUrl":"https:\/\/diariodelsurdigital.com.ar\/wp-content\/uploads\/2025\/02\/l_1738580710.webp","articleSection":["Locales"],"inLanguage":"es","potentialAction":[{"@type":"CommentAction","name":"Comment","target":["https:\/\/diariodelsurdigital.com.ar\/?p=864#respond"]}]},{"@type":"WebPage","@id":"https:\/\/diariodelsurdigital.com.ar\/?p=864","url":"https:\/\/diariodelsurdigital.com.ar\/?p=864","name":"YERU\u00c1: Un hombre de apellido Nan recibi\u00f3 una descarga el\u00e9ctrica y muri\u00f3 - Diario del Sur","isPartOf":{"@id":"https:\/\/diariodelsurdigital.com.ar\/#website"},"primaryImageOfPage":{"@id":"https:\/\/diariodelsurdigital.com.ar\/?p=864#primaryimage"},"image":{"@id":"https:\/\/diariodelsurdigital.com.ar\/?p=864#primaryimage"},"thumbnailUrl":"https:\/\/diariodelsurdigital.com.ar\/wp-content\/uploads\/2025\/02\/l_1738580710.webp","datePublished":"2025-02-03T21:40:10+00:00","dateModified":"2025-02-03T21:40:12+00:00","author":{"@id":"https:\/\/diariodelsurdigital.com.ar\/#\/schema\/person\/6136a32571657f7dba980b88b04c5465"},"breadcrumb":{"@id":"https:\/\/diariodelsurdigital.com.ar\/?p=864#breadcrumb"},"inLanguage":"es","potentialAction":[{"@type":"ReadAction","target":["https:\/\/diariodelsurdigital.com.ar\/?p=864"]}]},{"@type":"ImageObject","inLanguage":"es","@id":"https:\/\/diariodelsurdigital.com.ar\/?p=864#primaryimage","url":"https:\/\/diariodelsurdigital.com.ar\/wp-content\/uploads\/2025\/02\/l_1738580710.webp","contentUrl":"https:\/\/diariodelsurdigital.com.ar\/wp-content\/uploads\/2025\/02\/l_1738580710.webp","width":696,"height":464},{"@type":"BreadcrumbList","@id":"https:\/\/diariodelsurdigital.com.ar\/?p=864#breadcrumb","itemListElement":[{"@type":"ListItem","position":1,"name":"Portada","item":"https:\/\/diariodelsurdigital.com.ar\/"},{"@type":"ListItem","position":2,"name":"YERU\u00c1: Un hombre de apellido Nan recibi\u00f3 una descarga el\u00e9ctrica y muri\u00f3"}]},{"@type":"WebSite","@id":"https:\/\/diariodelsurdigital.com.ar\/#website","url":"https:\/\/diariodelsurdigital.com.ar\/","name":"Diario del Sur","description":"Digital","potentialAction":[{"@type":"SearchAction","target":{"@type":"EntryPoint","urlTemplate":"https:\/\/diariodelsurdigital.com.ar\/?s={search_term_string}"},"query-input":{"@type":"PropertyValueSpecification","valueRequired":true,"valueName":"search_term_string"}}],"inLanguage":"es"},{"@type":"Person","@id":"https:\/\/diariodelsurdigital.com.ar\/#\/schema\/person\/6136a32571657f7dba980b88b04c5465","name":"Diario del Sur Digital","image":{"@type":"ImageObject","inLanguage":"es","@id":"https:\/\/secure.gravatar.com\/avatar\/4c29ceac98541dd42460b2474aaa5dd37594d6ce6cb3cf2c101d09b48ee287ba?s=96&d=mm&r=g","url":"https:\/\/secure.gravatar.com\/avatar\/4c29ceac98541dd42460b2474aaa5dd37594d6ce6cb3cf2c101d09b48ee287ba?s=96&d=mm&r=g","contentUrl":"https:\/\/secure.gravatar.com\/avatar\/4c29ceac98541dd42460b2474aaa5dd37594d6ce6cb3cf2c101d09b48ee287ba?s=96&d=mm&r=g","caption":"Diario del Sur Digital"},"url":"https:\/\/diariodelsurdigital.com.ar\/?author=2"}]}},"_links":{"self":[{"href":"https:\/\/diariodelsurdigital.com.ar\/index.php?rest_route=\/wp\/v2\/posts\/864","targetHints":{"allow":["GET"]}}],"collection":[{"href":"https:\/\/diariodelsurdigital.com.ar\/index.php?rest_route=\/wp\/v2\/posts"}],"about":[{"href":"https:\/\/diariodelsurdigital.com.ar\/index.php?rest_route=\/wp\/v2\/types\/post"}],"author":[{"embeddable":true,"href":"https:\/\/diariodelsurdigital.com.ar\/index.php?rest_route=\/wp\/v2\/users\/2"}],"replies":[{"embeddable":true,"href":"https:\/\/diariodelsurdigital.com.ar\/index.php?rest_route=%2Fwp%2Fv2%2Fcomments&post=864"}],"version-history":[{"count":1,"href":"https:\/\/diariodelsurdigital.com.ar\/index.php?rest_route=\/wp\/v2\/posts\/864\/revisions"}],"predecessor-version":[{"id":868,"href":"https:\/\/diariodelsurdigital.com.ar\/index.php?rest_route=\/wp\/v2\/posts\/864\/revisions\/868"}],"wp:featuredmedia":[{"embeddable":true,"href":"https:\/\/diariodelsurdigital.com.ar\/index.php?rest_route=\/wp\/v2\/media\/865"}],"wp:attachment":[{"href":"https:\/\/diariodelsurdigital.com.ar\/index.php?rest_route=%2Fwp%2Fv2%2Fmedia&parent=864"}],"wp:term":[{"taxonomy":"category","embeddable":true,"href":"https:\/\/diariodelsurdigital.com.ar\/index.php?rest_route=%2Fwp%2Fv2%2Fcategories&post=864"},{"taxonomy":"post_tag","embeddable":true,"href":"https:\/\/diariodelsurdigital.com.ar\/index.php?rest_route=%2Fwp%2Fv2%2Ftags&post=864"}],"curies":[{"name":"wp","href":"https:\/\/api.w.org\/{rel}","templated":true}]}}