{"id":869,"date":"2025-02-03T21:56:17","date_gmt":"2025-02-04T00:56:17","guid":{"rendered":"https:\/\/diariodelsurdigital.com.ar\/?p=869"},"modified":"2025-02-03T21:56:18","modified_gmt":"2025-02-04T00:56:18","slug":"miscelaneas-de-la-tercera-noche-del-carnaval-en-concordia","status":"publish","type":"post","link":"https:\/\/diariodelsurdigital.com.ar\/?p=869","title":{"rendered":"Miscel\u00e1neas de la tercera noche del Carnaval en Concordia"},"content":{"rendered":"\n<p><strong>Por Tom\u00e1s Ferrer<\/strong> (*)<\/p>\n\n\n\n<p>Esta tercera noche del Carnaval de Concordia, 1ro. de febrero de 2025, me lleva a recordar, que pasaron 10 a\u00f1os de una de las noches m\u00e1s recordadas de nuestro evento m\u00e1s apasionante: 31 de Enero de 2015. Esa noche, de hace una d\u00e9cada, se la recuerda porque se cerraron las puertas del Cors\u00f3dromo, si se cerraron, por varias causas: por un lado estaba completa su capacidad m\u00e1xima, mostrando el auge y crecimiento del espect\u00e1culo que m\u00e1s convoca en nuestra ciudad, otro aspecto no menor era la realidad econ\u00f3mica, y por otro la des-organizaci\u00f3n de quienes estaban a cargo de la organizaci\u00f3n en ese momento (se vendieron m\u00e1s entradas \u201cdescuidando\u201d la capacidad\u201d, adem\u00e1s de ingresar muchas personas sin entrada, \u201cinvitados\u201d, entre otras). Otra coincidencia: tambi\u00e9n era el 3er. desfile, y a esto me trae mi recuerdo, por la diferencia con lo actual, porque nuevamente no pudimos completar la capacidad m\u00e1xima del \u201cAtanasio Bofiglio (un 80% aproximadamente), sobre todo en los extremos de las tribunas, siendo que el espect\u00e1culo est\u00e1 en su punto m\u00e1s alto, y con expectativas de seguir creciendo.<\/p>\n\n\n\n<p>\u00bfMe estar\u00e1 ganando la ansiedad de ver el cors\u00f3dromo completo? \u00bfLa realidad econ\u00f3mica nos est\u00e1 pegando tan abajo? \u00bfSer\u00e1 el \u201c\u00e1nimo socio-pol\u00edtico\u201d actual? (Tambi\u00e9n hubo este s\u00e1bado una marcha organizada por la comunidad LGTBIQ, que tuvieron un enorme respaldo popular).<\/p>\n\n\n\n<p>Me estoy haciendo muchas preguntas, considerando que alguna me puedo responder, como entender que no es caro ni elevado el precio del espect\u00e1culo pero que son muy bajos nuestros ingresos (aunque en las cantinas si est\u00e1n muy elevados los precios), pero surgi\u00f3 un pregunta que nunca me hice en mis a\u00f1os de carnaval, y otra que alguna vez si me hice, de hecho, me asusta el solo pensarlas:<\/p>\n\n\n\n<p>\u00bfAcaso la popularidad de nuestro carnaval est\u00e1 en riesgo? \u00bfLa est\u00e1n poniendo en riesgo?<\/p>\n\n\n\n<p>Popularidad es: \u201cLa aceptaci\u00f3n, o simpat\u00eda que tiene el pueblo\u201d sobre algo o alguien, viene de la palabra \u201cPopular\u201d: del lat\u00edn \u201cPopularis\u201d, es un adjetivo que se\u00f1ala&nbsp; o refiere a todo aquello que pertenece o es relativo al pueblo, a la gente. Aunque me identifico m\u00e1s con el significado del t\u00e9rmino griego: Demos, porque habla de personas, m\u00e1s organizadas, personas que se involucran, que toman decisiones; y una vez que pens\u00e9 esas preguntas no pude sac\u00e1rmelas de mi cabeza, que capaz somos menos populares, quiz\u00e1 estamos tan mal organizados, tal vez estemos perdiendo la batalla cultural, o bien est\u00e1n buscando el desgaste de la fiesta, y quiz\u00e1, tambi\u00e9n, no nos involucramos lo suficiente para sostener, defender, mejorar nuestro carnaval.<\/p>\n\n\n\n<p>Ni hablar de la tranquilidad que me da el espect\u00e1culo, donde no tengo ninguna duda, porque fue una noche impecable, de la primera a la \u00faltima en orden de salida, y hoy contar\u00e9 algunos momentos que se me imprimieron, como los shows de bater\u00edas:<\/p>\n\n\n\n<p><strong>R\u00e1faga<\/strong>, tiene su bater\u00eda <em>\u201cLa Nota Mil\u201d,<\/em> que se prepara todo el a\u00f1o, en busca de la perfecci\u00f3n continua, y eso los lleva a portar un sello de reconocimiento nacional e internacional, siendo semillero de artistas que hoy est\u00e1n la bater\u00eda, o en otros puntos cardinales. Sus actuales Mestres tienen en claro cu\u00e1l es su responsabilidad, temo escribir algo en que se me pueda escapar un adjetivo que no los identifique, que no sea acorde a lo que realmente son, en lo individual, y sobre todo en su labor colectiva, en su profesionalismo, su compromiso, su aporte a la cultura carnavalera que a\u00f1o a a\u00f1o van dejando, y siempre, pero siempre, con una calidad intacta. Este tercer desfile \u201cel show\u201d (como dice el animador) se da con una perfecta secuencia que&nbsp; comienza con la \u201cescuadra de apoyo de la bater\u00eda\u201d, armando una especie de pasarela para que su reina de bater\u00eda, Gisela Alamos, ingrese y en unos pasos se agiganta de una manera colosal, se ubica al medio y al \u201cpie\u201d de su puyador, Luis \u201cMonobox\u201d Zelada, saca un conmovedor grito de guerra: \u201c-Lleg\u00f3 la nota, la nota mil!!!\u201d; teniendo como respuesta de los ritmistas un sonido casi de guerra: \u201c-Hu hu hu hu!!!\u201d y empieza el batuque mientras se retira la escuadra de apoyo, dejando a la bater\u00eda y su reina , el p\u00fablico-hinchada acompa\u00f1a en una emoci\u00f3n que hace valer el estar ah\u00ed, en ese lugar, en ese preciso momento, y despu\u00e9s de casi 8 minutos, Mestres, reina, ritmistas, hinchada, sumando a todo p\u00fablico cercano, culminan con el: -\u201cH\u00e9 H\u00e9 dale Rafag\u00e1\u201d; llegando a lo m\u00e1s profundo de los o\u00eddos, el pecho, el coraz\u00f3n, hasta las tripas; algunos soltando l\u00e1grimas, saludando a sus cercanos presentes, y tambi\u00e9n vi a varios saludar al cielo.<\/p>\n\n\n\n<p><strong>Emperatriz <\/strong>tiene como bater\u00eda a <em>\u201cLa TNT\u201d<\/em>, que \u00faltimamente viene dejando \u201cla vara muy alta\u201d en nuestros carnavales pero tambi\u00e9n como representantes de nuestra ciudad, llevando a la bater\u00eda a lo m\u00e1s alto del podio en varias ocasiones en competencias nacionales. Impresiona ver la cantidad de integrantes que son, mostrando que su escuela y semillero siguen portando esos colores; y verlos ingresar a la manga es un espect\u00e1culo que invito a no perderse. La Armon\u00eda emperadora con una melod\u00eda de voces casi del estilo del cine \u00e9pico, da el \u201cpie\u201d para que comience el show, mientras su reina de bater\u00eda \u201cMica\u201d Vicente juega con diferentes objetos generando una idea de hacer magia, todo en perfecta sinton\u00eda: armon\u00eda, bater\u00eda, y reina de bater\u00eda. Despu\u00e9s de \u201cCorear\u201d algunos cl\u00e1sicos, inicia la parte de la bater\u00eda y reina. Pasados unos 8 minutos, aproximadamente, saludan Mica y el mestre Mat\u00edas Ojeda, al grito de guerra de su puyador Carlos \u201cCharly\u201d Vanquera y su: -\u201cVamoslaaa Bater\u00eda TNT!!!\u201d, que estremece hasta el m\u00e1s desprevenido, la Armon\u00eda Emperadora, comienza con un cl\u00e1sico, e invita a \u201cGritar con la hinchada\u201d, que agitan sus banderas, que cantan, y cantan, y cantan, casi como no querer que termine ese momento, y siguen cantando, como dice la canci\u00f3n: \u201c\u2026Hasta quedarse sin voz\u201d.<\/p>\n\n\n\n<p><strong>Bella Samba <\/strong>tiene a la bater\u00eda <em>\u201cEterna Guerrera\u201d,<\/em> que seguro en alg\u00fan otro \u201cescrito\u201d estar\u00e1n las historias del \u201cpor qu\u00e9\u201d de sus nombres, como el de esta bater\u00eda, y que le queda perfecto, que resiste todos los embates, que es una escuela constante, que resiste su identidad, que es consciente de no tener techo en cuanto a la b\u00fasqueda de la calidad, siempre poniendo lo art\u00edstico por sobre el resultadismo (algo que muchos ritmistas no entienden, y emigran), bater\u00eda que a\u00f1o a a\u00f1o se arma y rearma para llegar \u00f3ptimos, con Mestres reconocidos que nada se guardan al momento de ponerse al frente, y de temer, si el resultadismo es su enemigo, est\u00e1 claro que no temen, porque cualquier desaf\u00edo que afrontan lo asumen con much\u00edsima responsabilidad, logrando cada a\u00f1o poner la manga una bater\u00eda que est\u00e1 a la altura del nuestro espect\u00e1culo, nuestro carnaval de Concordia.<\/p>\n\n\n\n<p>Su show, comienza con un juego mel\u00f3dico entre su armon\u00eda y la bater\u00eda, \u201cavisando\u201d con su canci\u00f3n: \u201cLleg\u00f3, Bella Samba lleg\u00f3\u201d\u2026 se acelera el pulso, y sale de atr\u00e1s, casi como por un pasillo, su reina de bater\u00eda, Camila Cazzaniga, sambando y al mismo tiempo haciendo flamear una bandera multicolor. Entre otros instrumentos que agregan para el show, como tumbadoras, sale un ritmista tocando-jugando, impecable, con un platillo, la reina cierra con una apertura de piernas al ras del piso, en una perfecta sincronizaci\u00f3n con la bater\u00eda; saludan Mestres y reina de bater\u00eda, con algunas palabras que salen de las entra\u00f1as de su puyador, y si bien saludan a todos los sectores, hay un saludo que se hace sentir m\u00e1s, y emociona hasta las l\u00e1grimas, porque es necesario que est\u00e9n ah\u00ed tambi\u00e9n, un sector donde est\u00e9 tu gente, que se identifique, que haga flamear las banderas de tus colores, ese saludo fue para su hinchada.<\/p>\n\n\n\n<p><strong>Imperio <\/strong>nos acostumbr\u00f3 a que tiene una idea est\u00e9tica, una poes\u00eda propia, y la pertenencia de sus integrantes que son muy evidentes, y a ese nivel, cada a\u00f1o mejor, vienen sus ritmistas, su reconocido (y muy querido) mestre, su bater\u00eda <em>\u201cNota 10\u201d. <\/em>Otra bater\u00eda que no busca identidad porque la tiene, y se nota, pero cada a\u00f1o trabaja para estar a la altura del espect\u00e1culo, bater\u00eda que no se mide con varas ajenas, que disfrutan, se divierten, apuestan al semillero, noche a noche dejando en claro que est\u00e1n a la altura que el espect\u00e1culo demanda, y van por m\u00e1s, se nota cuando entran a la manga, que de conformismos: Nada.<\/p>\n\n\n\n<p>El show comienza con un audio donde \u201cCharly Garc\u00eda\u201d recita \u201cla l\u00f3gica del escorpi\u00f3n\u201d, ya desde ese momento el p\u00fablico queda seducido por lo que viene, ya que, en esa historia, la moraleja habla sobre la <em>imposibilidad de evitar el propio car\u00e1cter<\/em>, y nada m\u00e1s ni nada menos que su reina de bater\u00eda, Camila Tim\u00f3n, caracteriza ese momento de puro arte (car\u00e1cter que ya demostr\u00f3 cuando fue la ganadora como reina de bater\u00edas en la edici\u00f3n 2023). Pero viene la parte que la hinchada y el p\u00fablico quedamos \u201cpresos por vos\u201d, seducidos por la melod\u00eda, la puesta en escena, y obvio cuando empieza la bater\u00eda. En un pasaje baja desde la hinchada, replicado por los ritmistas, la canci\u00f3n del: -\u201cEeeee, bater\u00eda nota 10\u201d. Al finalizar, beso en el aire de la reina de bater\u00eda, y el gran mestre \u201cMaxi\u201d Gonz\u00e1lez que con su mirada parece pedirle al tiempo que detenga y que no termine m\u00e1s. Suena uno de sus himnos, culmina el show Imperio, y la tercera noche del carnaval de Concordia.<\/p>\n\n\n\n<p><strong><em>Para concluir:<\/em><\/strong> Nuevamente pudimos ver relucir \u201clos trapos\u201d (banderas) de cada comparsa, porque todas se organizaron con sus hinchadas en las tribunas, recorriendo de sur a norte del cors\u00f3dromo (el sentido que se desfila) la hinchada de Bella Samba y pegada la de R\u00e1faga, y m\u00e1s al norte, del otro lado del \u201cVIP Tur\u00edstico\u201d, las hinchadas de Emperatr\u00edz y al lado Imperio. Se viv\u00edan verdaderas fiestas en las tribunas, se cantaron las canciones m\u00edticas y los sambas actuales, m\u00e1s esparcidos, desde el sector m\u00e1s al este (VIP) secundaban, pero tambi\u00e9n luciendo banderas de todas las comparsas. En la \u201cConcentraci\u00f3n\u201d, antes de salir, se ve\u00eda claramente que ante el paso de cada comparsa hab\u00eda quienes desde su rol de p\u00fablico o espectador iba a cumplir su parte.<\/p>\n\n\n\n<p>Esta 3er. noche la vivenci\u00e9 desde las tribunas, sac\u00e1ndome una de mis dudas, que el pueblo se organiza, se compromete, participa, y me \u201ctranquiliza\u201d, porque si puede organizarse para armar una hinchada y celebrar, tambi\u00e9n podr\u00eda organizarse para demandar y hacer respetar su derecho de p\u00fablico-espectador, y que no llene ni los sectores m\u00e1s populares es un simple aviso de que est\u00e1n siendo descuidados.<\/p>\n\n\n\n<p><em>(Ajunto un testimonio fotogr\u00e1fico, de mi autor\u00eda, de la noche del 31 de Enero de 2015: Foto de las puertas cerradas, personas con sus entradas en mano sin poder ingresar y reclamando, y un directivo de una de las comparsas tratando de intervenir para que se soluciones el conflicto.)<\/em><\/p>\n\n\n\n<figure class=\"wp-block-image size-large\"><img loading=\"lazy\" decoding=\"async\" width=\"1024\" height=\"768\" src=\"https:\/\/diariodelsurdigital.com.ar\/wp-content\/uploads\/2025\/02\/Imagen-de-WhatsApp-2025-02-03-a-las-16.13.49_55fdef9b-1024x768.jpg\" alt=\"\" class=\"wp-image-870\" srcset=\"https:\/\/diariodelsurdigital.com.ar\/wp-content\/uploads\/2025\/02\/Imagen-de-WhatsApp-2025-02-03-a-las-16.13.49_55fdef9b-1024x768.jpg 1024w, https:\/\/diariodelsurdigital.com.ar\/wp-content\/uploads\/2025\/02\/Imagen-de-WhatsApp-2025-02-03-a-las-16.13.49_55fdef9b-300x225.jpg 300w, https:\/\/diariodelsurdigital.com.ar\/wp-content\/uploads\/2025\/02\/Imagen-de-WhatsApp-2025-02-03-a-las-16.13.49_55fdef9b-768x576.jpg 768w, https:\/\/diariodelsurdigital.com.ar\/wp-content\/uploads\/2025\/02\/Imagen-de-WhatsApp-2025-02-03-a-las-16.13.49_55fdef9b-1536x1152.jpg 1536w, https:\/\/diariodelsurdigital.com.ar\/wp-content\/uploads\/2025\/02\/Imagen-de-WhatsApp-2025-02-03-a-las-16.13.49_55fdef9b-560x420.jpg 560w, https:\/\/diariodelsurdigital.com.ar\/wp-content\/uploads\/2025\/02\/Imagen-de-WhatsApp-2025-02-03-a-las-16.13.49_55fdef9b-80x60.jpg 80w, https:\/\/diariodelsurdigital.com.ar\/wp-content\/uploads\/2025\/02\/Imagen-de-WhatsApp-2025-02-03-a-las-16.13.49_55fdef9b-696x522.jpg 696w, https:\/\/diariodelsurdigital.com.ar\/wp-content\/uploads\/2025\/02\/Imagen-de-WhatsApp-2025-02-03-a-las-16.13.49_55fdef9b-1068x801.jpg 1068w, https:\/\/diariodelsurdigital.com.ar\/wp-content\/uploads\/2025\/02\/Imagen-de-WhatsApp-2025-02-03-a-las-16.13.49_55fdef9b-265x198.jpg 265w, https:\/\/diariodelsurdigital.com.ar\/wp-content\/uploads\/2025\/02\/Imagen-de-WhatsApp-2025-02-03-a-las-16.13.49_55fdef9b.jpg 1600w\" sizes=\"auto, (max-width: 1024px) 100vw, 1024px\" \/><\/figure>\n\n\n\n<p><strong>(*) Profesor de Artes en Teatro. Actor. Escen\u00f3grafo.<\/strong><\/p>\n","protected":false},"excerpt":{"rendered":"<p>Por Tom\u00e1s Ferrer (*) Esta tercera noche del Carnaval de Concordia, 1ro. de febrero de 2025, me lleva a recordar, que pasaron 10 a\u00f1os de una de las noches m\u00e1s recordadas de nuestro evento m\u00e1s apasionante: 31 de Enero de 2015. Esa noche, de hace una d\u00e9cada, se la recuerda porque se cerraron las puertas [&hellip;]<\/p>\n","protected":false},"author":2,"featured_media":871,"comment_status":"open","ping_status":"open","sticky":false,"template":"","format":"standard","meta":{"footnotes":""},"categories":[1],"tags":[],"class_list":{"0":"post-869","1":"post","2":"type-post","3":"status-publish","4":"format-standard","5":"has-post-thumbnail","7":"category-uncategorized"},"yoast_head":"<!-- This site is optimized with the Yoast SEO plugin v27.4 - https:\/\/yoast.com\/product\/yoast-seo-wordpress\/ -->\n<title>Miscel\u00e1neas de la tercera noche del Carnaval en Concordia - Diario del Sur<\/title>\n<meta name=\"robots\" content=\"index, follow, max-snippet:-1, max-image-preview:large, max-video-preview:-1\" \/>\n<link rel=\"canonical\" href=\"https:\/\/diariodelsurdigital.com.ar\/?p=869\" \/>\n<meta property=\"og:locale\" content=\"es_ES\" \/>\n<meta property=\"og:type\" content=\"article\" \/>\n<meta property=\"og:title\" content=\"Miscel\u00e1neas de la tercera noche del Carnaval en Concordia - Diario del Sur\" \/>\n<meta property=\"og:description\" content=\"Por Tom\u00e1s Ferrer (*) Esta tercera noche del Carnaval de Concordia, 1ro. de febrero de 2025, me lleva a recordar, que pasaron 10 a\u00f1os de una de las noches m\u00e1s recordadas de nuestro evento m\u00e1s apasionante: 31 de Enero de 2015. Esa noche, de hace una d\u00e9cada, se la recuerda porque se cerraron las puertas [&hellip;]\" \/>\n<meta property=\"og:url\" content=\"https:\/\/diariodelsurdigital.com.ar\/?p=869\" \/>\n<meta property=\"og:site_name\" content=\"Diario del Sur\" \/>\n<meta property=\"article:published_time\" content=\"2025-02-04T00:56:17+00:00\" \/>\n<meta property=\"article:modified_time\" content=\"2025-02-04T00:56:18+00:00\" \/>\n<meta property=\"og:image\" content=\"https:\/\/diariodelsurdigital.com.ar\/wp-content\/uploads\/2025\/02\/Imagen-de-WhatsApp-2025-02-03-a-las-13.47.48_79a5ce56.jpg\" \/>\n\t<meta property=\"og:image:width\" content=\"485\" \/>\n\t<meta property=\"og:image:height\" content=\"356\" \/>\n\t<meta property=\"og:image:type\" content=\"image\/jpeg\" \/>\n<meta name=\"author\" content=\"Diario del Sur Digital\" \/>\n<meta name=\"twitter:card\" content=\"summary_large_image\" \/>\n<meta name=\"twitter:label1\" content=\"Escrito por\" \/>\n\t<meta name=\"twitter:data1\" content=\"Diario del Sur Digital\" \/>\n\t<meta name=\"twitter:label2\" content=\"Tiempo de lectura\" \/>\n\t<meta name=\"twitter:data2\" content=\"9 minutos\" \/>\n<script type=\"application\/ld+json\" class=\"yoast-schema-graph\">{\"@context\":\"https:\\\/\\\/schema.org\",\"@graph\":[{\"@type\":\"Article\",\"@id\":\"https:\\\/\\\/diariodelsurdigital.com.ar\\\/?p=869#article\",\"isPartOf\":{\"@id\":\"https:\\\/\\\/diariodelsurdigital.com.ar\\\/?p=869\"},\"author\":{\"name\":\"Diario del Sur Digital\",\"@id\":\"https:\\\/\\\/diariodelsurdigital.com.ar\\\/#\\\/schema\\\/person\\\/6136a32571657f7dba980b88b04c5465\"},\"headline\":\"Miscel\u00e1neas de la tercera noche del Carnaval en Concordia\",\"datePublished\":\"2025-02-04T00:56:17+00:00\",\"dateModified\":\"2025-02-04T00:56:18+00:00\",\"mainEntityOfPage\":{\"@id\":\"https:\\\/\\\/diariodelsurdigital.com.ar\\\/?p=869\"},\"wordCount\":1968,\"commentCount\":1,\"image\":{\"@id\":\"https:\\\/\\\/diariodelsurdigital.com.ar\\\/?p=869#primaryimage\"},\"thumbnailUrl\":\"https:\\\/\\\/diariodelsurdigital.com.ar\\\/wp-content\\\/uploads\\\/2025\\\/02\\\/Imagen-de-WhatsApp-2025-02-03-a-las-13.47.48_79a5ce56.jpg\",\"articleSection\":[\"Uncategorized\"],\"inLanguage\":\"es\",\"potentialAction\":[{\"@type\":\"CommentAction\",\"name\":\"Comment\",\"target\":[\"https:\\\/\\\/diariodelsurdigital.com.ar\\\/?p=869#respond\"]}]},{\"@type\":\"WebPage\",\"@id\":\"https:\\\/\\\/diariodelsurdigital.com.ar\\\/?p=869\",\"url\":\"https:\\\/\\\/diariodelsurdigital.com.ar\\\/?p=869\",\"name\":\"Miscel\u00e1neas de la tercera noche del Carnaval en Concordia - Diario del Sur\",\"isPartOf\":{\"@id\":\"https:\\\/\\\/diariodelsurdigital.com.ar\\\/#website\"},\"primaryImageOfPage\":{\"@id\":\"https:\\\/\\\/diariodelsurdigital.com.ar\\\/?p=869#primaryimage\"},\"image\":{\"@id\":\"https:\\\/\\\/diariodelsurdigital.com.ar\\\/?p=869#primaryimage\"},\"thumbnailUrl\":\"https:\\\/\\\/diariodelsurdigital.com.ar\\\/wp-content\\\/uploads\\\/2025\\\/02\\\/Imagen-de-WhatsApp-2025-02-03-a-las-13.47.48_79a5ce56.jpg\",\"datePublished\":\"2025-02-04T00:56:17+00:00\",\"dateModified\":\"2025-02-04T00:56:18+00:00\",\"author\":{\"@id\":\"https:\\\/\\\/diariodelsurdigital.com.ar\\\/#\\\/schema\\\/person\\\/6136a32571657f7dba980b88b04c5465\"},\"breadcrumb\":{\"@id\":\"https:\\\/\\\/diariodelsurdigital.com.ar\\\/?p=869#breadcrumb\"},\"inLanguage\":\"es\",\"potentialAction\":[{\"@type\":\"ReadAction\",\"target\":[\"https:\\\/\\\/diariodelsurdigital.com.ar\\\/?p=869\"]}]},{\"@type\":\"ImageObject\",\"inLanguage\":\"es\",\"@id\":\"https:\\\/\\\/diariodelsurdigital.com.ar\\\/?p=869#primaryimage\",\"url\":\"https:\\\/\\\/diariodelsurdigital.com.ar\\\/wp-content\\\/uploads\\\/2025\\\/02\\\/Imagen-de-WhatsApp-2025-02-03-a-las-13.47.48_79a5ce56.jpg\",\"contentUrl\":\"https:\\\/\\\/diariodelsurdigital.com.ar\\\/wp-content\\\/uploads\\\/2025\\\/02\\\/Imagen-de-WhatsApp-2025-02-03-a-las-13.47.48_79a5ce56.jpg\",\"width\":485,\"height\":356},{\"@type\":\"BreadcrumbList\",\"@id\":\"https:\\\/\\\/diariodelsurdigital.com.ar\\\/?p=869#breadcrumb\",\"itemListElement\":[{\"@type\":\"ListItem\",\"position\":1,\"name\":\"Portada\",\"item\":\"https:\\\/\\\/diariodelsurdigital.com.ar\\\/\"},{\"@type\":\"ListItem\",\"position\":2,\"name\":\"Miscel\u00e1neas de la tercera noche del Carnaval en Concordia\"}]},{\"@type\":\"WebSite\",\"@id\":\"https:\\\/\\\/diariodelsurdigital.com.ar\\\/#website\",\"url\":\"https:\\\/\\\/diariodelsurdigital.com.ar\\\/\",\"name\":\"Diario del Sur\",\"description\":\"Digital\",\"potentialAction\":[{\"@type\":\"SearchAction\",\"target\":{\"@type\":\"EntryPoint\",\"urlTemplate\":\"https:\\\/\\\/diariodelsurdigital.com.ar\\\/?s={search_term_string}\"},\"query-input\":{\"@type\":\"PropertyValueSpecification\",\"valueRequired\":true,\"valueName\":\"search_term_string\"}}],\"inLanguage\":\"es\"},{\"@type\":\"Person\",\"@id\":\"https:\\\/\\\/diariodelsurdigital.com.ar\\\/#\\\/schema\\\/person\\\/6136a32571657f7dba980b88b04c5465\",\"name\":\"Diario del Sur Digital\",\"image\":{\"@type\":\"ImageObject\",\"inLanguage\":\"es\",\"@id\":\"https:\\\/\\\/secure.gravatar.com\\\/avatar\\\/4c29ceac98541dd42460b2474aaa5dd37594d6ce6cb3cf2c101d09b48ee287ba?s=96&d=mm&r=g\",\"url\":\"https:\\\/\\\/secure.gravatar.com\\\/avatar\\\/4c29ceac98541dd42460b2474aaa5dd37594d6ce6cb3cf2c101d09b48ee287ba?s=96&d=mm&r=g\",\"contentUrl\":\"https:\\\/\\\/secure.gravatar.com\\\/avatar\\\/4c29ceac98541dd42460b2474aaa5dd37594d6ce6cb3cf2c101d09b48ee287ba?s=96&d=mm&r=g\",\"caption\":\"Diario del Sur Digital\"},\"url\":\"https:\\\/\\\/diariodelsurdigital.com.ar\\\/?author=2\"}]}<\/script>\n<!-- \/ Yoast SEO plugin. -->","yoast_head_json":{"title":"Miscel\u00e1neas de la tercera noche del Carnaval en Concordia - Diario del Sur","robots":{"index":"index","follow":"follow","max-snippet":"max-snippet:-1","max-image-preview":"max-image-preview:large","max-video-preview":"max-video-preview:-1"},"canonical":"https:\/\/diariodelsurdigital.com.ar\/?p=869","og_locale":"es_ES","og_type":"article","og_title":"Miscel\u00e1neas de la tercera noche del Carnaval en Concordia - Diario del Sur","og_description":"Por Tom\u00e1s Ferrer (*) Esta tercera noche del Carnaval de Concordia, 1ro. de febrero de 2025, me lleva a recordar, que pasaron 10 a\u00f1os de una de las noches m\u00e1s recordadas de nuestro evento m\u00e1s apasionante: 31 de Enero de 2015. Esa noche, de hace una d\u00e9cada, se la recuerda porque se cerraron las puertas [&hellip;]","og_url":"https:\/\/diariodelsurdigital.com.ar\/?p=869","og_site_name":"Diario del Sur","article_published_time":"2025-02-04T00:56:17+00:00","article_modified_time":"2025-02-04T00:56:18+00:00","og_image":[{"width":485,"height":356,"url":"https:\/\/diariodelsurdigital.com.ar\/wp-content\/uploads\/2025\/02\/Imagen-de-WhatsApp-2025-02-03-a-las-13.47.48_79a5ce56.jpg","type":"image\/jpeg"}],"author":"Diario del Sur Digital","twitter_card":"summary_large_image","twitter_misc":{"Escrito por":"Diario del Sur Digital","Tiempo de lectura":"9 minutos"},"schema":{"@context":"https:\/\/schema.org","@graph":[{"@type":"Article","@id":"https:\/\/diariodelsurdigital.com.ar\/?p=869#article","isPartOf":{"@id":"https:\/\/diariodelsurdigital.com.ar\/?p=869"},"author":{"name":"Diario del Sur Digital","@id":"https:\/\/diariodelsurdigital.com.ar\/#\/schema\/person\/6136a32571657f7dba980b88b04c5465"},"headline":"Miscel\u00e1neas de la tercera noche del Carnaval en Concordia","datePublished":"2025-02-04T00:56:17+00:00","dateModified":"2025-02-04T00:56:18+00:00","mainEntityOfPage":{"@id":"https:\/\/diariodelsurdigital.com.ar\/?p=869"},"wordCount":1968,"commentCount":1,"image":{"@id":"https:\/\/diariodelsurdigital.com.ar\/?p=869#primaryimage"},"thumbnailUrl":"https:\/\/diariodelsurdigital.com.ar\/wp-content\/uploads\/2025\/02\/Imagen-de-WhatsApp-2025-02-03-a-las-13.47.48_79a5ce56.jpg","articleSection":["Uncategorized"],"inLanguage":"es","potentialAction":[{"@type":"CommentAction","name":"Comment","target":["https:\/\/diariodelsurdigital.com.ar\/?p=869#respond"]}]},{"@type":"WebPage","@id":"https:\/\/diariodelsurdigital.com.ar\/?p=869","url":"https:\/\/diariodelsurdigital.com.ar\/?p=869","name":"Miscel\u00e1neas de la tercera noche del Carnaval en Concordia - Diario del Sur","isPartOf":{"@id":"https:\/\/diariodelsurdigital.com.ar\/#website"},"primaryImageOfPage":{"@id":"https:\/\/diariodelsurdigital.com.ar\/?p=869#primaryimage"},"image":{"@id":"https:\/\/diariodelsurdigital.com.ar\/?p=869#primaryimage"},"thumbnailUrl":"https:\/\/diariodelsurdigital.com.ar\/wp-content\/uploads\/2025\/02\/Imagen-de-WhatsApp-2025-02-03-a-las-13.47.48_79a5ce56.jpg","datePublished":"2025-02-04T00:56:17+00:00","dateModified":"2025-02-04T00:56:18+00:00","author":{"@id":"https:\/\/diariodelsurdigital.com.ar\/#\/schema\/person\/6136a32571657f7dba980b88b04c5465"},"breadcrumb":{"@id":"https:\/\/diariodelsurdigital.com.ar\/?p=869#breadcrumb"},"inLanguage":"es","potentialAction":[{"@type":"ReadAction","target":["https:\/\/diariodelsurdigital.com.ar\/?p=869"]}]},{"@type":"ImageObject","inLanguage":"es","@id":"https:\/\/diariodelsurdigital.com.ar\/?p=869#primaryimage","url":"https:\/\/diariodelsurdigital.com.ar\/wp-content\/uploads\/2025\/02\/Imagen-de-WhatsApp-2025-02-03-a-las-13.47.48_79a5ce56.jpg","contentUrl":"https:\/\/diariodelsurdigital.com.ar\/wp-content\/uploads\/2025\/02\/Imagen-de-WhatsApp-2025-02-03-a-las-13.47.48_79a5ce56.jpg","width":485,"height":356},{"@type":"BreadcrumbList","@id":"https:\/\/diariodelsurdigital.com.ar\/?p=869#breadcrumb","itemListElement":[{"@type":"ListItem","position":1,"name":"Portada","item":"https:\/\/diariodelsurdigital.com.ar\/"},{"@type":"ListItem","position":2,"name":"Miscel\u00e1neas de la tercera noche del Carnaval en Concordia"}]},{"@type":"WebSite","@id":"https:\/\/diariodelsurdigital.com.ar\/#website","url":"https:\/\/diariodelsurdigital.com.ar\/","name":"Diario del Sur","description":"Digital","potentialAction":[{"@type":"SearchAction","target":{"@type":"EntryPoint","urlTemplate":"https:\/\/diariodelsurdigital.com.ar\/?s={search_term_string}"},"query-input":{"@type":"PropertyValueSpecification","valueRequired":true,"valueName":"search_term_string"}}],"inLanguage":"es"},{"@type":"Person","@id":"https:\/\/diariodelsurdigital.com.ar\/#\/schema\/person\/6136a32571657f7dba980b88b04c5465","name":"Diario del Sur Digital","image":{"@type":"ImageObject","inLanguage":"es","@id":"https:\/\/secure.gravatar.com\/avatar\/4c29ceac98541dd42460b2474aaa5dd37594d6ce6cb3cf2c101d09b48ee287ba?s=96&d=mm&r=g","url":"https:\/\/secure.gravatar.com\/avatar\/4c29ceac98541dd42460b2474aaa5dd37594d6ce6cb3cf2c101d09b48ee287ba?s=96&d=mm&r=g","contentUrl":"https:\/\/secure.gravatar.com\/avatar\/4c29ceac98541dd42460b2474aaa5dd37594d6ce6cb3cf2c101d09b48ee287ba?s=96&d=mm&r=g","caption":"Diario del Sur Digital"},"url":"https:\/\/diariodelsurdigital.com.ar\/?author=2"}]}},"_links":{"self":[{"href":"https:\/\/diariodelsurdigital.com.ar\/index.php?rest_route=\/wp\/v2\/posts\/869","targetHints":{"allow":["GET"]}}],"collection":[{"href":"https:\/\/diariodelsurdigital.com.ar\/index.php?rest_route=\/wp\/v2\/posts"}],"about":[{"href":"https:\/\/diariodelsurdigital.com.ar\/index.php?rest_route=\/wp\/v2\/types\/post"}],"author":[{"embeddable":true,"href":"https:\/\/diariodelsurdigital.com.ar\/index.php?rest_route=\/wp\/v2\/users\/2"}],"replies":[{"embeddable":true,"href":"https:\/\/diariodelsurdigital.com.ar\/index.php?rest_route=%2Fwp%2Fv2%2Fcomments&post=869"}],"version-history":[{"count":1,"href":"https:\/\/diariodelsurdigital.com.ar\/index.php?rest_route=\/wp\/v2\/posts\/869\/revisions"}],"predecessor-version":[{"id":872,"href":"https:\/\/diariodelsurdigital.com.ar\/index.php?rest_route=\/wp\/v2\/posts\/869\/revisions\/872"}],"wp:featuredmedia":[{"embeddable":true,"href":"https:\/\/diariodelsurdigital.com.ar\/index.php?rest_route=\/wp\/v2\/media\/871"}],"wp:attachment":[{"href":"https:\/\/diariodelsurdigital.com.ar\/index.php?rest_route=%2Fwp%2Fv2%2Fmedia&parent=869"}],"wp:term":[{"taxonomy":"category","embeddable":true,"href":"https:\/\/diariodelsurdigital.com.ar\/index.php?rest_route=%2Fwp%2Fv2%2Fcategories&post=869"},{"taxonomy":"post_tag","embeddable":true,"href":"https:\/\/diariodelsurdigital.com.ar\/index.php?rest_route=%2Fwp%2Fv2%2Ftags&post=869"}],"curies":[{"name":"wp","href":"https:\/\/api.w.org\/{rel}","templated":true}]}}