{"id":873,"date":"2025-02-04T21:15:23","date_gmt":"2025-02-05T00:15:23","guid":{"rendered":"https:\/\/diariodelsurdigital.com.ar\/?p=873"},"modified":"2025-02-04T21:15:25","modified_gmt":"2025-02-05T00:15:25","slug":"ate-muntes-anticipo-que-proyectan-un-paro-nacional-para-abril","status":"publish","type":"post","link":"https:\/\/diariodelsurdigital.com.ar\/?p=873","title":{"rendered":"ATE: Muntes anticip\u00f3 que proyectan un paro nacional para abril"},"content":{"rendered":"\n<h2 class=\"wp-block-heading\" id=\"nota-title\">La situaci\u00f3n de los empleados p\u00fablicos<\/h2>\n\n\n\n<h5 class=\"wp-block-heading\"><\/h5>\n\n\n\n<p>El dirigente brind\u00f3 un desglose sobre la cr\u00edtica situaci\u00f3n que atraviesan los trabajadores del Estado. En particular, el dirigente sindical se refiri\u00f3 a las declaraciones del presidente Javier Milei y el ministro de Desregulaci\u00f3n del Estado, Federico Sturzenegger, quienes han propuesto eliminar hasta 50 organismos del Estado y despedir el 30% de los trabajadores de este sector. Sin embargo, destac\u00f3 la necesidad de unidad entre todos los frentes sindicales y sectores sociales para organizar una respuesta colectiva.&nbsp;<mark>De cara al futuro, confirm\u00f3 que ATE defini\u00f3 una jornada de lucha para la \u00faltima semana de febrero, que culminar\u00e1 en un gran paro nacional previsto para el mes de abril.<\/mark><\/p>\n\n\n\n<p><a href=\"https:\/\/www.elentrerios.com\/uid-211217\"><\/a><\/p>\n\n\n\n<p>\u201dEst\u00e1n echando trabajadores y trabajadoras de salud, pr\u00e1cticamente est\u00e1n inmovilizando los hospitales. La \u00fanica forma de pararlo es con unidad de acci\u00f3n de todos los sectores. Yo creo que la realidad que estamos viviendo socialmente no nos alcanza con los sindicatos que estamos en lucha. Tiene que ser una articulaci\u00f3n de todos los sectores\u201d, afirm\u00f3.<\/p>\n\n\n\n<p>Y agreg\u00f3: \u201cHoy se discuti\u00f3 con mucha profundidad que necesitamos un mill\u00f3n cien mil pesos pr\u00e1cticamente para no ser pobre en la Rep\u00fablica Argentina. Muchos trabajadores no llegan a esa cifra. Ni hablemos de los que no est\u00e1n ocupados, ni hablemos del 55% que ya es pobre, seg\u00fan lo que dice el INDEC en la Argentina. Esa disputa que es tan desigual la tenemos que dar todos los d\u00edas\u201d.<\/p>\n\n\n\n<h5 class=\"wp-block-heading\"><strong>Intervenci\u00f3n del Iosper y el conflicto con Femer<\/strong><\/h5>\n\n\n\n<p>El Secretario General de ATE tambi\u00e9n abord\u00f3 el tema de la obra social Iosper. \u201cComparto el diagn\u00f3stico de la situaci\u00f3n. Hay una definici\u00f3n muy clara que nosotros queremos saber qu\u00e9 es lo que pas\u00f3 con nuestra obra social, queremos saber por qu\u00e9 se intervino nuestra obra social y que necesitamos las prestaciones. Nosotros representamos a miles de trabajadores estatales que necesitan la obra social, que es la garant\u00eda de la salud que tienen cada una de las familias. Vamos a seguir reclamando y demandando, as\u00ed como estamos haciendo, de pedir reuni\u00f3n con los interventores. Nosotros queremos saber en qu\u00e9 situaci\u00f3n est\u00e1 la obra social, porque tambi\u00e9n estamos convencidos que en seis meses la intervenci\u00f3n se termina y que hay que normalizar y que hay que darle las prestaciones, la garant\u00eda a todos los afiliados y afiliadas\u201d.<\/p>\n\n\n\n<p><a href=\"https:\/\/www.elentrerios.com\/uid-211815\"><\/a> Finalmente, Muntes critic\u00f3 el cobro de un \u2018arancel compensatorio\u2019 por parte de los m\u00e9dicos nucleados en Femer -que el 29 de enero suspendi\u00f3 prestaciones a afiliados del Iosper-. \u201cEstamos recontra cansados del co-seguro. Nosotros seguimos con los salarios miserables que tenemos, que no nos alcanza para sobrevivir, y encima se cortan las prestaciones y no hay canales de di\u00e1logo para intentar resolver\u201d, sostuvo.<\/p>\n\n\n\n<p>\u201cEs una barbaridad que est\u00e9 pasando esto en nuestra provincia. Nosotros siempre dijimos que es totalmente ilegal cobrar el plus. Otra cosa es que la quieren institucionalizar. Seguimos retrocediendo, estamos convencidos que tiene que haber respuesta pronto, estamos convencidos que tiene que haber vocaci\u00f3n de di\u00e1logo lo m\u00e1s antes posible\u201d, concluy\u00f3.<\/p>\n\n\n\n<p><\/p>\n\n\n\n<p><strong>Fuente:<\/strong>\u00a0Radio Plaza &#8211; An\u00e1lisis<\/p>\n","protected":false},"excerpt":{"rendered":"<p>La situaci\u00f3n de los empleados p\u00fablicos El dirigente brind\u00f3 un desglose sobre la cr\u00edtica situaci\u00f3n que atraviesan los trabajadores del Estado. En particular, el dirigente sindical se refiri\u00f3 a las declaraciones del presidente Javier Milei y el ministro de Desregulaci\u00f3n del Estado, Federico Sturzenegger, quienes han propuesto eliminar hasta 50 organismos del Estado y despedir [&hellip;]<\/p>\n","protected":false},"author":2,"featured_media":874,"comment_status":"open","ping_status":"open","sticky":false,"template":"","format":"standard","meta":{"footnotes":""},"categories":[17],"tags":[],"class_list":{"0":"post-873","1":"post","2":"type-post","3":"status-publish","4":"format-standard","5":"has-post-thumbnail","7":"category-provinciales"},"yoast_head":"<!-- This site is optimized with the Yoast SEO plugin v27.4 - https:\/\/yoast.com\/product\/yoast-seo-wordpress\/ -->\n<title>ATE: Muntes anticip\u00f3 que proyectan un paro nacional para abril - Diario del Sur<\/title>\n<meta name=\"robots\" content=\"index, follow, max-snippet:-1, max-image-preview:large, max-video-preview:-1\" \/>\n<link rel=\"canonical\" href=\"https:\/\/diariodelsurdigital.com.ar\/?p=873\" \/>\n<meta property=\"og:locale\" content=\"es_ES\" \/>\n<meta property=\"og:type\" content=\"article\" \/>\n<meta property=\"og:title\" content=\"ATE: Muntes anticip\u00f3 que proyectan un paro nacional para abril - Diario del Sur\" \/>\n<meta property=\"og:description\" content=\"La situaci\u00f3n de los empleados p\u00fablicos El dirigente brind\u00f3 un desglose sobre la cr\u00edtica situaci\u00f3n que atraviesan los trabajadores del Estado. En particular, el dirigente sindical se refiri\u00f3 a las declaraciones del presidente Javier Milei y el ministro de Desregulaci\u00f3n del Estado, Federico Sturzenegger, quienes han propuesto eliminar hasta 50 organismos del Estado y despedir [&hellip;]\" \/>\n<meta property=\"og:url\" content=\"https:\/\/diariodelsurdigital.com.ar\/?p=873\" \/>\n<meta property=\"og:site_name\" content=\"Diario del Sur\" \/>\n<meta property=\"article:published_time\" content=\"2025-02-05T00:15:23+00:00\" \/>\n<meta property=\"article:modified_time\" content=\"2025-02-05T00:15:25+00:00\" \/>\n<meta property=\"og:image\" content=\"https:\/\/diariodelsurdigital.com.ar\/wp-content\/uploads\/2025\/02\/l_1698791898.jpg\" \/>\n\t<meta property=\"og:image:width\" content=\"555\" \/>\n\t<meta property=\"og:image:height\" content=\"382\" \/>\n\t<meta property=\"og:image:type\" content=\"image\/jpeg\" \/>\n<meta name=\"author\" content=\"Diario del Sur Digital\" \/>\n<meta name=\"twitter:card\" content=\"summary_large_image\" \/>\n<meta name=\"twitter:label1\" content=\"Escrito por\" \/>\n\t<meta name=\"twitter:data1\" content=\"Diario del Sur Digital\" \/>\n\t<meta name=\"twitter:label2\" content=\"Tiempo de lectura\" \/>\n\t<meta name=\"twitter:data2\" content=\"3 minutos\" \/>\n<script type=\"application\/ld+json\" class=\"yoast-schema-graph\">{\"@context\":\"https:\\\/\\\/schema.org\",\"@graph\":[{\"@type\":\"Article\",\"@id\":\"https:\\\/\\\/diariodelsurdigital.com.ar\\\/?p=873#article\",\"isPartOf\":{\"@id\":\"https:\\\/\\\/diariodelsurdigital.com.ar\\\/?p=873\"},\"author\":{\"name\":\"Diario del Sur Digital\",\"@id\":\"https:\\\/\\\/diariodelsurdigital.com.ar\\\/#\\\/schema\\\/person\\\/6136a32571657f7dba980b88b04c5465\"},\"headline\":\"ATE: Muntes anticip\u00f3 que proyectan un paro nacional para abril\",\"datePublished\":\"2025-02-05T00:15:23+00:00\",\"dateModified\":\"2025-02-05T00:15:25+00:00\",\"mainEntityOfPage\":{\"@id\":\"https:\\\/\\\/diariodelsurdigital.com.ar\\\/?p=873\"},\"wordCount\":541,\"commentCount\":0,\"image\":{\"@id\":\"https:\\\/\\\/diariodelsurdigital.com.ar\\\/?p=873#primaryimage\"},\"thumbnailUrl\":\"https:\\\/\\\/diariodelsurdigital.com.ar\\\/wp-content\\\/uploads\\\/2025\\\/02\\\/l_1698791898.jpg\",\"articleSection\":[\"Provinciales\"],\"inLanguage\":\"es\",\"potentialAction\":[{\"@type\":\"CommentAction\",\"name\":\"Comment\",\"target\":[\"https:\\\/\\\/diariodelsurdigital.com.ar\\\/?p=873#respond\"]}]},{\"@type\":\"WebPage\",\"@id\":\"https:\\\/\\\/diariodelsurdigital.com.ar\\\/?p=873\",\"url\":\"https:\\\/\\\/diariodelsurdigital.com.ar\\\/?p=873\",\"name\":\"ATE: Muntes anticip\u00f3 que proyectan un paro nacional para abril - Diario del Sur\",\"isPartOf\":{\"@id\":\"https:\\\/\\\/diariodelsurdigital.com.ar\\\/#website\"},\"primaryImageOfPage\":{\"@id\":\"https:\\\/\\\/diariodelsurdigital.com.ar\\\/?p=873#primaryimage\"},\"image\":{\"@id\":\"https:\\\/\\\/diariodelsurdigital.com.ar\\\/?p=873#primaryimage\"},\"thumbnailUrl\":\"https:\\\/\\\/diariodelsurdigital.com.ar\\\/wp-content\\\/uploads\\\/2025\\\/02\\\/l_1698791898.jpg\",\"datePublished\":\"2025-02-05T00:15:23+00:00\",\"dateModified\":\"2025-02-05T00:15:25+00:00\",\"author\":{\"@id\":\"https:\\\/\\\/diariodelsurdigital.com.ar\\\/#\\\/schema\\\/person\\\/6136a32571657f7dba980b88b04c5465\"},\"breadcrumb\":{\"@id\":\"https:\\\/\\\/diariodelsurdigital.com.ar\\\/?p=873#breadcrumb\"},\"inLanguage\":\"es\",\"potentialAction\":[{\"@type\":\"ReadAction\",\"target\":[\"https:\\\/\\\/diariodelsurdigital.com.ar\\\/?p=873\"]}]},{\"@type\":\"ImageObject\",\"inLanguage\":\"es\",\"@id\":\"https:\\\/\\\/diariodelsurdigital.com.ar\\\/?p=873#primaryimage\",\"url\":\"https:\\\/\\\/diariodelsurdigital.com.ar\\\/wp-content\\\/uploads\\\/2025\\\/02\\\/l_1698791898.jpg\",\"contentUrl\":\"https:\\\/\\\/diariodelsurdigital.com.ar\\\/wp-content\\\/uploads\\\/2025\\\/02\\\/l_1698791898.jpg\",\"width\":555,\"height\":382},{\"@type\":\"BreadcrumbList\",\"@id\":\"https:\\\/\\\/diariodelsurdigital.com.ar\\\/?p=873#breadcrumb\",\"itemListElement\":[{\"@type\":\"ListItem\",\"position\":1,\"name\":\"Portada\",\"item\":\"https:\\\/\\\/diariodelsurdigital.com.ar\\\/\"},{\"@type\":\"ListItem\",\"position\":2,\"name\":\"ATE: Muntes anticip\u00f3 que proyectan un paro nacional para abril\"}]},{\"@type\":\"WebSite\",\"@id\":\"https:\\\/\\\/diariodelsurdigital.com.ar\\\/#website\",\"url\":\"https:\\\/\\\/diariodelsurdigital.com.ar\\\/\",\"name\":\"Diario del Sur\",\"description\":\"Digital\",\"potentialAction\":[{\"@type\":\"SearchAction\",\"target\":{\"@type\":\"EntryPoint\",\"urlTemplate\":\"https:\\\/\\\/diariodelsurdigital.com.ar\\\/?s={search_term_string}\"},\"query-input\":{\"@type\":\"PropertyValueSpecification\",\"valueRequired\":true,\"valueName\":\"search_term_string\"}}],\"inLanguage\":\"es\"},{\"@type\":\"Person\",\"@id\":\"https:\\\/\\\/diariodelsurdigital.com.ar\\\/#\\\/schema\\\/person\\\/6136a32571657f7dba980b88b04c5465\",\"name\":\"Diario del Sur Digital\",\"image\":{\"@type\":\"ImageObject\",\"inLanguage\":\"es\",\"@id\":\"https:\\\/\\\/secure.gravatar.com\\\/avatar\\\/4c29ceac98541dd42460b2474aaa5dd37594d6ce6cb3cf2c101d09b48ee287ba?s=96&d=mm&r=g\",\"url\":\"https:\\\/\\\/secure.gravatar.com\\\/avatar\\\/4c29ceac98541dd42460b2474aaa5dd37594d6ce6cb3cf2c101d09b48ee287ba?s=96&d=mm&r=g\",\"contentUrl\":\"https:\\\/\\\/secure.gravatar.com\\\/avatar\\\/4c29ceac98541dd42460b2474aaa5dd37594d6ce6cb3cf2c101d09b48ee287ba?s=96&d=mm&r=g\",\"caption\":\"Diario del Sur Digital\"},\"url\":\"https:\\\/\\\/diariodelsurdigital.com.ar\\\/?author=2\"}]}<\/script>\n<!-- \/ Yoast SEO plugin. -->","yoast_head_json":{"title":"ATE: Muntes anticip\u00f3 que proyectan un paro nacional para abril - Diario del Sur","robots":{"index":"index","follow":"follow","max-snippet":"max-snippet:-1","max-image-preview":"max-image-preview:large","max-video-preview":"max-video-preview:-1"},"canonical":"https:\/\/diariodelsurdigital.com.ar\/?p=873","og_locale":"es_ES","og_type":"article","og_title":"ATE: Muntes anticip\u00f3 que proyectan un paro nacional para abril - Diario del Sur","og_description":"La situaci\u00f3n de los empleados p\u00fablicos El dirigente brind\u00f3 un desglose sobre la cr\u00edtica situaci\u00f3n que atraviesan los trabajadores del Estado. En particular, el dirigente sindical se refiri\u00f3 a las declaraciones del presidente Javier Milei y el ministro de Desregulaci\u00f3n del Estado, Federico Sturzenegger, quienes han propuesto eliminar hasta 50 organismos del Estado y despedir [&hellip;]","og_url":"https:\/\/diariodelsurdigital.com.ar\/?p=873","og_site_name":"Diario del Sur","article_published_time":"2025-02-05T00:15:23+00:00","article_modified_time":"2025-02-05T00:15:25+00:00","og_image":[{"width":555,"height":382,"url":"https:\/\/diariodelsurdigital.com.ar\/wp-content\/uploads\/2025\/02\/l_1698791898.jpg","type":"image\/jpeg"}],"author":"Diario del Sur Digital","twitter_card":"summary_large_image","twitter_misc":{"Escrito por":"Diario del Sur Digital","Tiempo de lectura":"3 minutos"},"schema":{"@context":"https:\/\/schema.org","@graph":[{"@type":"Article","@id":"https:\/\/diariodelsurdigital.com.ar\/?p=873#article","isPartOf":{"@id":"https:\/\/diariodelsurdigital.com.ar\/?p=873"},"author":{"name":"Diario del Sur Digital","@id":"https:\/\/diariodelsurdigital.com.ar\/#\/schema\/person\/6136a32571657f7dba980b88b04c5465"},"headline":"ATE: Muntes anticip\u00f3 que proyectan un paro nacional para abril","datePublished":"2025-02-05T00:15:23+00:00","dateModified":"2025-02-05T00:15:25+00:00","mainEntityOfPage":{"@id":"https:\/\/diariodelsurdigital.com.ar\/?p=873"},"wordCount":541,"commentCount":0,"image":{"@id":"https:\/\/diariodelsurdigital.com.ar\/?p=873#primaryimage"},"thumbnailUrl":"https:\/\/diariodelsurdigital.com.ar\/wp-content\/uploads\/2025\/02\/l_1698791898.jpg","articleSection":["Provinciales"],"inLanguage":"es","potentialAction":[{"@type":"CommentAction","name":"Comment","target":["https:\/\/diariodelsurdigital.com.ar\/?p=873#respond"]}]},{"@type":"WebPage","@id":"https:\/\/diariodelsurdigital.com.ar\/?p=873","url":"https:\/\/diariodelsurdigital.com.ar\/?p=873","name":"ATE: Muntes anticip\u00f3 que proyectan un paro nacional para abril - Diario del Sur","isPartOf":{"@id":"https:\/\/diariodelsurdigital.com.ar\/#website"},"primaryImageOfPage":{"@id":"https:\/\/diariodelsurdigital.com.ar\/?p=873#primaryimage"},"image":{"@id":"https:\/\/diariodelsurdigital.com.ar\/?p=873#primaryimage"},"thumbnailUrl":"https:\/\/diariodelsurdigital.com.ar\/wp-content\/uploads\/2025\/02\/l_1698791898.jpg","datePublished":"2025-02-05T00:15:23+00:00","dateModified":"2025-02-05T00:15:25+00:00","author":{"@id":"https:\/\/diariodelsurdigital.com.ar\/#\/schema\/person\/6136a32571657f7dba980b88b04c5465"},"breadcrumb":{"@id":"https:\/\/diariodelsurdigital.com.ar\/?p=873#breadcrumb"},"inLanguage":"es","potentialAction":[{"@type":"ReadAction","target":["https:\/\/diariodelsurdigital.com.ar\/?p=873"]}]},{"@type":"ImageObject","inLanguage":"es","@id":"https:\/\/diariodelsurdigital.com.ar\/?p=873#primaryimage","url":"https:\/\/diariodelsurdigital.com.ar\/wp-content\/uploads\/2025\/02\/l_1698791898.jpg","contentUrl":"https:\/\/diariodelsurdigital.com.ar\/wp-content\/uploads\/2025\/02\/l_1698791898.jpg","width":555,"height":382},{"@type":"BreadcrumbList","@id":"https:\/\/diariodelsurdigital.com.ar\/?p=873#breadcrumb","itemListElement":[{"@type":"ListItem","position":1,"name":"Portada","item":"https:\/\/diariodelsurdigital.com.ar\/"},{"@type":"ListItem","position":2,"name":"ATE: Muntes anticip\u00f3 que proyectan un paro nacional para abril"}]},{"@type":"WebSite","@id":"https:\/\/diariodelsurdigital.com.ar\/#website","url":"https:\/\/diariodelsurdigital.com.ar\/","name":"Diario del Sur","description":"Digital","potentialAction":[{"@type":"SearchAction","target":{"@type":"EntryPoint","urlTemplate":"https:\/\/diariodelsurdigital.com.ar\/?s={search_term_string}"},"query-input":{"@type":"PropertyValueSpecification","valueRequired":true,"valueName":"search_term_string"}}],"inLanguage":"es"},{"@type":"Person","@id":"https:\/\/diariodelsurdigital.com.ar\/#\/schema\/person\/6136a32571657f7dba980b88b04c5465","name":"Diario del Sur Digital","image":{"@type":"ImageObject","inLanguage":"es","@id":"https:\/\/secure.gravatar.com\/avatar\/4c29ceac98541dd42460b2474aaa5dd37594d6ce6cb3cf2c101d09b48ee287ba?s=96&d=mm&r=g","url":"https:\/\/secure.gravatar.com\/avatar\/4c29ceac98541dd42460b2474aaa5dd37594d6ce6cb3cf2c101d09b48ee287ba?s=96&d=mm&r=g","contentUrl":"https:\/\/secure.gravatar.com\/avatar\/4c29ceac98541dd42460b2474aaa5dd37594d6ce6cb3cf2c101d09b48ee287ba?s=96&d=mm&r=g","caption":"Diario del Sur Digital"},"url":"https:\/\/diariodelsurdigital.com.ar\/?author=2"}]}},"_links":{"self":[{"href":"https:\/\/diariodelsurdigital.com.ar\/index.php?rest_route=\/wp\/v2\/posts\/873","targetHints":{"allow":["GET"]}}],"collection":[{"href":"https:\/\/diariodelsurdigital.com.ar\/index.php?rest_route=\/wp\/v2\/posts"}],"about":[{"href":"https:\/\/diariodelsurdigital.com.ar\/index.php?rest_route=\/wp\/v2\/types\/post"}],"author":[{"embeddable":true,"href":"https:\/\/diariodelsurdigital.com.ar\/index.php?rest_route=\/wp\/v2\/users\/2"}],"replies":[{"embeddable":true,"href":"https:\/\/diariodelsurdigital.com.ar\/index.php?rest_route=%2Fwp%2Fv2%2Fcomments&post=873"}],"version-history":[{"count":1,"href":"https:\/\/diariodelsurdigital.com.ar\/index.php?rest_route=\/wp\/v2\/posts\/873\/revisions"}],"predecessor-version":[{"id":875,"href":"https:\/\/diariodelsurdigital.com.ar\/index.php?rest_route=\/wp\/v2\/posts\/873\/revisions\/875"}],"wp:featuredmedia":[{"embeddable":true,"href":"https:\/\/diariodelsurdigital.com.ar\/index.php?rest_route=\/wp\/v2\/media\/874"}],"wp:attachment":[{"href":"https:\/\/diariodelsurdigital.com.ar\/index.php?rest_route=%2Fwp%2Fv2%2Fmedia&parent=873"}],"wp:term":[{"taxonomy":"category","embeddable":true,"href":"https:\/\/diariodelsurdigital.com.ar\/index.php?rest_route=%2Fwp%2Fv2%2Fcategories&post=873"},{"taxonomy":"post_tag","embeddable":true,"href":"https:\/\/diariodelsurdigital.com.ar\/index.php?rest_route=%2Fwp%2Fv2%2Ftags&post=873"}],"curies":[{"name":"wp","href":"https:\/\/api.w.org\/{rel}","templated":true}]}}