{"id":877,"date":"2025-02-04T21:23:01","date_gmt":"2025-02-05T00:23:01","guid":{"rendered":"https:\/\/diariodelsurdigital.com.ar\/?p=877"},"modified":"2025-02-04T21:23:02","modified_gmt":"2025-02-05T00:23:02","slug":"tension-en-granja-tres-arroyos-tras-reunion-sin-acuerdo","status":"publish","type":"post","link":"https:\/\/diariodelsurdigital.com.ar\/?p=877","title":{"rendered":"Tensi\u00f3n en Granja Tres Arroyos tras reuni\u00f3n sin acuerdo"},"content":{"rendered":"\n<p><\/p>\n\n\n\n<p>El secretario general de la delegaci\u00f3n Concepci\u00f3n del Uruguay del Sindicato de Trabajadores de Industrias de la Alimentaci\u00f3n, Miguel Klener, dio cuenta del resultado de la reuni\u00f3n con el Grupo GTA y la Secretar\u00eda de Trabajo, Empleo y Seguridad Social de la Naci\u00f3n, por los despidos en Granja Tres Arroyos.<\/p>\n\n\n\n<p>\u201cHicimos un viaje cuando podr\u00edamos haberlo hablado por tel\u00e9fono\u201d, exclam\u00f3 el dirigente a su vuelta de Buenos Aires, donde \u201cno hubo acuerdo\u201d para destrabar el conflicto.&nbsp;\u201cEs muy poca su preocupaci\u00f3n por los despidos, esa es la realidad, lo tengo que decir, no voy a andar enga\u00f1ando\u201d, se sincer\u00f3. \u201cSeguramente ellos est\u00e1n queriendo torcer el brazo del trabajador y yo les dije con la mano en el coraz\u00f3n: \u2018Mirame cuando te hablo, est\u00e1 mal la gente de Concepci\u00f3n Uruguay, est\u00e1 sufriendo\u2019\u201d, dijo a LT11.<\/p>\n\n\n\n<p>Seguidamente, Klener actualiz\u00f3 que \u201clos chicos que ahora est\u00e1n con la conciliaci\u00f3n, ya saben que est\u00e1n despedidos y van a trabajar a la planta con des\u00e1nimo total. Perdonen la expresi\u00f3n porque no quiero herir susceptibilidades, pero adentro es un velorio, la est\u00e1n pasando mal, porque sus compa\u00f1eros est\u00e1n afuera, sus parientes est\u00e1n afuera, sus hermanos, sus hijos, y saben que hay 400 m\u00e1s y que va a salir alguno de ellos\u201d.<\/p>\n\n\n\n<p>\u201cEst\u00e1n trabajando mal y con persecuci\u00f3n, porque los obligan, los apuran, como decimos en la jerga nuestra, porque no dan las manos. Entonces ya hay un rechazo, mucho malestar adentro, y encima vienen y nos dicen que van a bajar el sueldo, es una locura total\u201d, expres\u00f3 el sindicalista.<\/p>\n\n\n\n<p>Al ser consultado acerca de la preocupaci\u00f3n del intendente Jos\u00e9 Eduardo Lauritto por la situaci\u00f3n que atraviesa la Granja de Tres Arroyos, respondi\u00f3: \u201cYa hemos tenido varias reuniones con \u00e9l, reci\u00e9n le estaba comunicando telef\u00f3nicamente como hab\u00edamos quedado\u201d.<\/p>\n","protected":false},"excerpt":{"rendered":"<p>El secretario general de la delegaci\u00f3n Concepci\u00f3n del Uruguay del Sindicato de Trabajadores de Industrias de la Alimentaci\u00f3n, Miguel Klener, dio cuenta del resultado de la reuni\u00f3n con el Grupo GTA y la Secretar\u00eda de Trabajo, Empleo y Seguridad Social de la Naci\u00f3n, por los despidos en Granja Tres Arroyos. \u201cHicimos un viaje cuando podr\u00edamos [&hellip;]<\/p>\n","protected":false},"author":2,"featured_media":878,"comment_status":"open","ping_status":"open","sticky":false,"template":"","format":"standard","meta":{"footnotes":""},"categories":[17],"tags":[],"class_list":{"0":"post-877","1":"post","2":"type-post","3":"status-publish","4":"format-standard","5":"has-post-thumbnail","7":"category-provinciales"},"yoast_head":"<!-- This site is optimized with the Yoast SEO plugin v27.4 - https:\/\/yoast.com\/product\/yoast-seo-wordpress\/ -->\n<title>Tensi\u00f3n en Granja Tres Arroyos tras reuni\u00f3n sin acuerdo - Diario del Sur<\/title>\n<meta name=\"robots\" content=\"index, follow, max-snippet:-1, max-image-preview:large, max-video-preview:-1\" \/>\n<link rel=\"canonical\" href=\"https:\/\/diariodelsurdigital.com.ar\/?p=877\" \/>\n<meta property=\"og:locale\" content=\"es_ES\" \/>\n<meta property=\"og:type\" content=\"article\" \/>\n<meta property=\"og:title\" content=\"Tensi\u00f3n en Granja Tres Arroyos tras reuni\u00f3n sin acuerdo - Diario del Sur\" \/>\n<meta property=\"og:description\" content=\"El secretario general de la delegaci\u00f3n Concepci\u00f3n del Uruguay del Sindicato de Trabajadores de Industrias de la Alimentaci\u00f3n, Miguel Klener, dio cuenta del resultado de la reuni\u00f3n con el Grupo GTA y la Secretar\u00eda de Trabajo, Empleo y Seguridad Social de la Naci\u00f3n, por los despidos en Granja Tres Arroyos. \u201cHicimos un viaje cuando podr\u00edamos [&hellip;]\" \/>\n<meta property=\"og:url\" content=\"https:\/\/diariodelsurdigital.com.ar\/?p=877\" \/>\n<meta property=\"og:site_name\" content=\"Diario del Sur\" \/>\n<meta property=\"article:published_time\" content=\"2025-02-05T00:23:01+00:00\" \/>\n<meta property=\"article:modified_time\" content=\"2025-02-05T00:23:02+00:00\" \/>\n<meta property=\"og:image\" content=\"https:\/\/diariodelsurdigital.com.ar\/wp-content\/uploads\/2025\/02\/o_1702376752_0.jpg\" \/>\n\t<meta property=\"og:image:width\" content=\"435\" \/>\n\t<meta property=\"og:image:height\" content=\"308\" \/>\n\t<meta property=\"og:image:type\" content=\"image\/jpeg\" \/>\n<meta name=\"author\" content=\"Diario del Sur Digital\" \/>\n<meta name=\"twitter:card\" content=\"summary_large_image\" \/>\n<meta name=\"twitter:label1\" content=\"Escrito por\" \/>\n\t<meta name=\"twitter:data1\" content=\"Diario del Sur Digital\" \/>\n\t<meta name=\"twitter:label2\" content=\"Tiempo de lectura\" \/>\n\t<meta name=\"twitter:data2\" content=\"2 minutos\" \/>\n<script type=\"application\/ld+json\" class=\"yoast-schema-graph\">{\"@context\":\"https:\\\/\\\/schema.org\",\"@graph\":[{\"@type\":\"Article\",\"@id\":\"https:\\\/\\\/diariodelsurdigital.com.ar\\\/?p=877#article\",\"isPartOf\":{\"@id\":\"https:\\\/\\\/diariodelsurdigital.com.ar\\\/?p=877\"},\"author\":{\"name\":\"Diario del Sur Digital\",\"@id\":\"https:\\\/\\\/diariodelsurdigital.com.ar\\\/#\\\/schema\\\/person\\\/6136a32571657f7dba980b88b04c5465\"},\"headline\":\"Tensi\u00f3n en Granja Tres Arroyos tras reuni\u00f3n sin acuerdo\",\"datePublished\":\"2025-02-05T00:23:01+00:00\",\"dateModified\":\"2025-02-05T00:23:02+00:00\",\"mainEntityOfPage\":{\"@id\":\"https:\\\/\\\/diariodelsurdigital.com.ar\\\/?p=877\"},\"wordCount\":333,\"commentCount\":0,\"image\":{\"@id\":\"https:\\\/\\\/diariodelsurdigital.com.ar\\\/?p=877#primaryimage\"},\"thumbnailUrl\":\"https:\\\/\\\/diariodelsurdigital.com.ar\\\/wp-content\\\/uploads\\\/2025\\\/02\\\/o_1702376752_0.jpg\",\"articleSection\":[\"Provinciales\"],\"inLanguage\":\"es\",\"potentialAction\":[{\"@type\":\"CommentAction\",\"name\":\"Comment\",\"target\":[\"https:\\\/\\\/diariodelsurdigital.com.ar\\\/?p=877#respond\"]}]},{\"@type\":\"WebPage\",\"@id\":\"https:\\\/\\\/diariodelsurdigital.com.ar\\\/?p=877\",\"url\":\"https:\\\/\\\/diariodelsurdigital.com.ar\\\/?p=877\",\"name\":\"Tensi\u00f3n en Granja Tres Arroyos tras reuni\u00f3n sin acuerdo - Diario del Sur\",\"isPartOf\":{\"@id\":\"https:\\\/\\\/diariodelsurdigital.com.ar\\\/#website\"},\"primaryImageOfPage\":{\"@id\":\"https:\\\/\\\/diariodelsurdigital.com.ar\\\/?p=877#primaryimage\"},\"image\":{\"@id\":\"https:\\\/\\\/diariodelsurdigital.com.ar\\\/?p=877#primaryimage\"},\"thumbnailUrl\":\"https:\\\/\\\/diariodelsurdigital.com.ar\\\/wp-content\\\/uploads\\\/2025\\\/02\\\/o_1702376752_0.jpg\",\"datePublished\":\"2025-02-05T00:23:01+00:00\",\"dateModified\":\"2025-02-05T00:23:02+00:00\",\"author\":{\"@id\":\"https:\\\/\\\/diariodelsurdigital.com.ar\\\/#\\\/schema\\\/person\\\/6136a32571657f7dba980b88b04c5465\"},\"breadcrumb\":{\"@id\":\"https:\\\/\\\/diariodelsurdigital.com.ar\\\/?p=877#breadcrumb\"},\"inLanguage\":\"es\",\"potentialAction\":[{\"@type\":\"ReadAction\",\"target\":[\"https:\\\/\\\/diariodelsurdigital.com.ar\\\/?p=877\"]}]},{\"@type\":\"ImageObject\",\"inLanguage\":\"es\",\"@id\":\"https:\\\/\\\/diariodelsurdigital.com.ar\\\/?p=877#primaryimage\",\"url\":\"https:\\\/\\\/diariodelsurdigital.com.ar\\\/wp-content\\\/uploads\\\/2025\\\/02\\\/o_1702376752_0.jpg\",\"contentUrl\":\"https:\\\/\\\/diariodelsurdigital.com.ar\\\/wp-content\\\/uploads\\\/2025\\\/02\\\/o_1702376752_0.jpg\",\"width\":435,\"height\":308},{\"@type\":\"BreadcrumbList\",\"@id\":\"https:\\\/\\\/diariodelsurdigital.com.ar\\\/?p=877#breadcrumb\",\"itemListElement\":[{\"@type\":\"ListItem\",\"position\":1,\"name\":\"Portada\",\"item\":\"https:\\\/\\\/diariodelsurdigital.com.ar\\\/\"},{\"@type\":\"ListItem\",\"position\":2,\"name\":\"Tensi\u00f3n en Granja Tres Arroyos tras reuni\u00f3n sin acuerdo\"}]},{\"@type\":\"WebSite\",\"@id\":\"https:\\\/\\\/diariodelsurdigital.com.ar\\\/#website\",\"url\":\"https:\\\/\\\/diariodelsurdigital.com.ar\\\/\",\"name\":\"Diario del Sur\",\"description\":\"Digital\",\"potentialAction\":[{\"@type\":\"SearchAction\",\"target\":{\"@type\":\"EntryPoint\",\"urlTemplate\":\"https:\\\/\\\/diariodelsurdigital.com.ar\\\/?s={search_term_string}\"},\"query-input\":{\"@type\":\"PropertyValueSpecification\",\"valueRequired\":true,\"valueName\":\"search_term_string\"}}],\"inLanguage\":\"es\"},{\"@type\":\"Person\",\"@id\":\"https:\\\/\\\/diariodelsurdigital.com.ar\\\/#\\\/schema\\\/person\\\/6136a32571657f7dba980b88b04c5465\",\"name\":\"Diario del Sur Digital\",\"image\":{\"@type\":\"ImageObject\",\"inLanguage\":\"es\",\"@id\":\"https:\\\/\\\/secure.gravatar.com\\\/avatar\\\/4c29ceac98541dd42460b2474aaa5dd37594d6ce6cb3cf2c101d09b48ee287ba?s=96&d=mm&r=g\",\"url\":\"https:\\\/\\\/secure.gravatar.com\\\/avatar\\\/4c29ceac98541dd42460b2474aaa5dd37594d6ce6cb3cf2c101d09b48ee287ba?s=96&d=mm&r=g\",\"contentUrl\":\"https:\\\/\\\/secure.gravatar.com\\\/avatar\\\/4c29ceac98541dd42460b2474aaa5dd37594d6ce6cb3cf2c101d09b48ee287ba?s=96&d=mm&r=g\",\"caption\":\"Diario del Sur Digital\"},\"url\":\"https:\\\/\\\/diariodelsurdigital.com.ar\\\/?author=2\"}]}<\/script>\n<!-- \/ Yoast SEO plugin. -->","yoast_head_json":{"title":"Tensi\u00f3n en Granja Tres Arroyos tras reuni\u00f3n sin acuerdo - Diario del Sur","robots":{"index":"index","follow":"follow","max-snippet":"max-snippet:-1","max-image-preview":"max-image-preview:large","max-video-preview":"max-video-preview:-1"},"canonical":"https:\/\/diariodelsurdigital.com.ar\/?p=877","og_locale":"es_ES","og_type":"article","og_title":"Tensi\u00f3n en Granja Tres Arroyos tras reuni\u00f3n sin acuerdo - Diario del Sur","og_description":"El secretario general de la delegaci\u00f3n Concepci\u00f3n del Uruguay del Sindicato de Trabajadores de Industrias de la Alimentaci\u00f3n, Miguel Klener, dio cuenta del resultado de la reuni\u00f3n con el Grupo GTA y la Secretar\u00eda de Trabajo, Empleo y Seguridad Social de la Naci\u00f3n, por los despidos en Granja Tres Arroyos. \u201cHicimos un viaje cuando podr\u00edamos [&hellip;]","og_url":"https:\/\/diariodelsurdigital.com.ar\/?p=877","og_site_name":"Diario del Sur","article_published_time":"2025-02-05T00:23:01+00:00","article_modified_time":"2025-02-05T00:23:02+00:00","og_image":[{"width":435,"height":308,"url":"https:\/\/diariodelsurdigital.com.ar\/wp-content\/uploads\/2025\/02\/o_1702376752_0.jpg","type":"image\/jpeg"}],"author":"Diario del Sur Digital","twitter_card":"summary_large_image","twitter_misc":{"Escrito por":"Diario del Sur Digital","Tiempo de lectura":"2 minutos"},"schema":{"@context":"https:\/\/schema.org","@graph":[{"@type":"Article","@id":"https:\/\/diariodelsurdigital.com.ar\/?p=877#article","isPartOf":{"@id":"https:\/\/diariodelsurdigital.com.ar\/?p=877"},"author":{"name":"Diario del Sur Digital","@id":"https:\/\/diariodelsurdigital.com.ar\/#\/schema\/person\/6136a32571657f7dba980b88b04c5465"},"headline":"Tensi\u00f3n en Granja Tres Arroyos tras reuni\u00f3n sin acuerdo","datePublished":"2025-02-05T00:23:01+00:00","dateModified":"2025-02-05T00:23:02+00:00","mainEntityOfPage":{"@id":"https:\/\/diariodelsurdigital.com.ar\/?p=877"},"wordCount":333,"commentCount":0,"image":{"@id":"https:\/\/diariodelsurdigital.com.ar\/?p=877#primaryimage"},"thumbnailUrl":"https:\/\/diariodelsurdigital.com.ar\/wp-content\/uploads\/2025\/02\/o_1702376752_0.jpg","articleSection":["Provinciales"],"inLanguage":"es","potentialAction":[{"@type":"CommentAction","name":"Comment","target":["https:\/\/diariodelsurdigital.com.ar\/?p=877#respond"]}]},{"@type":"WebPage","@id":"https:\/\/diariodelsurdigital.com.ar\/?p=877","url":"https:\/\/diariodelsurdigital.com.ar\/?p=877","name":"Tensi\u00f3n en Granja Tres Arroyos tras reuni\u00f3n sin acuerdo - Diario del Sur","isPartOf":{"@id":"https:\/\/diariodelsurdigital.com.ar\/#website"},"primaryImageOfPage":{"@id":"https:\/\/diariodelsurdigital.com.ar\/?p=877#primaryimage"},"image":{"@id":"https:\/\/diariodelsurdigital.com.ar\/?p=877#primaryimage"},"thumbnailUrl":"https:\/\/diariodelsurdigital.com.ar\/wp-content\/uploads\/2025\/02\/o_1702376752_0.jpg","datePublished":"2025-02-05T00:23:01+00:00","dateModified":"2025-02-05T00:23:02+00:00","author":{"@id":"https:\/\/diariodelsurdigital.com.ar\/#\/schema\/person\/6136a32571657f7dba980b88b04c5465"},"breadcrumb":{"@id":"https:\/\/diariodelsurdigital.com.ar\/?p=877#breadcrumb"},"inLanguage":"es","potentialAction":[{"@type":"ReadAction","target":["https:\/\/diariodelsurdigital.com.ar\/?p=877"]}]},{"@type":"ImageObject","inLanguage":"es","@id":"https:\/\/diariodelsurdigital.com.ar\/?p=877#primaryimage","url":"https:\/\/diariodelsurdigital.com.ar\/wp-content\/uploads\/2025\/02\/o_1702376752_0.jpg","contentUrl":"https:\/\/diariodelsurdigital.com.ar\/wp-content\/uploads\/2025\/02\/o_1702376752_0.jpg","width":435,"height":308},{"@type":"BreadcrumbList","@id":"https:\/\/diariodelsurdigital.com.ar\/?p=877#breadcrumb","itemListElement":[{"@type":"ListItem","position":1,"name":"Portada","item":"https:\/\/diariodelsurdigital.com.ar\/"},{"@type":"ListItem","position":2,"name":"Tensi\u00f3n en Granja Tres Arroyos tras reuni\u00f3n sin acuerdo"}]},{"@type":"WebSite","@id":"https:\/\/diariodelsurdigital.com.ar\/#website","url":"https:\/\/diariodelsurdigital.com.ar\/","name":"Diario del Sur","description":"Digital","potentialAction":[{"@type":"SearchAction","target":{"@type":"EntryPoint","urlTemplate":"https:\/\/diariodelsurdigital.com.ar\/?s={search_term_string}"},"query-input":{"@type":"PropertyValueSpecification","valueRequired":true,"valueName":"search_term_string"}}],"inLanguage":"es"},{"@type":"Person","@id":"https:\/\/diariodelsurdigital.com.ar\/#\/schema\/person\/6136a32571657f7dba980b88b04c5465","name":"Diario del Sur Digital","image":{"@type":"ImageObject","inLanguage":"es","@id":"https:\/\/secure.gravatar.com\/avatar\/4c29ceac98541dd42460b2474aaa5dd37594d6ce6cb3cf2c101d09b48ee287ba?s=96&d=mm&r=g","url":"https:\/\/secure.gravatar.com\/avatar\/4c29ceac98541dd42460b2474aaa5dd37594d6ce6cb3cf2c101d09b48ee287ba?s=96&d=mm&r=g","contentUrl":"https:\/\/secure.gravatar.com\/avatar\/4c29ceac98541dd42460b2474aaa5dd37594d6ce6cb3cf2c101d09b48ee287ba?s=96&d=mm&r=g","caption":"Diario del Sur Digital"},"url":"https:\/\/diariodelsurdigital.com.ar\/?author=2"}]}},"_links":{"self":[{"href":"https:\/\/diariodelsurdigital.com.ar\/index.php?rest_route=\/wp\/v2\/posts\/877","targetHints":{"allow":["GET"]}}],"collection":[{"href":"https:\/\/diariodelsurdigital.com.ar\/index.php?rest_route=\/wp\/v2\/posts"}],"about":[{"href":"https:\/\/diariodelsurdigital.com.ar\/index.php?rest_route=\/wp\/v2\/types\/post"}],"author":[{"embeddable":true,"href":"https:\/\/diariodelsurdigital.com.ar\/index.php?rest_route=\/wp\/v2\/users\/2"}],"replies":[{"embeddable":true,"href":"https:\/\/diariodelsurdigital.com.ar\/index.php?rest_route=%2Fwp%2Fv2%2Fcomments&post=877"}],"version-history":[{"count":1,"href":"https:\/\/diariodelsurdigital.com.ar\/index.php?rest_route=\/wp\/v2\/posts\/877\/revisions"}],"predecessor-version":[{"id":879,"href":"https:\/\/diariodelsurdigital.com.ar\/index.php?rest_route=\/wp\/v2\/posts\/877\/revisions\/879"}],"wp:featuredmedia":[{"embeddable":true,"href":"https:\/\/diariodelsurdigital.com.ar\/index.php?rest_route=\/wp\/v2\/media\/878"}],"wp:attachment":[{"href":"https:\/\/diariodelsurdigital.com.ar\/index.php?rest_route=%2Fwp%2Fv2%2Fmedia&parent=877"}],"wp:term":[{"taxonomy":"category","embeddable":true,"href":"https:\/\/diariodelsurdigital.com.ar\/index.php?rest_route=%2Fwp%2Fv2%2Fcategories&post=877"},{"taxonomy":"post_tag","embeddable":true,"href":"https:\/\/diariodelsurdigital.com.ar\/index.php?rest_route=%2Fwp%2Fv2%2Ftags&post=877"}],"curies":[{"name":"wp","href":"https:\/\/api.w.org\/{rel}","templated":true}]}}