{"id":880,"date":"2025-02-04T21:31:49","date_gmt":"2025-02-05T00:31:49","guid":{"rendered":"https:\/\/diariodelsurdigital.com.ar\/?p=880"},"modified":"2025-02-04T21:31:50","modified_gmt":"2025-02-05T00:31:50","slug":"departamentos-de-la-provincia-estan-bajo-alerta-por-tormentas","status":"publish","type":"post","link":"https:\/\/diariodelsurdigital.com.ar\/?p=880","title":{"rendered":"Departamentos de la provincia est\u00e1n bajo alerta por tormentas"},"content":{"rendered":"\n<h2 class=\"wp-block-heading\" id=\"nota-title\"><\/h2>\n\n\n\n<p>El organismo inform\u00f3 que el parte abarca a los departamentos&nbsp;<mark>Gualeguay, Victoria, Col\u00f3n, Gualeguaych\u00fa, Islas del Ibicuy, Tala y Uruguay<\/mark>.<\/p>\n\n\n\n<p>Este mi\u00e9rcoles por la tarde, el \u00e1rea ser\u00e1 afectada por lluvias y tormentas, algunas localmente fuertes. Las mismas estar\u00e1n acompa\u00f1adas por r\u00e1fagas que podr\u00edan alcanzar los 75 km\/h, granizo, fuerte actividad el\u00e9ctrica, y especialmente abundante ca\u00edda de agua en cortos per\u00edodos.<\/p>\n\n\n\n<p>En este sentido, se prev\u00e9n valores de precipitaci\u00f3n acumulada entre 40 y 60 mm, pudiendo ser superados en forma puntual.<\/p>\n\n\n\n<p>En el resto de la provincia se anticipan lluvias y tormentas de variada intensidad durante toda la jornada, especialmente hacia la tarde y noche.<\/p>\n\n\n\n<p>Sobre la madrugada del jueves las condiciones meteorol\u00f3gicas mejorar\u00edan en toda la regi\u00f3n. Tambi\u00e9n se anuncia que tras las lluvias la temperatura bajar\u00e1 algunos grados: se espera una m\u00ednima de 20\u00baC y una m\u00e1xima de 33\u00baC.<\/p>\n\n\n\n<p><strong>Fuente:<\/strong>\u00a0Servicio Meteorol\u00f3gico Nacional<\/p>\n","protected":false},"excerpt":{"rendered":"<p>El organismo inform\u00f3 que el parte abarca a los departamentos&nbsp;Gualeguay, Victoria, Col\u00f3n, Gualeguaych\u00fa, Islas del Ibicuy, Tala y Uruguay. Este mi\u00e9rcoles por la tarde, el \u00e1rea ser\u00e1 afectada por lluvias y tormentas, algunas localmente fuertes. Las mismas estar\u00e1n acompa\u00f1adas por r\u00e1fagas que podr\u00edan alcanzar los 75 km\/h, granizo, fuerte actividad el\u00e9ctrica, y especialmente abundante ca\u00edda [&hellip;]<\/p>\n","protected":false},"author":2,"featured_media":881,"comment_status":"open","ping_status":"open","sticky":false,"template":"","format":"standard","meta":{"footnotes":""},"categories":[17],"tags":[],"class_list":{"0":"post-880","1":"post","2":"type-post","3":"status-publish","4":"format-standard","5":"has-post-thumbnail","7":"category-provinciales"},"yoast_head":"<!-- This site is optimized with the Yoast SEO plugin v27.4 - https:\/\/yoast.com\/product\/yoast-seo-wordpress\/ -->\n<title>Departamentos de la provincia est\u00e1n bajo alerta por tormentas - Diario del Sur<\/title>\n<meta name=\"robots\" content=\"index, follow, max-snippet:-1, max-image-preview:large, max-video-preview:-1\" \/>\n<link rel=\"canonical\" href=\"https:\/\/diariodelsurdigital.com.ar\/?p=880\" \/>\n<meta property=\"og:locale\" content=\"es_ES\" \/>\n<meta property=\"og:type\" content=\"article\" \/>\n<meta property=\"og:title\" content=\"Departamentos de la provincia est\u00e1n bajo alerta por tormentas - Diario del Sur\" \/>\n<meta property=\"og:description\" content=\"El organismo inform\u00f3 que el parte abarca a los departamentos&nbsp;Gualeguay, Victoria, Col\u00f3n, Gualeguaych\u00fa, Islas del Ibicuy, Tala y Uruguay. Este mi\u00e9rcoles por la tarde, el \u00e1rea ser\u00e1 afectada por lluvias y tormentas, algunas localmente fuertes. Las mismas estar\u00e1n acompa\u00f1adas por r\u00e1fagas que podr\u00edan alcanzar los 75 km\/h, granizo, fuerte actividad el\u00e9ctrica, y especialmente abundante ca\u00edda [&hellip;]\" \/>\n<meta property=\"og:url\" content=\"https:\/\/diariodelsurdigital.com.ar\/?p=880\" \/>\n<meta property=\"og:site_name\" content=\"Diario del Sur\" \/>\n<meta property=\"article:published_time\" content=\"2025-02-05T00:31:49+00:00\" \/>\n<meta property=\"article:modified_time\" content=\"2025-02-05T00:31:50+00:00\" \/>\n<meta property=\"og:image\" content=\"https:\/\/diariodelsurdigital.com.ar\/wp-content\/uploads\/2025\/02\/EFRELEY2LFASFD2B76WGRQZ3QQ.png\" \/>\n\t<meta property=\"og:image:width\" content=\"472\" \/>\n\t<meta property=\"og:image:height\" content=\"280\" \/>\n\t<meta property=\"og:image:type\" content=\"image\/png\" \/>\n<meta name=\"author\" content=\"Diario del Sur Digital\" \/>\n<meta name=\"twitter:card\" content=\"summary_large_image\" \/>\n<meta name=\"twitter:label1\" content=\"Escrito por\" \/>\n\t<meta name=\"twitter:data1\" content=\"Diario del Sur Digital\" \/>\n\t<meta name=\"twitter:label2\" content=\"Tiempo de lectura\" \/>\n\t<meta name=\"twitter:data2\" content=\"1 minuto\" \/>\n<script type=\"application\/ld+json\" class=\"yoast-schema-graph\">{\"@context\":\"https:\\\/\\\/schema.org\",\"@graph\":[{\"@type\":\"Article\",\"@id\":\"https:\\\/\\\/diariodelsurdigital.com.ar\\\/?p=880#article\",\"isPartOf\":{\"@id\":\"https:\\\/\\\/diariodelsurdigital.com.ar\\\/?p=880\"},\"author\":{\"name\":\"Diario del Sur Digital\",\"@id\":\"https:\\\/\\\/diariodelsurdigital.com.ar\\\/#\\\/schema\\\/person\\\/6136a32571657f7dba980b88b04c5465\"},\"headline\":\"Departamentos de la provincia est\u00e1n bajo alerta por tormentas\",\"datePublished\":\"2025-02-05T00:31:49+00:00\",\"dateModified\":\"2025-02-05T00:31:50+00:00\",\"mainEntityOfPage\":{\"@id\":\"https:\\\/\\\/diariodelsurdigital.com.ar\\\/?p=880\"},\"wordCount\":172,\"commentCount\":0,\"image\":{\"@id\":\"https:\\\/\\\/diariodelsurdigital.com.ar\\\/?p=880#primaryimage\"},\"thumbnailUrl\":\"https:\\\/\\\/diariodelsurdigital.com.ar\\\/wp-content\\\/uploads\\\/2025\\\/02\\\/EFRELEY2LFASFD2B76WGRQZ3QQ.png\",\"articleSection\":[\"Provinciales\"],\"inLanguage\":\"es\",\"potentialAction\":[{\"@type\":\"CommentAction\",\"name\":\"Comment\",\"target\":[\"https:\\\/\\\/diariodelsurdigital.com.ar\\\/?p=880#respond\"]}]},{\"@type\":\"WebPage\",\"@id\":\"https:\\\/\\\/diariodelsurdigital.com.ar\\\/?p=880\",\"url\":\"https:\\\/\\\/diariodelsurdigital.com.ar\\\/?p=880\",\"name\":\"Departamentos de la provincia est\u00e1n bajo alerta por tormentas - Diario del Sur\",\"isPartOf\":{\"@id\":\"https:\\\/\\\/diariodelsurdigital.com.ar\\\/#website\"},\"primaryImageOfPage\":{\"@id\":\"https:\\\/\\\/diariodelsurdigital.com.ar\\\/?p=880#primaryimage\"},\"image\":{\"@id\":\"https:\\\/\\\/diariodelsurdigital.com.ar\\\/?p=880#primaryimage\"},\"thumbnailUrl\":\"https:\\\/\\\/diariodelsurdigital.com.ar\\\/wp-content\\\/uploads\\\/2025\\\/02\\\/EFRELEY2LFASFD2B76WGRQZ3QQ.png\",\"datePublished\":\"2025-02-05T00:31:49+00:00\",\"dateModified\":\"2025-02-05T00:31:50+00:00\",\"author\":{\"@id\":\"https:\\\/\\\/diariodelsurdigital.com.ar\\\/#\\\/schema\\\/person\\\/6136a32571657f7dba980b88b04c5465\"},\"breadcrumb\":{\"@id\":\"https:\\\/\\\/diariodelsurdigital.com.ar\\\/?p=880#breadcrumb\"},\"inLanguage\":\"es\",\"potentialAction\":[{\"@type\":\"ReadAction\",\"target\":[\"https:\\\/\\\/diariodelsurdigital.com.ar\\\/?p=880\"]}]},{\"@type\":\"ImageObject\",\"inLanguage\":\"es\",\"@id\":\"https:\\\/\\\/diariodelsurdigital.com.ar\\\/?p=880#primaryimage\",\"url\":\"https:\\\/\\\/diariodelsurdigital.com.ar\\\/wp-content\\\/uploads\\\/2025\\\/02\\\/EFRELEY2LFASFD2B76WGRQZ3QQ.png\",\"contentUrl\":\"https:\\\/\\\/diariodelsurdigital.com.ar\\\/wp-content\\\/uploads\\\/2025\\\/02\\\/EFRELEY2LFASFD2B76WGRQZ3QQ.png\",\"width\":472,\"height\":280},{\"@type\":\"BreadcrumbList\",\"@id\":\"https:\\\/\\\/diariodelsurdigital.com.ar\\\/?p=880#breadcrumb\",\"itemListElement\":[{\"@type\":\"ListItem\",\"position\":1,\"name\":\"Portada\",\"item\":\"https:\\\/\\\/diariodelsurdigital.com.ar\\\/\"},{\"@type\":\"ListItem\",\"position\":2,\"name\":\"Departamentos de la provincia est\u00e1n bajo alerta por tormentas\"}]},{\"@type\":\"WebSite\",\"@id\":\"https:\\\/\\\/diariodelsurdigital.com.ar\\\/#website\",\"url\":\"https:\\\/\\\/diariodelsurdigital.com.ar\\\/\",\"name\":\"Diario del Sur\",\"description\":\"Digital\",\"potentialAction\":[{\"@type\":\"SearchAction\",\"target\":{\"@type\":\"EntryPoint\",\"urlTemplate\":\"https:\\\/\\\/diariodelsurdigital.com.ar\\\/?s={search_term_string}\"},\"query-input\":{\"@type\":\"PropertyValueSpecification\",\"valueRequired\":true,\"valueName\":\"search_term_string\"}}],\"inLanguage\":\"es\"},{\"@type\":\"Person\",\"@id\":\"https:\\\/\\\/diariodelsurdigital.com.ar\\\/#\\\/schema\\\/person\\\/6136a32571657f7dba980b88b04c5465\",\"name\":\"Diario del Sur Digital\",\"image\":{\"@type\":\"ImageObject\",\"inLanguage\":\"es\",\"@id\":\"https:\\\/\\\/secure.gravatar.com\\\/avatar\\\/4c29ceac98541dd42460b2474aaa5dd37594d6ce6cb3cf2c101d09b48ee287ba?s=96&d=mm&r=g\",\"url\":\"https:\\\/\\\/secure.gravatar.com\\\/avatar\\\/4c29ceac98541dd42460b2474aaa5dd37594d6ce6cb3cf2c101d09b48ee287ba?s=96&d=mm&r=g\",\"contentUrl\":\"https:\\\/\\\/secure.gravatar.com\\\/avatar\\\/4c29ceac98541dd42460b2474aaa5dd37594d6ce6cb3cf2c101d09b48ee287ba?s=96&d=mm&r=g\",\"caption\":\"Diario del Sur Digital\"},\"url\":\"https:\\\/\\\/diariodelsurdigital.com.ar\\\/?author=2\"}]}<\/script>\n<!-- \/ Yoast SEO plugin. -->","yoast_head_json":{"title":"Departamentos de la provincia est\u00e1n bajo alerta por tormentas - Diario del Sur","robots":{"index":"index","follow":"follow","max-snippet":"max-snippet:-1","max-image-preview":"max-image-preview:large","max-video-preview":"max-video-preview:-1"},"canonical":"https:\/\/diariodelsurdigital.com.ar\/?p=880","og_locale":"es_ES","og_type":"article","og_title":"Departamentos de la provincia est\u00e1n bajo alerta por tormentas - Diario del Sur","og_description":"El organismo inform\u00f3 que el parte abarca a los departamentos&nbsp;Gualeguay, Victoria, Col\u00f3n, Gualeguaych\u00fa, Islas del Ibicuy, Tala y Uruguay. Este mi\u00e9rcoles por la tarde, el \u00e1rea ser\u00e1 afectada por lluvias y tormentas, algunas localmente fuertes. Las mismas estar\u00e1n acompa\u00f1adas por r\u00e1fagas que podr\u00edan alcanzar los 75 km\/h, granizo, fuerte actividad el\u00e9ctrica, y especialmente abundante ca\u00edda [&hellip;]","og_url":"https:\/\/diariodelsurdigital.com.ar\/?p=880","og_site_name":"Diario del Sur","article_published_time":"2025-02-05T00:31:49+00:00","article_modified_time":"2025-02-05T00:31:50+00:00","og_image":[{"width":472,"height":280,"url":"https:\/\/diariodelsurdigital.com.ar\/wp-content\/uploads\/2025\/02\/EFRELEY2LFASFD2B76WGRQZ3QQ.png","type":"image\/png"}],"author":"Diario del Sur Digital","twitter_card":"summary_large_image","twitter_misc":{"Escrito por":"Diario del Sur Digital","Tiempo de lectura":"1 minuto"},"schema":{"@context":"https:\/\/schema.org","@graph":[{"@type":"Article","@id":"https:\/\/diariodelsurdigital.com.ar\/?p=880#article","isPartOf":{"@id":"https:\/\/diariodelsurdigital.com.ar\/?p=880"},"author":{"name":"Diario del Sur Digital","@id":"https:\/\/diariodelsurdigital.com.ar\/#\/schema\/person\/6136a32571657f7dba980b88b04c5465"},"headline":"Departamentos de la provincia est\u00e1n bajo alerta por tormentas","datePublished":"2025-02-05T00:31:49+00:00","dateModified":"2025-02-05T00:31:50+00:00","mainEntityOfPage":{"@id":"https:\/\/diariodelsurdigital.com.ar\/?p=880"},"wordCount":172,"commentCount":0,"image":{"@id":"https:\/\/diariodelsurdigital.com.ar\/?p=880#primaryimage"},"thumbnailUrl":"https:\/\/diariodelsurdigital.com.ar\/wp-content\/uploads\/2025\/02\/EFRELEY2LFASFD2B76WGRQZ3QQ.png","articleSection":["Provinciales"],"inLanguage":"es","potentialAction":[{"@type":"CommentAction","name":"Comment","target":["https:\/\/diariodelsurdigital.com.ar\/?p=880#respond"]}]},{"@type":"WebPage","@id":"https:\/\/diariodelsurdigital.com.ar\/?p=880","url":"https:\/\/diariodelsurdigital.com.ar\/?p=880","name":"Departamentos de la provincia est\u00e1n bajo alerta por tormentas - Diario del Sur","isPartOf":{"@id":"https:\/\/diariodelsurdigital.com.ar\/#website"},"primaryImageOfPage":{"@id":"https:\/\/diariodelsurdigital.com.ar\/?p=880#primaryimage"},"image":{"@id":"https:\/\/diariodelsurdigital.com.ar\/?p=880#primaryimage"},"thumbnailUrl":"https:\/\/diariodelsurdigital.com.ar\/wp-content\/uploads\/2025\/02\/EFRELEY2LFASFD2B76WGRQZ3QQ.png","datePublished":"2025-02-05T00:31:49+00:00","dateModified":"2025-02-05T00:31:50+00:00","author":{"@id":"https:\/\/diariodelsurdigital.com.ar\/#\/schema\/person\/6136a32571657f7dba980b88b04c5465"},"breadcrumb":{"@id":"https:\/\/diariodelsurdigital.com.ar\/?p=880#breadcrumb"},"inLanguage":"es","potentialAction":[{"@type":"ReadAction","target":["https:\/\/diariodelsurdigital.com.ar\/?p=880"]}]},{"@type":"ImageObject","inLanguage":"es","@id":"https:\/\/diariodelsurdigital.com.ar\/?p=880#primaryimage","url":"https:\/\/diariodelsurdigital.com.ar\/wp-content\/uploads\/2025\/02\/EFRELEY2LFASFD2B76WGRQZ3QQ.png","contentUrl":"https:\/\/diariodelsurdigital.com.ar\/wp-content\/uploads\/2025\/02\/EFRELEY2LFASFD2B76WGRQZ3QQ.png","width":472,"height":280},{"@type":"BreadcrumbList","@id":"https:\/\/diariodelsurdigital.com.ar\/?p=880#breadcrumb","itemListElement":[{"@type":"ListItem","position":1,"name":"Portada","item":"https:\/\/diariodelsurdigital.com.ar\/"},{"@type":"ListItem","position":2,"name":"Departamentos de la provincia est\u00e1n bajo alerta por tormentas"}]},{"@type":"WebSite","@id":"https:\/\/diariodelsurdigital.com.ar\/#website","url":"https:\/\/diariodelsurdigital.com.ar\/","name":"Diario del Sur","description":"Digital","potentialAction":[{"@type":"SearchAction","target":{"@type":"EntryPoint","urlTemplate":"https:\/\/diariodelsurdigital.com.ar\/?s={search_term_string}"},"query-input":{"@type":"PropertyValueSpecification","valueRequired":true,"valueName":"search_term_string"}}],"inLanguage":"es"},{"@type":"Person","@id":"https:\/\/diariodelsurdigital.com.ar\/#\/schema\/person\/6136a32571657f7dba980b88b04c5465","name":"Diario del Sur Digital","image":{"@type":"ImageObject","inLanguage":"es","@id":"https:\/\/secure.gravatar.com\/avatar\/4c29ceac98541dd42460b2474aaa5dd37594d6ce6cb3cf2c101d09b48ee287ba?s=96&d=mm&r=g","url":"https:\/\/secure.gravatar.com\/avatar\/4c29ceac98541dd42460b2474aaa5dd37594d6ce6cb3cf2c101d09b48ee287ba?s=96&d=mm&r=g","contentUrl":"https:\/\/secure.gravatar.com\/avatar\/4c29ceac98541dd42460b2474aaa5dd37594d6ce6cb3cf2c101d09b48ee287ba?s=96&d=mm&r=g","caption":"Diario del Sur Digital"},"url":"https:\/\/diariodelsurdigital.com.ar\/?author=2"}]}},"_links":{"self":[{"href":"https:\/\/diariodelsurdigital.com.ar\/index.php?rest_route=\/wp\/v2\/posts\/880","targetHints":{"allow":["GET"]}}],"collection":[{"href":"https:\/\/diariodelsurdigital.com.ar\/index.php?rest_route=\/wp\/v2\/posts"}],"about":[{"href":"https:\/\/diariodelsurdigital.com.ar\/index.php?rest_route=\/wp\/v2\/types\/post"}],"author":[{"embeddable":true,"href":"https:\/\/diariodelsurdigital.com.ar\/index.php?rest_route=\/wp\/v2\/users\/2"}],"replies":[{"embeddable":true,"href":"https:\/\/diariodelsurdigital.com.ar\/index.php?rest_route=%2Fwp%2Fv2%2Fcomments&post=880"}],"version-history":[{"count":1,"href":"https:\/\/diariodelsurdigital.com.ar\/index.php?rest_route=\/wp\/v2\/posts\/880\/revisions"}],"predecessor-version":[{"id":882,"href":"https:\/\/diariodelsurdigital.com.ar\/index.php?rest_route=\/wp\/v2\/posts\/880\/revisions\/882"}],"wp:featuredmedia":[{"embeddable":true,"href":"https:\/\/diariodelsurdigital.com.ar\/index.php?rest_route=\/wp\/v2\/media\/881"}],"wp:attachment":[{"href":"https:\/\/diariodelsurdigital.com.ar\/index.php?rest_route=%2Fwp%2Fv2%2Fmedia&parent=880"}],"wp:term":[{"taxonomy":"category","embeddable":true,"href":"https:\/\/diariodelsurdigital.com.ar\/index.php?rest_route=%2Fwp%2Fv2%2Fcategories&post=880"},{"taxonomy":"post_tag","embeddable":true,"href":"https:\/\/diariodelsurdigital.com.ar\/index.php?rest_route=%2Fwp%2Fv2%2Ftags&post=880"}],"curies":[{"name":"wp","href":"https:\/\/api.w.org\/{rel}","templated":true}]}}