{"id":883,"date":"2025-02-05T16:03:14","date_gmt":"2025-02-05T19:03:14","guid":{"rendered":"https:\/\/diariodelsurdigital.com.ar\/?p=883"},"modified":"2025-02-05T16:03:15","modified_gmt":"2025-02-05T19:03:15","slug":"javier-milei-y-la-salida-de-argentina-de-la-organizacion-mundial-de-la-salud","status":"publish","type":"post","link":"https:\/\/diariodelsurdigital.com.ar\/?p=883","title":{"rendered":"Javier Milei y la salida de Argentina de la Organizaci\u00f3n Mundial de la Salud"},"content":{"rendered":"\n<h1 class=\"wp-block-heading\"><\/h1>\n\n\n\n<h2 class=\"wp-block-heading\">El Gobierno decidi\u00f3 que el pa\u00eds abandone la OMS. El anuncio, la publicaci\u00f3n del Presidente en X y el impacto de la decisi\u00f3n.<\/h2>\n\n\n\n<h2 class=\"wp-block-heading\">El posteo de Milei en X sobre la OMS<\/h2>\n\n\n\n<p>Con el argumento de una presunta \u201csoberan\u00eda sanitaria\u201d,&nbsp;<strong>el gobierno de Javier Milei retir\u00f3 a la Argentina de su participaci\u00f3n en la Organizaci\u00f3n Mundial de la Salud (OMS)<\/strong>, el organismo internacional encargado de la promoci\u00f3n y coordinaci\u00f3n de planes y programas de cobertura sanitaria. El Presidente celebr\u00f3 la medida en sus redes sociales y responsabiliz\u00f3 a la OMS de ser \u00abide\u00f3logos de la cuarentena cavern\u00edcola\u00bb que se utiliz\u00f3 para salvar vidas durante la pandemia de coronavirus.<\/p>\n\n\n\n<h2 class=\"wp-block-heading\">Las acusaciones de Milei a quienes critican la salida de Argentina de la OMS<\/h2>\n\n\n\n<p>El presidente Javier Milei redobl\u00f3 la apuesta luego de decidir que la Argentina se retire de la Organizaci\u00f3n Mundial de la Salud (OMS) y apunt\u00f3 contra quienes critican la medida. \u00abVer\u00e1s patalear a gente que lucr\u00f3 con la pandemia\u00bb, fustig\u00f3.<\/p>\n\n\n\n<p>El ultraderechista retom\u00f3 su ideal del \u00abprincipio de revelaci\u00f3n\u00bb y se\u00f1al\u00f3 que \u00abhay much\u00edsimos c\u00f3mplices de la gran estafa que fue la pandemia\u00bb, por lo que quienes rechacen la decisi\u00f3n de salir del organismo internacional son \u00abgente que lucr\u00f3 con la pandemia entregando la vida de argentinos y brutos que se la tiran de prociencia y no pueden dibujar un cero ni con un vaso\u00bb.<\/p>\n\n\n\n<p>Seg\u00fan Milei, ahora quedar\u00e1n \u00aben evidencia los tipos m\u00e1s siniestros del pa\u00eds\u00bb. \u00abRecord\u00e1 que cuanto m\u00e1s basura sea el personaje, mayor ser\u00e1 la cantidad de ataques ad hominem que usar\u00e1 (dada la variante woke en cuesti\u00f3n seguro usar\u00e1n el t\u00e9rmino terraplanista como s\u00edmbolo anticiencia)\u00bb, afirm\u00f3.<\/p>\n\n\n\n<h2 class=\"wp-block-heading\">Manzur sobre la salida de la OMS: \u00abEs un grave error\u00bb<\/h2>\n\n\n\n<p>El exministro de Salud y exgobernador de Tucum\u00e1n, el senador Juan Manzur, consider\u00f3 que la salida de Argentina de la Organizaci\u00f3n Mundial de la Salud (OMS) es \u00abun grave error\u00bb.<\/p>\n\n\n\n<p>\u00abFue el peronismo el que puso a nuestro pa\u00eds a la vanguardia con Ram\u00f3n Carrillo como primer ministro de Salud de la Naci\u00f3n y la misma concepci\u00f3n que luego aplic\u00f3 la OMS\u00bb, sostuvo.<\/p>\n\n\n\n<h2 class=\"wp-block-heading\">Las consecuencias de la salida de la OMS<\/h2>\n\n\n\n<p>Leandro Cahn, director ejecutivo de la Fundaci\u00f3n Hu\u00e9sped, advirti\u00f3 que, adem\u00e1s de las consecuencias sanitarias que implica la decisi\u00f3n de Javier Milei de retirar a Argentina de la OMS, esto implicar\u00eda un incremento de los costos al momento de adquirir vacunas y medicaci\u00f3n para tratamientos.<\/p>\n\n\n\n<p>\u00abLa eventual salida de de la OMS\/OPS, adem\u00e1s de consecuencias sanitarias, de seguimiento de brotes y de promoci\u00f3n de transferencia de tecnolog\u00eda, costar\u00eda : no se podr\u00edan comprar vacunas y tratamientos para VIH a trav\u00e9s de su fondo rotatorio, que abarata much\u00edsimo los costos\u00bb, afirm\u00f3.<\/p>\n","protected":false},"excerpt":{"rendered":"<p>El Gobierno decidi\u00f3 que el pa\u00eds abandone la OMS. El anuncio, la publicaci\u00f3n del Presidente en X y el impacto de la decisi\u00f3n. El posteo de Milei en X sobre la OMS Con el argumento de una presunta \u201csoberan\u00eda sanitaria\u201d,&nbsp;el gobierno de Javier Milei retir\u00f3 a la Argentina de su participaci\u00f3n en la Organizaci\u00f3n Mundial [&hellip;]<\/p>\n","protected":false},"author":2,"featured_media":884,"comment_status":"open","ping_status":"open","sticky":false,"template":"","format":"standard","meta":{"footnotes":""},"categories":[18],"tags":[],"class_list":{"0":"post-883","1":"post","2":"type-post","3":"status-publish","4":"format-standard","5":"has-post-thumbnail","7":"category-nacionales"},"yoast_head":"<!-- This site is optimized with the Yoast SEO plugin v27.4 - https:\/\/yoast.com\/product\/yoast-seo-wordpress\/ -->\n<title>Javier Milei y la salida de Argentina de la Organizaci\u00f3n Mundial de la Salud - Diario del Sur<\/title>\n<meta name=\"robots\" content=\"index, follow, max-snippet:-1, max-image-preview:large, max-video-preview:-1\" \/>\n<link rel=\"canonical\" href=\"https:\/\/diariodelsurdigital.com.ar\/?p=883\" \/>\n<meta property=\"og:locale\" content=\"es_ES\" \/>\n<meta property=\"og:type\" content=\"article\" \/>\n<meta property=\"og:title\" content=\"Javier Milei y la salida de Argentina de la Organizaci\u00f3n Mundial de la Salud - Diario del Sur\" \/>\n<meta property=\"og:description\" content=\"El Gobierno decidi\u00f3 que el pa\u00eds abandone la OMS. El anuncio, la publicaci\u00f3n del Presidente en X y el impacto de la decisi\u00f3n. El posteo de Milei en X sobre la OMS Con el argumento de una presunta \u201csoberan\u00eda sanitaria\u201d,&nbsp;el gobierno de Javier Milei retir\u00f3 a la Argentina de su participaci\u00f3n en la Organizaci\u00f3n Mundial [&hellip;]\" \/>\n<meta property=\"og:url\" content=\"https:\/\/diariodelsurdigital.com.ar\/?p=883\" \/>\n<meta property=\"og:site_name\" content=\"Diario del Sur\" \/>\n<meta property=\"article:published_time\" content=\"2025-02-05T19:03:14+00:00\" \/>\n<meta property=\"article:modified_time\" content=\"2025-02-05T19:03:15+00:00\" \/>\n<meta property=\"og:image\" content=\"https:\/\/diariodelsurdigital.com.ar\/wp-content\/uploads\/2025\/02\/javier-milei.jpg\" \/>\n\t<meta property=\"og:image:width\" content=\"457\" \/>\n\t<meta property=\"og:image:height\" content=\"366\" \/>\n\t<meta property=\"og:image:type\" content=\"image\/jpeg\" \/>\n<meta name=\"author\" content=\"Diario del Sur Digital\" \/>\n<meta name=\"twitter:card\" content=\"summary_large_image\" \/>\n<meta name=\"twitter:label1\" content=\"Escrito por\" \/>\n\t<meta name=\"twitter:data1\" content=\"Diario del Sur Digital\" \/>\n\t<meta name=\"twitter:label2\" content=\"Tiempo de lectura\" \/>\n\t<meta name=\"twitter:data2\" content=\"3 minutos\" \/>\n<script type=\"application\/ld+json\" class=\"yoast-schema-graph\">{\"@context\":\"https:\\\/\\\/schema.org\",\"@graph\":[{\"@type\":\"Article\",\"@id\":\"https:\\\/\\\/diariodelsurdigital.com.ar\\\/?p=883#article\",\"isPartOf\":{\"@id\":\"https:\\\/\\\/diariodelsurdigital.com.ar\\\/?p=883\"},\"author\":{\"name\":\"Diario del Sur Digital\",\"@id\":\"https:\\\/\\\/diariodelsurdigital.com.ar\\\/#\\\/schema\\\/person\\\/6136a32571657f7dba980b88b04c5465\"},\"headline\":\"Javier Milei y la salida de Argentina de la Organizaci\u00f3n Mundial de la Salud\",\"datePublished\":\"2025-02-05T19:03:14+00:00\",\"dateModified\":\"2025-02-05T19:03:15+00:00\",\"mainEntityOfPage\":{\"@id\":\"https:\\\/\\\/diariodelsurdigital.com.ar\\\/?p=883\"},\"wordCount\":505,\"commentCount\":0,\"image\":{\"@id\":\"https:\\\/\\\/diariodelsurdigital.com.ar\\\/?p=883#primaryimage\"},\"thumbnailUrl\":\"https:\\\/\\\/diariodelsurdigital.com.ar\\\/wp-content\\\/uploads\\\/2025\\\/02\\\/javier-milei.jpg\",\"articleSection\":[\"Nacionales\"],\"inLanguage\":\"es\",\"potentialAction\":[{\"@type\":\"CommentAction\",\"name\":\"Comment\",\"target\":[\"https:\\\/\\\/diariodelsurdigital.com.ar\\\/?p=883#respond\"]}]},{\"@type\":\"WebPage\",\"@id\":\"https:\\\/\\\/diariodelsurdigital.com.ar\\\/?p=883\",\"url\":\"https:\\\/\\\/diariodelsurdigital.com.ar\\\/?p=883\",\"name\":\"Javier Milei y la salida de Argentina de la Organizaci\u00f3n Mundial de la Salud - Diario del Sur\",\"isPartOf\":{\"@id\":\"https:\\\/\\\/diariodelsurdigital.com.ar\\\/#website\"},\"primaryImageOfPage\":{\"@id\":\"https:\\\/\\\/diariodelsurdigital.com.ar\\\/?p=883#primaryimage\"},\"image\":{\"@id\":\"https:\\\/\\\/diariodelsurdigital.com.ar\\\/?p=883#primaryimage\"},\"thumbnailUrl\":\"https:\\\/\\\/diariodelsurdigital.com.ar\\\/wp-content\\\/uploads\\\/2025\\\/02\\\/javier-milei.jpg\",\"datePublished\":\"2025-02-05T19:03:14+00:00\",\"dateModified\":\"2025-02-05T19:03:15+00:00\",\"author\":{\"@id\":\"https:\\\/\\\/diariodelsurdigital.com.ar\\\/#\\\/schema\\\/person\\\/6136a32571657f7dba980b88b04c5465\"},\"breadcrumb\":{\"@id\":\"https:\\\/\\\/diariodelsurdigital.com.ar\\\/?p=883#breadcrumb\"},\"inLanguage\":\"es\",\"potentialAction\":[{\"@type\":\"ReadAction\",\"target\":[\"https:\\\/\\\/diariodelsurdigital.com.ar\\\/?p=883\"]}]},{\"@type\":\"ImageObject\",\"inLanguage\":\"es\",\"@id\":\"https:\\\/\\\/diariodelsurdigital.com.ar\\\/?p=883#primaryimage\",\"url\":\"https:\\\/\\\/diariodelsurdigital.com.ar\\\/wp-content\\\/uploads\\\/2025\\\/02\\\/javier-milei.jpg\",\"contentUrl\":\"https:\\\/\\\/diariodelsurdigital.com.ar\\\/wp-content\\\/uploads\\\/2025\\\/02\\\/javier-milei.jpg\",\"width\":457,\"height\":366},{\"@type\":\"BreadcrumbList\",\"@id\":\"https:\\\/\\\/diariodelsurdigital.com.ar\\\/?p=883#breadcrumb\",\"itemListElement\":[{\"@type\":\"ListItem\",\"position\":1,\"name\":\"Portada\",\"item\":\"https:\\\/\\\/diariodelsurdigital.com.ar\\\/\"},{\"@type\":\"ListItem\",\"position\":2,\"name\":\"Javier Milei y la salida de Argentina de la Organizaci\u00f3n Mundial de la Salud\"}]},{\"@type\":\"WebSite\",\"@id\":\"https:\\\/\\\/diariodelsurdigital.com.ar\\\/#website\",\"url\":\"https:\\\/\\\/diariodelsurdigital.com.ar\\\/\",\"name\":\"Diario del Sur\",\"description\":\"Digital\",\"potentialAction\":[{\"@type\":\"SearchAction\",\"target\":{\"@type\":\"EntryPoint\",\"urlTemplate\":\"https:\\\/\\\/diariodelsurdigital.com.ar\\\/?s={search_term_string}\"},\"query-input\":{\"@type\":\"PropertyValueSpecification\",\"valueRequired\":true,\"valueName\":\"search_term_string\"}}],\"inLanguage\":\"es\"},{\"@type\":\"Person\",\"@id\":\"https:\\\/\\\/diariodelsurdigital.com.ar\\\/#\\\/schema\\\/person\\\/6136a32571657f7dba980b88b04c5465\",\"name\":\"Diario del Sur Digital\",\"image\":{\"@type\":\"ImageObject\",\"inLanguage\":\"es\",\"@id\":\"https:\\\/\\\/secure.gravatar.com\\\/avatar\\\/4c29ceac98541dd42460b2474aaa5dd37594d6ce6cb3cf2c101d09b48ee287ba?s=96&d=mm&r=g\",\"url\":\"https:\\\/\\\/secure.gravatar.com\\\/avatar\\\/4c29ceac98541dd42460b2474aaa5dd37594d6ce6cb3cf2c101d09b48ee287ba?s=96&d=mm&r=g\",\"contentUrl\":\"https:\\\/\\\/secure.gravatar.com\\\/avatar\\\/4c29ceac98541dd42460b2474aaa5dd37594d6ce6cb3cf2c101d09b48ee287ba?s=96&d=mm&r=g\",\"caption\":\"Diario del Sur Digital\"},\"url\":\"https:\\\/\\\/diariodelsurdigital.com.ar\\\/?author=2\"}]}<\/script>\n<!-- \/ Yoast SEO plugin. -->","yoast_head_json":{"title":"Javier Milei y la salida de Argentina de la Organizaci\u00f3n Mundial de la Salud - Diario del Sur","robots":{"index":"index","follow":"follow","max-snippet":"max-snippet:-1","max-image-preview":"max-image-preview:large","max-video-preview":"max-video-preview:-1"},"canonical":"https:\/\/diariodelsurdigital.com.ar\/?p=883","og_locale":"es_ES","og_type":"article","og_title":"Javier Milei y la salida de Argentina de la Organizaci\u00f3n Mundial de la Salud - Diario del Sur","og_description":"El Gobierno decidi\u00f3 que el pa\u00eds abandone la OMS. El anuncio, la publicaci\u00f3n del Presidente en X y el impacto de la decisi\u00f3n. El posteo de Milei en X sobre la OMS Con el argumento de una presunta \u201csoberan\u00eda sanitaria\u201d,&nbsp;el gobierno de Javier Milei retir\u00f3 a la Argentina de su participaci\u00f3n en la Organizaci\u00f3n Mundial [&hellip;]","og_url":"https:\/\/diariodelsurdigital.com.ar\/?p=883","og_site_name":"Diario del Sur","article_published_time":"2025-02-05T19:03:14+00:00","article_modified_time":"2025-02-05T19:03:15+00:00","og_image":[{"width":457,"height":366,"url":"https:\/\/diariodelsurdigital.com.ar\/wp-content\/uploads\/2025\/02\/javier-milei.jpg","type":"image\/jpeg"}],"author":"Diario del Sur Digital","twitter_card":"summary_large_image","twitter_misc":{"Escrito por":"Diario del Sur Digital","Tiempo de lectura":"3 minutos"},"schema":{"@context":"https:\/\/schema.org","@graph":[{"@type":"Article","@id":"https:\/\/diariodelsurdigital.com.ar\/?p=883#article","isPartOf":{"@id":"https:\/\/diariodelsurdigital.com.ar\/?p=883"},"author":{"name":"Diario del Sur Digital","@id":"https:\/\/diariodelsurdigital.com.ar\/#\/schema\/person\/6136a32571657f7dba980b88b04c5465"},"headline":"Javier Milei y la salida de Argentina de la Organizaci\u00f3n Mundial de la Salud","datePublished":"2025-02-05T19:03:14+00:00","dateModified":"2025-02-05T19:03:15+00:00","mainEntityOfPage":{"@id":"https:\/\/diariodelsurdigital.com.ar\/?p=883"},"wordCount":505,"commentCount":0,"image":{"@id":"https:\/\/diariodelsurdigital.com.ar\/?p=883#primaryimage"},"thumbnailUrl":"https:\/\/diariodelsurdigital.com.ar\/wp-content\/uploads\/2025\/02\/javier-milei.jpg","articleSection":["Nacionales"],"inLanguage":"es","potentialAction":[{"@type":"CommentAction","name":"Comment","target":["https:\/\/diariodelsurdigital.com.ar\/?p=883#respond"]}]},{"@type":"WebPage","@id":"https:\/\/diariodelsurdigital.com.ar\/?p=883","url":"https:\/\/diariodelsurdigital.com.ar\/?p=883","name":"Javier Milei y la salida de Argentina de la Organizaci\u00f3n Mundial de la Salud - Diario del Sur","isPartOf":{"@id":"https:\/\/diariodelsurdigital.com.ar\/#website"},"primaryImageOfPage":{"@id":"https:\/\/diariodelsurdigital.com.ar\/?p=883#primaryimage"},"image":{"@id":"https:\/\/diariodelsurdigital.com.ar\/?p=883#primaryimage"},"thumbnailUrl":"https:\/\/diariodelsurdigital.com.ar\/wp-content\/uploads\/2025\/02\/javier-milei.jpg","datePublished":"2025-02-05T19:03:14+00:00","dateModified":"2025-02-05T19:03:15+00:00","author":{"@id":"https:\/\/diariodelsurdigital.com.ar\/#\/schema\/person\/6136a32571657f7dba980b88b04c5465"},"breadcrumb":{"@id":"https:\/\/diariodelsurdigital.com.ar\/?p=883#breadcrumb"},"inLanguage":"es","potentialAction":[{"@type":"ReadAction","target":["https:\/\/diariodelsurdigital.com.ar\/?p=883"]}]},{"@type":"ImageObject","inLanguage":"es","@id":"https:\/\/diariodelsurdigital.com.ar\/?p=883#primaryimage","url":"https:\/\/diariodelsurdigital.com.ar\/wp-content\/uploads\/2025\/02\/javier-milei.jpg","contentUrl":"https:\/\/diariodelsurdigital.com.ar\/wp-content\/uploads\/2025\/02\/javier-milei.jpg","width":457,"height":366},{"@type":"BreadcrumbList","@id":"https:\/\/diariodelsurdigital.com.ar\/?p=883#breadcrumb","itemListElement":[{"@type":"ListItem","position":1,"name":"Portada","item":"https:\/\/diariodelsurdigital.com.ar\/"},{"@type":"ListItem","position":2,"name":"Javier Milei y la salida de Argentina de la Organizaci\u00f3n Mundial de la Salud"}]},{"@type":"WebSite","@id":"https:\/\/diariodelsurdigital.com.ar\/#website","url":"https:\/\/diariodelsurdigital.com.ar\/","name":"Diario del Sur","description":"Digital","potentialAction":[{"@type":"SearchAction","target":{"@type":"EntryPoint","urlTemplate":"https:\/\/diariodelsurdigital.com.ar\/?s={search_term_string}"},"query-input":{"@type":"PropertyValueSpecification","valueRequired":true,"valueName":"search_term_string"}}],"inLanguage":"es"},{"@type":"Person","@id":"https:\/\/diariodelsurdigital.com.ar\/#\/schema\/person\/6136a32571657f7dba980b88b04c5465","name":"Diario del Sur Digital","image":{"@type":"ImageObject","inLanguage":"es","@id":"https:\/\/secure.gravatar.com\/avatar\/4c29ceac98541dd42460b2474aaa5dd37594d6ce6cb3cf2c101d09b48ee287ba?s=96&d=mm&r=g","url":"https:\/\/secure.gravatar.com\/avatar\/4c29ceac98541dd42460b2474aaa5dd37594d6ce6cb3cf2c101d09b48ee287ba?s=96&d=mm&r=g","contentUrl":"https:\/\/secure.gravatar.com\/avatar\/4c29ceac98541dd42460b2474aaa5dd37594d6ce6cb3cf2c101d09b48ee287ba?s=96&d=mm&r=g","caption":"Diario del Sur Digital"},"url":"https:\/\/diariodelsurdigital.com.ar\/?author=2"}]}},"_links":{"self":[{"href":"https:\/\/diariodelsurdigital.com.ar\/index.php?rest_route=\/wp\/v2\/posts\/883","targetHints":{"allow":["GET"]}}],"collection":[{"href":"https:\/\/diariodelsurdigital.com.ar\/index.php?rest_route=\/wp\/v2\/posts"}],"about":[{"href":"https:\/\/diariodelsurdigital.com.ar\/index.php?rest_route=\/wp\/v2\/types\/post"}],"author":[{"embeddable":true,"href":"https:\/\/diariodelsurdigital.com.ar\/index.php?rest_route=\/wp\/v2\/users\/2"}],"replies":[{"embeddable":true,"href":"https:\/\/diariodelsurdigital.com.ar\/index.php?rest_route=%2Fwp%2Fv2%2Fcomments&post=883"}],"version-history":[{"count":1,"href":"https:\/\/diariodelsurdigital.com.ar\/index.php?rest_route=\/wp\/v2\/posts\/883\/revisions"}],"predecessor-version":[{"id":885,"href":"https:\/\/diariodelsurdigital.com.ar\/index.php?rest_route=\/wp\/v2\/posts\/883\/revisions\/885"}],"wp:featuredmedia":[{"embeddable":true,"href":"https:\/\/diariodelsurdigital.com.ar\/index.php?rest_route=\/wp\/v2\/media\/884"}],"wp:attachment":[{"href":"https:\/\/diariodelsurdigital.com.ar\/index.php?rest_route=%2Fwp%2Fv2%2Fmedia&parent=883"}],"wp:term":[{"taxonomy":"category","embeddable":true,"href":"https:\/\/diariodelsurdigital.com.ar\/index.php?rest_route=%2Fwp%2Fv2%2Fcategories&post=883"},{"taxonomy":"post_tag","embeddable":true,"href":"https:\/\/diariodelsurdigital.com.ar\/index.php?rest_route=%2Fwp%2Fv2%2Ftags&post=883"}],"curies":[{"name":"wp","href":"https:\/\/api.w.org\/{rel}","templated":true}]}}