{"id":886,"date":"2025-02-05T16:08:20","date_gmt":"2025-02-05T19:08:20","guid":{"rendered":"https:\/\/diariodelsurdigital.com.ar\/?p=886"},"modified":"2025-02-05T16:08:21","modified_gmt":"2025-02-05T19:08:21","slug":"fallecio-un-hombre-en-el-predio-del-autodromo-de-concordia","status":"publish","type":"post","link":"https:\/\/diariodelsurdigital.com.ar\/?p=886","title":{"rendered":"Falleci\u00f3 un hombre en el predio del aut\u00f3dromo de Concordia"},"content":{"rendered":"\n<h2 class=\"wp-block-heading\" id=\"nota-title\"><\/h2>\n\n\n\n<p>El hecho ocurri\u00f3 alrededor de las 9:00 de la ma\u00f1ana de este mi\u00e9rcoles 5 de febrero. Se trata de un hombre de 57 a\u00f1os que se encontraba realizando tareas de corte y poda de \u00e1rboles en la zona.<\/p>\n\n\n\n<p><a href=\"whatsapp:\/\/send?text=DRU:%20Falleci%C3%B3%20un%20hombre%20mientras%20desmontaba%20%C3%A1rboles%20en%20el%20predio%20del%20aut%C3%B3dromo%20de%20Concordia%20-%20https:\/\/www.diarioriouruguay.com.ar\/uid-84790\"><\/a><a href=\"https:\/\/www.diarioriouruguay.com.ar\/policiales\/falleci-un-hombre-mientras-desmontaba-rboles-en-el-predio-del-autdromo-de-concordia.htm#\"><\/a><a href=\"https:\/\/www.diarioriouruguay.com.ar\/policiales\/falleci-un-hombre-mientras-desmontaba-rboles-en-el-predio-del-autdromo-de-concordia.htm#\"><\/a><\/p>\n\n\n\n<p>Una vez en el lugar, los agentes constataron que un hombre de 57 a\u00f1os, identificado como Alvino Da Silva Merele, que se encontraba realizando tareas de corte y poda tuvo un accidente cuando uno de los \u00e1rboles se desprendi\u00f3 y cay\u00f3 sobre su cuerpo. Si bien la persona ten\u00eda un casco protector, la fuerza del golpe fue tal que termin\u00f3 falleciendo en el lugar.<\/p>\n\n\n\n<p>En la zona trabaj\u00f3 personal de la Comisar\u00eda Quinta, la divisi\u00f3n Polic\u00eda Cient\u00edfica, Bomberos Zapadores, el delegado judicial y la m\u00e9dica policial. El trabajador fue trasladado a la morgue para la correspondiente autopsia.<\/p>\n\n\n\n<p>El cuerpo de la v\u00edctima, identificado como Alvino Da Silva Merele, fue trasladado a la morgue para la correspondiente autopsia.<\/p>\n\n\n\n<p>Por otro lado, desde la conducci\u00f3n del Club Parque Aut\u00f3dromo Ciudad de Concordia aclararon a Diario R\u00edo Uruguay que el hombre de 57 a\u00f1os \u201cno es ni empleado ni contratado del aut\u00f3dromo\u201d, sino que \u201ces una persona subcontratada por la empresa encargada de los trabajos en el aeroclub, que est\u00e1n trabajando en desmontar sectores de la zona para que haya un aterrizaje o un despegue limpio\u201d.<\/p>\n\n\n\n<p>Dicho esto, remarcaron que \u201cnosotros no tenemos nada que ver\u201d, ya que se trata de \u201cun pedido que se hizo a trav\u00e9s de una carta por parte de la empresa encargada de realizar los trabajos, solicitando la autorizaci\u00f3n para entrar al predio en tal fecha, para que el aeropuerto tenga la autorizaci\u00f3n\u201d, pero \u201cno tenemos idea ni de qu\u00e9 empresa se trata\u201d.<\/p>\n\n\n\n<p><strong>Fuente:<\/strong>\u00a0Concordia Policiales y Diario R\u00edo Uruguay<\/p>\n\n\n\n<p><a href=\"whatsapp:\/\/send?text=DRU:%20Falleci%C3%B3%20un%20hombre%20mientras%20desmontaba%20%C3%A1rboles%20en%20el%20predio%20del%20aut%C3%B3dromo%20de%20Concordia%20-%20https:\/\/www.diarioriouruguay.com.ar\/uid-84790\"><\/a><a href=\"https:\/\/www.diarioriouruguay.com.ar\/policiales\/falleci-un-hombre-mientras-desmontaba-rboles-en-el-predio-del-autdromo-de-concordia.htm#\"><\/a><a href=\"https:\/\/www.diarioriouruguay.com.ar\/policiales\/falleci-un-hombre-mientras-desmontaba-rboles-en-el-predio-del-autdromo-de-concordia.htm#\"><\/a><\/p>\n","protected":false},"excerpt":{"rendered":"<p>El hecho ocurri\u00f3 alrededor de las 9:00 de la ma\u00f1ana de este mi\u00e9rcoles 5 de febrero. Se trata de un hombre de 57 a\u00f1os que se encontraba realizando tareas de corte y poda de \u00e1rboles en la zona. Una vez en el lugar, los agentes constataron que un hombre de 57 a\u00f1os, identificado como Alvino [&hellip;]<\/p>\n","protected":false},"author":2,"featured_media":887,"comment_status":"open","ping_status":"open","sticky":false,"template":"","format":"standard","meta":{"footnotes":""},"categories":[16],"tags":[],"class_list":{"0":"post-886","1":"post","2":"type-post","3":"status-publish","4":"format-standard","5":"has-post-thumbnail","7":"category-locales"},"yoast_head":"<!-- This site is optimized with the Yoast SEO plugin v27.4 - https:\/\/yoast.com\/product\/yoast-seo-wordpress\/ -->\n<title>Falleci\u00f3 un hombre en el predio del aut\u00f3dromo de Concordia - Diario del Sur<\/title>\n<meta name=\"robots\" content=\"index, follow, max-snippet:-1, max-image-preview:large, max-video-preview:-1\" \/>\n<link rel=\"canonical\" href=\"https:\/\/diariodelsurdigital.com.ar\/?p=886\" \/>\n<meta property=\"og:locale\" content=\"es_ES\" \/>\n<meta property=\"og:type\" content=\"article\" \/>\n<meta property=\"og:title\" content=\"Falleci\u00f3 un hombre en el predio del aut\u00f3dromo de Concordia - Diario del Sur\" \/>\n<meta property=\"og:description\" content=\"El hecho ocurri\u00f3 alrededor de las 9:00 de la ma\u00f1ana de este mi\u00e9rcoles 5 de febrero. Se trata de un hombre de 57 a\u00f1os que se encontraba realizando tareas de corte y poda de \u00e1rboles en la zona. Una vez en el lugar, los agentes constataron que un hombre de 57 a\u00f1os, identificado como Alvino [&hellip;]\" \/>\n<meta property=\"og:url\" content=\"https:\/\/diariodelsurdigital.com.ar\/?p=886\" \/>\n<meta property=\"og:site_name\" content=\"Diario del Sur\" \/>\n<meta property=\"article:published_time\" content=\"2025-02-05T19:08:20+00:00\" \/>\n<meta property=\"article:modified_time\" content=\"2025-02-05T19:08:21+00:00\" \/>\n<meta property=\"og:image\" content=\"https:\/\/diariodelsurdigital.com.ar\/wp-content\/uploads\/2025\/02\/r_1738766031.jpg\" \/>\n\t<meta property=\"og:image:width\" content=\"492\" \/>\n\t<meta property=\"og:image:height\" content=\"358\" \/>\n\t<meta property=\"og:image:type\" content=\"image\/jpeg\" \/>\n<meta name=\"author\" content=\"Diario del Sur Digital\" \/>\n<meta name=\"twitter:card\" content=\"summary_large_image\" \/>\n<meta name=\"twitter:label1\" content=\"Escrito por\" \/>\n\t<meta name=\"twitter:data1\" content=\"Diario del Sur Digital\" \/>\n\t<meta name=\"twitter:label2\" content=\"Tiempo de lectura\" \/>\n\t<meta name=\"twitter:data2\" content=\"2 minutos\" \/>\n<script type=\"application\/ld+json\" class=\"yoast-schema-graph\">{\"@context\":\"https:\\\/\\\/schema.org\",\"@graph\":[{\"@type\":\"Article\",\"@id\":\"https:\\\/\\\/diariodelsurdigital.com.ar\\\/?p=886#article\",\"isPartOf\":{\"@id\":\"https:\\\/\\\/diariodelsurdigital.com.ar\\\/?p=886\"},\"author\":{\"name\":\"Diario del Sur Digital\",\"@id\":\"https:\\\/\\\/diariodelsurdigital.com.ar\\\/#\\\/schema\\\/person\\\/6136a32571657f7dba980b88b04c5465\"},\"headline\":\"Falleci\u00f3 un hombre en el predio del aut\u00f3dromo de Concordia\",\"datePublished\":\"2025-02-05T19:08:20+00:00\",\"dateModified\":\"2025-02-05T19:08:21+00:00\",\"mainEntityOfPage\":{\"@id\":\"https:\\\/\\\/diariodelsurdigital.com.ar\\\/?p=886\"},\"wordCount\":317,\"commentCount\":0,\"image\":{\"@id\":\"https:\\\/\\\/diariodelsurdigital.com.ar\\\/?p=886#primaryimage\"},\"thumbnailUrl\":\"https:\\\/\\\/diariodelsurdigital.com.ar\\\/wp-content\\\/uploads\\\/2025\\\/02\\\/r_1738766031.jpg\",\"articleSection\":[\"Locales\"],\"inLanguage\":\"es\",\"potentialAction\":[{\"@type\":\"CommentAction\",\"name\":\"Comment\",\"target\":[\"https:\\\/\\\/diariodelsurdigital.com.ar\\\/?p=886#respond\"]}]},{\"@type\":\"WebPage\",\"@id\":\"https:\\\/\\\/diariodelsurdigital.com.ar\\\/?p=886\",\"url\":\"https:\\\/\\\/diariodelsurdigital.com.ar\\\/?p=886\",\"name\":\"Falleci\u00f3 un hombre en el predio del aut\u00f3dromo de Concordia - Diario del Sur\",\"isPartOf\":{\"@id\":\"https:\\\/\\\/diariodelsurdigital.com.ar\\\/#website\"},\"primaryImageOfPage\":{\"@id\":\"https:\\\/\\\/diariodelsurdigital.com.ar\\\/?p=886#primaryimage\"},\"image\":{\"@id\":\"https:\\\/\\\/diariodelsurdigital.com.ar\\\/?p=886#primaryimage\"},\"thumbnailUrl\":\"https:\\\/\\\/diariodelsurdigital.com.ar\\\/wp-content\\\/uploads\\\/2025\\\/02\\\/r_1738766031.jpg\",\"datePublished\":\"2025-02-05T19:08:20+00:00\",\"dateModified\":\"2025-02-05T19:08:21+00:00\",\"author\":{\"@id\":\"https:\\\/\\\/diariodelsurdigital.com.ar\\\/#\\\/schema\\\/person\\\/6136a32571657f7dba980b88b04c5465\"},\"breadcrumb\":{\"@id\":\"https:\\\/\\\/diariodelsurdigital.com.ar\\\/?p=886#breadcrumb\"},\"inLanguage\":\"es\",\"potentialAction\":[{\"@type\":\"ReadAction\",\"target\":[\"https:\\\/\\\/diariodelsurdigital.com.ar\\\/?p=886\"]}]},{\"@type\":\"ImageObject\",\"inLanguage\":\"es\",\"@id\":\"https:\\\/\\\/diariodelsurdigital.com.ar\\\/?p=886#primaryimage\",\"url\":\"https:\\\/\\\/diariodelsurdigital.com.ar\\\/wp-content\\\/uploads\\\/2025\\\/02\\\/r_1738766031.jpg\",\"contentUrl\":\"https:\\\/\\\/diariodelsurdigital.com.ar\\\/wp-content\\\/uploads\\\/2025\\\/02\\\/r_1738766031.jpg\",\"width\":492,\"height\":358},{\"@type\":\"BreadcrumbList\",\"@id\":\"https:\\\/\\\/diariodelsurdigital.com.ar\\\/?p=886#breadcrumb\",\"itemListElement\":[{\"@type\":\"ListItem\",\"position\":1,\"name\":\"Portada\",\"item\":\"https:\\\/\\\/diariodelsurdigital.com.ar\\\/\"},{\"@type\":\"ListItem\",\"position\":2,\"name\":\"Falleci\u00f3 un hombre en el predio del aut\u00f3dromo de Concordia\"}]},{\"@type\":\"WebSite\",\"@id\":\"https:\\\/\\\/diariodelsurdigital.com.ar\\\/#website\",\"url\":\"https:\\\/\\\/diariodelsurdigital.com.ar\\\/\",\"name\":\"Diario del Sur\",\"description\":\"Digital\",\"potentialAction\":[{\"@type\":\"SearchAction\",\"target\":{\"@type\":\"EntryPoint\",\"urlTemplate\":\"https:\\\/\\\/diariodelsurdigital.com.ar\\\/?s={search_term_string}\"},\"query-input\":{\"@type\":\"PropertyValueSpecification\",\"valueRequired\":true,\"valueName\":\"search_term_string\"}}],\"inLanguage\":\"es\"},{\"@type\":\"Person\",\"@id\":\"https:\\\/\\\/diariodelsurdigital.com.ar\\\/#\\\/schema\\\/person\\\/6136a32571657f7dba980b88b04c5465\",\"name\":\"Diario del Sur Digital\",\"image\":{\"@type\":\"ImageObject\",\"inLanguage\":\"es\",\"@id\":\"https:\\\/\\\/secure.gravatar.com\\\/avatar\\\/4c29ceac98541dd42460b2474aaa5dd37594d6ce6cb3cf2c101d09b48ee287ba?s=96&d=mm&r=g\",\"url\":\"https:\\\/\\\/secure.gravatar.com\\\/avatar\\\/4c29ceac98541dd42460b2474aaa5dd37594d6ce6cb3cf2c101d09b48ee287ba?s=96&d=mm&r=g\",\"contentUrl\":\"https:\\\/\\\/secure.gravatar.com\\\/avatar\\\/4c29ceac98541dd42460b2474aaa5dd37594d6ce6cb3cf2c101d09b48ee287ba?s=96&d=mm&r=g\",\"caption\":\"Diario del Sur Digital\"},\"url\":\"https:\\\/\\\/diariodelsurdigital.com.ar\\\/?author=2\"}]}<\/script>\n<!-- \/ Yoast SEO plugin. -->","yoast_head_json":{"title":"Falleci\u00f3 un hombre en el predio del aut\u00f3dromo de Concordia - Diario del Sur","robots":{"index":"index","follow":"follow","max-snippet":"max-snippet:-1","max-image-preview":"max-image-preview:large","max-video-preview":"max-video-preview:-1"},"canonical":"https:\/\/diariodelsurdigital.com.ar\/?p=886","og_locale":"es_ES","og_type":"article","og_title":"Falleci\u00f3 un hombre en el predio del aut\u00f3dromo de Concordia - Diario del Sur","og_description":"El hecho ocurri\u00f3 alrededor de las 9:00 de la ma\u00f1ana de este mi\u00e9rcoles 5 de febrero. Se trata de un hombre de 57 a\u00f1os que se encontraba realizando tareas de corte y poda de \u00e1rboles en la zona. Una vez en el lugar, los agentes constataron que un hombre de 57 a\u00f1os, identificado como Alvino [&hellip;]","og_url":"https:\/\/diariodelsurdigital.com.ar\/?p=886","og_site_name":"Diario del Sur","article_published_time":"2025-02-05T19:08:20+00:00","article_modified_time":"2025-02-05T19:08:21+00:00","og_image":[{"width":492,"height":358,"url":"https:\/\/diariodelsurdigital.com.ar\/wp-content\/uploads\/2025\/02\/r_1738766031.jpg","type":"image\/jpeg"}],"author":"Diario del Sur Digital","twitter_card":"summary_large_image","twitter_misc":{"Escrito por":"Diario del Sur Digital","Tiempo de lectura":"2 minutos"},"schema":{"@context":"https:\/\/schema.org","@graph":[{"@type":"Article","@id":"https:\/\/diariodelsurdigital.com.ar\/?p=886#article","isPartOf":{"@id":"https:\/\/diariodelsurdigital.com.ar\/?p=886"},"author":{"name":"Diario del Sur Digital","@id":"https:\/\/diariodelsurdigital.com.ar\/#\/schema\/person\/6136a32571657f7dba980b88b04c5465"},"headline":"Falleci\u00f3 un hombre en el predio del aut\u00f3dromo de Concordia","datePublished":"2025-02-05T19:08:20+00:00","dateModified":"2025-02-05T19:08:21+00:00","mainEntityOfPage":{"@id":"https:\/\/diariodelsurdigital.com.ar\/?p=886"},"wordCount":317,"commentCount":0,"image":{"@id":"https:\/\/diariodelsurdigital.com.ar\/?p=886#primaryimage"},"thumbnailUrl":"https:\/\/diariodelsurdigital.com.ar\/wp-content\/uploads\/2025\/02\/r_1738766031.jpg","articleSection":["Locales"],"inLanguage":"es","potentialAction":[{"@type":"CommentAction","name":"Comment","target":["https:\/\/diariodelsurdigital.com.ar\/?p=886#respond"]}]},{"@type":"WebPage","@id":"https:\/\/diariodelsurdigital.com.ar\/?p=886","url":"https:\/\/diariodelsurdigital.com.ar\/?p=886","name":"Falleci\u00f3 un hombre en el predio del aut\u00f3dromo de Concordia - Diario del Sur","isPartOf":{"@id":"https:\/\/diariodelsurdigital.com.ar\/#website"},"primaryImageOfPage":{"@id":"https:\/\/diariodelsurdigital.com.ar\/?p=886#primaryimage"},"image":{"@id":"https:\/\/diariodelsurdigital.com.ar\/?p=886#primaryimage"},"thumbnailUrl":"https:\/\/diariodelsurdigital.com.ar\/wp-content\/uploads\/2025\/02\/r_1738766031.jpg","datePublished":"2025-02-05T19:08:20+00:00","dateModified":"2025-02-05T19:08:21+00:00","author":{"@id":"https:\/\/diariodelsurdigital.com.ar\/#\/schema\/person\/6136a32571657f7dba980b88b04c5465"},"breadcrumb":{"@id":"https:\/\/diariodelsurdigital.com.ar\/?p=886#breadcrumb"},"inLanguage":"es","potentialAction":[{"@type":"ReadAction","target":["https:\/\/diariodelsurdigital.com.ar\/?p=886"]}]},{"@type":"ImageObject","inLanguage":"es","@id":"https:\/\/diariodelsurdigital.com.ar\/?p=886#primaryimage","url":"https:\/\/diariodelsurdigital.com.ar\/wp-content\/uploads\/2025\/02\/r_1738766031.jpg","contentUrl":"https:\/\/diariodelsurdigital.com.ar\/wp-content\/uploads\/2025\/02\/r_1738766031.jpg","width":492,"height":358},{"@type":"BreadcrumbList","@id":"https:\/\/diariodelsurdigital.com.ar\/?p=886#breadcrumb","itemListElement":[{"@type":"ListItem","position":1,"name":"Portada","item":"https:\/\/diariodelsurdigital.com.ar\/"},{"@type":"ListItem","position":2,"name":"Falleci\u00f3 un hombre en el predio del aut\u00f3dromo de Concordia"}]},{"@type":"WebSite","@id":"https:\/\/diariodelsurdigital.com.ar\/#website","url":"https:\/\/diariodelsurdigital.com.ar\/","name":"Diario del Sur","description":"Digital","potentialAction":[{"@type":"SearchAction","target":{"@type":"EntryPoint","urlTemplate":"https:\/\/diariodelsurdigital.com.ar\/?s={search_term_string}"},"query-input":{"@type":"PropertyValueSpecification","valueRequired":true,"valueName":"search_term_string"}}],"inLanguage":"es"},{"@type":"Person","@id":"https:\/\/diariodelsurdigital.com.ar\/#\/schema\/person\/6136a32571657f7dba980b88b04c5465","name":"Diario del Sur Digital","image":{"@type":"ImageObject","inLanguage":"es","@id":"https:\/\/secure.gravatar.com\/avatar\/4c29ceac98541dd42460b2474aaa5dd37594d6ce6cb3cf2c101d09b48ee287ba?s=96&d=mm&r=g","url":"https:\/\/secure.gravatar.com\/avatar\/4c29ceac98541dd42460b2474aaa5dd37594d6ce6cb3cf2c101d09b48ee287ba?s=96&d=mm&r=g","contentUrl":"https:\/\/secure.gravatar.com\/avatar\/4c29ceac98541dd42460b2474aaa5dd37594d6ce6cb3cf2c101d09b48ee287ba?s=96&d=mm&r=g","caption":"Diario del Sur Digital"},"url":"https:\/\/diariodelsurdigital.com.ar\/?author=2"}]}},"_links":{"self":[{"href":"https:\/\/diariodelsurdigital.com.ar\/index.php?rest_route=\/wp\/v2\/posts\/886","targetHints":{"allow":["GET"]}}],"collection":[{"href":"https:\/\/diariodelsurdigital.com.ar\/index.php?rest_route=\/wp\/v2\/posts"}],"about":[{"href":"https:\/\/diariodelsurdigital.com.ar\/index.php?rest_route=\/wp\/v2\/types\/post"}],"author":[{"embeddable":true,"href":"https:\/\/diariodelsurdigital.com.ar\/index.php?rest_route=\/wp\/v2\/users\/2"}],"replies":[{"embeddable":true,"href":"https:\/\/diariodelsurdigital.com.ar\/index.php?rest_route=%2Fwp%2Fv2%2Fcomments&post=886"}],"version-history":[{"count":1,"href":"https:\/\/diariodelsurdigital.com.ar\/index.php?rest_route=\/wp\/v2\/posts\/886\/revisions"}],"predecessor-version":[{"id":888,"href":"https:\/\/diariodelsurdigital.com.ar\/index.php?rest_route=\/wp\/v2\/posts\/886\/revisions\/888"}],"wp:featuredmedia":[{"embeddable":true,"href":"https:\/\/diariodelsurdigital.com.ar\/index.php?rest_route=\/wp\/v2\/media\/887"}],"wp:attachment":[{"href":"https:\/\/diariodelsurdigital.com.ar\/index.php?rest_route=%2Fwp%2Fv2%2Fmedia&parent=886"}],"wp:term":[{"taxonomy":"category","embeddable":true,"href":"https:\/\/diariodelsurdigital.com.ar\/index.php?rest_route=%2Fwp%2Fv2%2Fcategories&post=886"},{"taxonomy":"post_tag","embeddable":true,"href":"https:\/\/diariodelsurdigital.com.ar\/index.php?rest_route=%2Fwp%2Fv2%2Ftags&post=886"}],"curies":[{"name":"wp","href":"https:\/\/api.w.org\/{rel}","templated":true}]}}