{"id":892,"date":"2025-02-05T23:12:22","date_gmt":"2025-02-06T02:12:22","guid":{"rendered":"https:\/\/diariodelsurdigital.com.ar\/?p=892"},"modified":"2025-02-05T23:12:23","modified_gmt":"2025-02-06T02:12:23","slug":"entre-rios-tiene-la-energia-mas-cara-de-la-region-centro","status":"publish","type":"post","link":"https:\/\/diariodelsurdigital.com.ar\/?p=892","title":{"rendered":"Entre R\u00edos tiene la energ\u00eda m\u00e1s cara de la regi\u00f3n Centro"},"content":{"rendered":"\n<p><strong>Por Federico Odorisio<\/strong><\/p>\n\n\n\n<p>Las tarifas el\u00e9ctricas en Entre R\u00edos se han convertido en unas de las m\u00e1s altas del pa\u00eds, superando incluso a provincias vecinas como C\u00f3rdoba, Santa Fe, Corrientes y Santiago del Estero. La estructura de costos que sostiene este sistema no solo es desproporcionada respecto de otras jurisdicciones, sino que adem\u00e1s carece de justificaci\u00f3n desde el punto de vista normativo, evidenciando que la empresa provincial de energ\u00eda, ENERSA, opera como una caja de la pol\u00edtica, inalterable pese a los cambios de gobierno.<\/p>\n\n\n\n<figure class=\"wp-block-image\"><img decoding=\"async\" src=\"https:\/\/www.diariojunio.com.ar\/wp-content\/uploads\/2025\/02\/frigerio-y-directorio-EPRE.jpg\" alt=\"\"\/><\/figure>\n\n\n\n<p>Frigerio el d\u00eda que anunci\u00f3 el congelamiento del componente provincial de la tarifa el\u00e9ctrica. Junto al gobernador estaban la secretaria de Energ\u00eda, Noelia Zapata; el interventor del Ente Provincial Regulador de Energ\u00eda (EPRE), Juan Domingo Zacar\u00edas; y el presidente de Enersa, Ignacio Bergallo<\/p>\n\n\n\n<p><\/p>\n\n\n\n<p>Seg\u00fan datos recientes, que se desprenden de un informe realizado por la consultora Energetix, un usuario residencial de consumo medio (300 kWh\/mes) paga una factura<strong>\u00a0en Entre R\u00edos, provincia exportadora de energ\u00eda, un 57% m\u00e1s alta que en Santiago del Estero en el segmento de ingresos altos y bajos, mientras que en el caso de ingresos medios, la diferencia asciende al 92%<\/strong>. Esto se debe a que, si bien<strong>\u00a0el precio de la energ\u00eda es fijado trimestralmente y de manera uniforme para todo el pa\u00eds<\/strong>\u00a0por la Secretar\u00eda de Energ\u00eda de la Naci\u00f3n, la otra gran porci\u00f3n de la tarifa, el Valor Agregado de Distribuci\u00f3n (VAD), es determinada por el Ente Regulador Provincial (EPRE), que en Entre R\u00edos ha autorizado aumentos exorbitantes sin que exista un correlato en mejoras del servicio o fundamentaci\u00f3n razonable alguna.<\/p>\n\n\n\n<p>Al fuerte incremento del&nbsp;<strong>precio estacional de la energ\u00eda, que tras la devaluaci\u00f3n de diciembre de 2023 registr\u00f3 una suba de m\u00e1s del 140% en febrero de 2024, se suma que, en paralelo, ENERSA obtuvo una recomposici\u00f3n de sus ingresos con aumentos que superaron el 580% en el \u00faltimo a\u00f1o y con ajustes mensuales y que en suma, mes a mes, resultan mayores que los aumentos trimestrales que estipula Naci\u00f3n.<\/strong><\/p>\n\n\n\n<p><strong>Como resultado, las tarifas de la empresa ENERSA y las de las distintas Cooperativas de luz de la provincia&nbsp;<\/strong>-Cooperativas que acompa\u00f1an el pedido de la empresa de energ\u00eda entrerriana por encima de lo estipulado por CAMMESA, m\u00e1s a all\u00e1 de si los costos que tienen les permitir\u00eda ofrecer el servicio a mejor precio, aprobando los aumentos en \u00abaudiencias p\u00fablicas\u00bb en sitios rec\u00f3nditos que son informadas con pocas ganas al publico-&nbsp;<strong>aumentaron en promedio m\u00e1s del 470% entre noviembre de 2023 y noviembre de 2024, con picos de m\u00e1s del 650% para los usuarios de ingresos bajos y medios.<\/strong><\/p>\n\n\n\n<figure class=\"wp-block-image\"><img decoding=\"async\" src=\"https:\/\/www.diariojunio.com.ar\/wp-content\/uploads\/2025\/02\/epre-2-cuadro-300x223.jpg\" alt=\"\" class=\"wp-image-96680\"\/><\/figure>\n\n\n\n<p><em><strong>Los aumentos estipulados por Cammesa Vs. los aumentos autorizados por el EPRE<\/strong><\/em><\/p>\n\n\n\n<h3 class=\"wp-block-heading\">Hecha la ley, hecha la trampa<\/h3>\n\n\n\n<p>El mi\u00e9rcoles, 4 de Septiembre de 2024 el gobernador de Entre R\u00edos anunciaba el congelamiento temporal del Valor Agregado de Distribuci\u00f3n (VAD), que es el costo que las distribuidoras cobran por llevar la electricidad hasta los hogares. Ese congelamiento estaba vigente hasta diciembre de 2024. Sin embargo, la medida estaba condicionada a que no hubiera cambios en los precios mayoristas de la energ\u00eda, la potencia y el transporte el\u00e9ctrico a nivel nacional. Como hubo modificaciones en esos costos mayoristas, el EPRE aprob\u00f3 un nuevo cuadro tarifario para octubre de 2024.<\/p>\n\n\n\n<figure class=\"wp-block-image\"><img decoding=\"async\" src=\"https:\/\/www.diariojunio.com.ar\/wp-content\/uploads\/2025\/02\/epre-2-cuadro-1-300x215.jpg\" alt=\"\" class=\"wp-image-96682\"\/><\/figure>\n\n\n\n<p><em><strong>El gobierno deber\u00eda explicar por qu\u00e9 el Valor Agregado de Distribuci\u00f3n (VAD) en Entre R\u00edos es significativamente m\u00e1s alto que en otras provincias del Litoral y la regi\u00f3n Centro. \u00bfExisten realmente factores geogr\u00e1ficos o de distribuci\u00f3n poblacional que justifiquen esta diferencia en comparaci\u00f3n con Santa Fe, C\u00f3rdoba, Corrientes o Santiago del Estero?<\/strong><\/em><\/p>\n\n\n\n<p>Estos incrementos fueron avalados por el EPRE sin que ENERSA haya presentado un plan de inversiones que justifique el alza. Es decir, los usuarios pagan cada vez m\u00e1s por un servicio que no muestra mejoras sustanciales ni en calidad ni en infraestructura. En este contexto, el esquema tarifario parece responder exclusivamente a la necesidad de garantizar la sostenibilidad financiera de la distribuidora provincial, sin importar el impacto en el cada vez m\u00e1s flaco bolsillo de los entrerrianos.<\/p>\n\n\n\n<figure class=\"wp-block-image\"><img decoding=\"async\" src=\"https:\/\/www.diariojunio.com.ar\/wp-content\/uploads\/2025\/02\/enersa-300x200.webp\" alt=\"\" class=\"wp-image-96675\"\/><\/figure>\n\n\n\n<p>Y aqu\u00ed surge una pregunta necesaria: si el presidente Javier Milei, elegido por la mayor\u00eda, se manifiesta en contra de estas cajas y manejos poco transparentes,&nbsp;<strong>\u00bfno deber\u00eda el gobernador Rogelio Frigerio, alineado con la Casa Rosada, dar un paso adelante y determinar el cese de la intervenci\u00f3n del ente, que est\u00e1 intervenido hace casi 30 a\u00f1os<\/strong>&nbsp;(Decreto N\u00ba 1.127 de fecha 23 de abril de 1996) y dar cumplimiento al Concurso P\u00fablico dispuesto para la designaci\u00f3n del Directorio del EPRE por medio del Art\u00edculo 50 de la Ley N\u00ba 8.916\/95, as\u00ed como&nbsp;<strong>promover que se incorpore al Directorio un representante de las asociaciones de usuarios y consumidores, tal como lo planteaba un proyecto del a\u00f1o 2021 del diputado Juli\u00e1n Maneiro de la UCR, partido que hoy es socio de la alianza gobernante de Juntos por Entre R\u00edos?<\/strong>&nbsp;(<a href=\"https:\/\/aldiaentrerios.com.ar\/proponen-que-tras-25-anos-finalice-la-intervencion-del-epre\/\">https:\/\/aldiaentrerios.com.ar\/proponen-que-tras-25-anos-finalice-la-intervencion-del-epre\/<\/a>)<\/p>\n\n\n\n<p>Por otro lado, un segundo paso ser\u00eda<strong>&nbsp;intervenir ENERSA<\/strong>, como ya lo hicieron con el IOSPER \u00bfAcaso, no corresponde realizar una auditor\u00eda con un organismo independiente e imparcial que compare el funcionamiento de la distribuidora provincial con sus equivalentes en Santa Fe y C\u00f3rdoba?<\/p>\n\n\n\n<p>La realidad es que todos los entrerrianos pagan la energ\u00eda m\u00e1s cara del pa\u00eds porque ENERSA funciona como una caja que ning\u00fan partido parece tener la voluntad de tocar, mientras que el EPRE (que deber\u00eda ser un organismo aut\u00e1rquico, t\u00e9cnico, con un personal m\u00ednimo, tiene un presupuesto anual de alrededor de ocho millones de d\u00f3lares, financiado con el 1,8% de la facturaci\u00f3n total de la energ\u00eda en la provincia) regula a gusto y placer de la distribuidora de energ\u00eda de Entre R\u00edos, con&nbsp;<strong>sucesivos gobiernos que se paran de los dos lados del mostrador<\/strong>&nbsp;en la discusi\u00f3n de tarifas (regulador y regulado): el EPRE intervenido por el Poder Ejecutivo provincial que es qui\u00e9n tambi\u00e9n designa al presidente de ENERSA por tener el estado entrerriano la mayor\u00eda accionaria de la empresa.<\/p>\n\n\n\n<p>Ante este escenario, la pregunta ya no es solo por qu\u00e9 la energ\u00eda es m\u00e1s cara en Entre R\u00edos, sino hasta cu\u00e1ndo la pol\u00edtica seguir\u00e1 garantizando que as\u00ed sea.<\/p>\n","protected":false},"excerpt":{"rendered":"<p>Por Federico Odorisio Las tarifas el\u00e9ctricas en Entre R\u00edos se han convertido en unas de las m\u00e1s altas del pa\u00eds, superando incluso a provincias vecinas como C\u00f3rdoba, Santa Fe, Corrientes y Santiago del Estero. La estructura de costos que sostiene este sistema no solo es desproporcionada respecto de otras jurisdicciones, sino que adem\u00e1s carece de [&hellip;]<\/p>\n","protected":false},"author":2,"featured_media":893,"comment_status":"open","ping_status":"open","sticky":false,"template":"","format":"standard","meta":{"footnotes":""},"categories":[16],"tags":[],"class_list":{"0":"post-892","1":"post","2":"type-post","3":"status-publish","4":"format-standard","5":"has-post-thumbnail","7":"category-locales"},"yoast_head":"<!-- This site is optimized with the Yoast SEO plugin v27.4 - https:\/\/yoast.com\/product\/yoast-seo-wordpress\/ -->\n<title>Entre R\u00edos tiene la energ\u00eda m\u00e1s cara de la regi\u00f3n Centro - Diario del Sur<\/title>\n<meta name=\"robots\" content=\"index, follow, max-snippet:-1, max-image-preview:large, max-video-preview:-1\" \/>\n<link rel=\"canonical\" href=\"https:\/\/diariodelsurdigital.com.ar\/?p=892\" \/>\n<meta property=\"og:locale\" content=\"es_ES\" \/>\n<meta property=\"og:type\" content=\"article\" \/>\n<meta property=\"og:title\" content=\"Entre R\u00edos tiene la energ\u00eda m\u00e1s cara de la regi\u00f3n Centro - Diario del Sur\" \/>\n<meta property=\"og:description\" content=\"Por Federico Odorisio Las tarifas el\u00e9ctricas en Entre R\u00edos se han convertido en unas de las m\u00e1s altas del pa\u00eds, superando incluso a provincias vecinas como C\u00f3rdoba, Santa Fe, Corrientes y Santiago del Estero. La estructura de costos que sostiene este sistema no solo es desproporcionada respecto de otras jurisdicciones, sino que adem\u00e1s carece de [&hellip;]\" \/>\n<meta property=\"og:url\" content=\"https:\/\/diariodelsurdigital.com.ar\/?p=892\" \/>\n<meta property=\"og:site_name\" content=\"Diario del Sur\" \/>\n<meta property=\"article:published_time\" content=\"2025-02-06T02:12:22+00:00\" \/>\n<meta property=\"article:modified_time\" content=\"2025-02-06T02:12:23+00:00\" \/>\n<meta property=\"og:image\" content=\"https:\/\/diariodelsurdigital.com.ar\/wp-content\/uploads\/2025\/02\/Imagen-de-WhatsApp-2025-01-29-a-las-20.47.39_cf341e84.jpg\" \/>\n\t<meta property=\"og:image:width\" content=\"451\" \/>\n\t<meta property=\"og:image:height\" content=\"454\" \/>\n\t<meta property=\"og:image:type\" content=\"image\/jpeg\" \/>\n<meta name=\"author\" content=\"Diario del Sur Digital\" \/>\n<meta name=\"twitter:card\" content=\"summary_large_image\" \/>\n<meta name=\"twitter:label1\" content=\"Escrito por\" \/>\n\t<meta name=\"twitter:data1\" content=\"Diario del Sur Digital\" \/>\n\t<meta name=\"twitter:label2\" content=\"Tiempo de lectura\" \/>\n\t<meta name=\"twitter:data2\" content=\"6 minutos\" \/>\n<script type=\"application\/ld+json\" class=\"yoast-schema-graph\">{\"@context\":\"https:\\\/\\\/schema.org\",\"@graph\":[{\"@type\":\"Article\",\"@id\":\"https:\\\/\\\/diariodelsurdigital.com.ar\\\/?p=892#article\",\"isPartOf\":{\"@id\":\"https:\\\/\\\/diariodelsurdigital.com.ar\\\/?p=892\"},\"author\":{\"name\":\"Diario del Sur Digital\",\"@id\":\"https:\\\/\\\/diariodelsurdigital.com.ar\\\/#\\\/schema\\\/person\\\/6136a32571657f7dba980b88b04c5465\"},\"headline\":\"Entre R\u00edos tiene la energ\u00eda m\u00e1s cara de la regi\u00f3n Centro\",\"datePublished\":\"2025-02-06T02:12:22+00:00\",\"dateModified\":\"2025-02-06T02:12:23+00:00\",\"mainEntityOfPage\":{\"@id\":\"https:\\\/\\\/diariodelsurdigital.com.ar\\\/?p=892\"},\"wordCount\":1110,\"commentCount\":1,\"image\":{\"@id\":\"https:\\\/\\\/diariodelsurdigital.com.ar\\\/?p=892#primaryimage\"},\"thumbnailUrl\":\"https:\\\/\\\/diariodelsurdigital.com.ar\\\/wp-content\\\/uploads\\\/2025\\\/02\\\/Imagen-de-WhatsApp-2025-01-29-a-las-20.47.39_cf341e84.jpg\",\"articleSection\":[\"Locales\"],\"inLanguage\":\"es\",\"potentialAction\":[{\"@type\":\"CommentAction\",\"name\":\"Comment\",\"target\":[\"https:\\\/\\\/diariodelsurdigital.com.ar\\\/?p=892#respond\"]}]},{\"@type\":\"WebPage\",\"@id\":\"https:\\\/\\\/diariodelsurdigital.com.ar\\\/?p=892\",\"url\":\"https:\\\/\\\/diariodelsurdigital.com.ar\\\/?p=892\",\"name\":\"Entre R\u00edos tiene la energ\u00eda m\u00e1s cara de la regi\u00f3n Centro - Diario del Sur\",\"isPartOf\":{\"@id\":\"https:\\\/\\\/diariodelsurdigital.com.ar\\\/#website\"},\"primaryImageOfPage\":{\"@id\":\"https:\\\/\\\/diariodelsurdigital.com.ar\\\/?p=892#primaryimage\"},\"image\":{\"@id\":\"https:\\\/\\\/diariodelsurdigital.com.ar\\\/?p=892#primaryimage\"},\"thumbnailUrl\":\"https:\\\/\\\/diariodelsurdigital.com.ar\\\/wp-content\\\/uploads\\\/2025\\\/02\\\/Imagen-de-WhatsApp-2025-01-29-a-las-20.47.39_cf341e84.jpg\",\"datePublished\":\"2025-02-06T02:12:22+00:00\",\"dateModified\":\"2025-02-06T02:12:23+00:00\",\"author\":{\"@id\":\"https:\\\/\\\/diariodelsurdigital.com.ar\\\/#\\\/schema\\\/person\\\/6136a32571657f7dba980b88b04c5465\"},\"breadcrumb\":{\"@id\":\"https:\\\/\\\/diariodelsurdigital.com.ar\\\/?p=892#breadcrumb\"},\"inLanguage\":\"es\",\"potentialAction\":[{\"@type\":\"ReadAction\",\"target\":[\"https:\\\/\\\/diariodelsurdigital.com.ar\\\/?p=892\"]}]},{\"@type\":\"ImageObject\",\"inLanguage\":\"es\",\"@id\":\"https:\\\/\\\/diariodelsurdigital.com.ar\\\/?p=892#primaryimage\",\"url\":\"https:\\\/\\\/diariodelsurdigital.com.ar\\\/wp-content\\\/uploads\\\/2025\\\/02\\\/Imagen-de-WhatsApp-2025-01-29-a-las-20.47.39_cf341e84.jpg\",\"contentUrl\":\"https:\\\/\\\/diariodelsurdigital.com.ar\\\/wp-content\\\/uploads\\\/2025\\\/02\\\/Imagen-de-WhatsApp-2025-01-29-a-las-20.47.39_cf341e84.jpg\",\"width\":451,\"height\":454},{\"@type\":\"BreadcrumbList\",\"@id\":\"https:\\\/\\\/diariodelsurdigital.com.ar\\\/?p=892#breadcrumb\",\"itemListElement\":[{\"@type\":\"ListItem\",\"position\":1,\"name\":\"Portada\",\"item\":\"https:\\\/\\\/diariodelsurdigital.com.ar\\\/\"},{\"@type\":\"ListItem\",\"position\":2,\"name\":\"Entre R\u00edos tiene la energ\u00eda m\u00e1s cara de la regi\u00f3n Centro\"}]},{\"@type\":\"WebSite\",\"@id\":\"https:\\\/\\\/diariodelsurdigital.com.ar\\\/#website\",\"url\":\"https:\\\/\\\/diariodelsurdigital.com.ar\\\/\",\"name\":\"Diario del Sur\",\"description\":\"Digital\",\"potentialAction\":[{\"@type\":\"SearchAction\",\"target\":{\"@type\":\"EntryPoint\",\"urlTemplate\":\"https:\\\/\\\/diariodelsurdigital.com.ar\\\/?s={search_term_string}\"},\"query-input\":{\"@type\":\"PropertyValueSpecification\",\"valueRequired\":true,\"valueName\":\"search_term_string\"}}],\"inLanguage\":\"es\"},{\"@type\":\"Person\",\"@id\":\"https:\\\/\\\/diariodelsurdigital.com.ar\\\/#\\\/schema\\\/person\\\/6136a32571657f7dba980b88b04c5465\",\"name\":\"Diario del Sur Digital\",\"image\":{\"@type\":\"ImageObject\",\"inLanguage\":\"es\",\"@id\":\"https:\\\/\\\/secure.gravatar.com\\\/avatar\\\/4c29ceac98541dd42460b2474aaa5dd37594d6ce6cb3cf2c101d09b48ee287ba?s=96&d=mm&r=g\",\"url\":\"https:\\\/\\\/secure.gravatar.com\\\/avatar\\\/4c29ceac98541dd42460b2474aaa5dd37594d6ce6cb3cf2c101d09b48ee287ba?s=96&d=mm&r=g\",\"contentUrl\":\"https:\\\/\\\/secure.gravatar.com\\\/avatar\\\/4c29ceac98541dd42460b2474aaa5dd37594d6ce6cb3cf2c101d09b48ee287ba?s=96&d=mm&r=g\",\"caption\":\"Diario del Sur Digital\"},\"url\":\"https:\\\/\\\/diariodelsurdigital.com.ar\\\/?author=2\"}]}<\/script>\n<!-- \/ Yoast SEO plugin. -->","yoast_head_json":{"title":"Entre R\u00edos tiene la energ\u00eda m\u00e1s cara de la regi\u00f3n Centro - Diario del Sur","robots":{"index":"index","follow":"follow","max-snippet":"max-snippet:-1","max-image-preview":"max-image-preview:large","max-video-preview":"max-video-preview:-1"},"canonical":"https:\/\/diariodelsurdigital.com.ar\/?p=892","og_locale":"es_ES","og_type":"article","og_title":"Entre R\u00edos tiene la energ\u00eda m\u00e1s cara de la regi\u00f3n Centro - Diario del Sur","og_description":"Por Federico Odorisio Las tarifas el\u00e9ctricas en Entre R\u00edos se han convertido en unas de las m\u00e1s altas del pa\u00eds, superando incluso a provincias vecinas como C\u00f3rdoba, Santa Fe, Corrientes y Santiago del Estero. La estructura de costos que sostiene este sistema no solo es desproporcionada respecto de otras jurisdicciones, sino que adem\u00e1s carece de [&hellip;]","og_url":"https:\/\/diariodelsurdigital.com.ar\/?p=892","og_site_name":"Diario del Sur","article_published_time":"2025-02-06T02:12:22+00:00","article_modified_time":"2025-02-06T02:12:23+00:00","og_image":[{"width":451,"height":454,"url":"https:\/\/diariodelsurdigital.com.ar\/wp-content\/uploads\/2025\/02\/Imagen-de-WhatsApp-2025-01-29-a-las-20.47.39_cf341e84.jpg","type":"image\/jpeg"}],"author":"Diario del Sur Digital","twitter_card":"summary_large_image","twitter_misc":{"Escrito por":"Diario del Sur Digital","Tiempo de lectura":"6 minutos"},"schema":{"@context":"https:\/\/schema.org","@graph":[{"@type":"Article","@id":"https:\/\/diariodelsurdigital.com.ar\/?p=892#article","isPartOf":{"@id":"https:\/\/diariodelsurdigital.com.ar\/?p=892"},"author":{"name":"Diario del Sur Digital","@id":"https:\/\/diariodelsurdigital.com.ar\/#\/schema\/person\/6136a32571657f7dba980b88b04c5465"},"headline":"Entre R\u00edos tiene la energ\u00eda m\u00e1s cara de la regi\u00f3n Centro","datePublished":"2025-02-06T02:12:22+00:00","dateModified":"2025-02-06T02:12:23+00:00","mainEntityOfPage":{"@id":"https:\/\/diariodelsurdigital.com.ar\/?p=892"},"wordCount":1110,"commentCount":1,"image":{"@id":"https:\/\/diariodelsurdigital.com.ar\/?p=892#primaryimage"},"thumbnailUrl":"https:\/\/diariodelsurdigital.com.ar\/wp-content\/uploads\/2025\/02\/Imagen-de-WhatsApp-2025-01-29-a-las-20.47.39_cf341e84.jpg","articleSection":["Locales"],"inLanguage":"es","potentialAction":[{"@type":"CommentAction","name":"Comment","target":["https:\/\/diariodelsurdigital.com.ar\/?p=892#respond"]}]},{"@type":"WebPage","@id":"https:\/\/diariodelsurdigital.com.ar\/?p=892","url":"https:\/\/diariodelsurdigital.com.ar\/?p=892","name":"Entre R\u00edos tiene la energ\u00eda m\u00e1s cara de la regi\u00f3n Centro - Diario del Sur","isPartOf":{"@id":"https:\/\/diariodelsurdigital.com.ar\/#website"},"primaryImageOfPage":{"@id":"https:\/\/diariodelsurdigital.com.ar\/?p=892#primaryimage"},"image":{"@id":"https:\/\/diariodelsurdigital.com.ar\/?p=892#primaryimage"},"thumbnailUrl":"https:\/\/diariodelsurdigital.com.ar\/wp-content\/uploads\/2025\/02\/Imagen-de-WhatsApp-2025-01-29-a-las-20.47.39_cf341e84.jpg","datePublished":"2025-02-06T02:12:22+00:00","dateModified":"2025-02-06T02:12:23+00:00","author":{"@id":"https:\/\/diariodelsurdigital.com.ar\/#\/schema\/person\/6136a32571657f7dba980b88b04c5465"},"breadcrumb":{"@id":"https:\/\/diariodelsurdigital.com.ar\/?p=892#breadcrumb"},"inLanguage":"es","potentialAction":[{"@type":"ReadAction","target":["https:\/\/diariodelsurdigital.com.ar\/?p=892"]}]},{"@type":"ImageObject","inLanguage":"es","@id":"https:\/\/diariodelsurdigital.com.ar\/?p=892#primaryimage","url":"https:\/\/diariodelsurdigital.com.ar\/wp-content\/uploads\/2025\/02\/Imagen-de-WhatsApp-2025-01-29-a-las-20.47.39_cf341e84.jpg","contentUrl":"https:\/\/diariodelsurdigital.com.ar\/wp-content\/uploads\/2025\/02\/Imagen-de-WhatsApp-2025-01-29-a-las-20.47.39_cf341e84.jpg","width":451,"height":454},{"@type":"BreadcrumbList","@id":"https:\/\/diariodelsurdigital.com.ar\/?p=892#breadcrumb","itemListElement":[{"@type":"ListItem","position":1,"name":"Portada","item":"https:\/\/diariodelsurdigital.com.ar\/"},{"@type":"ListItem","position":2,"name":"Entre R\u00edos tiene la energ\u00eda m\u00e1s cara de la regi\u00f3n Centro"}]},{"@type":"WebSite","@id":"https:\/\/diariodelsurdigital.com.ar\/#website","url":"https:\/\/diariodelsurdigital.com.ar\/","name":"Diario del Sur","description":"Digital","potentialAction":[{"@type":"SearchAction","target":{"@type":"EntryPoint","urlTemplate":"https:\/\/diariodelsurdigital.com.ar\/?s={search_term_string}"},"query-input":{"@type":"PropertyValueSpecification","valueRequired":true,"valueName":"search_term_string"}}],"inLanguage":"es"},{"@type":"Person","@id":"https:\/\/diariodelsurdigital.com.ar\/#\/schema\/person\/6136a32571657f7dba980b88b04c5465","name":"Diario del Sur Digital","image":{"@type":"ImageObject","inLanguage":"es","@id":"https:\/\/secure.gravatar.com\/avatar\/4c29ceac98541dd42460b2474aaa5dd37594d6ce6cb3cf2c101d09b48ee287ba?s=96&d=mm&r=g","url":"https:\/\/secure.gravatar.com\/avatar\/4c29ceac98541dd42460b2474aaa5dd37594d6ce6cb3cf2c101d09b48ee287ba?s=96&d=mm&r=g","contentUrl":"https:\/\/secure.gravatar.com\/avatar\/4c29ceac98541dd42460b2474aaa5dd37594d6ce6cb3cf2c101d09b48ee287ba?s=96&d=mm&r=g","caption":"Diario del Sur Digital"},"url":"https:\/\/diariodelsurdigital.com.ar\/?author=2"}]}},"_links":{"self":[{"href":"https:\/\/diariodelsurdigital.com.ar\/index.php?rest_route=\/wp\/v2\/posts\/892","targetHints":{"allow":["GET"]}}],"collection":[{"href":"https:\/\/diariodelsurdigital.com.ar\/index.php?rest_route=\/wp\/v2\/posts"}],"about":[{"href":"https:\/\/diariodelsurdigital.com.ar\/index.php?rest_route=\/wp\/v2\/types\/post"}],"author":[{"embeddable":true,"href":"https:\/\/diariodelsurdigital.com.ar\/index.php?rest_route=\/wp\/v2\/users\/2"}],"replies":[{"embeddable":true,"href":"https:\/\/diariodelsurdigital.com.ar\/index.php?rest_route=%2Fwp%2Fv2%2Fcomments&post=892"}],"version-history":[{"count":1,"href":"https:\/\/diariodelsurdigital.com.ar\/index.php?rest_route=\/wp\/v2\/posts\/892\/revisions"}],"predecessor-version":[{"id":894,"href":"https:\/\/diariodelsurdigital.com.ar\/index.php?rest_route=\/wp\/v2\/posts\/892\/revisions\/894"}],"wp:featuredmedia":[{"embeddable":true,"href":"https:\/\/diariodelsurdigital.com.ar\/index.php?rest_route=\/wp\/v2\/media\/893"}],"wp:attachment":[{"href":"https:\/\/diariodelsurdigital.com.ar\/index.php?rest_route=%2Fwp%2Fv2%2Fmedia&parent=892"}],"wp:term":[{"taxonomy":"category","embeddable":true,"href":"https:\/\/diariodelsurdigital.com.ar\/index.php?rest_route=%2Fwp%2Fv2%2Fcategories&post=892"},{"taxonomy":"post_tag","embeddable":true,"href":"https:\/\/diariodelsurdigital.com.ar\/index.php?rest_route=%2Fwp%2Fv2%2Ftags&post=892"}],"curies":[{"name":"wp","href":"https:\/\/api.w.org\/{rel}","templated":true}]}}