{"id":902,"date":"2025-02-06T20:12:09","date_gmt":"2025-02-06T23:12:09","guid":{"rendered":"https:\/\/diariodelsurdigital.com.ar\/?p=902"},"modified":"2025-02-06T20:12:10","modified_gmt":"2025-02-06T23:12:10","slug":"fin-del-patentamiento-en-registro-de-la-propiedad-automotor-la-novedad-que-cambiara-las-ventas-de-los-0km","status":"publish","type":"post","link":"https:\/\/diariodelsurdigital.com.ar\/?p=902","title":{"rendered":"Fin del patentamiento en Registro de la Propiedad Automotor: la novedad que cambiar\u00e1 las ventas de los 0KM"},"content":{"rendered":"\n<p>En otro avance para eliminar los registros automotores, el Gobierno autorizar\u00e1 a que esa operaci\u00f3n se haga directamente donde se compre el veh\u00edculo.<em><\/em><em><\/em><em><\/em><em><\/em><em><\/em><\/p>\n\n\n\n<p>El Gobierno dio otro paso en su intenci\u00f3n de ir eliminando los registros automotores, cuestionados en distintos lugares por manejos irregulares.<br>\u201cHabilitamos la inscripci\u00f3n completamente digital de veh\u00edculos 0km\u201d, anunci\u00f3 el ministro de Justicia, Mariano C\u00faneo Libarona.\u00a0<br>\u201cHac\u00e9s la compra en la concesionaria y autom\u00e1ticamente ten\u00e9s la c\u00e9dula y el t\u00edtulo en la aplicaci\u00f3n Mi Argentina, sin necesidad de ir a un Registro Automotor\u201d, explic\u00f3 el funcionario.<br>En los pr\u00f3ximos diez d\u00edas quedar\u00e1 habilitado el tr\u00e1mite por el cual los compradores de autos cero kil\u00f3metro no deber\u00e1n concurrir a una dependencia del Registro de la Propiedad Automotor para formalizar su adquisici\u00f3n y tramitar el t\u00edtulo de propiedad y la c\u00e9dula verde.<\/p>\n\n\n\n<p><br>El gobierno cre\u00f3 el Registro \u00danico Nacional Automotor (RUNA), a trav\u00e9s del cual se van a centralizar cada vez m\u00e1s tr\u00e1mites relacionados con la compra de autom\u00f3viles, motocicletas y maquinaria agr\u00edcola.\u00a0<br>Inicialmente, s\u00f3lo ser\u00e1 para unidades cero kil\u00f3metro, pero en el futuro funcionar\u00e1 para todas las operaciones tambi\u00e9n de veh\u00edculos usados.<\/p>\n\n\n\n<p><br>La operatoria funcionar\u00e1 de modo tal que el comprador de un auto cero kil\u00f3metro pueda ir a un concesionario oficial de marca nacional o extranjera, comprar el veh\u00edculo que haya elegido en esa empresa en la que ya habr\u00e1 un stock de chapas patente para asignar a cada unidad, y concluir todo el tr\u00e1mite.<br>A partir de la vigencia del nuevo esquema, la compra de un cero kil\u00f3metro permitir\u00e1 que los usuarios se lleven el auto con c\u00e9dula verde, t\u00edtulo y chapas patente colocadas desde la concesionaria.<\/p>\n\n\n\n<p><br>El tr\u00e1mite contin\u00faa con la carga digital de los datos del veh\u00edculo y del comprador en el mismo concesionario, la impresi\u00f3n del formulario para firmar y que de ese modo quede certificada la firma del comprador, lo que autom\u00e1ticamente genera que ese veh\u00edculo quede inscripto en el RUNA.<\/p>\n\n\n\n<p><br>A partir de ese momento se generan digitalmente la C\u00e9dula Verde y el t\u00edtulo de propiedad en la plataforma Mi Argentina. \u00a0Si as\u00ed lo desea, el comprador podr\u00e1 pedir una c\u00e9dula verde en formato f\u00edsico para que llegue a su domicilio.<\/p>\n\n\n\n<p><br>Una vez concluido todo el proceso, el usuario se va del concesioario en su auto 0km con las chapas met\u00e1licas y la documentaci\u00f3n digital.<br>Los concesionarios que podr\u00e1n aplicar inicialmente esta operatoria son los denominados comerciantes habitualistas.\u00a0<\/p>\n\n\n\n<p><br>Entre estos se encuentran los concesionarios oficiales de las terminales de la industria automotoriz argentina y empresas terminales de motoveh\u00edculos autorizados, los representantes y distribuidores oficiales de f\u00e1bricas extranjeras de automotores y motoveh\u00edculos.<\/p>\n\n\n\n<p><br>Tambi\u00e9n los concesionarios de representantes y distibuidores de f\u00e1bricas extranjeras de automotores y motoveh\u00edculos, los importadores habitualistas de automotores y motoveh\u00edculos, y concesionarios oficiales de importadores habitualistas de automotores y motoveh\u00edculos.\u00a0<\/p>\n\n\n\n<p><br>Por el momento, no estar\u00e1n incluidos los comerciantes en la compra y venta de automotores y motoveh\u00edculos, que llegar\u00e1n en una segunda etapa, explicaron desde el Gobierno. <\/p>\n\n\n\n<p>NA<\/p>\n","protected":false},"excerpt":{"rendered":"<p>En otro avance para eliminar los registros automotores, el Gobierno autorizar\u00e1 a que esa operaci\u00f3n se haga directamente donde se compre el veh\u00edculo. El Gobierno dio otro paso en su intenci\u00f3n de ir eliminando los registros automotores, cuestionados en distintos lugares por manejos irregulares.\u201cHabilitamos la inscripci\u00f3n completamente digital de veh\u00edculos 0km\u201d, anunci\u00f3 el ministro de [&hellip;]<\/p>\n","protected":false},"author":2,"featured_media":903,"comment_status":"open","ping_status":"open","sticky":false,"template":"","format":"standard","meta":{"footnotes":""},"categories":[18],"tags":[],"class_list":{"0":"post-902","1":"post","2":"type-post","3":"status-publish","4":"format-standard","5":"has-post-thumbnail","7":"category-nacionales"},"yoast_head":"<!-- This site is optimized with the Yoast SEO plugin v27.4 - https:\/\/yoast.com\/product\/yoast-seo-wordpress\/ -->\n<title>Fin del patentamiento en Registro de la Propiedad Automotor: la novedad que cambiar\u00e1 las ventas de los 0KM - Diario del Sur<\/title>\n<meta name=\"robots\" content=\"index, follow, max-snippet:-1, max-image-preview:large, max-video-preview:-1\" \/>\n<link rel=\"canonical\" href=\"https:\/\/diariodelsurdigital.com.ar\/?p=902\" \/>\n<meta property=\"og:locale\" content=\"es_ES\" \/>\n<meta property=\"og:type\" content=\"article\" \/>\n<meta property=\"og:title\" content=\"Fin del patentamiento en Registro de la Propiedad Automotor: la novedad que cambiar\u00e1 las ventas de los 0KM - Diario del Sur\" \/>\n<meta property=\"og:description\" content=\"En otro avance para eliminar los registros automotores, el Gobierno autorizar\u00e1 a que esa operaci\u00f3n se haga directamente donde se compre el veh\u00edculo. El Gobierno dio otro paso en su intenci\u00f3n de ir eliminando los registros automotores, cuestionados en distintos lugares por manejos irregulares.\u201cHabilitamos la inscripci\u00f3n completamente digital de veh\u00edculos 0km\u201d, anunci\u00f3 el ministro de [&hellip;]\" \/>\n<meta property=\"og:url\" content=\"https:\/\/diariodelsurdigital.com.ar\/?p=902\" \/>\n<meta property=\"og:site_name\" content=\"Diario del Sur\" \/>\n<meta property=\"article:published_time\" content=\"2025-02-06T23:12:09+00:00\" \/>\n<meta property=\"article:modified_time\" content=\"2025-02-06T23:12:10+00:00\" \/>\n<meta property=\"og:image\" content=\"https:\/\/diariodelsurdigital.com.ar\/wp-content\/uploads\/2025\/02\/patentamiento.jpg\" \/>\n\t<meta property=\"og:image:width\" content=\"511\" \/>\n\t<meta property=\"og:image:height\" content=\"324\" \/>\n\t<meta property=\"og:image:type\" content=\"image\/jpeg\" \/>\n<meta name=\"author\" content=\"Diario del Sur Digital\" \/>\n<meta name=\"twitter:card\" content=\"summary_large_image\" \/>\n<meta name=\"twitter:label1\" content=\"Escrito por\" \/>\n\t<meta name=\"twitter:data1\" content=\"Diario del Sur Digital\" \/>\n\t<meta name=\"twitter:label2\" content=\"Tiempo de lectura\" \/>\n\t<meta name=\"twitter:data2\" content=\"3 minutos\" \/>\n<script type=\"application\/ld+json\" class=\"yoast-schema-graph\">{\"@context\":\"https:\\\/\\\/schema.org\",\"@graph\":[{\"@type\":\"Article\",\"@id\":\"https:\\\/\\\/diariodelsurdigital.com.ar\\\/?p=902#article\",\"isPartOf\":{\"@id\":\"https:\\\/\\\/diariodelsurdigital.com.ar\\\/?p=902\"},\"author\":{\"name\":\"Diario del Sur Digital\",\"@id\":\"https:\\\/\\\/diariodelsurdigital.com.ar\\\/#\\\/schema\\\/person\\\/6136a32571657f7dba980b88b04c5465\"},\"headline\":\"Fin del patentamiento en Registro de la Propiedad Automotor: la novedad que cambiar\u00e1 las ventas de los 0KM\",\"datePublished\":\"2025-02-06T23:12:09+00:00\",\"dateModified\":\"2025-02-06T23:12:10+00:00\",\"mainEntityOfPage\":{\"@id\":\"https:\\\/\\\/diariodelsurdigital.com.ar\\\/?p=902\"},\"wordCount\":567,\"commentCount\":0,\"image\":{\"@id\":\"https:\\\/\\\/diariodelsurdigital.com.ar\\\/?p=902#primaryimage\"},\"thumbnailUrl\":\"https:\\\/\\\/diariodelsurdigital.com.ar\\\/wp-content\\\/uploads\\\/2025\\\/02\\\/patentamiento.jpg\",\"articleSection\":[\"Nacionales\"],\"inLanguage\":\"es\",\"potentialAction\":[{\"@type\":\"CommentAction\",\"name\":\"Comment\",\"target\":[\"https:\\\/\\\/diariodelsurdigital.com.ar\\\/?p=902#respond\"]}]},{\"@type\":\"WebPage\",\"@id\":\"https:\\\/\\\/diariodelsurdigital.com.ar\\\/?p=902\",\"url\":\"https:\\\/\\\/diariodelsurdigital.com.ar\\\/?p=902\",\"name\":\"Fin del patentamiento en Registro de la Propiedad Automotor: la novedad que cambiar\u00e1 las ventas de los 0KM - Diario del Sur\",\"isPartOf\":{\"@id\":\"https:\\\/\\\/diariodelsurdigital.com.ar\\\/#website\"},\"primaryImageOfPage\":{\"@id\":\"https:\\\/\\\/diariodelsurdigital.com.ar\\\/?p=902#primaryimage\"},\"image\":{\"@id\":\"https:\\\/\\\/diariodelsurdigital.com.ar\\\/?p=902#primaryimage\"},\"thumbnailUrl\":\"https:\\\/\\\/diariodelsurdigital.com.ar\\\/wp-content\\\/uploads\\\/2025\\\/02\\\/patentamiento.jpg\",\"datePublished\":\"2025-02-06T23:12:09+00:00\",\"dateModified\":\"2025-02-06T23:12:10+00:00\",\"author\":{\"@id\":\"https:\\\/\\\/diariodelsurdigital.com.ar\\\/#\\\/schema\\\/person\\\/6136a32571657f7dba980b88b04c5465\"},\"breadcrumb\":{\"@id\":\"https:\\\/\\\/diariodelsurdigital.com.ar\\\/?p=902#breadcrumb\"},\"inLanguage\":\"es\",\"potentialAction\":[{\"@type\":\"ReadAction\",\"target\":[\"https:\\\/\\\/diariodelsurdigital.com.ar\\\/?p=902\"]}]},{\"@type\":\"ImageObject\",\"inLanguage\":\"es\",\"@id\":\"https:\\\/\\\/diariodelsurdigital.com.ar\\\/?p=902#primaryimage\",\"url\":\"https:\\\/\\\/diariodelsurdigital.com.ar\\\/wp-content\\\/uploads\\\/2025\\\/02\\\/patentamiento.jpg\",\"contentUrl\":\"https:\\\/\\\/diariodelsurdigital.com.ar\\\/wp-content\\\/uploads\\\/2025\\\/02\\\/patentamiento.jpg\",\"width\":511,\"height\":324},{\"@type\":\"BreadcrumbList\",\"@id\":\"https:\\\/\\\/diariodelsurdigital.com.ar\\\/?p=902#breadcrumb\",\"itemListElement\":[{\"@type\":\"ListItem\",\"position\":1,\"name\":\"Portada\",\"item\":\"https:\\\/\\\/diariodelsurdigital.com.ar\\\/\"},{\"@type\":\"ListItem\",\"position\":2,\"name\":\"Fin del patentamiento en Registro de la Propiedad Automotor: la novedad que cambiar\u00e1 las ventas de los 0KM\"}]},{\"@type\":\"WebSite\",\"@id\":\"https:\\\/\\\/diariodelsurdigital.com.ar\\\/#website\",\"url\":\"https:\\\/\\\/diariodelsurdigital.com.ar\\\/\",\"name\":\"Diario del Sur\",\"description\":\"Digital\",\"potentialAction\":[{\"@type\":\"SearchAction\",\"target\":{\"@type\":\"EntryPoint\",\"urlTemplate\":\"https:\\\/\\\/diariodelsurdigital.com.ar\\\/?s={search_term_string}\"},\"query-input\":{\"@type\":\"PropertyValueSpecification\",\"valueRequired\":true,\"valueName\":\"search_term_string\"}}],\"inLanguage\":\"es\"},{\"@type\":\"Person\",\"@id\":\"https:\\\/\\\/diariodelsurdigital.com.ar\\\/#\\\/schema\\\/person\\\/6136a32571657f7dba980b88b04c5465\",\"name\":\"Diario del Sur Digital\",\"image\":{\"@type\":\"ImageObject\",\"inLanguage\":\"es\",\"@id\":\"https:\\\/\\\/secure.gravatar.com\\\/avatar\\\/4c29ceac98541dd42460b2474aaa5dd37594d6ce6cb3cf2c101d09b48ee287ba?s=96&d=mm&r=g\",\"url\":\"https:\\\/\\\/secure.gravatar.com\\\/avatar\\\/4c29ceac98541dd42460b2474aaa5dd37594d6ce6cb3cf2c101d09b48ee287ba?s=96&d=mm&r=g\",\"contentUrl\":\"https:\\\/\\\/secure.gravatar.com\\\/avatar\\\/4c29ceac98541dd42460b2474aaa5dd37594d6ce6cb3cf2c101d09b48ee287ba?s=96&d=mm&r=g\",\"caption\":\"Diario del Sur Digital\"},\"url\":\"https:\\\/\\\/diariodelsurdigital.com.ar\\\/?author=2\"}]}<\/script>\n<!-- \/ Yoast SEO plugin. -->","yoast_head_json":{"title":"Fin del patentamiento en Registro de la Propiedad Automotor: la novedad que cambiar\u00e1 las ventas de los 0KM - Diario del Sur","robots":{"index":"index","follow":"follow","max-snippet":"max-snippet:-1","max-image-preview":"max-image-preview:large","max-video-preview":"max-video-preview:-1"},"canonical":"https:\/\/diariodelsurdigital.com.ar\/?p=902","og_locale":"es_ES","og_type":"article","og_title":"Fin del patentamiento en Registro de la Propiedad Automotor: la novedad que cambiar\u00e1 las ventas de los 0KM - Diario del Sur","og_description":"En otro avance para eliminar los registros automotores, el Gobierno autorizar\u00e1 a que esa operaci\u00f3n se haga directamente donde se compre el veh\u00edculo. El Gobierno dio otro paso en su intenci\u00f3n de ir eliminando los registros automotores, cuestionados en distintos lugares por manejos irregulares.\u201cHabilitamos la inscripci\u00f3n completamente digital de veh\u00edculos 0km\u201d, anunci\u00f3 el ministro de [&hellip;]","og_url":"https:\/\/diariodelsurdigital.com.ar\/?p=902","og_site_name":"Diario del Sur","article_published_time":"2025-02-06T23:12:09+00:00","article_modified_time":"2025-02-06T23:12:10+00:00","og_image":[{"width":511,"height":324,"url":"https:\/\/diariodelsurdigital.com.ar\/wp-content\/uploads\/2025\/02\/patentamiento.jpg","type":"image\/jpeg"}],"author":"Diario del Sur Digital","twitter_card":"summary_large_image","twitter_misc":{"Escrito por":"Diario del Sur Digital","Tiempo de lectura":"3 minutos"},"schema":{"@context":"https:\/\/schema.org","@graph":[{"@type":"Article","@id":"https:\/\/diariodelsurdigital.com.ar\/?p=902#article","isPartOf":{"@id":"https:\/\/diariodelsurdigital.com.ar\/?p=902"},"author":{"name":"Diario del Sur Digital","@id":"https:\/\/diariodelsurdigital.com.ar\/#\/schema\/person\/6136a32571657f7dba980b88b04c5465"},"headline":"Fin del patentamiento en Registro de la Propiedad Automotor: la novedad que cambiar\u00e1 las ventas de los 0KM","datePublished":"2025-02-06T23:12:09+00:00","dateModified":"2025-02-06T23:12:10+00:00","mainEntityOfPage":{"@id":"https:\/\/diariodelsurdigital.com.ar\/?p=902"},"wordCount":567,"commentCount":0,"image":{"@id":"https:\/\/diariodelsurdigital.com.ar\/?p=902#primaryimage"},"thumbnailUrl":"https:\/\/diariodelsurdigital.com.ar\/wp-content\/uploads\/2025\/02\/patentamiento.jpg","articleSection":["Nacionales"],"inLanguage":"es","potentialAction":[{"@type":"CommentAction","name":"Comment","target":["https:\/\/diariodelsurdigital.com.ar\/?p=902#respond"]}]},{"@type":"WebPage","@id":"https:\/\/diariodelsurdigital.com.ar\/?p=902","url":"https:\/\/diariodelsurdigital.com.ar\/?p=902","name":"Fin del patentamiento en Registro de la Propiedad Automotor: la novedad que cambiar\u00e1 las ventas de los 0KM - Diario del Sur","isPartOf":{"@id":"https:\/\/diariodelsurdigital.com.ar\/#website"},"primaryImageOfPage":{"@id":"https:\/\/diariodelsurdigital.com.ar\/?p=902#primaryimage"},"image":{"@id":"https:\/\/diariodelsurdigital.com.ar\/?p=902#primaryimage"},"thumbnailUrl":"https:\/\/diariodelsurdigital.com.ar\/wp-content\/uploads\/2025\/02\/patentamiento.jpg","datePublished":"2025-02-06T23:12:09+00:00","dateModified":"2025-02-06T23:12:10+00:00","author":{"@id":"https:\/\/diariodelsurdigital.com.ar\/#\/schema\/person\/6136a32571657f7dba980b88b04c5465"},"breadcrumb":{"@id":"https:\/\/diariodelsurdigital.com.ar\/?p=902#breadcrumb"},"inLanguage":"es","potentialAction":[{"@type":"ReadAction","target":["https:\/\/diariodelsurdigital.com.ar\/?p=902"]}]},{"@type":"ImageObject","inLanguage":"es","@id":"https:\/\/diariodelsurdigital.com.ar\/?p=902#primaryimage","url":"https:\/\/diariodelsurdigital.com.ar\/wp-content\/uploads\/2025\/02\/patentamiento.jpg","contentUrl":"https:\/\/diariodelsurdigital.com.ar\/wp-content\/uploads\/2025\/02\/patentamiento.jpg","width":511,"height":324},{"@type":"BreadcrumbList","@id":"https:\/\/diariodelsurdigital.com.ar\/?p=902#breadcrumb","itemListElement":[{"@type":"ListItem","position":1,"name":"Portada","item":"https:\/\/diariodelsurdigital.com.ar\/"},{"@type":"ListItem","position":2,"name":"Fin del patentamiento en Registro de la Propiedad Automotor: la novedad que cambiar\u00e1 las ventas de los 0KM"}]},{"@type":"WebSite","@id":"https:\/\/diariodelsurdigital.com.ar\/#website","url":"https:\/\/diariodelsurdigital.com.ar\/","name":"Diario del Sur","description":"Digital","potentialAction":[{"@type":"SearchAction","target":{"@type":"EntryPoint","urlTemplate":"https:\/\/diariodelsurdigital.com.ar\/?s={search_term_string}"},"query-input":{"@type":"PropertyValueSpecification","valueRequired":true,"valueName":"search_term_string"}}],"inLanguage":"es"},{"@type":"Person","@id":"https:\/\/diariodelsurdigital.com.ar\/#\/schema\/person\/6136a32571657f7dba980b88b04c5465","name":"Diario del Sur Digital","image":{"@type":"ImageObject","inLanguage":"es","@id":"https:\/\/secure.gravatar.com\/avatar\/4c29ceac98541dd42460b2474aaa5dd37594d6ce6cb3cf2c101d09b48ee287ba?s=96&d=mm&r=g","url":"https:\/\/secure.gravatar.com\/avatar\/4c29ceac98541dd42460b2474aaa5dd37594d6ce6cb3cf2c101d09b48ee287ba?s=96&d=mm&r=g","contentUrl":"https:\/\/secure.gravatar.com\/avatar\/4c29ceac98541dd42460b2474aaa5dd37594d6ce6cb3cf2c101d09b48ee287ba?s=96&d=mm&r=g","caption":"Diario del Sur Digital"},"url":"https:\/\/diariodelsurdigital.com.ar\/?author=2"}]}},"_links":{"self":[{"href":"https:\/\/diariodelsurdigital.com.ar\/index.php?rest_route=\/wp\/v2\/posts\/902","targetHints":{"allow":["GET"]}}],"collection":[{"href":"https:\/\/diariodelsurdigital.com.ar\/index.php?rest_route=\/wp\/v2\/posts"}],"about":[{"href":"https:\/\/diariodelsurdigital.com.ar\/index.php?rest_route=\/wp\/v2\/types\/post"}],"author":[{"embeddable":true,"href":"https:\/\/diariodelsurdigital.com.ar\/index.php?rest_route=\/wp\/v2\/users\/2"}],"replies":[{"embeddable":true,"href":"https:\/\/diariodelsurdigital.com.ar\/index.php?rest_route=%2Fwp%2Fv2%2Fcomments&post=902"}],"version-history":[{"count":1,"href":"https:\/\/diariodelsurdigital.com.ar\/index.php?rest_route=\/wp\/v2\/posts\/902\/revisions"}],"predecessor-version":[{"id":904,"href":"https:\/\/diariodelsurdigital.com.ar\/index.php?rest_route=\/wp\/v2\/posts\/902\/revisions\/904"}],"wp:featuredmedia":[{"embeddable":true,"href":"https:\/\/diariodelsurdigital.com.ar\/index.php?rest_route=\/wp\/v2\/media\/903"}],"wp:attachment":[{"href":"https:\/\/diariodelsurdigital.com.ar\/index.php?rest_route=%2Fwp%2Fv2%2Fmedia&parent=902"}],"wp:term":[{"taxonomy":"category","embeddable":true,"href":"https:\/\/diariodelsurdigital.com.ar\/index.php?rest_route=%2Fwp%2Fv2%2Fcategories&post=902"},{"taxonomy":"post_tag","embeddable":true,"href":"https:\/\/diariodelsurdigital.com.ar\/index.php?rest_route=%2Fwp%2Fv2%2Ftags&post=902"}],"curies":[{"name":"wp","href":"https:\/\/api.w.org\/{rel}","templated":true}]}}