{"id":905,"date":"2025-02-06T20:18:03","date_gmt":"2025-02-06T23:18:03","guid":{"rendered":"https:\/\/diariodelsurdigital.com.ar\/?p=905"},"modified":"2025-02-06T20:18:03","modified_gmt":"2025-02-06T23:18:03","slug":"media-sancion-para-la-suspension-de-las-paso-como-votaron-los-diputados-entrerrianos","status":"publish","type":"post","link":"https:\/\/diariodelsurdigital.com.ar\/?p=905","title":{"rendered":"Media sanci\u00f3n para la suspensi\u00f3n de las PASO: c\u00f3mo votaron los diputados entrerrianos"},"content":{"rendered":"\n<h1 class=\"wp-block-heading\"> <\/h1>\n\n\n\n<p>El proyecto de ley de Reforma para el Fortalecimiento Electoral, que suspende las elecciones primarias, abiertas, simult\u00e1neas y obligatorias (PASO) previstas para este a\u00f1o, obtuvo media sanci\u00f3n este jueves en la C\u00e1mara de Diputados de la Naci\u00f3n.<\/p>\n\n\n\n<p>De los nueves diputados nacionales entrerrianos, cinco votaron en favor del proyecto impulsado por el Poder Ejecutivo y cuatro lo hicieron en contra.<\/p>\n\n\n\n<p>Votaron por suspender las PASO los diputados radicales Marcela Antola y Atilio Benedetti. Tambi\u00e9n Nancy Vallejos, del PRO, y Francisco Morchio, del bloque que conduce Miguel Pichetto. Los cuatro est\u00e1n alineados con el gobierno de Rogelio Frigerio. En el mismo sentido se expres\u00f3 Beltr\u00e1n Benedit, de La Libertad Avanza (LLA).<\/p>\n\n\n\n<p>Por su parte, en contra de la suspensi\u00f3n de las elecciones primarias votaron Gustavo Bordet, Carolina Gaillard, Blanca Osuna y Tom\u00e1s Ledesma.<\/p>\n\n\n\n<p>Fuente: An\u00e1lisis Digital<\/p>\n","protected":false},"excerpt":{"rendered":"<p>El proyecto de ley de Reforma para el Fortalecimiento Electoral, que suspende las elecciones primarias, abiertas, simult\u00e1neas y obligatorias (PASO) previstas para este a\u00f1o, obtuvo media sanci\u00f3n este jueves en la C\u00e1mara de Diputados de la Naci\u00f3n. De los nueves diputados nacionales entrerrianos, cinco votaron en favor del proyecto impulsado por el Poder Ejecutivo y [&hellip;]<\/p>\n","protected":false},"author":2,"featured_media":906,"comment_status":"open","ping_status":"open","sticky":false,"template":"","format":"standard","meta":{"footnotes":""},"categories":[1],"tags":[],"class_list":{"0":"post-905","1":"post","2":"type-post","3":"status-publish","4":"format-standard","5":"has-post-thumbnail","7":"category-uncategorized"},"yoast_head":"<!-- This site is optimized with the Yoast SEO plugin v27.4 - https:\/\/yoast.com\/product\/yoast-seo-wordpress\/ -->\n<title>Media sanci\u00f3n para la suspensi\u00f3n de las PASO: c\u00f3mo votaron los diputados entrerrianos - Diario del Sur<\/title>\n<meta name=\"robots\" content=\"index, follow, max-snippet:-1, max-image-preview:large, max-video-preview:-1\" \/>\n<link rel=\"canonical\" href=\"https:\/\/diariodelsurdigital.com.ar\/?p=905\" \/>\n<meta property=\"og:locale\" content=\"es_ES\" \/>\n<meta property=\"og:type\" content=\"article\" \/>\n<meta property=\"og:title\" content=\"Media sanci\u00f3n para la suspensi\u00f3n de las PASO: c\u00f3mo votaron los diputados entrerrianos - Diario del Sur\" \/>\n<meta property=\"og:description\" content=\"El proyecto de ley de Reforma para el Fortalecimiento Electoral, que suspende las elecciones primarias, abiertas, simult\u00e1neas y obligatorias (PASO) previstas para este a\u00f1o, obtuvo media sanci\u00f3n este jueves en la C\u00e1mara de Diputados de la Naci\u00f3n. De los nueves diputados nacionales entrerrianos, cinco votaron en favor del proyecto impulsado por el Poder Ejecutivo y [&hellip;]\" \/>\n<meta property=\"og:url\" content=\"https:\/\/diariodelsurdigital.com.ar\/?p=905\" \/>\n<meta property=\"og:site_name\" content=\"Diario del Sur\" \/>\n<meta property=\"article:published_time\" content=\"2025-02-06T23:18:03+00:00\" \/>\n<meta property=\"og:image\" content=\"https:\/\/diariodelsurdigital.com.ar\/wp-content\/uploads\/2025\/02\/captura_de_pantalla_2025-02-06_a_las_18.55.34.png\" \/>\n\t<meta property=\"og:image:width\" content=\"465\" \/>\n\t<meta property=\"og:image:height\" content=\"308\" \/>\n\t<meta property=\"og:image:type\" content=\"image\/png\" \/>\n<meta name=\"author\" content=\"Diario del Sur Digital\" \/>\n<meta name=\"twitter:card\" content=\"summary_large_image\" \/>\n<meta name=\"twitter:label1\" content=\"Escrito por\" \/>\n\t<meta name=\"twitter:data1\" content=\"Diario del Sur Digital\" \/>\n\t<meta name=\"twitter:label2\" content=\"Tiempo de lectura\" \/>\n\t<meta name=\"twitter:data2\" content=\"1 minuto\" \/>\n<script type=\"application\/ld+json\" class=\"yoast-schema-graph\">{\"@context\":\"https:\\\/\\\/schema.org\",\"@graph\":[{\"@type\":\"Article\",\"@id\":\"https:\\\/\\\/diariodelsurdigital.com.ar\\\/?p=905#article\",\"isPartOf\":{\"@id\":\"https:\\\/\\\/diariodelsurdigital.com.ar\\\/?p=905\"},\"author\":{\"name\":\"Diario del Sur Digital\",\"@id\":\"https:\\\/\\\/diariodelsurdigital.com.ar\\\/#\\\/schema\\\/person\\\/6136a32571657f7dba980b88b04c5465\"},\"headline\":\"Media sanci\u00f3n para la suspensi\u00f3n de las PASO: c\u00f3mo votaron los diputados entrerrianos\",\"datePublished\":\"2025-02-06T23:18:03+00:00\",\"mainEntityOfPage\":{\"@id\":\"https:\\\/\\\/diariodelsurdigital.com.ar\\\/?p=905\"},\"wordCount\":162,\"commentCount\":0,\"image\":{\"@id\":\"https:\\\/\\\/diariodelsurdigital.com.ar\\\/?p=905#primaryimage\"},\"thumbnailUrl\":\"https:\\\/\\\/diariodelsurdigital.com.ar\\\/wp-content\\\/uploads\\\/2025\\\/02\\\/captura_de_pantalla_2025-02-06_a_las_18.55.34.png\",\"articleSection\":[\"Uncategorized\"],\"inLanguage\":\"es\",\"potentialAction\":[{\"@type\":\"CommentAction\",\"name\":\"Comment\",\"target\":[\"https:\\\/\\\/diariodelsurdigital.com.ar\\\/?p=905#respond\"]}]},{\"@type\":\"WebPage\",\"@id\":\"https:\\\/\\\/diariodelsurdigital.com.ar\\\/?p=905\",\"url\":\"https:\\\/\\\/diariodelsurdigital.com.ar\\\/?p=905\",\"name\":\"Media sanci\u00f3n para la suspensi\u00f3n de las PASO: c\u00f3mo votaron los diputados entrerrianos - Diario del Sur\",\"isPartOf\":{\"@id\":\"https:\\\/\\\/diariodelsurdigital.com.ar\\\/#website\"},\"primaryImageOfPage\":{\"@id\":\"https:\\\/\\\/diariodelsurdigital.com.ar\\\/?p=905#primaryimage\"},\"image\":{\"@id\":\"https:\\\/\\\/diariodelsurdigital.com.ar\\\/?p=905#primaryimage\"},\"thumbnailUrl\":\"https:\\\/\\\/diariodelsurdigital.com.ar\\\/wp-content\\\/uploads\\\/2025\\\/02\\\/captura_de_pantalla_2025-02-06_a_las_18.55.34.png\",\"datePublished\":\"2025-02-06T23:18:03+00:00\",\"author\":{\"@id\":\"https:\\\/\\\/diariodelsurdigital.com.ar\\\/#\\\/schema\\\/person\\\/6136a32571657f7dba980b88b04c5465\"},\"breadcrumb\":{\"@id\":\"https:\\\/\\\/diariodelsurdigital.com.ar\\\/?p=905#breadcrumb\"},\"inLanguage\":\"es\",\"potentialAction\":[{\"@type\":\"ReadAction\",\"target\":[\"https:\\\/\\\/diariodelsurdigital.com.ar\\\/?p=905\"]}]},{\"@type\":\"ImageObject\",\"inLanguage\":\"es\",\"@id\":\"https:\\\/\\\/diariodelsurdigital.com.ar\\\/?p=905#primaryimage\",\"url\":\"https:\\\/\\\/diariodelsurdigital.com.ar\\\/wp-content\\\/uploads\\\/2025\\\/02\\\/captura_de_pantalla_2025-02-06_a_las_18.55.34.png\",\"contentUrl\":\"https:\\\/\\\/diariodelsurdigital.com.ar\\\/wp-content\\\/uploads\\\/2025\\\/02\\\/captura_de_pantalla_2025-02-06_a_las_18.55.34.png\",\"width\":465,\"height\":308},{\"@type\":\"BreadcrumbList\",\"@id\":\"https:\\\/\\\/diariodelsurdigital.com.ar\\\/?p=905#breadcrumb\",\"itemListElement\":[{\"@type\":\"ListItem\",\"position\":1,\"name\":\"Portada\",\"item\":\"https:\\\/\\\/diariodelsurdigital.com.ar\\\/\"},{\"@type\":\"ListItem\",\"position\":2,\"name\":\"Media sanci\u00f3n para la suspensi\u00f3n de las PASO: c\u00f3mo votaron los diputados entrerrianos\"}]},{\"@type\":\"WebSite\",\"@id\":\"https:\\\/\\\/diariodelsurdigital.com.ar\\\/#website\",\"url\":\"https:\\\/\\\/diariodelsurdigital.com.ar\\\/\",\"name\":\"Diario del Sur\",\"description\":\"Digital\",\"potentialAction\":[{\"@type\":\"SearchAction\",\"target\":{\"@type\":\"EntryPoint\",\"urlTemplate\":\"https:\\\/\\\/diariodelsurdigital.com.ar\\\/?s={search_term_string}\"},\"query-input\":{\"@type\":\"PropertyValueSpecification\",\"valueRequired\":true,\"valueName\":\"search_term_string\"}}],\"inLanguage\":\"es\"},{\"@type\":\"Person\",\"@id\":\"https:\\\/\\\/diariodelsurdigital.com.ar\\\/#\\\/schema\\\/person\\\/6136a32571657f7dba980b88b04c5465\",\"name\":\"Diario del Sur Digital\",\"image\":{\"@type\":\"ImageObject\",\"inLanguage\":\"es\",\"@id\":\"https:\\\/\\\/secure.gravatar.com\\\/avatar\\\/4c29ceac98541dd42460b2474aaa5dd37594d6ce6cb3cf2c101d09b48ee287ba?s=96&d=mm&r=g\",\"url\":\"https:\\\/\\\/secure.gravatar.com\\\/avatar\\\/4c29ceac98541dd42460b2474aaa5dd37594d6ce6cb3cf2c101d09b48ee287ba?s=96&d=mm&r=g\",\"contentUrl\":\"https:\\\/\\\/secure.gravatar.com\\\/avatar\\\/4c29ceac98541dd42460b2474aaa5dd37594d6ce6cb3cf2c101d09b48ee287ba?s=96&d=mm&r=g\",\"caption\":\"Diario del Sur Digital\"},\"url\":\"https:\\\/\\\/diariodelsurdigital.com.ar\\\/?author=2\"}]}<\/script>\n<!-- \/ Yoast SEO plugin. -->","yoast_head_json":{"title":"Media sanci\u00f3n para la suspensi\u00f3n de las PASO: c\u00f3mo votaron los diputados entrerrianos - Diario del Sur","robots":{"index":"index","follow":"follow","max-snippet":"max-snippet:-1","max-image-preview":"max-image-preview:large","max-video-preview":"max-video-preview:-1"},"canonical":"https:\/\/diariodelsurdigital.com.ar\/?p=905","og_locale":"es_ES","og_type":"article","og_title":"Media sanci\u00f3n para la suspensi\u00f3n de las PASO: c\u00f3mo votaron los diputados entrerrianos - Diario del Sur","og_description":"El proyecto de ley de Reforma para el Fortalecimiento Electoral, que suspende las elecciones primarias, abiertas, simult\u00e1neas y obligatorias (PASO) previstas para este a\u00f1o, obtuvo media sanci\u00f3n este jueves en la C\u00e1mara de Diputados de la Naci\u00f3n. De los nueves diputados nacionales entrerrianos, cinco votaron en favor del proyecto impulsado por el Poder Ejecutivo y [&hellip;]","og_url":"https:\/\/diariodelsurdigital.com.ar\/?p=905","og_site_name":"Diario del Sur","article_published_time":"2025-02-06T23:18:03+00:00","og_image":[{"width":465,"height":308,"url":"https:\/\/diariodelsurdigital.com.ar\/wp-content\/uploads\/2025\/02\/captura_de_pantalla_2025-02-06_a_las_18.55.34.png","type":"image\/png"}],"author":"Diario del Sur Digital","twitter_card":"summary_large_image","twitter_misc":{"Escrito por":"Diario del Sur Digital","Tiempo de lectura":"1 minuto"},"schema":{"@context":"https:\/\/schema.org","@graph":[{"@type":"Article","@id":"https:\/\/diariodelsurdigital.com.ar\/?p=905#article","isPartOf":{"@id":"https:\/\/diariodelsurdigital.com.ar\/?p=905"},"author":{"name":"Diario del Sur Digital","@id":"https:\/\/diariodelsurdigital.com.ar\/#\/schema\/person\/6136a32571657f7dba980b88b04c5465"},"headline":"Media sanci\u00f3n para la suspensi\u00f3n de las PASO: c\u00f3mo votaron los diputados entrerrianos","datePublished":"2025-02-06T23:18:03+00:00","mainEntityOfPage":{"@id":"https:\/\/diariodelsurdigital.com.ar\/?p=905"},"wordCount":162,"commentCount":0,"image":{"@id":"https:\/\/diariodelsurdigital.com.ar\/?p=905#primaryimage"},"thumbnailUrl":"https:\/\/diariodelsurdigital.com.ar\/wp-content\/uploads\/2025\/02\/captura_de_pantalla_2025-02-06_a_las_18.55.34.png","articleSection":["Uncategorized"],"inLanguage":"es","potentialAction":[{"@type":"CommentAction","name":"Comment","target":["https:\/\/diariodelsurdigital.com.ar\/?p=905#respond"]}]},{"@type":"WebPage","@id":"https:\/\/diariodelsurdigital.com.ar\/?p=905","url":"https:\/\/diariodelsurdigital.com.ar\/?p=905","name":"Media sanci\u00f3n para la suspensi\u00f3n de las PASO: c\u00f3mo votaron los diputados entrerrianos - Diario del Sur","isPartOf":{"@id":"https:\/\/diariodelsurdigital.com.ar\/#website"},"primaryImageOfPage":{"@id":"https:\/\/diariodelsurdigital.com.ar\/?p=905#primaryimage"},"image":{"@id":"https:\/\/diariodelsurdigital.com.ar\/?p=905#primaryimage"},"thumbnailUrl":"https:\/\/diariodelsurdigital.com.ar\/wp-content\/uploads\/2025\/02\/captura_de_pantalla_2025-02-06_a_las_18.55.34.png","datePublished":"2025-02-06T23:18:03+00:00","author":{"@id":"https:\/\/diariodelsurdigital.com.ar\/#\/schema\/person\/6136a32571657f7dba980b88b04c5465"},"breadcrumb":{"@id":"https:\/\/diariodelsurdigital.com.ar\/?p=905#breadcrumb"},"inLanguage":"es","potentialAction":[{"@type":"ReadAction","target":["https:\/\/diariodelsurdigital.com.ar\/?p=905"]}]},{"@type":"ImageObject","inLanguage":"es","@id":"https:\/\/diariodelsurdigital.com.ar\/?p=905#primaryimage","url":"https:\/\/diariodelsurdigital.com.ar\/wp-content\/uploads\/2025\/02\/captura_de_pantalla_2025-02-06_a_las_18.55.34.png","contentUrl":"https:\/\/diariodelsurdigital.com.ar\/wp-content\/uploads\/2025\/02\/captura_de_pantalla_2025-02-06_a_las_18.55.34.png","width":465,"height":308},{"@type":"BreadcrumbList","@id":"https:\/\/diariodelsurdigital.com.ar\/?p=905#breadcrumb","itemListElement":[{"@type":"ListItem","position":1,"name":"Portada","item":"https:\/\/diariodelsurdigital.com.ar\/"},{"@type":"ListItem","position":2,"name":"Media sanci\u00f3n para la suspensi\u00f3n de las PASO: c\u00f3mo votaron los diputados entrerrianos"}]},{"@type":"WebSite","@id":"https:\/\/diariodelsurdigital.com.ar\/#website","url":"https:\/\/diariodelsurdigital.com.ar\/","name":"Diario del Sur","description":"Digital","potentialAction":[{"@type":"SearchAction","target":{"@type":"EntryPoint","urlTemplate":"https:\/\/diariodelsurdigital.com.ar\/?s={search_term_string}"},"query-input":{"@type":"PropertyValueSpecification","valueRequired":true,"valueName":"search_term_string"}}],"inLanguage":"es"},{"@type":"Person","@id":"https:\/\/diariodelsurdigital.com.ar\/#\/schema\/person\/6136a32571657f7dba980b88b04c5465","name":"Diario del Sur Digital","image":{"@type":"ImageObject","inLanguage":"es","@id":"https:\/\/secure.gravatar.com\/avatar\/4c29ceac98541dd42460b2474aaa5dd37594d6ce6cb3cf2c101d09b48ee287ba?s=96&d=mm&r=g","url":"https:\/\/secure.gravatar.com\/avatar\/4c29ceac98541dd42460b2474aaa5dd37594d6ce6cb3cf2c101d09b48ee287ba?s=96&d=mm&r=g","contentUrl":"https:\/\/secure.gravatar.com\/avatar\/4c29ceac98541dd42460b2474aaa5dd37594d6ce6cb3cf2c101d09b48ee287ba?s=96&d=mm&r=g","caption":"Diario del Sur Digital"},"url":"https:\/\/diariodelsurdigital.com.ar\/?author=2"}]}},"_links":{"self":[{"href":"https:\/\/diariodelsurdigital.com.ar\/index.php?rest_route=\/wp\/v2\/posts\/905","targetHints":{"allow":["GET"]}}],"collection":[{"href":"https:\/\/diariodelsurdigital.com.ar\/index.php?rest_route=\/wp\/v2\/posts"}],"about":[{"href":"https:\/\/diariodelsurdigital.com.ar\/index.php?rest_route=\/wp\/v2\/types\/post"}],"author":[{"embeddable":true,"href":"https:\/\/diariodelsurdigital.com.ar\/index.php?rest_route=\/wp\/v2\/users\/2"}],"replies":[{"embeddable":true,"href":"https:\/\/diariodelsurdigital.com.ar\/index.php?rest_route=%2Fwp%2Fv2%2Fcomments&post=905"}],"version-history":[{"count":1,"href":"https:\/\/diariodelsurdigital.com.ar\/index.php?rest_route=\/wp\/v2\/posts\/905\/revisions"}],"predecessor-version":[{"id":907,"href":"https:\/\/diariodelsurdigital.com.ar\/index.php?rest_route=\/wp\/v2\/posts\/905\/revisions\/907"}],"wp:featuredmedia":[{"embeddable":true,"href":"https:\/\/diariodelsurdigital.com.ar\/index.php?rest_route=\/wp\/v2\/media\/906"}],"wp:attachment":[{"href":"https:\/\/diariodelsurdigital.com.ar\/index.php?rest_route=%2Fwp%2Fv2%2Fmedia&parent=905"}],"wp:term":[{"taxonomy":"category","embeddable":true,"href":"https:\/\/diariodelsurdigital.com.ar\/index.php?rest_route=%2Fwp%2Fv2%2Fcategories&post=905"},{"taxonomy":"post_tag","embeddable":true,"href":"https:\/\/diariodelsurdigital.com.ar\/index.php?rest_route=%2Fwp%2Fv2%2Ftags&post=905"}],"curies":[{"name":"wp","href":"https:\/\/api.w.org\/{rel}","templated":true}]}}