{"id":915,"date":"2025-02-07T15:16:45","date_gmt":"2025-02-07T18:16:45","guid":{"rendered":"https:\/\/diariodelsurdigital.com.ar\/?p=915"},"modified":"2025-02-07T15:16:45","modified_gmt":"2025-02-07T18:16:45","slug":"el-enero-de-2025-fue-el-mas-calido-de-la-historia","status":"publish","type":"post","link":"https:\/\/diariodelsurdigital.com.ar\/?p=915","title":{"rendered":"El enero de 2025 fue el m\u00e1s c\u00e1lido de la historia"},"content":{"rendered":"\n<p>Las temperaturas del aire y de los oc\u00e9anos no ceden y llegaron al punto m\u00e1ximo en el primer mes de este 2025. El fen\u00f3meno de La Ni\u00f1a no enfr\u00eda y la preocupaci\u00f3n por el cambio clim\u00e1tico crece.<\/p>\n\n\n\n<p>El mes de enero de 2025 fue catalogado como el enero m\u00e1s caluroso hasta ahora en la Tierra, seg\u00fan el observatorio europeo Copernicus. El primer mes de este a\u00f1o tuvo una temperatura media de 1,75\u00ba C mayor a la \u00e9poca preindustrial.<\/p>\n\n\n\n<p>El enfriamiento que trae el fen\u00f3meno clim\u00e1tico de La Ni\u00f1a no fue suficiente para que el calentamiento global no marcara un nuevo hito. Este aumento, de forma previsible, coincide con una suba en la cantidad de emisiones de gases de efecto invernadero producidas por la humanidad.<\/p>\n\n\n\n<p>Sin embargo, el resultado arrojado no fue tan previsible. El mes de enero de 2024 tambi\u00e9n hab\u00eda sido considerado el m\u00e1s caluroso entre los meses iniciales de cada a\u00f1o, pero ten\u00eda su explicaci\u00f3n en El Ni\u00f1o. Este otro evento climatol\u00f3gico genera un crecimiento en los valores de la temperatura, por lo que el a\u00f1o pasado ten\u00eda cierta explicaci\u00f3n l\u00f3gica que as\u00ed fuera, a contramano de lo que ocurre actualmente ya que La Ni\u00f1a implica lo opuesto.<\/p>\n\n\n\n<p>Debido a que las altas temperaturas alcanzaron o rozaron los niveles r\u00e9cord desde la \u00faltima aparici\u00f3n del fen\u00f3meno de El Ni\u00f1o, los cient\u00edficos debaten sobre cu\u00e1les son los factores que sostienen a las altas temperaturas.<\/p>\n\n\n\n<p>Julien Nicolas, cient\u00edfico de Copernicus, adjetiv\u00f3 la situaci\u00f3n como \u00absorprendente\u00bb, y se explay\u00f3: \u00abNo se est\u00e1 viendo este efecto de enfriamiento, o al menos un freno temporal, en la temperatura global que esper\u00e1bamos ver\u00bb.<\/p>\n\n\n\n<p>Los datos de la actualidad llevan a teorizar que La Ni\u00f1a en este momento ser\u00e1 un evento breve y d\u00e9bil. Desde Copernicus, en base a las temperaturas del Oc\u00e9ano Pac\u00edfico ecuatorial, estiman \u00abuna desaceleraci\u00f3n o estancamiento de la transici\u00f3n hacia La Ni\u00f1a\u00bb, cuyos efectos podr\u00edan perderse en marzo.<\/p>\n\n\n\n<p><strong>La temperatura de los oc\u00e9anos<\/strong><\/p>\n\n\n\n<p>Seg\u00fan el mismo observatorio, durante los a\u00f1os 2023 y 2024 las temperaturas globales de los oc\u00e9anos tambi\u00e9n crecieron en 1,5\u00ba C por primera vez en la historia, justo al l\u00edmite de lo que propone el Acuerdo de Par\u00eds. Este dato funciona como evidencia de lo mucho que costar\u00e1 cumplir con los par\u00e1metros de este convenio. En esta \u00e1rea, seg\u00fan los cient\u00edficos clim\u00e1ticos, cada fracci\u00f3n de grado en que los oc\u00e9anos aumenten su temperatura provocar\u00e1 m\u00e1s intensidad y frecuencia en fen\u00f3menos clim\u00e1ticos extremos, como pueden ser las olas de calor, las lluvias intensas o las sequ\u00edas.<\/p>\n\n\n\n<p>A su vez, esto repercute en el hielo marino del \u00c1rtico, que en este \u00faltimo enero alcanz\u00f3 un m\u00ednimo r\u00e9cord mensual, pr\u00e1cticamente igualado al 2018. La predicci\u00f3n sobre este 2025 es que ser\u00e1 el tercer a\u00f1o m\u00e1s caluroso de la historia, pero continuar\u00e1n los estudios sobre las temperaturas de estos cuerpos de agua para proyectar c\u00f3mo ser\u00e1 el clima pr\u00f3ximamente.<\/p>\n\n\n\n<p>La importancia de los oc\u00e9anos en la lucha contra el cambio clim\u00e1tico es que regulan la temperatura en general. Mientras m\u00e1s fr\u00edos est\u00e9n, m\u00e1s pueden absorber el calor de la atm\u00f3sfera, lo que ayuda a bajar la temperatura del aire. Los dos tercios del planeta son masas de agua y retienen el 90% del calor generado por los gases de efecto invernadero.<\/p>\n\n\n\n<p>Seg\u00fan Julien Nicola, es \u00abdesconcertante\u00bb el hecho de que \u00abpermanecen tan c\u00e1lidas\u00bb las masas de agua, ya que las temperaturas del oc\u00e9ano durante el \u00faltimo enero fueron las segundas m\u00e1s altas de todas las registradas. En la misma l\u00ednea, Bill McGuire, climat\u00f3logo del University College London, asegur\u00f3 que este momento del cambio clim\u00e1tico es \u00abasombroso y francamente aterrador\u00bb, sobre todo por el nulo efecto que tuvo La Ni\u00f1a, public\u00f3 P\u00e1gina 12.<\/p>\n\n\n\n<p>En la otra vereda, Joel Hirschi, representante del Centro Nacional de Oceanograf\u00eda del Reino Unido, prefiri\u00f3 ser optimista y tomarse los datos de enero con cautela: \u00abLas temperaturas globales de la superficie del mar son un poco m\u00e1s bajas que en 2024 y probablemente se mantendr\u00e1n m\u00e1s bajas a medida que avancemos m\u00e1s en 2025\u00bb.<\/p>\n","protected":false},"excerpt":{"rendered":"<p>Las temperaturas del aire y de los oc\u00e9anos no ceden y llegaron al punto m\u00e1ximo en el primer mes de este 2025. El fen\u00f3meno de La Ni\u00f1a no enfr\u00eda y la preocupaci\u00f3n por el cambio clim\u00e1tico crece. El mes de enero de 2025 fue catalogado como el enero m\u00e1s caluroso hasta ahora en la Tierra, [&hellip;]<\/p>\n","protected":false},"author":4,"featured_media":916,"comment_status":"open","ping_status":"open","sticky":false,"template":"","format":"standard","meta":{"footnotes":""},"categories":[19],"tags":[],"class_list":{"0":"post-915","1":"post","2":"type-post","3":"status-publish","4":"format-standard","5":"has-post-thumbnail","7":"category-interes-general"},"yoast_head":"<!-- This site is optimized with the Yoast SEO plugin v27.4 - https:\/\/yoast.com\/product\/yoast-seo-wordpress\/ -->\n<title>El enero de 2025 fue el m\u00e1s c\u00e1lido de la historia - Diario del Sur<\/title>\n<meta name=\"robots\" content=\"index, follow, max-snippet:-1, max-image-preview:large, max-video-preview:-1\" \/>\n<link rel=\"canonical\" href=\"https:\/\/diariodelsurdigital.com.ar\/?p=915\" \/>\n<meta property=\"og:locale\" content=\"es_ES\" \/>\n<meta property=\"og:type\" content=\"article\" \/>\n<meta property=\"og:title\" content=\"El enero de 2025 fue el m\u00e1s c\u00e1lido de la historia - Diario del Sur\" \/>\n<meta property=\"og:description\" content=\"Las temperaturas del aire y de los oc\u00e9anos no ceden y llegaron al punto m\u00e1ximo en el primer mes de este 2025. El fen\u00f3meno de La Ni\u00f1a no enfr\u00eda y la preocupaci\u00f3n por el cambio clim\u00e1tico crece. El mes de enero de 2025 fue catalogado como el enero m\u00e1s caluroso hasta ahora en la Tierra, [&hellip;]\" \/>\n<meta property=\"og:url\" content=\"https:\/\/diariodelsurdigital.com.ar\/?p=915\" \/>\n<meta property=\"og:site_name\" content=\"Diario del Sur\" \/>\n<meta property=\"article:published_time\" content=\"2025-02-07T18:16:45+00:00\" \/>\n<meta property=\"og:image\" content=\"https:\/\/diariodelsurdigital.com.ar\/wp-content\/uploads\/2025\/02\/md-2025-02-07T151013.036.webp\" \/>\n\t<meta property=\"og:image:width\" content=\"992\" \/>\n\t<meta property=\"og:image:height\" content=\"661\" \/>\n\t<meta property=\"og:image:type\" content=\"image\/webp\" \/>\n<meta name=\"author\" content=\"Diario del Sur Digital\" \/>\n<meta name=\"twitter:card\" content=\"summary_large_image\" \/>\n<meta name=\"twitter:label1\" content=\"Escrito por\" \/>\n\t<meta name=\"twitter:data1\" content=\"Diario del Sur Digital\" \/>\n\t<meta name=\"twitter:label2\" content=\"Tiempo de lectura\" \/>\n\t<meta name=\"twitter:data2\" content=\"4 minutos\" \/>\n<script type=\"application\/ld+json\" class=\"yoast-schema-graph\">{\"@context\":\"https:\\\/\\\/schema.org\",\"@graph\":[{\"@type\":\"Article\",\"@id\":\"https:\\\/\\\/diariodelsurdigital.com.ar\\\/?p=915#article\",\"isPartOf\":{\"@id\":\"https:\\\/\\\/diariodelsurdigital.com.ar\\\/?p=915\"},\"author\":{\"name\":\"Diario del Sur Digital\",\"@id\":\"https:\\\/\\\/diariodelsurdigital.com.ar\\\/#\\\/schema\\\/person\\\/1a4992532ed62965c968031b49195c81\"},\"headline\":\"El enero de 2025 fue el m\u00e1s c\u00e1lido de la historia\",\"datePublished\":\"2025-02-07T18:16:45+00:00\",\"mainEntityOfPage\":{\"@id\":\"https:\\\/\\\/diariodelsurdigital.com.ar\\\/?p=915\"},\"wordCount\":754,\"commentCount\":0,\"image\":{\"@id\":\"https:\\\/\\\/diariodelsurdigital.com.ar\\\/?p=915#primaryimage\"},\"thumbnailUrl\":\"https:\\\/\\\/diariodelsurdigital.com.ar\\\/wp-content\\\/uploads\\\/2025\\\/02\\\/md-2025-02-07T151013.036.webp\",\"articleSection\":[\"Inter\u00e9s General\"],\"inLanguage\":\"es\",\"potentialAction\":[{\"@type\":\"CommentAction\",\"name\":\"Comment\",\"target\":[\"https:\\\/\\\/diariodelsurdigital.com.ar\\\/?p=915#respond\"]}]},{\"@type\":\"WebPage\",\"@id\":\"https:\\\/\\\/diariodelsurdigital.com.ar\\\/?p=915\",\"url\":\"https:\\\/\\\/diariodelsurdigital.com.ar\\\/?p=915\",\"name\":\"El enero de 2025 fue el m\u00e1s c\u00e1lido de la historia - Diario del Sur\",\"isPartOf\":{\"@id\":\"https:\\\/\\\/diariodelsurdigital.com.ar\\\/#website\"},\"primaryImageOfPage\":{\"@id\":\"https:\\\/\\\/diariodelsurdigital.com.ar\\\/?p=915#primaryimage\"},\"image\":{\"@id\":\"https:\\\/\\\/diariodelsurdigital.com.ar\\\/?p=915#primaryimage\"},\"thumbnailUrl\":\"https:\\\/\\\/diariodelsurdigital.com.ar\\\/wp-content\\\/uploads\\\/2025\\\/02\\\/md-2025-02-07T151013.036.webp\",\"datePublished\":\"2025-02-07T18:16:45+00:00\",\"author\":{\"@id\":\"https:\\\/\\\/diariodelsurdigital.com.ar\\\/#\\\/schema\\\/person\\\/1a4992532ed62965c968031b49195c81\"},\"breadcrumb\":{\"@id\":\"https:\\\/\\\/diariodelsurdigital.com.ar\\\/?p=915#breadcrumb\"},\"inLanguage\":\"es\",\"potentialAction\":[{\"@type\":\"ReadAction\",\"target\":[\"https:\\\/\\\/diariodelsurdigital.com.ar\\\/?p=915\"]}]},{\"@type\":\"ImageObject\",\"inLanguage\":\"es\",\"@id\":\"https:\\\/\\\/diariodelsurdigital.com.ar\\\/?p=915#primaryimage\",\"url\":\"https:\\\/\\\/diariodelsurdigital.com.ar\\\/wp-content\\\/uploads\\\/2025\\\/02\\\/md-2025-02-07T151013.036.webp\",\"contentUrl\":\"https:\\\/\\\/diariodelsurdigital.com.ar\\\/wp-content\\\/uploads\\\/2025\\\/02\\\/md-2025-02-07T151013.036.webp\",\"width\":992,\"height\":661},{\"@type\":\"BreadcrumbList\",\"@id\":\"https:\\\/\\\/diariodelsurdigital.com.ar\\\/?p=915#breadcrumb\",\"itemListElement\":[{\"@type\":\"ListItem\",\"position\":1,\"name\":\"Portada\",\"item\":\"https:\\\/\\\/diariodelsurdigital.com.ar\\\/\"},{\"@type\":\"ListItem\",\"position\":2,\"name\":\"El enero de 2025 fue el m\u00e1s c\u00e1lido de la historia\"}]},{\"@type\":\"WebSite\",\"@id\":\"https:\\\/\\\/diariodelsurdigital.com.ar\\\/#website\",\"url\":\"https:\\\/\\\/diariodelsurdigital.com.ar\\\/\",\"name\":\"Diario del Sur\",\"description\":\"Digital\",\"potentialAction\":[{\"@type\":\"SearchAction\",\"target\":{\"@type\":\"EntryPoint\",\"urlTemplate\":\"https:\\\/\\\/diariodelsurdigital.com.ar\\\/?s={search_term_string}\"},\"query-input\":{\"@type\":\"PropertyValueSpecification\",\"valueRequired\":true,\"valueName\":\"search_term_string\"}}],\"inLanguage\":\"es\"},{\"@type\":\"Person\",\"@id\":\"https:\\\/\\\/diariodelsurdigital.com.ar\\\/#\\\/schema\\\/person\\\/1a4992532ed62965c968031b49195c81\",\"name\":\"Diario del Sur Digital\",\"image\":{\"@type\":\"ImageObject\",\"inLanguage\":\"es\",\"@id\":\"https:\\\/\\\/secure.gravatar.com\\\/avatar\\\/f0c7c47fc7146d19828273b9b8eda651c9c7ab583767e6338d3d3bee825adf76?s=96&d=mm&r=g\",\"url\":\"https:\\\/\\\/secure.gravatar.com\\\/avatar\\\/f0c7c47fc7146d19828273b9b8eda651c9c7ab583767e6338d3d3bee825adf76?s=96&d=mm&r=g\",\"contentUrl\":\"https:\\\/\\\/secure.gravatar.com\\\/avatar\\\/f0c7c47fc7146d19828273b9b8eda651c9c7ab583767e6338d3d3bee825adf76?s=96&d=mm&r=g\",\"caption\":\"Diario del Sur Digital\"},\"url\":\"https:\\\/\\\/diariodelsurdigital.com.ar\\\/?author=4\"}]}<\/script>\n<!-- \/ Yoast SEO plugin. -->","yoast_head_json":{"title":"El enero de 2025 fue el m\u00e1s c\u00e1lido de la historia - Diario del Sur","robots":{"index":"index","follow":"follow","max-snippet":"max-snippet:-1","max-image-preview":"max-image-preview:large","max-video-preview":"max-video-preview:-1"},"canonical":"https:\/\/diariodelsurdigital.com.ar\/?p=915","og_locale":"es_ES","og_type":"article","og_title":"El enero de 2025 fue el m\u00e1s c\u00e1lido de la historia - Diario del Sur","og_description":"Las temperaturas del aire y de los oc\u00e9anos no ceden y llegaron al punto m\u00e1ximo en el primer mes de este 2025. El fen\u00f3meno de La Ni\u00f1a no enfr\u00eda y la preocupaci\u00f3n por el cambio clim\u00e1tico crece. El mes de enero de 2025 fue catalogado como el enero m\u00e1s caluroso hasta ahora en la Tierra, [&hellip;]","og_url":"https:\/\/diariodelsurdigital.com.ar\/?p=915","og_site_name":"Diario del Sur","article_published_time":"2025-02-07T18:16:45+00:00","og_image":[{"width":992,"height":661,"url":"https:\/\/diariodelsurdigital.com.ar\/wp-content\/uploads\/2025\/02\/md-2025-02-07T151013.036.webp","type":"image\/webp"}],"author":"Diario del Sur Digital","twitter_card":"summary_large_image","twitter_misc":{"Escrito por":"Diario del Sur Digital","Tiempo de lectura":"4 minutos"},"schema":{"@context":"https:\/\/schema.org","@graph":[{"@type":"Article","@id":"https:\/\/diariodelsurdigital.com.ar\/?p=915#article","isPartOf":{"@id":"https:\/\/diariodelsurdigital.com.ar\/?p=915"},"author":{"name":"Diario del Sur Digital","@id":"https:\/\/diariodelsurdigital.com.ar\/#\/schema\/person\/1a4992532ed62965c968031b49195c81"},"headline":"El enero de 2025 fue el m\u00e1s c\u00e1lido de la historia","datePublished":"2025-02-07T18:16:45+00:00","mainEntityOfPage":{"@id":"https:\/\/diariodelsurdigital.com.ar\/?p=915"},"wordCount":754,"commentCount":0,"image":{"@id":"https:\/\/diariodelsurdigital.com.ar\/?p=915#primaryimage"},"thumbnailUrl":"https:\/\/diariodelsurdigital.com.ar\/wp-content\/uploads\/2025\/02\/md-2025-02-07T151013.036.webp","articleSection":["Inter\u00e9s General"],"inLanguage":"es","potentialAction":[{"@type":"CommentAction","name":"Comment","target":["https:\/\/diariodelsurdigital.com.ar\/?p=915#respond"]}]},{"@type":"WebPage","@id":"https:\/\/diariodelsurdigital.com.ar\/?p=915","url":"https:\/\/diariodelsurdigital.com.ar\/?p=915","name":"El enero de 2025 fue el m\u00e1s c\u00e1lido de la historia - Diario del Sur","isPartOf":{"@id":"https:\/\/diariodelsurdigital.com.ar\/#website"},"primaryImageOfPage":{"@id":"https:\/\/diariodelsurdigital.com.ar\/?p=915#primaryimage"},"image":{"@id":"https:\/\/diariodelsurdigital.com.ar\/?p=915#primaryimage"},"thumbnailUrl":"https:\/\/diariodelsurdigital.com.ar\/wp-content\/uploads\/2025\/02\/md-2025-02-07T151013.036.webp","datePublished":"2025-02-07T18:16:45+00:00","author":{"@id":"https:\/\/diariodelsurdigital.com.ar\/#\/schema\/person\/1a4992532ed62965c968031b49195c81"},"breadcrumb":{"@id":"https:\/\/diariodelsurdigital.com.ar\/?p=915#breadcrumb"},"inLanguage":"es","potentialAction":[{"@type":"ReadAction","target":["https:\/\/diariodelsurdigital.com.ar\/?p=915"]}]},{"@type":"ImageObject","inLanguage":"es","@id":"https:\/\/diariodelsurdigital.com.ar\/?p=915#primaryimage","url":"https:\/\/diariodelsurdigital.com.ar\/wp-content\/uploads\/2025\/02\/md-2025-02-07T151013.036.webp","contentUrl":"https:\/\/diariodelsurdigital.com.ar\/wp-content\/uploads\/2025\/02\/md-2025-02-07T151013.036.webp","width":992,"height":661},{"@type":"BreadcrumbList","@id":"https:\/\/diariodelsurdigital.com.ar\/?p=915#breadcrumb","itemListElement":[{"@type":"ListItem","position":1,"name":"Portada","item":"https:\/\/diariodelsurdigital.com.ar\/"},{"@type":"ListItem","position":2,"name":"El enero de 2025 fue el m\u00e1s c\u00e1lido de la historia"}]},{"@type":"WebSite","@id":"https:\/\/diariodelsurdigital.com.ar\/#website","url":"https:\/\/diariodelsurdigital.com.ar\/","name":"Diario del Sur","description":"Digital","potentialAction":[{"@type":"SearchAction","target":{"@type":"EntryPoint","urlTemplate":"https:\/\/diariodelsurdigital.com.ar\/?s={search_term_string}"},"query-input":{"@type":"PropertyValueSpecification","valueRequired":true,"valueName":"search_term_string"}}],"inLanguage":"es"},{"@type":"Person","@id":"https:\/\/diariodelsurdigital.com.ar\/#\/schema\/person\/1a4992532ed62965c968031b49195c81","name":"Diario del Sur Digital","image":{"@type":"ImageObject","inLanguage":"es","@id":"https:\/\/secure.gravatar.com\/avatar\/f0c7c47fc7146d19828273b9b8eda651c9c7ab583767e6338d3d3bee825adf76?s=96&d=mm&r=g","url":"https:\/\/secure.gravatar.com\/avatar\/f0c7c47fc7146d19828273b9b8eda651c9c7ab583767e6338d3d3bee825adf76?s=96&d=mm&r=g","contentUrl":"https:\/\/secure.gravatar.com\/avatar\/f0c7c47fc7146d19828273b9b8eda651c9c7ab583767e6338d3d3bee825adf76?s=96&d=mm&r=g","caption":"Diario del Sur Digital"},"url":"https:\/\/diariodelsurdigital.com.ar\/?author=4"}]}},"_links":{"self":[{"href":"https:\/\/diariodelsurdigital.com.ar\/index.php?rest_route=\/wp\/v2\/posts\/915","targetHints":{"allow":["GET"]}}],"collection":[{"href":"https:\/\/diariodelsurdigital.com.ar\/index.php?rest_route=\/wp\/v2\/posts"}],"about":[{"href":"https:\/\/diariodelsurdigital.com.ar\/index.php?rest_route=\/wp\/v2\/types\/post"}],"author":[{"embeddable":true,"href":"https:\/\/diariodelsurdigital.com.ar\/index.php?rest_route=\/wp\/v2\/users\/4"}],"replies":[{"embeddable":true,"href":"https:\/\/diariodelsurdigital.com.ar\/index.php?rest_route=%2Fwp%2Fv2%2Fcomments&post=915"}],"version-history":[{"count":1,"href":"https:\/\/diariodelsurdigital.com.ar\/index.php?rest_route=\/wp\/v2\/posts\/915\/revisions"}],"predecessor-version":[{"id":917,"href":"https:\/\/diariodelsurdigital.com.ar\/index.php?rest_route=\/wp\/v2\/posts\/915\/revisions\/917"}],"wp:featuredmedia":[{"embeddable":true,"href":"https:\/\/diariodelsurdigital.com.ar\/index.php?rest_route=\/wp\/v2\/media\/916"}],"wp:attachment":[{"href":"https:\/\/diariodelsurdigital.com.ar\/index.php?rest_route=%2Fwp%2Fv2%2Fmedia&parent=915"}],"wp:term":[{"taxonomy":"category","embeddable":true,"href":"https:\/\/diariodelsurdigital.com.ar\/index.php?rest_route=%2Fwp%2Fv2%2Fcategories&post=915"},{"taxonomy":"post_tag","embeddable":true,"href":"https:\/\/diariodelsurdigital.com.ar\/index.php?rest_route=%2Fwp%2Fv2%2Ftags&post=915"}],"curies":[{"name":"wp","href":"https:\/\/api.w.org\/{rel}","templated":true}]}}