{"id":918,"date":"2025-02-07T15:23:59","date_gmt":"2025-02-07T18:23:59","guid":{"rendered":"https:\/\/diariodelsurdigital.com.ar\/?p=918"},"modified":"2025-02-07T15:24:00","modified_gmt":"2025-02-07T18:24:00","slug":"el-jueves-13-el-gobierno-provincial-presentara-una-oferta-a-los-gremios-docentes","status":"publish","type":"post","link":"https:\/\/diariodelsurdigital.com.ar\/?p=918","title":{"rendered":"El jueves 13 el Gobierno provincial presentar\u00e1 una oferta a los gremios docentes"},"content":{"rendered":"\n<p>Lo adelant\u00f3 el Secretario de Presupuesto y Finanzas, Uriel Brupbacher, en la reuni\u00f3n que mantuvo con los representantes sindicales en el marco del inicio de la paritaria docente. \u201cHaremos una oferta razonable que sea sostenible y pagable en el tiempo\u201d, indic\u00f3.<\/p>\n\n\n\n<p>Finalmente este viernes 7 de febrero se reanud\u00f3 la paritaria salarial docente y representantes del Gobierno y de los gremios docentes se reunieron en la Secretar\u00eda de Trabajo de la Provincia para empezar a delinear las negociaciones salariales.<\/p>\n\n\n\n<p>\u201cCumplimos y retomamos la paritaria, pero pasamos a un cuarto intermedio hasta el jueves 13\u201d, se\u00f1al\u00f3 a esta Agencia la presidenta del Consejo General de Educaci\u00f3n (CGE), Alicia Fregonese, quien dijo que \u201cel desaf\u00edo para este a\u00f1o es tener 190 d\u00edas de clases\u201d.<\/p>\n\n\n\n<p>Inmediatamente tom\u00f3 la palabra el secretario de Presupuesto y Finanzas, Uriel Brupbacher, quien sostuvo que los gremios plantearon sus reclamos salariales y de otras \u00edndoles.<\/p>\n\n\n\n<p>\u201cRecabamos todos sus pedidos, vamos a analizaros y el jueves que viene vendremos con una propuesta\u201d, adelant\u00f3 el funcionario y asever\u00f3: \u201cHaremos una oferta razonable que sea sostenible y pagable en el tiempo\u201d.<\/p>\n\n\n\n<p>\u201cEntendemos la situaci\u00f3n de los docentes y que el a\u00f1o pasado fue un a\u00f1o complejo\u201d, manifest\u00f3 al tiempo que destac\u00f3 la \u201cdecisi\u00f3n pol\u00edtica\u201d del gobernador Rogelio Frigerio de implementar el Fondo Provincial Docente para reemplazar al Fonid que elimin\u00f3 Naci\u00f3n.<\/p>\n\n\n\n<p>Enseguida hizo hincapi\u00e9 en \u201cel marco del di\u00e1logo y de b\u00fasqueda de consenso\u201d de ambas partes.<\/p>\n\n\n\n<p>De la reuni\u00f3n participaron la titular del CGE, Alicia Fregonese, que estuvo acompa\u00f1ada en la mesa paritaria por el secretario de Presupuesto y Finanzas, Uriel Brupbacher. Tambi\u00e9n lo hicieron los vocales Elsa Chapuis y Santiago Laumann, el secretario General del CGE, Conrado Lamboglia, y el prosecretario, Bruno Frizzo.<\/p>\n\n\n\n<p>En representaci\u00f3n de los gremios participaron el secretario general de Agmer, Marcelo Pagani; el dirigente de AMET, Carlos Varela; la dirigente de UDA, Mirta Raya, y la de Sadop, Alejandra Frank.<\/p>\n","protected":false},"excerpt":{"rendered":"<p>Lo adelant\u00f3 el Secretario de Presupuesto y Finanzas, Uriel Brupbacher, en la reuni\u00f3n que mantuvo con los representantes sindicales en el marco del inicio de la paritaria docente. \u201cHaremos una oferta razonable que sea sostenible y pagable en el tiempo\u201d, indic\u00f3. Finalmente este viernes 7 de febrero se reanud\u00f3 la paritaria salarial docente y representantes [&hellip;]<\/p>\n","protected":false},"author":4,"featured_media":919,"comment_status":"open","ping_status":"open","sticky":false,"template":"","format":"standard","meta":{"footnotes":""},"categories":[17],"tags":[],"class_list":{"0":"post-918","1":"post","2":"type-post","3":"status-publish","4":"format-standard","5":"has-post-thumbnail","7":"category-provinciales"},"yoast_head":"<!-- This site is optimized with the Yoast SEO plugin v27.4 - https:\/\/yoast.com\/product\/yoast-seo-wordpress\/ -->\n<title>El jueves 13 el Gobierno provincial presentar\u00e1 una oferta a los gremios docentes - Diario del Sur<\/title>\n<meta name=\"robots\" content=\"index, follow, max-snippet:-1, max-image-preview:large, max-video-preview:-1\" \/>\n<link rel=\"canonical\" href=\"https:\/\/diariodelsurdigital.com.ar\/?p=918\" \/>\n<meta property=\"og:locale\" content=\"es_ES\" \/>\n<meta property=\"og:type\" content=\"article\" \/>\n<meta property=\"og:title\" content=\"El jueves 13 el Gobierno provincial presentar\u00e1 una oferta a los gremios docentes - Diario del Sur\" \/>\n<meta property=\"og:description\" content=\"Lo adelant\u00f3 el Secretario de Presupuesto y Finanzas, Uriel Brupbacher, en la reuni\u00f3n que mantuvo con los representantes sindicales en el marco del inicio de la paritaria docente. \u201cHaremos una oferta razonable que sea sostenible y pagable en el tiempo\u201d, indic\u00f3. Finalmente este viernes 7 de febrero se reanud\u00f3 la paritaria salarial docente y representantes [&hellip;]\" \/>\n<meta property=\"og:url\" content=\"https:\/\/diariodelsurdigital.com.ar\/?p=918\" \/>\n<meta property=\"og:site_name\" content=\"Diario del Sur\" \/>\n<meta property=\"article:published_time\" content=\"2025-02-07T18:23:59+00:00\" \/>\n<meta property=\"article:modified_time\" content=\"2025-02-07T18:24:00+00:00\" \/>\n<meta property=\"og:image\" content=\"https:\/\/diariodelsurdigital.com.ar\/wp-content\/uploads\/2025\/02\/md-2025-02-07T151757.689.webp\" \/>\n\t<meta property=\"og:image:width\" content=\"992\" \/>\n\t<meta property=\"og:image:height\" content=\"661\" \/>\n\t<meta property=\"og:image:type\" content=\"image\/webp\" \/>\n<meta name=\"author\" content=\"Diario del Sur Digital\" \/>\n<meta name=\"twitter:card\" content=\"summary_large_image\" \/>\n<meta name=\"twitter:label1\" content=\"Escrito por\" \/>\n\t<meta name=\"twitter:data1\" content=\"Diario del Sur Digital\" \/>\n\t<meta name=\"twitter:label2\" content=\"Tiempo de lectura\" \/>\n\t<meta name=\"twitter:data2\" content=\"2 minutos\" \/>\n<script type=\"application\/ld+json\" class=\"yoast-schema-graph\">{\"@context\":\"https:\\\/\\\/schema.org\",\"@graph\":[{\"@type\":\"Article\",\"@id\":\"https:\\\/\\\/diariodelsurdigital.com.ar\\\/?p=918#article\",\"isPartOf\":{\"@id\":\"https:\\\/\\\/diariodelsurdigital.com.ar\\\/?p=918\"},\"author\":{\"name\":\"Diario del Sur Digital\",\"@id\":\"https:\\\/\\\/diariodelsurdigital.com.ar\\\/#\\\/schema\\\/person\\\/1a4992532ed62965c968031b49195c81\"},\"headline\":\"El jueves 13 el Gobierno provincial presentar\u00e1 una oferta a los gremios docentes\",\"datePublished\":\"2025-02-07T18:23:59+00:00\",\"dateModified\":\"2025-02-07T18:24:00+00:00\",\"mainEntityOfPage\":{\"@id\":\"https:\\\/\\\/diariodelsurdigital.com.ar\\\/?p=918\"},\"wordCount\":343,\"commentCount\":0,\"image\":{\"@id\":\"https:\\\/\\\/diariodelsurdigital.com.ar\\\/?p=918#primaryimage\"},\"thumbnailUrl\":\"https:\\\/\\\/diariodelsurdigital.com.ar\\\/wp-content\\\/uploads\\\/2025\\\/02\\\/md-2025-02-07T151757.689.webp\",\"articleSection\":[\"Provinciales\"],\"inLanguage\":\"es\",\"potentialAction\":[{\"@type\":\"CommentAction\",\"name\":\"Comment\",\"target\":[\"https:\\\/\\\/diariodelsurdigital.com.ar\\\/?p=918#respond\"]}]},{\"@type\":\"WebPage\",\"@id\":\"https:\\\/\\\/diariodelsurdigital.com.ar\\\/?p=918\",\"url\":\"https:\\\/\\\/diariodelsurdigital.com.ar\\\/?p=918\",\"name\":\"El jueves 13 el Gobierno provincial presentar\u00e1 una oferta a los gremios docentes - Diario del Sur\",\"isPartOf\":{\"@id\":\"https:\\\/\\\/diariodelsurdigital.com.ar\\\/#website\"},\"primaryImageOfPage\":{\"@id\":\"https:\\\/\\\/diariodelsurdigital.com.ar\\\/?p=918#primaryimage\"},\"image\":{\"@id\":\"https:\\\/\\\/diariodelsurdigital.com.ar\\\/?p=918#primaryimage\"},\"thumbnailUrl\":\"https:\\\/\\\/diariodelsurdigital.com.ar\\\/wp-content\\\/uploads\\\/2025\\\/02\\\/md-2025-02-07T151757.689.webp\",\"datePublished\":\"2025-02-07T18:23:59+00:00\",\"dateModified\":\"2025-02-07T18:24:00+00:00\",\"author\":{\"@id\":\"https:\\\/\\\/diariodelsurdigital.com.ar\\\/#\\\/schema\\\/person\\\/1a4992532ed62965c968031b49195c81\"},\"breadcrumb\":{\"@id\":\"https:\\\/\\\/diariodelsurdigital.com.ar\\\/?p=918#breadcrumb\"},\"inLanguage\":\"es\",\"potentialAction\":[{\"@type\":\"ReadAction\",\"target\":[\"https:\\\/\\\/diariodelsurdigital.com.ar\\\/?p=918\"]}]},{\"@type\":\"ImageObject\",\"inLanguage\":\"es\",\"@id\":\"https:\\\/\\\/diariodelsurdigital.com.ar\\\/?p=918#primaryimage\",\"url\":\"https:\\\/\\\/diariodelsurdigital.com.ar\\\/wp-content\\\/uploads\\\/2025\\\/02\\\/md-2025-02-07T151757.689.webp\",\"contentUrl\":\"https:\\\/\\\/diariodelsurdigital.com.ar\\\/wp-content\\\/uploads\\\/2025\\\/02\\\/md-2025-02-07T151757.689.webp\",\"width\":992,\"height\":661},{\"@type\":\"BreadcrumbList\",\"@id\":\"https:\\\/\\\/diariodelsurdigital.com.ar\\\/?p=918#breadcrumb\",\"itemListElement\":[{\"@type\":\"ListItem\",\"position\":1,\"name\":\"Portada\",\"item\":\"https:\\\/\\\/diariodelsurdigital.com.ar\\\/\"},{\"@type\":\"ListItem\",\"position\":2,\"name\":\"El jueves 13 el Gobierno provincial presentar\u00e1 una oferta a los gremios docentes\"}]},{\"@type\":\"WebSite\",\"@id\":\"https:\\\/\\\/diariodelsurdigital.com.ar\\\/#website\",\"url\":\"https:\\\/\\\/diariodelsurdigital.com.ar\\\/\",\"name\":\"Diario del Sur\",\"description\":\"Digital\",\"potentialAction\":[{\"@type\":\"SearchAction\",\"target\":{\"@type\":\"EntryPoint\",\"urlTemplate\":\"https:\\\/\\\/diariodelsurdigital.com.ar\\\/?s={search_term_string}\"},\"query-input\":{\"@type\":\"PropertyValueSpecification\",\"valueRequired\":true,\"valueName\":\"search_term_string\"}}],\"inLanguage\":\"es\"},{\"@type\":\"Person\",\"@id\":\"https:\\\/\\\/diariodelsurdigital.com.ar\\\/#\\\/schema\\\/person\\\/1a4992532ed62965c968031b49195c81\",\"name\":\"Diario del Sur Digital\",\"image\":{\"@type\":\"ImageObject\",\"inLanguage\":\"es\",\"@id\":\"https:\\\/\\\/secure.gravatar.com\\\/avatar\\\/f0c7c47fc7146d19828273b9b8eda651c9c7ab583767e6338d3d3bee825adf76?s=96&d=mm&r=g\",\"url\":\"https:\\\/\\\/secure.gravatar.com\\\/avatar\\\/f0c7c47fc7146d19828273b9b8eda651c9c7ab583767e6338d3d3bee825adf76?s=96&d=mm&r=g\",\"contentUrl\":\"https:\\\/\\\/secure.gravatar.com\\\/avatar\\\/f0c7c47fc7146d19828273b9b8eda651c9c7ab583767e6338d3d3bee825adf76?s=96&d=mm&r=g\",\"caption\":\"Diario del Sur Digital\"},\"url\":\"https:\\\/\\\/diariodelsurdigital.com.ar\\\/?author=4\"}]}<\/script>\n<!-- \/ Yoast SEO plugin. -->","yoast_head_json":{"title":"El jueves 13 el Gobierno provincial presentar\u00e1 una oferta a los gremios docentes - Diario del Sur","robots":{"index":"index","follow":"follow","max-snippet":"max-snippet:-1","max-image-preview":"max-image-preview:large","max-video-preview":"max-video-preview:-1"},"canonical":"https:\/\/diariodelsurdigital.com.ar\/?p=918","og_locale":"es_ES","og_type":"article","og_title":"El jueves 13 el Gobierno provincial presentar\u00e1 una oferta a los gremios docentes - Diario del Sur","og_description":"Lo adelant\u00f3 el Secretario de Presupuesto y Finanzas, Uriel Brupbacher, en la reuni\u00f3n que mantuvo con los representantes sindicales en el marco del inicio de la paritaria docente. \u201cHaremos una oferta razonable que sea sostenible y pagable en el tiempo\u201d, indic\u00f3. Finalmente este viernes 7 de febrero se reanud\u00f3 la paritaria salarial docente y representantes [&hellip;]","og_url":"https:\/\/diariodelsurdigital.com.ar\/?p=918","og_site_name":"Diario del Sur","article_published_time":"2025-02-07T18:23:59+00:00","article_modified_time":"2025-02-07T18:24:00+00:00","og_image":[{"width":992,"height":661,"url":"https:\/\/diariodelsurdigital.com.ar\/wp-content\/uploads\/2025\/02\/md-2025-02-07T151757.689.webp","type":"image\/webp"}],"author":"Diario del Sur Digital","twitter_card":"summary_large_image","twitter_misc":{"Escrito por":"Diario del Sur Digital","Tiempo de lectura":"2 minutos"},"schema":{"@context":"https:\/\/schema.org","@graph":[{"@type":"Article","@id":"https:\/\/diariodelsurdigital.com.ar\/?p=918#article","isPartOf":{"@id":"https:\/\/diariodelsurdigital.com.ar\/?p=918"},"author":{"name":"Diario del Sur Digital","@id":"https:\/\/diariodelsurdigital.com.ar\/#\/schema\/person\/1a4992532ed62965c968031b49195c81"},"headline":"El jueves 13 el Gobierno provincial presentar\u00e1 una oferta a los gremios docentes","datePublished":"2025-02-07T18:23:59+00:00","dateModified":"2025-02-07T18:24:00+00:00","mainEntityOfPage":{"@id":"https:\/\/diariodelsurdigital.com.ar\/?p=918"},"wordCount":343,"commentCount":0,"image":{"@id":"https:\/\/diariodelsurdigital.com.ar\/?p=918#primaryimage"},"thumbnailUrl":"https:\/\/diariodelsurdigital.com.ar\/wp-content\/uploads\/2025\/02\/md-2025-02-07T151757.689.webp","articleSection":["Provinciales"],"inLanguage":"es","potentialAction":[{"@type":"CommentAction","name":"Comment","target":["https:\/\/diariodelsurdigital.com.ar\/?p=918#respond"]}]},{"@type":"WebPage","@id":"https:\/\/diariodelsurdigital.com.ar\/?p=918","url":"https:\/\/diariodelsurdigital.com.ar\/?p=918","name":"El jueves 13 el Gobierno provincial presentar\u00e1 una oferta a los gremios docentes - Diario del Sur","isPartOf":{"@id":"https:\/\/diariodelsurdigital.com.ar\/#website"},"primaryImageOfPage":{"@id":"https:\/\/diariodelsurdigital.com.ar\/?p=918#primaryimage"},"image":{"@id":"https:\/\/diariodelsurdigital.com.ar\/?p=918#primaryimage"},"thumbnailUrl":"https:\/\/diariodelsurdigital.com.ar\/wp-content\/uploads\/2025\/02\/md-2025-02-07T151757.689.webp","datePublished":"2025-02-07T18:23:59+00:00","dateModified":"2025-02-07T18:24:00+00:00","author":{"@id":"https:\/\/diariodelsurdigital.com.ar\/#\/schema\/person\/1a4992532ed62965c968031b49195c81"},"breadcrumb":{"@id":"https:\/\/diariodelsurdigital.com.ar\/?p=918#breadcrumb"},"inLanguage":"es","potentialAction":[{"@type":"ReadAction","target":["https:\/\/diariodelsurdigital.com.ar\/?p=918"]}]},{"@type":"ImageObject","inLanguage":"es","@id":"https:\/\/diariodelsurdigital.com.ar\/?p=918#primaryimage","url":"https:\/\/diariodelsurdigital.com.ar\/wp-content\/uploads\/2025\/02\/md-2025-02-07T151757.689.webp","contentUrl":"https:\/\/diariodelsurdigital.com.ar\/wp-content\/uploads\/2025\/02\/md-2025-02-07T151757.689.webp","width":992,"height":661},{"@type":"BreadcrumbList","@id":"https:\/\/diariodelsurdigital.com.ar\/?p=918#breadcrumb","itemListElement":[{"@type":"ListItem","position":1,"name":"Portada","item":"https:\/\/diariodelsurdigital.com.ar\/"},{"@type":"ListItem","position":2,"name":"El jueves 13 el Gobierno provincial presentar\u00e1 una oferta a los gremios docentes"}]},{"@type":"WebSite","@id":"https:\/\/diariodelsurdigital.com.ar\/#website","url":"https:\/\/diariodelsurdigital.com.ar\/","name":"Diario del Sur","description":"Digital","potentialAction":[{"@type":"SearchAction","target":{"@type":"EntryPoint","urlTemplate":"https:\/\/diariodelsurdigital.com.ar\/?s={search_term_string}"},"query-input":{"@type":"PropertyValueSpecification","valueRequired":true,"valueName":"search_term_string"}}],"inLanguage":"es"},{"@type":"Person","@id":"https:\/\/diariodelsurdigital.com.ar\/#\/schema\/person\/1a4992532ed62965c968031b49195c81","name":"Diario del Sur Digital","image":{"@type":"ImageObject","inLanguage":"es","@id":"https:\/\/secure.gravatar.com\/avatar\/f0c7c47fc7146d19828273b9b8eda651c9c7ab583767e6338d3d3bee825adf76?s=96&d=mm&r=g","url":"https:\/\/secure.gravatar.com\/avatar\/f0c7c47fc7146d19828273b9b8eda651c9c7ab583767e6338d3d3bee825adf76?s=96&d=mm&r=g","contentUrl":"https:\/\/secure.gravatar.com\/avatar\/f0c7c47fc7146d19828273b9b8eda651c9c7ab583767e6338d3d3bee825adf76?s=96&d=mm&r=g","caption":"Diario del Sur Digital"},"url":"https:\/\/diariodelsurdigital.com.ar\/?author=4"}]}},"_links":{"self":[{"href":"https:\/\/diariodelsurdigital.com.ar\/index.php?rest_route=\/wp\/v2\/posts\/918","targetHints":{"allow":["GET"]}}],"collection":[{"href":"https:\/\/diariodelsurdigital.com.ar\/index.php?rest_route=\/wp\/v2\/posts"}],"about":[{"href":"https:\/\/diariodelsurdigital.com.ar\/index.php?rest_route=\/wp\/v2\/types\/post"}],"author":[{"embeddable":true,"href":"https:\/\/diariodelsurdigital.com.ar\/index.php?rest_route=\/wp\/v2\/users\/4"}],"replies":[{"embeddable":true,"href":"https:\/\/diariodelsurdigital.com.ar\/index.php?rest_route=%2Fwp%2Fv2%2Fcomments&post=918"}],"version-history":[{"count":1,"href":"https:\/\/diariodelsurdigital.com.ar\/index.php?rest_route=\/wp\/v2\/posts\/918\/revisions"}],"predecessor-version":[{"id":920,"href":"https:\/\/diariodelsurdigital.com.ar\/index.php?rest_route=\/wp\/v2\/posts\/918\/revisions\/920"}],"wp:featuredmedia":[{"embeddable":true,"href":"https:\/\/diariodelsurdigital.com.ar\/index.php?rest_route=\/wp\/v2\/media\/919"}],"wp:attachment":[{"href":"https:\/\/diariodelsurdigital.com.ar\/index.php?rest_route=%2Fwp%2Fv2%2Fmedia&parent=918"}],"wp:term":[{"taxonomy":"category","embeddable":true,"href":"https:\/\/diariodelsurdigital.com.ar\/index.php?rest_route=%2Fwp%2Fv2%2Fcategories&post=918"},{"taxonomy":"post_tag","embeddable":true,"href":"https:\/\/diariodelsurdigital.com.ar\/index.php?rest_route=%2Fwp%2Fv2%2Ftags&post=918"}],"curies":[{"name":"wp","href":"https:\/\/api.w.org\/{rel}","templated":true}]}}