{"id":927,"date":"2025-02-09T10:45:34","date_gmt":"2025-02-09T13:45:34","guid":{"rendered":"https:\/\/diariodelsurdigital.com.ar\/?p=927"},"modified":"2025-02-09T10:45:35","modified_gmt":"2025-02-09T13:45:35","slug":"tres-arroyos-otros-400-trabajadores-entrerrianos-corren-el-riesgo-de-ser-despedidos","status":"publish","type":"post","link":"https:\/\/diariodelsurdigital.com.ar\/?p=927","title":{"rendered":"TRES  ARROYOS: Otros 400 trabajadores entrerrianos corren el riesgo de ser despedidos"},"content":{"rendered":"\n<h2 class=\"wp-block-heading\" id=\"nota-title\"> <\/h2>\n\n\n\n<figure class=\"wp-block-image size-full\"><img loading=\"lazy\" decoding=\"async\" width=\"522\" height=\"303\" src=\"https:\/\/diariodelsurdigital.com.ar\/wp-content\/uploads\/2025\/02\/l_1739100208-1.jpg\" alt=\"\" class=\"wp-image-929\" srcset=\"https:\/\/diariodelsurdigital.com.ar\/wp-content\/uploads\/2025\/02\/l_1739100208-1.jpg 522w, https:\/\/diariodelsurdigital.com.ar\/wp-content\/uploads\/2025\/02\/l_1739100208-1-300x174.jpg 300w\" sizes=\"auto, (max-width: 522px) 100vw, 522px\" \/><\/figure>\n\n\n\n<p>El reclamo se centr\u00f3 en los despidos masivos que vienen sufriendo en las \u00faltimas semanas, la preocupaci\u00f3n ante la posibilidad de que otros 400 trabajadores sean desvinculados, y tambi\u00e9n por las irregularidades en el pago de los salarios quincenales.<\/p>\n\n\n\n<p>Desde el Sindicato de Trabajadores de la Alimentaci\u00f3n destacaron que este lunes culmina la conciliaci\u00f3n obligatoria por lo que se encuentran expectantes de que los empresarios cumplan con lo firmado en la paritaria.<\/p>\n\n\n\n<p>Fuente: La Pir\u00e1mide<\/p>\n\n\n\n<p>\u00a0<\/p>\n\n\n\n<p><\/p>\n","protected":false},"excerpt":{"rendered":"<p>El reclamo se centr\u00f3 en los despidos masivos que vienen sufriendo en las \u00faltimas semanas, la preocupaci\u00f3n ante la posibilidad de que otros 400 trabajadores sean desvinculados, y tambi\u00e9n por las irregularidades en el pago de los salarios quincenales. Desde el Sindicato de Trabajadores de la Alimentaci\u00f3n destacaron que este lunes culmina la conciliaci\u00f3n obligatoria [&hellip;]<\/p>\n","protected":false},"author":2,"featured_media":928,"comment_status":"open","ping_status":"open","sticky":false,"template":"","format":"standard","meta":{"footnotes":""},"categories":[17],"tags":[],"class_list":{"0":"post-927","1":"post","2":"type-post","3":"status-publish","4":"format-standard","5":"has-post-thumbnail","7":"category-provinciales"},"yoast_head":"<!-- This site is optimized with the Yoast SEO plugin v27.4 - https:\/\/yoast.com\/product\/yoast-seo-wordpress\/ -->\n<title>TRES ARROYOS: Otros 400 trabajadores entrerrianos corren el riesgo de ser despedidos - Diario del Sur<\/title>\n<meta name=\"robots\" content=\"index, follow, max-snippet:-1, max-image-preview:large, max-video-preview:-1\" \/>\n<link rel=\"canonical\" href=\"https:\/\/diariodelsurdigital.com.ar\/?p=927\" \/>\n<meta property=\"og:locale\" content=\"es_ES\" \/>\n<meta property=\"og:type\" content=\"article\" \/>\n<meta property=\"og:title\" content=\"TRES ARROYOS: Otros 400 trabajadores entrerrianos corren el riesgo de ser despedidos - Diario del Sur\" \/>\n<meta property=\"og:description\" content=\"El reclamo se centr\u00f3 en los despidos masivos que vienen sufriendo en las \u00faltimas semanas, la preocupaci\u00f3n ante la posibilidad de que otros 400 trabajadores sean desvinculados, y tambi\u00e9n por las irregularidades en el pago de los salarios quincenales. Desde el Sindicato de Trabajadores de la Alimentaci\u00f3n destacaron que este lunes culmina la conciliaci\u00f3n obligatoria [&hellip;]\" \/>\n<meta property=\"og:url\" content=\"https:\/\/diariodelsurdigital.com.ar\/?p=927\" \/>\n<meta property=\"og:site_name\" content=\"Diario del Sur\" \/>\n<meta property=\"article:published_time\" content=\"2025-02-09T13:45:34+00:00\" \/>\n<meta property=\"article:modified_time\" content=\"2025-02-09T13:45:35+00:00\" \/>\n<meta property=\"og:image\" content=\"https:\/\/diariodelsurdigital.com.ar\/wp-content\/uploads\/2025\/02\/o_1739100224.jpg\" \/>\n\t<meta property=\"og:image:width\" content=\"587\" \/>\n\t<meta property=\"og:image:height\" content=\"353\" \/>\n\t<meta property=\"og:image:type\" content=\"image\/jpeg\" \/>\n<meta name=\"author\" content=\"Diario del Sur Digital\" \/>\n<meta name=\"twitter:card\" content=\"summary_large_image\" \/>\n<meta name=\"twitter:label1\" content=\"Escrito por\" \/>\n\t<meta name=\"twitter:data1\" content=\"Diario del Sur Digital\" \/>\n\t<meta name=\"twitter:label2\" content=\"Tiempo de lectura\" \/>\n\t<meta name=\"twitter:data2\" content=\"1 minuto\" \/>\n<script type=\"application\/ld+json\" class=\"yoast-schema-graph\">{\"@context\":\"https:\\\/\\\/schema.org\",\"@graph\":[{\"@type\":\"Article\",\"@id\":\"https:\\\/\\\/diariodelsurdigital.com.ar\\\/?p=927#article\",\"isPartOf\":{\"@id\":\"https:\\\/\\\/diariodelsurdigital.com.ar\\\/?p=927\"},\"author\":{\"name\":\"Diario del Sur Digital\",\"@id\":\"https:\\\/\\\/diariodelsurdigital.com.ar\\\/#\\\/schema\\\/person\\\/6136a32571657f7dba980b88b04c5465\"},\"headline\":\"TRES ARROYOS: Otros 400 trabajadores entrerrianos corren el riesgo de ser despedidos\",\"datePublished\":\"2025-02-09T13:45:34+00:00\",\"dateModified\":\"2025-02-09T13:45:35+00:00\",\"mainEntityOfPage\":{\"@id\":\"https:\\\/\\\/diariodelsurdigital.com.ar\\\/?p=927\"},\"wordCount\":90,\"commentCount\":0,\"image\":{\"@id\":\"https:\\\/\\\/diariodelsurdigital.com.ar\\\/?p=927#primaryimage\"},\"thumbnailUrl\":\"https:\\\/\\\/diariodelsurdigital.com.ar\\\/wp-content\\\/uploads\\\/2025\\\/02\\\/o_1739100224.jpg\",\"articleSection\":[\"Provinciales\"],\"inLanguage\":\"es\",\"potentialAction\":[{\"@type\":\"CommentAction\",\"name\":\"Comment\",\"target\":[\"https:\\\/\\\/diariodelsurdigital.com.ar\\\/?p=927#respond\"]}]},{\"@type\":\"WebPage\",\"@id\":\"https:\\\/\\\/diariodelsurdigital.com.ar\\\/?p=927\",\"url\":\"https:\\\/\\\/diariodelsurdigital.com.ar\\\/?p=927\",\"name\":\"TRES ARROYOS: Otros 400 trabajadores entrerrianos corren el riesgo de ser despedidos - Diario del Sur\",\"isPartOf\":{\"@id\":\"https:\\\/\\\/diariodelsurdigital.com.ar\\\/#website\"},\"primaryImageOfPage\":{\"@id\":\"https:\\\/\\\/diariodelsurdigital.com.ar\\\/?p=927#primaryimage\"},\"image\":{\"@id\":\"https:\\\/\\\/diariodelsurdigital.com.ar\\\/?p=927#primaryimage\"},\"thumbnailUrl\":\"https:\\\/\\\/diariodelsurdigital.com.ar\\\/wp-content\\\/uploads\\\/2025\\\/02\\\/o_1739100224.jpg\",\"datePublished\":\"2025-02-09T13:45:34+00:00\",\"dateModified\":\"2025-02-09T13:45:35+00:00\",\"author\":{\"@id\":\"https:\\\/\\\/diariodelsurdigital.com.ar\\\/#\\\/schema\\\/person\\\/6136a32571657f7dba980b88b04c5465\"},\"breadcrumb\":{\"@id\":\"https:\\\/\\\/diariodelsurdigital.com.ar\\\/?p=927#breadcrumb\"},\"inLanguage\":\"es\",\"potentialAction\":[{\"@type\":\"ReadAction\",\"target\":[\"https:\\\/\\\/diariodelsurdigital.com.ar\\\/?p=927\"]}]},{\"@type\":\"ImageObject\",\"inLanguage\":\"es\",\"@id\":\"https:\\\/\\\/diariodelsurdigital.com.ar\\\/?p=927#primaryimage\",\"url\":\"https:\\\/\\\/diariodelsurdigital.com.ar\\\/wp-content\\\/uploads\\\/2025\\\/02\\\/o_1739100224.jpg\",\"contentUrl\":\"https:\\\/\\\/diariodelsurdigital.com.ar\\\/wp-content\\\/uploads\\\/2025\\\/02\\\/o_1739100224.jpg\",\"width\":587,\"height\":353},{\"@type\":\"BreadcrumbList\",\"@id\":\"https:\\\/\\\/diariodelsurdigital.com.ar\\\/?p=927#breadcrumb\",\"itemListElement\":[{\"@type\":\"ListItem\",\"position\":1,\"name\":\"Portada\",\"item\":\"https:\\\/\\\/diariodelsurdigital.com.ar\\\/\"},{\"@type\":\"ListItem\",\"position\":2,\"name\":\"TRES ARROYOS: Otros 400 trabajadores entrerrianos corren el riesgo de ser despedidos\"}]},{\"@type\":\"WebSite\",\"@id\":\"https:\\\/\\\/diariodelsurdigital.com.ar\\\/#website\",\"url\":\"https:\\\/\\\/diariodelsurdigital.com.ar\\\/\",\"name\":\"Diario del Sur\",\"description\":\"Digital\",\"potentialAction\":[{\"@type\":\"SearchAction\",\"target\":{\"@type\":\"EntryPoint\",\"urlTemplate\":\"https:\\\/\\\/diariodelsurdigital.com.ar\\\/?s={search_term_string}\"},\"query-input\":{\"@type\":\"PropertyValueSpecification\",\"valueRequired\":true,\"valueName\":\"search_term_string\"}}],\"inLanguage\":\"es\"},{\"@type\":\"Person\",\"@id\":\"https:\\\/\\\/diariodelsurdigital.com.ar\\\/#\\\/schema\\\/person\\\/6136a32571657f7dba980b88b04c5465\",\"name\":\"Diario del Sur Digital\",\"image\":{\"@type\":\"ImageObject\",\"inLanguage\":\"es\",\"@id\":\"https:\\\/\\\/secure.gravatar.com\\\/avatar\\\/4c29ceac98541dd42460b2474aaa5dd37594d6ce6cb3cf2c101d09b48ee287ba?s=96&d=mm&r=g\",\"url\":\"https:\\\/\\\/secure.gravatar.com\\\/avatar\\\/4c29ceac98541dd42460b2474aaa5dd37594d6ce6cb3cf2c101d09b48ee287ba?s=96&d=mm&r=g\",\"contentUrl\":\"https:\\\/\\\/secure.gravatar.com\\\/avatar\\\/4c29ceac98541dd42460b2474aaa5dd37594d6ce6cb3cf2c101d09b48ee287ba?s=96&d=mm&r=g\",\"caption\":\"Diario del Sur Digital\"},\"url\":\"https:\\\/\\\/diariodelsurdigital.com.ar\\\/?author=2\"}]}<\/script>\n<!-- \/ Yoast SEO plugin. -->","yoast_head_json":{"title":"TRES ARROYOS: Otros 400 trabajadores entrerrianos corren el riesgo de ser despedidos - Diario del Sur","robots":{"index":"index","follow":"follow","max-snippet":"max-snippet:-1","max-image-preview":"max-image-preview:large","max-video-preview":"max-video-preview:-1"},"canonical":"https:\/\/diariodelsurdigital.com.ar\/?p=927","og_locale":"es_ES","og_type":"article","og_title":"TRES ARROYOS: Otros 400 trabajadores entrerrianos corren el riesgo de ser despedidos - Diario del Sur","og_description":"El reclamo se centr\u00f3 en los despidos masivos que vienen sufriendo en las \u00faltimas semanas, la preocupaci\u00f3n ante la posibilidad de que otros 400 trabajadores sean desvinculados, y tambi\u00e9n por las irregularidades en el pago de los salarios quincenales. Desde el Sindicato de Trabajadores de la Alimentaci\u00f3n destacaron que este lunes culmina la conciliaci\u00f3n obligatoria [&hellip;]","og_url":"https:\/\/diariodelsurdigital.com.ar\/?p=927","og_site_name":"Diario del Sur","article_published_time":"2025-02-09T13:45:34+00:00","article_modified_time":"2025-02-09T13:45:35+00:00","og_image":[{"width":587,"height":353,"url":"https:\/\/diariodelsurdigital.com.ar\/wp-content\/uploads\/2025\/02\/o_1739100224.jpg","type":"image\/jpeg"}],"author":"Diario del Sur Digital","twitter_card":"summary_large_image","twitter_misc":{"Escrito por":"Diario del Sur Digital","Tiempo de lectura":"1 minuto"},"schema":{"@context":"https:\/\/schema.org","@graph":[{"@type":"Article","@id":"https:\/\/diariodelsurdigital.com.ar\/?p=927#article","isPartOf":{"@id":"https:\/\/diariodelsurdigital.com.ar\/?p=927"},"author":{"name":"Diario del Sur Digital","@id":"https:\/\/diariodelsurdigital.com.ar\/#\/schema\/person\/6136a32571657f7dba980b88b04c5465"},"headline":"TRES ARROYOS: Otros 400 trabajadores entrerrianos corren el riesgo de ser despedidos","datePublished":"2025-02-09T13:45:34+00:00","dateModified":"2025-02-09T13:45:35+00:00","mainEntityOfPage":{"@id":"https:\/\/diariodelsurdigital.com.ar\/?p=927"},"wordCount":90,"commentCount":0,"image":{"@id":"https:\/\/diariodelsurdigital.com.ar\/?p=927#primaryimage"},"thumbnailUrl":"https:\/\/diariodelsurdigital.com.ar\/wp-content\/uploads\/2025\/02\/o_1739100224.jpg","articleSection":["Provinciales"],"inLanguage":"es","potentialAction":[{"@type":"CommentAction","name":"Comment","target":["https:\/\/diariodelsurdigital.com.ar\/?p=927#respond"]}]},{"@type":"WebPage","@id":"https:\/\/diariodelsurdigital.com.ar\/?p=927","url":"https:\/\/diariodelsurdigital.com.ar\/?p=927","name":"TRES ARROYOS: Otros 400 trabajadores entrerrianos corren el riesgo de ser despedidos - Diario del Sur","isPartOf":{"@id":"https:\/\/diariodelsurdigital.com.ar\/#website"},"primaryImageOfPage":{"@id":"https:\/\/diariodelsurdigital.com.ar\/?p=927#primaryimage"},"image":{"@id":"https:\/\/diariodelsurdigital.com.ar\/?p=927#primaryimage"},"thumbnailUrl":"https:\/\/diariodelsurdigital.com.ar\/wp-content\/uploads\/2025\/02\/o_1739100224.jpg","datePublished":"2025-02-09T13:45:34+00:00","dateModified":"2025-02-09T13:45:35+00:00","author":{"@id":"https:\/\/diariodelsurdigital.com.ar\/#\/schema\/person\/6136a32571657f7dba980b88b04c5465"},"breadcrumb":{"@id":"https:\/\/diariodelsurdigital.com.ar\/?p=927#breadcrumb"},"inLanguage":"es","potentialAction":[{"@type":"ReadAction","target":["https:\/\/diariodelsurdigital.com.ar\/?p=927"]}]},{"@type":"ImageObject","inLanguage":"es","@id":"https:\/\/diariodelsurdigital.com.ar\/?p=927#primaryimage","url":"https:\/\/diariodelsurdigital.com.ar\/wp-content\/uploads\/2025\/02\/o_1739100224.jpg","contentUrl":"https:\/\/diariodelsurdigital.com.ar\/wp-content\/uploads\/2025\/02\/o_1739100224.jpg","width":587,"height":353},{"@type":"BreadcrumbList","@id":"https:\/\/diariodelsurdigital.com.ar\/?p=927#breadcrumb","itemListElement":[{"@type":"ListItem","position":1,"name":"Portada","item":"https:\/\/diariodelsurdigital.com.ar\/"},{"@type":"ListItem","position":2,"name":"TRES ARROYOS: Otros 400 trabajadores entrerrianos corren el riesgo de ser despedidos"}]},{"@type":"WebSite","@id":"https:\/\/diariodelsurdigital.com.ar\/#website","url":"https:\/\/diariodelsurdigital.com.ar\/","name":"Diario del Sur","description":"Digital","potentialAction":[{"@type":"SearchAction","target":{"@type":"EntryPoint","urlTemplate":"https:\/\/diariodelsurdigital.com.ar\/?s={search_term_string}"},"query-input":{"@type":"PropertyValueSpecification","valueRequired":true,"valueName":"search_term_string"}}],"inLanguage":"es"},{"@type":"Person","@id":"https:\/\/diariodelsurdigital.com.ar\/#\/schema\/person\/6136a32571657f7dba980b88b04c5465","name":"Diario del Sur Digital","image":{"@type":"ImageObject","inLanguage":"es","@id":"https:\/\/secure.gravatar.com\/avatar\/4c29ceac98541dd42460b2474aaa5dd37594d6ce6cb3cf2c101d09b48ee287ba?s=96&d=mm&r=g","url":"https:\/\/secure.gravatar.com\/avatar\/4c29ceac98541dd42460b2474aaa5dd37594d6ce6cb3cf2c101d09b48ee287ba?s=96&d=mm&r=g","contentUrl":"https:\/\/secure.gravatar.com\/avatar\/4c29ceac98541dd42460b2474aaa5dd37594d6ce6cb3cf2c101d09b48ee287ba?s=96&d=mm&r=g","caption":"Diario del Sur Digital"},"url":"https:\/\/diariodelsurdigital.com.ar\/?author=2"}]}},"_links":{"self":[{"href":"https:\/\/diariodelsurdigital.com.ar\/index.php?rest_route=\/wp\/v2\/posts\/927","targetHints":{"allow":["GET"]}}],"collection":[{"href":"https:\/\/diariodelsurdigital.com.ar\/index.php?rest_route=\/wp\/v2\/posts"}],"about":[{"href":"https:\/\/diariodelsurdigital.com.ar\/index.php?rest_route=\/wp\/v2\/types\/post"}],"author":[{"embeddable":true,"href":"https:\/\/diariodelsurdigital.com.ar\/index.php?rest_route=\/wp\/v2\/users\/2"}],"replies":[{"embeddable":true,"href":"https:\/\/diariodelsurdigital.com.ar\/index.php?rest_route=%2Fwp%2Fv2%2Fcomments&post=927"}],"version-history":[{"count":1,"href":"https:\/\/diariodelsurdigital.com.ar\/index.php?rest_route=\/wp\/v2\/posts\/927\/revisions"}],"predecessor-version":[{"id":930,"href":"https:\/\/diariodelsurdigital.com.ar\/index.php?rest_route=\/wp\/v2\/posts\/927\/revisions\/930"}],"wp:featuredmedia":[{"embeddable":true,"href":"https:\/\/diariodelsurdigital.com.ar\/index.php?rest_route=\/wp\/v2\/media\/928"}],"wp:attachment":[{"href":"https:\/\/diariodelsurdigital.com.ar\/index.php?rest_route=%2Fwp%2Fv2%2Fmedia&parent=927"}],"wp:term":[{"taxonomy":"category","embeddable":true,"href":"https:\/\/diariodelsurdigital.com.ar\/index.php?rest_route=%2Fwp%2Fv2%2Fcategories&post=927"},{"taxonomy":"post_tag","embeddable":true,"href":"https:\/\/diariodelsurdigital.com.ar\/index.php?rest_route=%2Fwp%2Fv2%2Ftags&post=927"}],"curies":[{"name":"wp","href":"https:\/\/api.w.org\/{rel}","templated":true}]}}