{"id":931,"date":"2025-02-09T10:52:26","date_gmt":"2025-02-09T13:52:26","guid":{"rendered":"https:\/\/diariodelsurdigital.com.ar\/?p=931"},"modified":"2025-02-09T10:52:27","modified_gmt":"2025-02-09T13:52:27","slug":"gendarmes-al-borde-de-una-rebelion","status":"publish","type":"post","link":"https:\/\/diariodelsurdigital.com.ar\/?p=931","title":{"rendered":"Gendarmes al borde de una rebeli\u00f3n"},"content":{"rendered":"\n<h2 class=\"wp-block-heading\">Efectivos reclaman mejores salarios para reprimir la protesta social<\/h2>\n\n\n\n<h1 class=\"wp-block-heading\">  <\/h1>\n\n\n\n<h4 class=\"wp-block-heading\">Autoconvocados preparan protestas en distintos puntos del pa\u00eds. A trav\u00e9s de una carta, rechazaron los aumentos otorgados por Patricia Bullrich y le pidieron ayuda a Victoria Villarruel.<a href=\"https:\/\/www.pagina12.com.ar\/autores\/1239-raul-kollmann\"><\/a><\/h4>\n\n\n\n<p>\u201c<strong>Gano m\u00e1s de delivery que el miserable sueldo pegando palos<\/strong>\u201d, escribe EOV en el grupo de Whatsapp de casi mil integrantes de la Gendarmer\u00eda, rebelados, y convocando a concentraciones para este lunes, para el otro o para el martes 25 de febrero. \u201c<strong>Que se vayan a cagar, hoy presento carpeta m\u00e9dica psiqui\u00e1trica<\/strong>\u201d, contesta LM. \u201cEl aumento no alcanza para la SUBE\u201d, postea un tercero. Varios se\u00f1alan que est\u00e1n trabajando en el arreglo de aires acondicionados, heladeras y otros electrodom\u00e9sticos, en Uber o como deliverys. El clima caliente entre los gendarmes est\u00e1 al borde del estallido: 1,6 por ciento de aumento en enero; 1,2 por ciento en febrero y, como Patricia Bullrich sabe que todo est\u00e1 por desbordarse, cinco por ciento en marzo, el mayor aumento que recibe cualquier estatal en esta \u00e9poca. Tambi\u00e9n ese aumento les parece m\u00ednimo porque, seg\u00fan alegan, los trasladan a CABA, Rosario, Santa F\u00e9 y otras ciudades donde los alquileres les consumen la mitad del sueldo. En los chats y mensajes no hay quejas porque los mandan a reprimir, lo que reclaman es que reprimir requiere de otros sueldos. En los mensajes incluso se mezclan algunos que llaman a Victoria Villarruel como \u201cse\u00f1ora presidente\u201d. Es m\u00e1s, en las \u00faltimas horas\u00a0<strong>los Gendarmes Autoconvocados le enviaron una carta abierta a Villarruel enumerando sus reclamos<\/strong>, algo ins\u00f3lito teniendo en cuenta que el Ejecutivo es ejercido por Javier Milei y la ministra Bullrich.<a href=\"\"><\/a><\/p>\n\n\n\n<h2 class=\"wp-block-heading\">\u00bfHabr\u00e1 concentraciones?<\/h2>\n\n\n\n<p>Seg\u00fan se ve en distintos posteos, la convocatoria es para este lunes, a las 9, en el Monumento a la Bandera, en Rosario; en el Edificio Centinela, en el Puerto de Buenos Aires; en la Plaza San Mart\u00edn de Jes\u00fas Mar\u00eda, C\u00f3rdoba; en la Plaza Belgrano de San Salvador de Jujuy y en la Plaza San Mart\u00edn de Tartagal, Salta. Nadie sabe si efectivamente alguna de las movidas se concretar\u00e1 porque, como anticip\u00f3\u00a0<em>P\u00e1gina\/12<\/em>, Bullrich se lanz\u00f3 a un vasto operativo de espionaje contra los cabecillas. Este diario public\u00f3 detalles del informe de la Sala de Situaci\u00f3n de la Direcci\u00f3n General de Inteligencia Criminal de la Polic\u00eda Federal, o sea una operaci\u00f3n de espionaje (ilegal) de una fuerza (Polic\u00eda Federal), sobre otra (Gendarmer\u00eda).<\/p>\n\n\n\n<p>A ese informe se sum\u00f3 una especie de&nbsp;<strong>formulario escandaloso<\/strong>&nbsp;que se oblig\u00f3 a llenar a distintos efectivos durante la \u00faltima semana, seg\u00fan revel\u00f3 el programa&nbsp;<em>Minuto Final<\/em>&nbsp;de&nbsp;<em>C5N<\/em>. Se les pregunt\u00f3, por ejemplo, \u201c\u00bftiene conocimiento de la existencia de un grupo de Whatsapp denominado \u2018familias reclamando lo que corresponde\u2019? Informe si conoce al creador del grupo \u00bfTiene conocimiento de alg\u00fan otro efectivo que forme parte del grupo? \u00bfConoce a otros efectivos que inciten al personal a reclamar por mejoras salariales, desconociendo la autoridad del se\u00f1or Director Nacional?\u201d. El formulario-interrogatorio contin\u00faa exigiendo una especie de&nbsp;<strong>delaci\u00f3n<\/strong>. En paralelo, Bullrich mand\u00f3 a distribuir una incre\u00edble orden en la que se proh\u00edbe a los efectivos y sus familias que hagan cualquier tipo de comentario en las redes sociales, con la amenaza de sanciones disciplinarias.<\/p>\n\n\n\n<p>La combinaci\u00f3n entre la ofensiva de espionaje, el temor y el t\u00edmido aumento del cinco por ciento que se aplicar\u00e1 reci\u00e9n en marzo pone alg\u00fan interrogante en que las concentraciones se concreten este lunes. Una alternativa que se baraja es que se concentren familiares, no efectivos de la fuerza. La otra versi\u00f3n que corre es que podr\u00edan sumarse integrantes de otras fuerzas que est\u00e1n haciendo el mismo planteo, en especial los del Servicio Penitenciario: en el chat hay mensajes de \u201c<em>los candados<\/em>\u201d, como les dicen a los penitenciarios.<\/p>\n\n\n\n<h2 class=\"wp-block-heading\">Datos alarmantes<\/h2>\n\n\n\n<p>La p\u00e1gina llamada 1588, de Corrientes, refleja habitualmente comunicados de los gendarmes que, en su mayor\u00eda, provienen de las provincias lim\u00edtrofes. Voceros de los efectivos revelan un dato asombroso: casi el 45 por ciento de los gendarmes pidieron la baja o presentaron carpetas m\u00e9dicas psiqui\u00e1tricas, un recurso habitual de los efectivos que no dan m\u00e1s y que suelen contar con el visto bueno de numerosos m\u00e9dicos que firman los legajos.<\/p>\n\n\n\n<p>Los factores que llevan a la carpeta psiqui\u00e1trica no son menores:<\/p>\n\n\n\n<p>*Los gendarmes son llevados a reprimir a CABA, en algunos casos a jubilados. Aunque lo dicen en general, no se quejan de que tienen que reprimir, pero mencionan \u201c\u00f3rdenes humillantes y degradantes que nos desgastan f\u00edsica y mentalmente en la lucha contra la narcocriminalidad\u201d.<\/p>\n\n\n\n<p>*En los textos mencionan que las jornadas son de 12 horas o incluso de 24 horas, por lo cual uno de los reclamos es que se acorten a ocho horas \u201ccomo en otros empleos\u201d.<\/p>\n\n\n\n<p>*Los trasladan -seg\u00fan argumentan- sin criterio alguno a ciudades en las que tienen que alquilar -CABA, Santa F\u00e9, Corrientes capital, Tucum\u00e1n, Chaco, Santiago del Estero, C\u00f3rdoba&#8211;, necesitan garant\u00eda y no la tienen. Mencionan alquileres de 350.000 o 450.000 pesos, impagables con un sueldo de 800.000 como el que tiene un cabo primero, un subalf\u00e9rez o un alf\u00e9rez.<\/p>\n\n\n\n<p>*En forma expresa o t\u00e1cita tambi\u00e9n hay un reclamo por la falta de preparaci\u00f3n para intervenir en zonas calientes como Rosario. \u201cNuestras familias no saben si volvemos\u201d, se\u00f1alan.<\/p>\n\n\n\n<h2 class=\"wp-block-heading\">Aumentos que no son aumentos<\/h2>\n\n\n\n<p>En el Bolet\u00edn Oficial se publicaron los sueldos de enero, febrero y marzo. Un subalf\u00e9rez, que es un grado medio y que es el que tienen los que van atr\u00e1s en las motos cuando se reprimen las protestas, cobr\u00f3 834.000 pesos en enero; 844.000 en febrero y recibir\u00e1 886.000 en marzo, cifra que en realidad percibir\u00e1 en los primeros d\u00edas de abril.&nbsp;<strong>En t\u00e9rminos porcentuales, son 1,6 por ciento en enero; 1,2 por ciento en febrero, en ambos meses muy por debajo de la inflaci\u00f3n, y el cinco por ciento de marzo que Bullrich publicita como una gran concesi\u00f3n en la pol\u00edtica de motosierra<\/strong>. A ese sueldo se le descuentan -dicen los rebeldes- la obra social (IOSFA), la mutual (Amugenal), Sociedad Militar (que es un seguro de vida). Alguno, m\u00e1s politizado, pone en el chat: \u201csin nosotros no aprobaban la Ley Bases\u201d, en referencia a la represi\u00f3n cuando se votaba en el Congreso.<\/p>\n\n\n\n<p>En el grupo de Whatsapp de los rebeldes, el anuncio del aumento de marzo provoc\u00f3 m\u00e1s enojo todav\u00eda: \u201ces una burla\u201d, \u201cuna cagada\u201d, \u201cse r\u00eden en nuestra cara\u201d, \u201ces joda eso\u201d. Un suboficial recibe en febrero (se cobra a principios de marzo), 10.000 pesos m\u00e1s que en enero: \u201cni para la SUBE\u201d.<\/p>\n\n\n\n<h2 class=\"wp-block-heading\">\u00bfPara reprimir mejor?<\/h2>\n\n\n\n<p>Lo que se observa en los textos de los reclamos es que se cuestionan poco y nada las \u00f3rdenes de represi\u00f3n. El reclamo parece traducirse en la frase&nbsp;<em>\u201cpara que sigamos pegando palos, tienen que pagarnos mejor\u201d<\/em>. En ninguno de los posteos se critica a Javier Milei, pero est\u00e1n los que quieren dejar en claro que su referente es la vicepresidenta, Victoria Villarruel, con menciones de \u201cse\u00f1ora presidente\u201d. Esos sectores la ubican como adalid de los militares y reivindicadora de la dictadura de 1976.<\/p>\n\n\n\n<p>La evidencia m\u00e1s n\u00edtida es que este s\u00e1bado se conoci\u00f3 una carta abierta de los Gendarmes Autoconvocados dirigida a Villarruel, que en realidad no tiene competencia alguna en los sueldos. \u00abNos dirigimos a usted en representaci\u00f3n de todos los integrantes de la Gendarmer\u00eda Nacional para expresar nuestras serias preocupaciones y necesidades b\u00e1sicas desatendidas por la ministra de Seguridad y el Director de nuestra instituci\u00f3n.&nbsp;<strong>Un gendarme con 15 a\u00f1os de servicio percibe un salario aproximado de 750.000 pesos, lo que lo coloca por debajo de la l\u00ednea de pobreza<\/strong>\u00ab. El texto hace referencia a que \u00ablos gendarmes, en sus d\u00edas libres tienen que realizar trabajos adicionales no registrados o desempe\u00f1arse como conductores de aplicaciones de transporte\u00bb. Al final de la carta abierta, le piden a Villarruel \u00abque apoye nuestra causa por el bien de nuestras familias\u00bb. Eso s\u00ed, no dejan de se\u00f1alar que \u00abel pa\u00eds est\u00e1 avanzando, pero parece haber olvidado nuestro esfuerzo\u00bb.<\/p>\n\n\n\n<p>Todos los ingredientes hacen que el conflicto aparezca como distinto al de 2012, cuando enfrentaron, en un verdadero levantamiento, al gobierno de Cristina Kirchner, con Nilda Garr\u00e9 como ministra de Seguridad. En 2012 los l\u00edderes eran de ultraderecha y se mezclaba cierto odio ideol\u00f3gico. Ahora se percibe sinton\u00eda con la administraci\u00f3n Milei, pero no faltan quienes dicen que hay m\u00e1s voluntad represiva en Bullrich que en un cuerpo que est\u00e1 desgastado y enojado porque no les reconocen salarialmente su papel en la calle tirando gases.<\/p>\n\n\n\n<p>Las amenazas de sanciones, informes de inteligencia, cuestionarios exigiendo delaciones, provocaron un silencio en las \u00faltimas 24 horas en el grupo de Whatsapp y en los posteos. Aunque lo tapen, el principal aparato represivo, la Gendarmer\u00eda, afronta una crisis que tiene pocos antecedentes.&nbsp;<\/p>\n\n\n\n<p>Fuente: P\u00e1gina 12<\/p>\n","protected":false},"excerpt":{"rendered":"<p>Efectivos reclaman mejores salarios para reprimir la protesta social Autoconvocados preparan protestas en distintos puntos del pa\u00eds. A trav\u00e9s de una carta, rechazaron los aumentos otorgados por Patricia Bullrich y le pidieron ayuda a Victoria Villarruel. \u201cGano m\u00e1s de delivery que el miserable sueldo pegando palos\u201d, escribe EOV en el grupo de Whatsapp de casi [&hellip;]<\/p>\n","protected":false},"author":2,"featured_media":932,"comment_status":"open","ping_status":"open","sticky":false,"template":"","format":"standard","meta":{"footnotes":""},"categories":[18],"tags":[],"class_list":{"0":"post-931","1":"post","2":"type-post","3":"status-publish","4":"format-standard","5":"has-post-thumbnail","7":"category-nacionales"},"yoast_head":"<!-- This site is optimized with the Yoast SEO plugin v27.4 - https:\/\/yoast.com\/product\/yoast-seo-wordpress\/ -->\n<title>Gendarmes al borde de una rebeli\u00f3n - Diario del Sur<\/title>\n<meta name=\"robots\" content=\"index, follow, max-snippet:-1, max-image-preview:large, max-video-preview:-1\" \/>\n<link rel=\"canonical\" href=\"https:\/\/diariodelsurdigital.com.ar\/?p=931\" \/>\n<meta property=\"og:locale\" content=\"es_ES\" \/>\n<meta property=\"og:type\" content=\"article\" \/>\n<meta property=\"og:title\" content=\"Gendarmes al borde de una rebeli\u00f3n - Diario del Sur\" \/>\n<meta property=\"og:description\" content=\"Efectivos reclaman mejores salarios para reprimir la protesta social Autoconvocados preparan protestas en distintos puntos del pa\u00eds. A trav\u00e9s de una carta, rechazaron los aumentos otorgados por Patricia Bullrich y le pidieron ayuda a Victoria Villarruel. \u201cGano m\u00e1s de delivery que el miserable sueldo pegando palos\u201d, escribe EOV en el grupo de Whatsapp de casi [&hellip;]\" \/>\n<meta property=\"og:url\" content=\"https:\/\/diariodelsurdigital.com.ar\/?p=931\" \/>\n<meta property=\"og:site_name\" content=\"Diario del Sur\" \/>\n<meta property=\"article:published_time\" content=\"2025-02-09T13:52:26+00:00\" \/>\n<meta property=\"article:modified_time\" content=\"2025-02-09T13:52:27+00:00\" \/>\n<meta property=\"og:image\" content=\"https:\/\/diariodelsurdigital.com.ar\/wp-content\/uploads\/2025\/02\/912055-5a-20leandro-20teysseire.jpg\" \/>\n\t<meta property=\"og:image:width\" content=\"553\" \/>\n\t<meta property=\"og:image:height\" content=\"368\" \/>\n\t<meta property=\"og:image:type\" content=\"image\/jpeg\" \/>\n<meta name=\"author\" content=\"Diario del Sur Digital\" \/>\n<meta name=\"twitter:card\" content=\"summary_large_image\" \/>\n<meta name=\"twitter:label1\" content=\"Escrito por\" \/>\n\t<meta name=\"twitter:data1\" content=\"Diario del Sur Digital\" \/>\n\t<meta name=\"twitter:label2\" content=\"Tiempo de lectura\" \/>\n\t<meta name=\"twitter:data2\" content=\"7 minutos\" \/>\n<script type=\"application\/ld+json\" class=\"yoast-schema-graph\">{\"@context\":\"https:\\\/\\\/schema.org\",\"@graph\":[{\"@type\":\"Article\",\"@id\":\"https:\\\/\\\/diariodelsurdigital.com.ar\\\/?p=931#article\",\"isPartOf\":{\"@id\":\"https:\\\/\\\/diariodelsurdigital.com.ar\\\/?p=931\"},\"author\":{\"name\":\"Diario del Sur Digital\",\"@id\":\"https:\\\/\\\/diariodelsurdigital.com.ar\\\/#\\\/schema\\\/person\\\/6136a32571657f7dba980b88b04c5465\"},\"headline\":\"Gendarmes al borde de una rebeli\u00f3n\",\"datePublished\":\"2025-02-09T13:52:26+00:00\",\"dateModified\":\"2025-02-09T13:52:27+00:00\",\"mainEntityOfPage\":{\"@id\":\"https:\\\/\\\/diariodelsurdigital.com.ar\\\/?p=931\"},\"wordCount\":1535,\"commentCount\":0,\"image\":{\"@id\":\"https:\\\/\\\/diariodelsurdigital.com.ar\\\/?p=931#primaryimage\"},\"thumbnailUrl\":\"https:\\\/\\\/diariodelsurdigital.com.ar\\\/wp-content\\\/uploads\\\/2025\\\/02\\\/912055-5a-20leandro-20teysseire.jpg\",\"articleSection\":[\"Nacionales\"],\"inLanguage\":\"es\",\"potentialAction\":[{\"@type\":\"CommentAction\",\"name\":\"Comment\",\"target\":[\"https:\\\/\\\/diariodelsurdigital.com.ar\\\/?p=931#respond\"]}]},{\"@type\":\"WebPage\",\"@id\":\"https:\\\/\\\/diariodelsurdigital.com.ar\\\/?p=931\",\"url\":\"https:\\\/\\\/diariodelsurdigital.com.ar\\\/?p=931\",\"name\":\"Gendarmes al borde de una rebeli\u00f3n - Diario del Sur\",\"isPartOf\":{\"@id\":\"https:\\\/\\\/diariodelsurdigital.com.ar\\\/#website\"},\"primaryImageOfPage\":{\"@id\":\"https:\\\/\\\/diariodelsurdigital.com.ar\\\/?p=931#primaryimage\"},\"image\":{\"@id\":\"https:\\\/\\\/diariodelsurdigital.com.ar\\\/?p=931#primaryimage\"},\"thumbnailUrl\":\"https:\\\/\\\/diariodelsurdigital.com.ar\\\/wp-content\\\/uploads\\\/2025\\\/02\\\/912055-5a-20leandro-20teysseire.jpg\",\"datePublished\":\"2025-02-09T13:52:26+00:00\",\"dateModified\":\"2025-02-09T13:52:27+00:00\",\"author\":{\"@id\":\"https:\\\/\\\/diariodelsurdigital.com.ar\\\/#\\\/schema\\\/person\\\/6136a32571657f7dba980b88b04c5465\"},\"breadcrumb\":{\"@id\":\"https:\\\/\\\/diariodelsurdigital.com.ar\\\/?p=931#breadcrumb\"},\"inLanguage\":\"es\",\"potentialAction\":[{\"@type\":\"ReadAction\",\"target\":[\"https:\\\/\\\/diariodelsurdigital.com.ar\\\/?p=931\"]}]},{\"@type\":\"ImageObject\",\"inLanguage\":\"es\",\"@id\":\"https:\\\/\\\/diariodelsurdigital.com.ar\\\/?p=931#primaryimage\",\"url\":\"https:\\\/\\\/diariodelsurdigital.com.ar\\\/wp-content\\\/uploads\\\/2025\\\/02\\\/912055-5a-20leandro-20teysseire.jpg\",\"contentUrl\":\"https:\\\/\\\/diariodelsurdigital.com.ar\\\/wp-content\\\/uploads\\\/2025\\\/02\\\/912055-5a-20leandro-20teysseire.jpg\",\"width\":553,\"height\":368},{\"@type\":\"BreadcrumbList\",\"@id\":\"https:\\\/\\\/diariodelsurdigital.com.ar\\\/?p=931#breadcrumb\",\"itemListElement\":[{\"@type\":\"ListItem\",\"position\":1,\"name\":\"Portada\",\"item\":\"https:\\\/\\\/diariodelsurdigital.com.ar\\\/\"},{\"@type\":\"ListItem\",\"position\":2,\"name\":\"Gendarmes al borde de una rebeli\u00f3n\"}]},{\"@type\":\"WebSite\",\"@id\":\"https:\\\/\\\/diariodelsurdigital.com.ar\\\/#website\",\"url\":\"https:\\\/\\\/diariodelsurdigital.com.ar\\\/\",\"name\":\"Diario del Sur\",\"description\":\"Digital\",\"potentialAction\":[{\"@type\":\"SearchAction\",\"target\":{\"@type\":\"EntryPoint\",\"urlTemplate\":\"https:\\\/\\\/diariodelsurdigital.com.ar\\\/?s={search_term_string}\"},\"query-input\":{\"@type\":\"PropertyValueSpecification\",\"valueRequired\":true,\"valueName\":\"search_term_string\"}}],\"inLanguage\":\"es\"},{\"@type\":\"Person\",\"@id\":\"https:\\\/\\\/diariodelsurdigital.com.ar\\\/#\\\/schema\\\/person\\\/6136a32571657f7dba980b88b04c5465\",\"name\":\"Diario del Sur Digital\",\"image\":{\"@type\":\"ImageObject\",\"inLanguage\":\"es\",\"@id\":\"https:\\\/\\\/secure.gravatar.com\\\/avatar\\\/4c29ceac98541dd42460b2474aaa5dd37594d6ce6cb3cf2c101d09b48ee287ba?s=96&d=mm&r=g\",\"url\":\"https:\\\/\\\/secure.gravatar.com\\\/avatar\\\/4c29ceac98541dd42460b2474aaa5dd37594d6ce6cb3cf2c101d09b48ee287ba?s=96&d=mm&r=g\",\"contentUrl\":\"https:\\\/\\\/secure.gravatar.com\\\/avatar\\\/4c29ceac98541dd42460b2474aaa5dd37594d6ce6cb3cf2c101d09b48ee287ba?s=96&d=mm&r=g\",\"caption\":\"Diario del Sur Digital\"},\"url\":\"https:\\\/\\\/diariodelsurdigital.com.ar\\\/?author=2\"}]}<\/script>\n<!-- \/ Yoast SEO plugin. -->","yoast_head_json":{"title":"Gendarmes al borde de una rebeli\u00f3n - Diario del Sur","robots":{"index":"index","follow":"follow","max-snippet":"max-snippet:-1","max-image-preview":"max-image-preview:large","max-video-preview":"max-video-preview:-1"},"canonical":"https:\/\/diariodelsurdigital.com.ar\/?p=931","og_locale":"es_ES","og_type":"article","og_title":"Gendarmes al borde de una rebeli\u00f3n - Diario del Sur","og_description":"Efectivos reclaman mejores salarios para reprimir la protesta social Autoconvocados preparan protestas en distintos puntos del pa\u00eds. A trav\u00e9s de una carta, rechazaron los aumentos otorgados por Patricia Bullrich y le pidieron ayuda a Victoria Villarruel. \u201cGano m\u00e1s de delivery que el miserable sueldo pegando palos\u201d, escribe EOV en el grupo de Whatsapp de casi [&hellip;]","og_url":"https:\/\/diariodelsurdigital.com.ar\/?p=931","og_site_name":"Diario del Sur","article_published_time":"2025-02-09T13:52:26+00:00","article_modified_time":"2025-02-09T13:52:27+00:00","og_image":[{"width":553,"height":368,"url":"https:\/\/diariodelsurdigital.com.ar\/wp-content\/uploads\/2025\/02\/912055-5a-20leandro-20teysseire.jpg","type":"image\/jpeg"}],"author":"Diario del Sur Digital","twitter_card":"summary_large_image","twitter_misc":{"Escrito por":"Diario del Sur Digital","Tiempo de lectura":"7 minutos"},"schema":{"@context":"https:\/\/schema.org","@graph":[{"@type":"Article","@id":"https:\/\/diariodelsurdigital.com.ar\/?p=931#article","isPartOf":{"@id":"https:\/\/diariodelsurdigital.com.ar\/?p=931"},"author":{"name":"Diario del Sur Digital","@id":"https:\/\/diariodelsurdigital.com.ar\/#\/schema\/person\/6136a32571657f7dba980b88b04c5465"},"headline":"Gendarmes al borde de una rebeli\u00f3n","datePublished":"2025-02-09T13:52:26+00:00","dateModified":"2025-02-09T13:52:27+00:00","mainEntityOfPage":{"@id":"https:\/\/diariodelsurdigital.com.ar\/?p=931"},"wordCount":1535,"commentCount":0,"image":{"@id":"https:\/\/diariodelsurdigital.com.ar\/?p=931#primaryimage"},"thumbnailUrl":"https:\/\/diariodelsurdigital.com.ar\/wp-content\/uploads\/2025\/02\/912055-5a-20leandro-20teysseire.jpg","articleSection":["Nacionales"],"inLanguage":"es","potentialAction":[{"@type":"CommentAction","name":"Comment","target":["https:\/\/diariodelsurdigital.com.ar\/?p=931#respond"]}]},{"@type":"WebPage","@id":"https:\/\/diariodelsurdigital.com.ar\/?p=931","url":"https:\/\/diariodelsurdigital.com.ar\/?p=931","name":"Gendarmes al borde de una rebeli\u00f3n - Diario del Sur","isPartOf":{"@id":"https:\/\/diariodelsurdigital.com.ar\/#website"},"primaryImageOfPage":{"@id":"https:\/\/diariodelsurdigital.com.ar\/?p=931#primaryimage"},"image":{"@id":"https:\/\/diariodelsurdigital.com.ar\/?p=931#primaryimage"},"thumbnailUrl":"https:\/\/diariodelsurdigital.com.ar\/wp-content\/uploads\/2025\/02\/912055-5a-20leandro-20teysseire.jpg","datePublished":"2025-02-09T13:52:26+00:00","dateModified":"2025-02-09T13:52:27+00:00","author":{"@id":"https:\/\/diariodelsurdigital.com.ar\/#\/schema\/person\/6136a32571657f7dba980b88b04c5465"},"breadcrumb":{"@id":"https:\/\/diariodelsurdigital.com.ar\/?p=931#breadcrumb"},"inLanguage":"es","potentialAction":[{"@type":"ReadAction","target":["https:\/\/diariodelsurdigital.com.ar\/?p=931"]}]},{"@type":"ImageObject","inLanguage":"es","@id":"https:\/\/diariodelsurdigital.com.ar\/?p=931#primaryimage","url":"https:\/\/diariodelsurdigital.com.ar\/wp-content\/uploads\/2025\/02\/912055-5a-20leandro-20teysseire.jpg","contentUrl":"https:\/\/diariodelsurdigital.com.ar\/wp-content\/uploads\/2025\/02\/912055-5a-20leandro-20teysseire.jpg","width":553,"height":368},{"@type":"BreadcrumbList","@id":"https:\/\/diariodelsurdigital.com.ar\/?p=931#breadcrumb","itemListElement":[{"@type":"ListItem","position":1,"name":"Portada","item":"https:\/\/diariodelsurdigital.com.ar\/"},{"@type":"ListItem","position":2,"name":"Gendarmes al borde de una rebeli\u00f3n"}]},{"@type":"WebSite","@id":"https:\/\/diariodelsurdigital.com.ar\/#website","url":"https:\/\/diariodelsurdigital.com.ar\/","name":"Diario del Sur","description":"Digital","potentialAction":[{"@type":"SearchAction","target":{"@type":"EntryPoint","urlTemplate":"https:\/\/diariodelsurdigital.com.ar\/?s={search_term_string}"},"query-input":{"@type":"PropertyValueSpecification","valueRequired":true,"valueName":"search_term_string"}}],"inLanguage":"es"},{"@type":"Person","@id":"https:\/\/diariodelsurdigital.com.ar\/#\/schema\/person\/6136a32571657f7dba980b88b04c5465","name":"Diario del Sur Digital","image":{"@type":"ImageObject","inLanguage":"es","@id":"https:\/\/secure.gravatar.com\/avatar\/4c29ceac98541dd42460b2474aaa5dd37594d6ce6cb3cf2c101d09b48ee287ba?s=96&d=mm&r=g","url":"https:\/\/secure.gravatar.com\/avatar\/4c29ceac98541dd42460b2474aaa5dd37594d6ce6cb3cf2c101d09b48ee287ba?s=96&d=mm&r=g","contentUrl":"https:\/\/secure.gravatar.com\/avatar\/4c29ceac98541dd42460b2474aaa5dd37594d6ce6cb3cf2c101d09b48ee287ba?s=96&d=mm&r=g","caption":"Diario del Sur Digital"},"url":"https:\/\/diariodelsurdigital.com.ar\/?author=2"}]}},"_links":{"self":[{"href":"https:\/\/diariodelsurdigital.com.ar\/index.php?rest_route=\/wp\/v2\/posts\/931","targetHints":{"allow":["GET"]}}],"collection":[{"href":"https:\/\/diariodelsurdigital.com.ar\/index.php?rest_route=\/wp\/v2\/posts"}],"about":[{"href":"https:\/\/diariodelsurdigital.com.ar\/index.php?rest_route=\/wp\/v2\/types\/post"}],"author":[{"embeddable":true,"href":"https:\/\/diariodelsurdigital.com.ar\/index.php?rest_route=\/wp\/v2\/users\/2"}],"replies":[{"embeddable":true,"href":"https:\/\/diariodelsurdigital.com.ar\/index.php?rest_route=%2Fwp%2Fv2%2Fcomments&post=931"}],"version-history":[{"count":1,"href":"https:\/\/diariodelsurdigital.com.ar\/index.php?rest_route=\/wp\/v2\/posts\/931\/revisions"}],"predecessor-version":[{"id":933,"href":"https:\/\/diariodelsurdigital.com.ar\/index.php?rest_route=\/wp\/v2\/posts\/931\/revisions\/933"}],"wp:featuredmedia":[{"embeddable":true,"href":"https:\/\/diariodelsurdigital.com.ar\/index.php?rest_route=\/wp\/v2\/media\/932"}],"wp:attachment":[{"href":"https:\/\/diariodelsurdigital.com.ar\/index.php?rest_route=%2Fwp%2Fv2%2Fmedia&parent=931"}],"wp:term":[{"taxonomy":"category","embeddable":true,"href":"https:\/\/diariodelsurdigital.com.ar\/index.php?rest_route=%2Fwp%2Fv2%2Fcategories&post=931"},{"taxonomy":"post_tag","embeddable":true,"href":"https:\/\/diariodelsurdigital.com.ar\/index.php?rest_route=%2Fwp%2Fv2%2Ftags&post=931"}],"curies":[{"name":"wp","href":"https:\/\/api.w.org\/{rel}","templated":true}]}}