{"id":937,"date":"2025-02-10T12:28:21","date_gmt":"2025-02-10T15:28:21","guid":{"rendered":"https:\/\/diariodelsurdigital.com.ar\/?p=937"},"modified":"2025-02-10T12:28:22","modified_gmt":"2025-02-10T15:28:22","slug":"se-agudizan-las-tensiones-en-el-peronismo-luego-del-voto-dividido-por-las-paso","status":"publish","type":"post","link":"https:\/\/diariodelsurdigital.com.ar\/?p=937","title":{"rendered":"Se agudizan las tensiones en el peronismo luego del voto dividido por las PASO"},"content":{"rendered":"\n<p>La primera sesi\u00f3n del a\u00f1o en Diputados desnud\u00f3 hasta d\u00f3nde pueden llegar las diferencias dentro de un panperonismo que todav\u00eda no se recupera de la derrota electoral de 2023. Seguir con las PASO en pie es un debate interno que atraviesa al PJ hace cuatro a\u00f1os y este jueves recrudeci\u00f3 con fuerza y qued\u00f3 al desnudo, ante una conducci\u00f3n del partido, en manos de la expresidenta Cristina Fern\u00e1ndez de Kirchner, que no resolvi\u00f3 la controversia. Todo qued\u00f3 sobre las arenas calientes de la C\u00e1mara Baja, que arranc\u00f3 este a\u00f1o con una victoria legislativa parcial para el oficialismo.<\/p>\n\n\n\n<p>Detr\u00e1s de los 162 votos a favor, los 55 en contra y las 28 abstenciones hay votos peronistas. El bloque de Uni\u00f3n por la Patria, que conduce Germ\u00e1n Mart\u00ednez, aport\u00f3 25 voluntades a favor, mayormente impulsadas por el massismo. Le permitieron al oficialismo sumar casi 30 votos a los 129 que necesitaba y marc\u00f3 una diferencia in\u00e9dita en la bancada panperonista. El conglomerado tiene 98 bancas. Adem\u00e1s de los 25 apoyos, otros 24 se abstuvieron, entre la necesidad de no votar con el gobierno y tampoco desautorizar a los que estaban jugando a fondo a favor. En ese grupo estuvo el titular de la bancada. La mayor\u00eda del bloque vot\u00f3 en contra con 43 votos negativos, pero tambi\u00e9n hubo seis ausencias. Es la expresi\u00f3n num\u00e9rica de la libertad de acci\u00f3n que finalmente acordaron en el bloque, luego de la firma de un dictamen de mayor\u00eda previo que cont\u00f3 con 58 firmas de LLA, el PRO, la UCR y Encuentro Federal. Tambi\u00e9n hubo cuatro firmas peronistas provenientes de Catamarca, gobernada por Ra\u00fal Jalil, y de Santiago del Estero, cuyo mandatario Gerardo Zamora aval\u00f3 a sus legisladores en ese plenario de comisiones para firmar un dictamen en disidencia por la eliminaci\u00f3n que convalid\u00f3 la jugada del oficialismo.<\/p>\n\n\n\n<p>El dictamen que triz\u00f3 el dique de contenci\u00f3n que hab\u00eda impulsado Mart\u00ednez fue el punto de fuga de lo que se plasm\u00f3 48 horas despu\u00e9s en el recinto y no lleg\u00f3 a los 30 votos que podr\u00edan haber acompa\u00f1ado a la iniciativa del gobierno. Dentro de las tribus del panperonismo los diputados kirchneristas votaron en contra y los massistas jugaron a favor, con una zona gris de abstenciones que sirvi\u00f3 para evitar una divisi\u00f3n en dos mitades, pero tambi\u00e9n para contener al universo de diputados que se enfocan en sus distritos, donde ya se est\u00e1n garabateando listas y esquemas de campa\u00f1a para el a\u00f1o electoral. Sin embargo, el mar de fondo de la fragmentaci\u00f3n que surc\u00f3 al peronismo en Diputados es la tensi\u00f3n en la provincia de Buenos Aires. El gobernador Axel Kicillof est\u00e1 cada vez m\u00e1s empe\u00f1ado en desdoblar las elecciones para concejales y legisladores provinciales de las nacionales del 26 de octubre. La media sanci\u00f3n para la suspensi\u00f3n lo beneficia para reforzar el desdoblamiento porque tendr\u00eda una visita menos al cuarto oscuro. Hasta ahora, seg\u00fan insisten en La Plata, las elecciones bonaerenses ser\u00edan antes de las nacionales. Si la decisi\u00f3n se materializa implicar\u00eda una ruptura abierta con Cristina y la posibilidad de dos listas del peronismo en las elecciones.<\/p>\n\n\n\n<figure class=\"wp-block-image\"><img decoding=\"async\" src=\"https:\/\/www.tiempoar.com.ar\/wp-content\/uploads\/2025\/02\/sesion-diputados-paso-Prensa-Diputados-1024x683.jpg\" alt=\"\" class=\"wp-image-870254\"\/><\/figure>\n\n\n\n<p>El Frente Renovador (FR), que lidera Sergio Massa, no quiere las PASO desde hace un lustro. Dentro del bloque el massismo jug\u00f3 muy fuerte para sumar apoyos o abstenciones, pero al mismo tiempo lleva adelante una exploraci\u00f3n entre Cristina y Axel para desdoblar en la provincia, pero al rev\u00e9s. El FR propuso que las elecciones bonaerenses se realicen despu\u00e9s de las nacionales del 26 de octubre y no antes. La idea es el 9 de noviembre y cerca de Massa aseguran que la propuesta ya est\u00e1 en manos de todas las tribus en pugna.<\/p>\n\n\n\n<p>Cristina dijo a finales de a\u00f1o que no estaba de acuerdo con votar cada dos a\u00f1os. No dijo nada de las PASO que el Congreso sancion\u00f3 en 2009 y se estrenaron en el final de su primer mandato. En diciembre, dentro del Instituto Patria, denostaban la posibilidad del desdoblamiento, pero sosten\u00edan que la \u00fanica chance digerible de algo as\u00ed, era realizar las bonaerenses despu\u00e9s de las nacionales. El cristinismo no quiere que se provincialice la elecci\u00f3n y advierten que uno de los mayores riesgos es que la idea de plebiscitar la gesti\u00f3n provincial se transforme en un b\u00fameran.<\/p>\n\n\n\n<p>La situaci\u00f3n de la seguridad en la Provincia ha vuelto a transformarse en una variable corrosiva en pleno verano y ahora es parte de la narrativa que impulsa la Casa Rosada para profundizar la confrontaci\u00f3n con Kicillof. La evoluci\u00f3n de esa contienda y tambi\u00e9n de la gesti\u00f3n provincial de la seguridad ser\u00e1n determinantes para el margen de acci\u00f3n que tendr\u00e1 Kicillof en este a\u00f1o electoral. Ese punto es tan delicado que, ante la ofensiva del presidente Javier Milei y su ministra Patricia Bullrich, las tribus del peronismo bonaerense cerraron filas para defender al mandatario provincial. Pero por debajo corre la interna que esta semana estall\u00f3 en el recinto de la C\u00e1mara Baja.<\/p>\n\n\n\n<p>Cerca de Cristina anticiparon que no aceptar\u00e1n ning\u00fan desdoblamiento en territorio bonaerense, a diferencia de lo que dec\u00edan en diciembre cuando no descartaban que las elecciones provinciales fueran despu\u00e9s de las nacionales. Ahora sostienen que no hay margen para ninguna variaci\u00f3n que implique ir varias veces al cuarto oscuro. \u00abSi todo se concentra el domingo 26 de octubre, mejor\u00bb, remarcaron. No desde\u00f1aron el intento del massismo, pero advirtieron que \u00abpuede salir mal\u00bb.<\/p>\n\n\n\n<p>En el kircherismo reivindican los 43 rechazos contra la suspensi\u00f3n de las PASO y juran que la situaci\u00f3n interna no empeorar\u00e1.<\/p>\n\n\n\n<p>En el mapa federal del PJ, la mayor\u00eda de los gobernadores est\u00e1 a favor de la suspensi\u00f3n o la eliminaci\u00f3n de las primarias que han intentado en otros momentos. Los diputados que el jueves cuestionaron a Cristina cuando salieron de la votaci\u00f3n enumeraban la cantidad de mandatarios que ya le han pedido a CFK que se pronuncie en contra de las primarias.<\/p>\n\n\n\n<p>El FR est\u00e1 en distintos distritos del pa\u00eds, pero su presencia se concentra en la provincia de Buenos Aires. El a\u00f1o pasado el diputado bonaerense Rub\u00e9n Eslaiman, vicepresidente del bloque peronista de la Legislatura, ya hab\u00eda presentado un proyecto para suspender las PASO en la Provincia. Con eso se escudan los massistas para minimizar la jugada que promovieron en Diputados.<\/p>\n\n\n\n<p>La votaci\u00f3n dividida del panperonismo dispar\u00f3 inc\u00f3gnitas sobre el tr\u00e1mite que comenzar\u00e1 este mi\u00e9rcoles en la comisi\u00f3n de Asuntos Constitucionales del Senado, que hasta el a\u00f1o pasado presidi\u00f3 el exsenador Edgardo Kueider, hasta que fue detenido en Paraguay con 211.000 d\u00f3lares, guaran\u00edes y pesos argentinos sin declarar. La vice de la comisi\u00f3n es la tucumana Sandra Mendoza y responde a su compa\u00f1ero de bancada Juan Manzur, unido en forma esquiva con el gobernador Osvaldo Jaldo, que hace un a\u00f1o promovi\u00f3 la salida de sus tres diputados nacionales del bloque de UxP. Los tres integrantes del bloque Independencia votaron a favor de suspender las PASO y es posible que sus coterr\u00e1neos en la C\u00e1mara Alta sigan el mismo impulso.<\/p>\n\n\n\n<figure class=\"wp-block-image\"><img decoding=\"async\" src=\"https:\/\/www.tiempoar.com.ar\/wp-content\/uploads\/2024\/09\/Foto_20240926_victoria-villarroel-5-prensa-senado-1024x683.jpg\" alt=\"\" class=\"wp-image-817859\"\/><\/figure>\n\n\n\n<p><em>Foto: Prensa Senado<\/em><\/p>\n\n\n\n<p>El gobierno quiere llegar con la sanci\u00f3n de la suspensi\u00f3n antes del 21 y el tiempo aprieta porque en el Senado el reglamento obliga a esperar una semana despu\u00e9s de dictaminar. El pr\u00f3ximo 21 de este mes es la fecha final del per\u00edodo de extraordinarias que arranc\u00f3 el 20 de enero con dos semanas de inactividad. El oficialismo planea que Asuntos Constitucionales dictamine el mismo d\u00eda y convocar a la de Presupuesto el pr\u00f3ximo jueves para que siga el mismo impulso. Con la divisi\u00f3n del peronismo que se registr\u00f3 el jueves, habr\u00e1 un correlato similar en el Senado dentro del bloque conduce Jos\u00e9 Mayans, pero con una geograf\u00eda predeterminada por el cisma que estaba latente en la bancada presidida por Mart\u00ednez en Diputados.<\/p>\n\n\n\n<p>El factor com\u00fan ser\u00e1 el peso de los gobernadores que, al igual que el massismo, trabajan contra las primarias desde hace un lustro y ahora mantienen una relaci\u00f3n m\u00e1s estrecha con la Casa Rosada, despu\u00e9s de las negociaciones que tuvieron esta semana para sumar porotos para las PASO.&nbsp;<\/p>\n\n\n\n<p>En Diputados se esperaban 30 votos peronistas a favor de la suspensi\u00f3n. Hubo 25 que se dispararon despu\u00e9s de las firmas santiague\u00f1as y catamarque\u00f1as que bancaron, de distinto modo, el dictamen de mayor\u00eda que le permiti\u00f3 llegar al recinto el jueves. \u00bfSer\u00e1 la misma ruta que suceder\u00e1 en el Senado? Los gobernadores peronistas jugaron con la suspensi\u00f3n como habr\u00edan hecho con el Presupuesto 2025 que qued\u00f3 estancado en noviembre: primero definir en Diputados el resultado que buscar\u00e1n repetir en el Senado, donde los mandatarios pueden incidir con m\u00e1s determinaci\u00f3n, m\u00e1s all\u00e1 del duelo bonaerense entre Cristina y Axel y el intento de mediaci\u00f3n que impulsa el massismo con una media sanci\u00f3n bajo el brazo para borrar a las PASO que CFK promulg\u00f3 antes de finalizar su primer mandato presidencial.<\/p>\n","protected":false},"excerpt":{"rendered":"<p>La primera sesi\u00f3n del a\u00f1o en Diputados desnud\u00f3 hasta d\u00f3nde pueden llegar las diferencias dentro de un panperonismo que todav\u00eda no se recupera de la derrota electoral de 2023. Seguir con las PASO en pie es un debate interno que atraviesa al PJ hace cuatro a\u00f1os y este jueves recrudeci\u00f3 con fuerza y qued\u00f3 al [&hellip;]<\/p>\n","protected":false},"author":4,"featured_media":938,"comment_status":"open","ping_status":"open","sticky":false,"template":"","format":"standard","meta":{"footnotes":""},"categories":[18,22],"tags":[],"class_list":{"0":"post-937","1":"post","2":"type-post","3":"status-publish","4":"format-standard","5":"has-post-thumbnail","7":"category-nacionales","8":"category-politica"},"yoast_head":"<!-- This site is optimized with the Yoast SEO plugin v27.4 - https:\/\/yoast.com\/product\/yoast-seo-wordpress\/ -->\n<title>Se agudizan las tensiones en el peronismo luego del voto dividido por las PASO - Diario del Sur<\/title>\n<meta name=\"robots\" content=\"index, follow, max-snippet:-1, max-image-preview:large, max-video-preview:-1\" \/>\n<link rel=\"canonical\" href=\"https:\/\/diariodelsurdigital.com.ar\/?p=937\" \/>\n<meta property=\"og:locale\" content=\"es_ES\" \/>\n<meta property=\"og:type\" content=\"article\" \/>\n<meta property=\"og:title\" content=\"Se agudizan las tensiones en el peronismo luego del voto dividido por las PASO - Diario del Sur\" \/>\n<meta property=\"og:description\" content=\"La primera sesi\u00f3n del a\u00f1o en Diputados desnud\u00f3 hasta d\u00f3nde pueden llegar las diferencias dentro de un panperonismo que todav\u00eda no se recupera de la derrota electoral de 2023. Seguir con las PASO en pie es un debate interno que atraviesa al PJ hace cuatro a\u00f1os y este jueves recrudeci\u00f3 con fuerza y qued\u00f3 al [&hellip;]\" \/>\n<meta property=\"og:url\" content=\"https:\/\/diariodelsurdigital.com.ar\/?p=937\" \/>\n<meta property=\"og:site_name\" content=\"Diario del Sur\" \/>\n<meta property=\"article:published_time\" content=\"2025-02-10T15:28:21+00:00\" \/>\n<meta property=\"article:modified_time\" content=\"2025-02-10T15:28:22+00:00\" \/>\n<meta property=\"og:image\" content=\"https:\/\/diariodelsurdigital.com.ar\/wp-content\/uploads\/2025\/02\/diputados-votacion-foto-prensa-diputados-1.jpg\" \/>\n\t<meta property=\"og:image:width\" content=\"1200\" \/>\n\t<meta property=\"og:image:height\" content=\"800\" \/>\n\t<meta property=\"og:image:type\" content=\"image\/jpeg\" \/>\n<meta name=\"author\" content=\"Diario del Sur Digital\" \/>\n<meta name=\"twitter:card\" content=\"summary_large_image\" \/>\n<meta name=\"twitter:label1\" content=\"Escrito por\" \/>\n\t<meta name=\"twitter:data1\" content=\"Diario del Sur Digital\" \/>\n\t<meta name=\"twitter:label2\" content=\"Tiempo de lectura\" \/>\n\t<meta name=\"twitter:data2\" content=\"8 minutos\" \/>\n<script type=\"application\/ld+json\" class=\"yoast-schema-graph\">{\"@context\":\"https:\\\/\\\/schema.org\",\"@graph\":[{\"@type\":\"Article\",\"@id\":\"https:\\\/\\\/diariodelsurdigital.com.ar\\\/?p=937#article\",\"isPartOf\":{\"@id\":\"https:\\\/\\\/diariodelsurdigital.com.ar\\\/?p=937\"},\"author\":{\"name\":\"Diario del Sur Digital\",\"@id\":\"https:\\\/\\\/diariodelsurdigital.com.ar\\\/#\\\/schema\\\/person\\\/1a4992532ed62965c968031b49195c81\"},\"headline\":\"Se agudizan las tensiones en el peronismo luego del voto dividido por las PASO\",\"datePublished\":\"2025-02-10T15:28:21+00:00\",\"dateModified\":\"2025-02-10T15:28:22+00:00\",\"mainEntityOfPage\":{\"@id\":\"https:\\\/\\\/diariodelsurdigital.com.ar\\\/?p=937\"},\"wordCount\":1562,\"commentCount\":0,\"image\":{\"@id\":\"https:\\\/\\\/diariodelsurdigital.com.ar\\\/?p=937#primaryimage\"},\"thumbnailUrl\":\"https:\\\/\\\/diariodelsurdigital.com.ar\\\/wp-content\\\/uploads\\\/2025\\\/02\\\/diputados-votacion-foto-prensa-diputados-1.jpg\",\"articleSection\":[\"Nacionales\",\"Pol\u00edtica\"],\"inLanguage\":\"es\",\"potentialAction\":[{\"@type\":\"CommentAction\",\"name\":\"Comment\",\"target\":[\"https:\\\/\\\/diariodelsurdigital.com.ar\\\/?p=937#respond\"]}]},{\"@type\":\"WebPage\",\"@id\":\"https:\\\/\\\/diariodelsurdigital.com.ar\\\/?p=937\",\"url\":\"https:\\\/\\\/diariodelsurdigital.com.ar\\\/?p=937\",\"name\":\"Se agudizan las tensiones en el peronismo luego del voto dividido por las PASO - Diario del Sur\",\"isPartOf\":{\"@id\":\"https:\\\/\\\/diariodelsurdigital.com.ar\\\/#website\"},\"primaryImageOfPage\":{\"@id\":\"https:\\\/\\\/diariodelsurdigital.com.ar\\\/?p=937#primaryimage\"},\"image\":{\"@id\":\"https:\\\/\\\/diariodelsurdigital.com.ar\\\/?p=937#primaryimage\"},\"thumbnailUrl\":\"https:\\\/\\\/diariodelsurdigital.com.ar\\\/wp-content\\\/uploads\\\/2025\\\/02\\\/diputados-votacion-foto-prensa-diputados-1.jpg\",\"datePublished\":\"2025-02-10T15:28:21+00:00\",\"dateModified\":\"2025-02-10T15:28:22+00:00\",\"author\":{\"@id\":\"https:\\\/\\\/diariodelsurdigital.com.ar\\\/#\\\/schema\\\/person\\\/1a4992532ed62965c968031b49195c81\"},\"breadcrumb\":{\"@id\":\"https:\\\/\\\/diariodelsurdigital.com.ar\\\/?p=937#breadcrumb\"},\"inLanguage\":\"es\",\"potentialAction\":[{\"@type\":\"ReadAction\",\"target\":[\"https:\\\/\\\/diariodelsurdigital.com.ar\\\/?p=937\"]}]},{\"@type\":\"ImageObject\",\"inLanguage\":\"es\",\"@id\":\"https:\\\/\\\/diariodelsurdigital.com.ar\\\/?p=937#primaryimage\",\"url\":\"https:\\\/\\\/diariodelsurdigital.com.ar\\\/wp-content\\\/uploads\\\/2025\\\/02\\\/diputados-votacion-foto-prensa-diputados-1.jpg\",\"contentUrl\":\"https:\\\/\\\/diariodelsurdigital.com.ar\\\/wp-content\\\/uploads\\\/2025\\\/02\\\/diputados-votacion-foto-prensa-diputados-1.jpg\",\"width\":1200,\"height\":800},{\"@type\":\"BreadcrumbList\",\"@id\":\"https:\\\/\\\/diariodelsurdigital.com.ar\\\/?p=937#breadcrumb\",\"itemListElement\":[{\"@type\":\"ListItem\",\"position\":1,\"name\":\"Portada\",\"item\":\"https:\\\/\\\/diariodelsurdigital.com.ar\\\/\"},{\"@type\":\"ListItem\",\"position\":2,\"name\":\"Se agudizan las tensiones en el peronismo luego del voto dividido por las PASO\"}]},{\"@type\":\"WebSite\",\"@id\":\"https:\\\/\\\/diariodelsurdigital.com.ar\\\/#website\",\"url\":\"https:\\\/\\\/diariodelsurdigital.com.ar\\\/\",\"name\":\"Diario del Sur\",\"description\":\"Digital\",\"potentialAction\":[{\"@type\":\"SearchAction\",\"target\":{\"@type\":\"EntryPoint\",\"urlTemplate\":\"https:\\\/\\\/diariodelsurdigital.com.ar\\\/?s={search_term_string}\"},\"query-input\":{\"@type\":\"PropertyValueSpecification\",\"valueRequired\":true,\"valueName\":\"search_term_string\"}}],\"inLanguage\":\"es\"},{\"@type\":\"Person\",\"@id\":\"https:\\\/\\\/diariodelsurdigital.com.ar\\\/#\\\/schema\\\/person\\\/1a4992532ed62965c968031b49195c81\",\"name\":\"Diario del Sur Digital\",\"image\":{\"@type\":\"ImageObject\",\"inLanguage\":\"es\",\"@id\":\"https:\\\/\\\/secure.gravatar.com\\\/avatar\\\/f0c7c47fc7146d19828273b9b8eda651c9c7ab583767e6338d3d3bee825adf76?s=96&d=mm&r=g\",\"url\":\"https:\\\/\\\/secure.gravatar.com\\\/avatar\\\/f0c7c47fc7146d19828273b9b8eda651c9c7ab583767e6338d3d3bee825adf76?s=96&d=mm&r=g\",\"contentUrl\":\"https:\\\/\\\/secure.gravatar.com\\\/avatar\\\/f0c7c47fc7146d19828273b9b8eda651c9c7ab583767e6338d3d3bee825adf76?s=96&d=mm&r=g\",\"caption\":\"Diario del Sur Digital\"},\"url\":\"https:\\\/\\\/diariodelsurdigital.com.ar\\\/?author=4\"}]}<\/script>\n<!-- \/ Yoast SEO plugin. -->","yoast_head_json":{"title":"Se agudizan las tensiones en el peronismo luego del voto dividido por las PASO - Diario del Sur","robots":{"index":"index","follow":"follow","max-snippet":"max-snippet:-1","max-image-preview":"max-image-preview:large","max-video-preview":"max-video-preview:-1"},"canonical":"https:\/\/diariodelsurdigital.com.ar\/?p=937","og_locale":"es_ES","og_type":"article","og_title":"Se agudizan las tensiones en el peronismo luego del voto dividido por las PASO - Diario del Sur","og_description":"La primera sesi\u00f3n del a\u00f1o en Diputados desnud\u00f3 hasta d\u00f3nde pueden llegar las diferencias dentro de un panperonismo que todav\u00eda no se recupera de la derrota electoral de 2023. Seguir con las PASO en pie es un debate interno que atraviesa al PJ hace cuatro a\u00f1os y este jueves recrudeci\u00f3 con fuerza y qued\u00f3 al [&hellip;]","og_url":"https:\/\/diariodelsurdigital.com.ar\/?p=937","og_site_name":"Diario del Sur","article_published_time":"2025-02-10T15:28:21+00:00","article_modified_time":"2025-02-10T15:28:22+00:00","og_image":[{"width":1200,"height":800,"url":"https:\/\/diariodelsurdigital.com.ar\/wp-content\/uploads\/2025\/02\/diputados-votacion-foto-prensa-diputados-1.jpg","type":"image\/jpeg"}],"author":"Diario del Sur Digital","twitter_card":"summary_large_image","twitter_misc":{"Escrito por":"Diario del Sur Digital","Tiempo de lectura":"8 minutos"},"schema":{"@context":"https:\/\/schema.org","@graph":[{"@type":"Article","@id":"https:\/\/diariodelsurdigital.com.ar\/?p=937#article","isPartOf":{"@id":"https:\/\/diariodelsurdigital.com.ar\/?p=937"},"author":{"name":"Diario del Sur Digital","@id":"https:\/\/diariodelsurdigital.com.ar\/#\/schema\/person\/1a4992532ed62965c968031b49195c81"},"headline":"Se agudizan las tensiones en el peronismo luego del voto dividido por las PASO","datePublished":"2025-02-10T15:28:21+00:00","dateModified":"2025-02-10T15:28:22+00:00","mainEntityOfPage":{"@id":"https:\/\/diariodelsurdigital.com.ar\/?p=937"},"wordCount":1562,"commentCount":0,"image":{"@id":"https:\/\/diariodelsurdigital.com.ar\/?p=937#primaryimage"},"thumbnailUrl":"https:\/\/diariodelsurdigital.com.ar\/wp-content\/uploads\/2025\/02\/diputados-votacion-foto-prensa-diputados-1.jpg","articleSection":["Nacionales","Pol\u00edtica"],"inLanguage":"es","potentialAction":[{"@type":"CommentAction","name":"Comment","target":["https:\/\/diariodelsurdigital.com.ar\/?p=937#respond"]}]},{"@type":"WebPage","@id":"https:\/\/diariodelsurdigital.com.ar\/?p=937","url":"https:\/\/diariodelsurdigital.com.ar\/?p=937","name":"Se agudizan las tensiones en el peronismo luego del voto dividido por las PASO - Diario del Sur","isPartOf":{"@id":"https:\/\/diariodelsurdigital.com.ar\/#website"},"primaryImageOfPage":{"@id":"https:\/\/diariodelsurdigital.com.ar\/?p=937#primaryimage"},"image":{"@id":"https:\/\/diariodelsurdigital.com.ar\/?p=937#primaryimage"},"thumbnailUrl":"https:\/\/diariodelsurdigital.com.ar\/wp-content\/uploads\/2025\/02\/diputados-votacion-foto-prensa-diputados-1.jpg","datePublished":"2025-02-10T15:28:21+00:00","dateModified":"2025-02-10T15:28:22+00:00","author":{"@id":"https:\/\/diariodelsurdigital.com.ar\/#\/schema\/person\/1a4992532ed62965c968031b49195c81"},"breadcrumb":{"@id":"https:\/\/diariodelsurdigital.com.ar\/?p=937#breadcrumb"},"inLanguage":"es","potentialAction":[{"@type":"ReadAction","target":["https:\/\/diariodelsurdigital.com.ar\/?p=937"]}]},{"@type":"ImageObject","inLanguage":"es","@id":"https:\/\/diariodelsurdigital.com.ar\/?p=937#primaryimage","url":"https:\/\/diariodelsurdigital.com.ar\/wp-content\/uploads\/2025\/02\/diputados-votacion-foto-prensa-diputados-1.jpg","contentUrl":"https:\/\/diariodelsurdigital.com.ar\/wp-content\/uploads\/2025\/02\/diputados-votacion-foto-prensa-diputados-1.jpg","width":1200,"height":800},{"@type":"BreadcrumbList","@id":"https:\/\/diariodelsurdigital.com.ar\/?p=937#breadcrumb","itemListElement":[{"@type":"ListItem","position":1,"name":"Portada","item":"https:\/\/diariodelsurdigital.com.ar\/"},{"@type":"ListItem","position":2,"name":"Se agudizan las tensiones en el peronismo luego del voto dividido por las PASO"}]},{"@type":"WebSite","@id":"https:\/\/diariodelsurdigital.com.ar\/#website","url":"https:\/\/diariodelsurdigital.com.ar\/","name":"Diario del Sur","description":"Digital","potentialAction":[{"@type":"SearchAction","target":{"@type":"EntryPoint","urlTemplate":"https:\/\/diariodelsurdigital.com.ar\/?s={search_term_string}"},"query-input":{"@type":"PropertyValueSpecification","valueRequired":true,"valueName":"search_term_string"}}],"inLanguage":"es"},{"@type":"Person","@id":"https:\/\/diariodelsurdigital.com.ar\/#\/schema\/person\/1a4992532ed62965c968031b49195c81","name":"Diario del Sur Digital","image":{"@type":"ImageObject","inLanguage":"es","@id":"https:\/\/secure.gravatar.com\/avatar\/f0c7c47fc7146d19828273b9b8eda651c9c7ab583767e6338d3d3bee825adf76?s=96&d=mm&r=g","url":"https:\/\/secure.gravatar.com\/avatar\/f0c7c47fc7146d19828273b9b8eda651c9c7ab583767e6338d3d3bee825adf76?s=96&d=mm&r=g","contentUrl":"https:\/\/secure.gravatar.com\/avatar\/f0c7c47fc7146d19828273b9b8eda651c9c7ab583767e6338d3d3bee825adf76?s=96&d=mm&r=g","caption":"Diario del Sur Digital"},"url":"https:\/\/diariodelsurdigital.com.ar\/?author=4"}]}},"_links":{"self":[{"href":"https:\/\/diariodelsurdigital.com.ar\/index.php?rest_route=\/wp\/v2\/posts\/937","targetHints":{"allow":["GET"]}}],"collection":[{"href":"https:\/\/diariodelsurdigital.com.ar\/index.php?rest_route=\/wp\/v2\/posts"}],"about":[{"href":"https:\/\/diariodelsurdigital.com.ar\/index.php?rest_route=\/wp\/v2\/types\/post"}],"author":[{"embeddable":true,"href":"https:\/\/diariodelsurdigital.com.ar\/index.php?rest_route=\/wp\/v2\/users\/4"}],"replies":[{"embeddable":true,"href":"https:\/\/diariodelsurdigital.com.ar\/index.php?rest_route=%2Fwp%2Fv2%2Fcomments&post=937"}],"version-history":[{"count":1,"href":"https:\/\/diariodelsurdigital.com.ar\/index.php?rest_route=\/wp\/v2\/posts\/937\/revisions"}],"predecessor-version":[{"id":939,"href":"https:\/\/diariodelsurdigital.com.ar\/index.php?rest_route=\/wp\/v2\/posts\/937\/revisions\/939"}],"wp:featuredmedia":[{"embeddable":true,"href":"https:\/\/diariodelsurdigital.com.ar\/index.php?rest_route=\/wp\/v2\/media\/938"}],"wp:attachment":[{"href":"https:\/\/diariodelsurdigital.com.ar\/index.php?rest_route=%2Fwp%2Fv2%2Fmedia&parent=937"}],"wp:term":[{"taxonomy":"category","embeddable":true,"href":"https:\/\/diariodelsurdigital.com.ar\/index.php?rest_route=%2Fwp%2Fv2%2Fcategories&post=937"},{"taxonomy":"post_tag","embeddable":true,"href":"https:\/\/diariodelsurdigital.com.ar\/index.php?rest_route=%2Fwp%2Fv2%2Ftags&post=937"}],"curies":[{"name":"wp","href":"https:\/\/api.w.org\/{rel}","templated":true}]}}