{"id":946,"date":"2025-02-10T12:33:55","date_gmt":"2025-02-10T15:33:55","guid":{"rendered":"https:\/\/diariodelsurdigital.com.ar\/?p=946"},"modified":"2025-02-10T12:33:56","modified_gmt":"2025-02-10T15:33:56","slug":"el-bolson-el-fuego-amenaza-y-las-autoridades-proponen-militarizar-la-zona","status":"publish","type":"post","link":"https:\/\/diariodelsurdigital.com.ar\/?p=946","title":{"rendered":"El Bols\u00f3n: el fuego amenaza y las autoridades proponen militarizar la zona"},"content":{"rendered":"\n<p>Mientras el pueblo y los brigadistas de El Bols\u00f3n alistaban ayer las defensas ante lo que se prev\u00e9 ser\u00e1n dos d\u00edas de intensos vientos que alimentar\u00e1n el fuego sobre chacras y barrios poblados entre domingo y lunes, el Poder Judicial ya tuvo que dejar en libertad a nueve de las diez personas detenidas hasta ahora en su b\u00fasqueda desenfrenada por un pir\u00f3mano al que culpar lo antes posible. Y como si fuera poco, el intendente local Bruno Pogliano revel\u00f3 que el hasta ahora ausente Gobierno nacional analiza la militarizaci\u00f3n de la Seguridad y el control poblacional y territorial de las zonas afectadas por el incendio forestal iniciado hace once d\u00edas.<\/p>\n\n\n\n<p>El alarmante anuncio de una inminente militarizaci\u00f3n de El Bols\u00f3n revelada por el propio intendente, pas\u00f3 inadvertida durante una conferencia de prensa realizada el viernes por la ma\u00f1ana, en la cual insisti\u00f3 en que la zona se encuentra bajo un ataque&nbsp; terrorista, cuya pertenencia ideol\u00f3gica y objetivos desconoce.<\/p>\n\n\n\n<figure class=\"wp-block-image\"><img decoding=\"async\" src=\"https:\/\/www.tiempoar.com.ar\/wp-content\/uploads\/2025\/02\/Incendio-en-Mallin-foto-Alejandro-Otero-780.jpg\" alt=\"\" class=\"wp-image-870030\"\/><\/figure>\n\n\n\n<p><em>Foto: Alejandro-Otero<\/em><\/p>\n\n\n\n<p>\u201cEntiendo que la presencia del Ej\u00e9rcito en el territorio haciendo control y seguridad interior es una decisi\u00f3n que debe tomar por estos d\u00edas la ministra de Seguridad Patricia Bullrich\u201d, respondi\u00f3, cuando lo consultaron sobre la presencia de militares en la ciudad.<\/p>\n\n\n\n<p>El intendente igual fue m\u00e1s all\u00e1 y tom\u00f3 posici\u00f3n: \u201cEntiendo que todo aquello que contribuya a la Seguridad sirve y suma\u201d, enfatiz\u00f3 con discurso libertario y sin conocer que las Fuerzas Armadas tienen expresamente vedada la intervenci\u00f3n interna por imperio de las leyes de Defensa Nacional y Seguridad Interior.<\/p>\n\n\n\n<figure class=\"wp-block-image\"><img decoding=\"async\" src=\"https:\/\/www.tiempoar.com.ar\/wp-content\/uploads\/2025\/02\/incendio-mallin-foto-Alejandro-Otero.jpg\" alt=\"\" class=\"wp-image-870048\"\/><\/figure>\n\n\n\n<p><em>Foto: Alejandro Otero<\/em><\/p>\n\n\n\n<p>El aval del intendente a la militarizaci\u00f3n de la Seguridad en el Bols\u00f3n lleg\u00f3 luego de un largo comentario de varios minutos en los que insisti\u00f3 con su idea del ataque terrorista, con el solo argumento de que el incendio busca infligir miedo en la poblaci\u00f3n. Como si primero hubiera insistido con las causas (terrorismo) que desatan las consecuencias (militarizaci\u00f3n). Tambi\u00e9n revel\u00f3 que hab\u00eda llegado \u201cun equipo de clasificadores\u201d del Ej\u00e9rcito para la enorme cantidad de donaciones acumuladas en el Polideportivo municipal, aunque no precis\u00f3 a que batall\u00f3n podr\u00eda pertenecer ese singular comando.<\/p>\n\n\n\n<p>Esta nueva escalada discursiva oficial se convirti\u00f3 en el pico m\u00e1ximo de una narrativa de car\u00e1cter violento que desde el minuto cero del incendio llevaron adelante Pogliano y el gobernador Alberto Weretilneck a trav\u00e9s de redes sociales y medios afines, en la construcci\u00f3n de un enemigo p\u00fablico siempre difuso y acechante, cuyo objetivo ser\u00eda destruir el modo de vida de los rionegrinos de bien.<\/p>\n\n\n\n<figure class=\"wp-block-image\"><img decoding=\"async\" src=\"https:\/\/www.tiempoar.com.ar\/wp-content\/uploads\/2025\/02\/Incendio-en-Mallin-foto-Alejandro-Otero-778.jpg\" alt=\"\" class=\"wp-image-870028\"\/><\/figure>\n\n\n\n<p><em>Foto: Alejandro-Otero<\/em><\/p>\n\n\n\n<p>Ese discurso tuvo una traducci\u00f3n material el jueves, cuando jinetes de una patota ligada al municipio y a Lago Escondido atacaron con palos, rebenques y facones a una veintena de personas que reclamaba la libertad de tres detenidos el d\u00eda anterior. Sucedi\u00f3 en la Comisar\u00eda de El Bols\u00f3n y a pocos metros del despacho del intendente, quien demor\u00f3 dos d\u00edas en repudiar \u201clos actos de violencia\u201d, y s\u00f3lo cuando le preguntaron.<\/p>\n\n\n\n<p>El s\u00e1bado, el juez de Garant\u00edas de Bariloche, Ricardo Calcagno, debi\u00f3 ordenar la liberaci\u00f3n de las cuatro personas arrestadas el jueves en la vecina localidad de El Hoyo, Chubut, y de otras dos de la misma localidad que tambi\u00e9n hab\u00eda ordenado capturar a pedido del fiscal Francisco Arrien. Y lo hizo en una audiencia en la que calific\u00f3 en t\u00e9rminos muy negativos y severos el trabajo de Arrien, y de su jefe el fiscal general de Bariloche, Mart\u00edn Lozada.<\/p>\n\n\n\n<figure class=\"wp-block-image\"><img decoding=\"async\" src=\"https:\/\/www.tiempoar.com.ar\/wp-content\/uploads\/2025\/02\/Incendio-en-Mallin-foto-Alejandro-Otero-785.jpg\" alt=\"\" class=\"wp-image-870035\"\/><\/figure>\n\n\n\n<p><em>Foto: Alejandro-Otero<\/em><\/p>\n\n\n\n<p>Calcagno los acus\u00f3 de no haber realizado un esfuerzo investigativo, de acusar por la mera sospecha sin verificar hechos, desliz\u00f3 que violentaron el principio de inocencia, que se guiaron apenas por declaraciones sin verificaci\u00f3n, entre otros muy duros se\u00f1alamientos. En ambos fiscales se observaba un gesto desencajado ante las reprimendas que el juez lanzaba en una audiencia realizada v\u00eda Zoom.<\/p>\n\n\n\n<p>Desde el comienzo del incendio, Arrien orden\u00f3 arrestar a diez personas en base a declaraciones de terceros que los se\u00f1alaban merodeando en la zona del fuego. En todos los casos se trataba de vecinos voluntarios en la lucha contra las llamas, o en la l\u00ednea de fuego o en la log\u00edstica de asistencia a los brigadistas.<\/p>\n\n\n\n<figure class=\"wp-block-image\"><img decoding=\"async\" src=\"https:\/\/www.tiempoar.com.ar\/wp-content\/uploads\/2025\/02\/Incendio-en-Mallin-foto-Alejandro-Otero-784.jpg\" alt=\"\" class=\"wp-image-870034\"\/><\/figure>\n\n\n\n<p><em>Foto: Alejandro-Otero<\/em><\/p>\n\n\n\n<p>Por ahora s\u00f3lo permanece imputado y con un mes de prisi\u00f3n preventiva el trabajador golondrina oriundo de localidad neuquina de Senillosa, Nicol\u00e1s Heredia, de 22 a\u00f1os, quien realizaba trabajos eventuales de la temporada tur\u00edstica, y que se sum\u00f3 a los brigadistas cundo estall\u00f3 el incendio.<\/p>\n\n\n\n<p>Heredia, a quien las organizaciones locales ya comienzan a identificar como un preso pol\u00edtico, es el m\u00e1s vulnerable de los perseguidos, al carecer de v\u00ednculos, familia o amigos en la Comarca para formar un cerco en su defensa. El \u00fanico preso es el m\u00e1s d\u00e9bil.<\/p>\n\n\n\n<p>En un comienzo, la cacer\u00eda de falsos pir\u00f3manos fue celebrada p\u00fablica y reiteradamente por el gobernador Weretilneck y el intendente Pogliano, quienes con suma imprudencia festejaban que la justicia hubiera identificado y arrestado a los culpables del incendio. Casi como funcionales el uno para el otro, durante la semana anunciaban cada d\u00eda los supuestos logros de la investigaci\u00f3n judicial, pese al secreto sumarial.<\/p>\n\n\n\n<figure class=\"wp-block-image\"><img decoding=\"async\" src=\"https:\/\/www.tiempoar.com.ar\/wp-content\/uploads\/2025\/02\/Incendio-en-Mallin-foto-Alejandro-Otero-789.jpg\" alt=\"\" class=\"wp-image-870038\"\/><\/figure>\n\n\n\n<p><em>Foto: Alejandro-Otero<\/em><\/p>\n\n\n\n<p>El clima no ayuda<\/p>\n\n\n\n<p>Sin culpables reales a la vista y con la amenaza de una militarizaci\u00f3n de El Bols\u00f3n, los habitantes de la ciudad se preparan para dos d\u00edas bajo condiciones clim\u00e1ticas tan adversas que hasta podr\u00edan empujar las llamas hacia adentro de la ciudad. Se esperan para este domingo y el lunes temperaturas en torno de los 30 grados, humedad por debajo del 20% y vientos con r\u00e1fagas de 80 kil\u00f3metros por hora. Tambi\u00e9n est\u00e1 anunciada la probabilidad de lluvias leves entre la noche del domingo y la madrugada del lunes.<\/p>\n\n\n\n<p>Hasta el pasado viernes al mediod\u00eda, el incendio se alejaba de zonas pobladas y&nbsp;&nbsp; cuesta arriba hacia la Cordillera. Pero el viento cambi\u00f3 de rumbo y aument\u00f3 su intensidad lo suficiente como para traer las llamas de nuevo hacia el sureste, con rumbo a la ciudad. Por la tarde se orden\u00f3 la evacuaci\u00f3n preventiva de los habitantes del R\u00edo Azul y del barrio popular llamado \u201cLoma del Medio\u201d, donde residen entre 700 y 800 familias.<\/p>\n\n\n\n<figure class=\"wp-block-image\"><img decoding=\"async\" src=\"https:\/\/www.tiempoar.com.ar\/wp-content\/uploads\/2025\/02\/Incendio-en-Mallin-foto-Alejandro-Otero-782.jpg\" alt=\"\" class=\"wp-image-870032\"\/><\/figure>\n\n\n\n<p><em>Foto: Alejandro-Otero<\/em><\/p>\n\n\n\n<p>Ayer no hubo pr\u00e1cticamente vientos por lo que los brigadistas, los aviones y los helic\u00f3pteros trabajaron principalmente para erigir posiciones defensivas ante el potente avance de las llamas previsto para lunes y martes.<\/p>\n\n\n\n<p>Tambi\u00e9n se pusieron en estado de alerta los trabajadores del Hospital P\u00fablico, que desplegaron postas sanitarias en las inmediaciones de cada foco. En sinton\u00eda, lo hizo la enorme red de solidaridad montada por las organizaciones populares de toda la Comarca para sostener la log\u00edstica de retaguardia que debe garantizar alimentaci\u00f3n, hidrataci\u00f3n y cuidado de los 400 brigadistas voluntarios que est\u00e1n en la monta\u00f1a.<\/p>\n\n\n\n<p>Sobre ellos y sobre los bomberos y los brigadistas provenientes de todo el pa\u00eds, es que recae el enorme esfuerzo de combatir el incendio forestal que sufre esta parte de la Patagonia.<\/p>\n","protected":false},"excerpt":{"rendered":"<p>Mientras el pueblo y los brigadistas de El Bols\u00f3n alistaban ayer las defensas ante lo que se prev\u00e9 ser\u00e1n dos d\u00edas de intensos vientos que alimentar\u00e1n el fuego sobre chacras y barrios poblados entre domingo y lunes, el Poder Judicial ya tuvo que dejar en libertad a nueve de las diez personas detenidas hasta ahora [&hellip;]<\/p>\n","protected":false},"author":4,"featured_media":947,"comment_status":"open","ping_status":"open","sticky":false,"template":"","format":"standard","meta":{"footnotes":""},"categories":[19,18],"tags":[],"class_list":{"0":"post-946","1":"post","2":"type-post","3":"status-publish","4":"format-standard","5":"has-post-thumbnail","7":"category-interes-general","8":"category-nacionales"},"yoast_head":"<!-- This site is optimized with the Yoast SEO plugin v27.4 - https:\/\/yoast.com\/product\/yoast-seo-wordpress\/ -->\n<title>El Bols\u00f3n: el fuego amenaza y las autoridades proponen militarizar la zona - Diario del Sur<\/title>\n<meta name=\"robots\" content=\"index, follow, max-snippet:-1, max-image-preview:large, max-video-preview:-1\" \/>\n<link rel=\"canonical\" href=\"https:\/\/diariodelsurdigital.com.ar\/?p=946\" \/>\n<meta property=\"og:locale\" content=\"es_ES\" \/>\n<meta property=\"og:type\" content=\"article\" \/>\n<meta property=\"og:title\" content=\"El Bols\u00f3n: el fuego amenaza y las autoridades proponen militarizar la zona - Diario del Sur\" \/>\n<meta property=\"og:description\" content=\"Mientras el pueblo y los brigadistas de El Bols\u00f3n alistaban ayer las defensas ante lo que se prev\u00e9 ser\u00e1n dos d\u00edas de intensos vientos que alimentar\u00e1n el fuego sobre chacras y barrios poblados entre domingo y lunes, el Poder Judicial ya tuvo que dejar en libertad a nueve de las diez personas detenidas hasta ahora [&hellip;]\" \/>\n<meta property=\"og:url\" content=\"https:\/\/diariodelsurdigital.com.ar\/?p=946\" \/>\n<meta property=\"og:site_name\" content=\"Diario del Sur\" \/>\n<meta property=\"article:published_time\" content=\"2025-02-10T15:33:55+00:00\" \/>\n<meta property=\"article:modified_time\" content=\"2025-02-10T15:33:56+00:00\" \/>\n<meta property=\"og:image\" content=\"https:\/\/diariodelsurdigital.com.ar\/wp-content\/uploads\/2025\/02\/incendio-mallin4-foto-Alejandro-Otero.jpg\" \/>\n\t<meta property=\"og:image:width\" content=\"1200\" \/>\n\t<meta property=\"og:image:height\" content=\"800\" \/>\n\t<meta property=\"og:image:type\" content=\"image\/jpeg\" \/>\n<meta name=\"author\" content=\"Diario del Sur Digital\" \/>\n<meta name=\"twitter:card\" content=\"summary_large_image\" \/>\n<meta name=\"twitter:label1\" content=\"Escrito por\" \/>\n\t<meta name=\"twitter:data1\" content=\"Diario del Sur Digital\" \/>\n\t<meta name=\"twitter:label2\" content=\"Tiempo de lectura\" \/>\n\t<meta name=\"twitter:data2\" content=\"7 minutos\" \/>\n<script type=\"application\/ld+json\" class=\"yoast-schema-graph\">{\"@context\":\"https:\\\/\\\/schema.org\",\"@graph\":[{\"@type\":\"Article\",\"@id\":\"https:\\\/\\\/diariodelsurdigital.com.ar\\\/?p=946#article\",\"isPartOf\":{\"@id\":\"https:\\\/\\\/diariodelsurdigital.com.ar\\\/?p=946\"},\"author\":{\"name\":\"Diario del Sur Digital\",\"@id\":\"https:\\\/\\\/diariodelsurdigital.com.ar\\\/#\\\/schema\\\/person\\\/1a4992532ed62965c968031b49195c81\"},\"headline\":\"El Bols\u00f3n: el fuego amenaza y las autoridades proponen militarizar la zona\",\"datePublished\":\"2025-02-10T15:33:55+00:00\",\"dateModified\":\"2025-02-10T15:33:56+00:00\",\"mainEntityOfPage\":{\"@id\":\"https:\\\/\\\/diariodelsurdigital.com.ar\\\/?p=946\"},\"wordCount\":1233,\"commentCount\":0,\"image\":{\"@id\":\"https:\\\/\\\/diariodelsurdigital.com.ar\\\/?p=946#primaryimage\"},\"thumbnailUrl\":\"https:\\\/\\\/diariodelsurdigital.com.ar\\\/wp-content\\\/uploads\\\/2025\\\/02\\\/incendio-mallin4-foto-Alejandro-Otero.jpg\",\"articleSection\":[\"Inter\u00e9s General\",\"Nacionales\"],\"inLanguage\":\"es\",\"potentialAction\":[{\"@type\":\"CommentAction\",\"name\":\"Comment\",\"target\":[\"https:\\\/\\\/diariodelsurdigital.com.ar\\\/?p=946#respond\"]}]},{\"@type\":\"WebPage\",\"@id\":\"https:\\\/\\\/diariodelsurdigital.com.ar\\\/?p=946\",\"url\":\"https:\\\/\\\/diariodelsurdigital.com.ar\\\/?p=946\",\"name\":\"El Bols\u00f3n: el fuego amenaza y las autoridades proponen militarizar la zona - Diario del Sur\",\"isPartOf\":{\"@id\":\"https:\\\/\\\/diariodelsurdigital.com.ar\\\/#website\"},\"primaryImageOfPage\":{\"@id\":\"https:\\\/\\\/diariodelsurdigital.com.ar\\\/?p=946#primaryimage\"},\"image\":{\"@id\":\"https:\\\/\\\/diariodelsurdigital.com.ar\\\/?p=946#primaryimage\"},\"thumbnailUrl\":\"https:\\\/\\\/diariodelsurdigital.com.ar\\\/wp-content\\\/uploads\\\/2025\\\/02\\\/incendio-mallin4-foto-Alejandro-Otero.jpg\",\"datePublished\":\"2025-02-10T15:33:55+00:00\",\"dateModified\":\"2025-02-10T15:33:56+00:00\",\"author\":{\"@id\":\"https:\\\/\\\/diariodelsurdigital.com.ar\\\/#\\\/schema\\\/person\\\/1a4992532ed62965c968031b49195c81\"},\"breadcrumb\":{\"@id\":\"https:\\\/\\\/diariodelsurdigital.com.ar\\\/?p=946#breadcrumb\"},\"inLanguage\":\"es\",\"potentialAction\":[{\"@type\":\"ReadAction\",\"target\":[\"https:\\\/\\\/diariodelsurdigital.com.ar\\\/?p=946\"]}]},{\"@type\":\"ImageObject\",\"inLanguage\":\"es\",\"@id\":\"https:\\\/\\\/diariodelsurdigital.com.ar\\\/?p=946#primaryimage\",\"url\":\"https:\\\/\\\/diariodelsurdigital.com.ar\\\/wp-content\\\/uploads\\\/2025\\\/02\\\/incendio-mallin4-foto-Alejandro-Otero.jpg\",\"contentUrl\":\"https:\\\/\\\/diariodelsurdigital.com.ar\\\/wp-content\\\/uploads\\\/2025\\\/02\\\/incendio-mallin4-foto-Alejandro-Otero.jpg\",\"width\":1200,\"height\":800},{\"@type\":\"BreadcrumbList\",\"@id\":\"https:\\\/\\\/diariodelsurdigital.com.ar\\\/?p=946#breadcrumb\",\"itemListElement\":[{\"@type\":\"ListItem\",\"position\":1,\"name\":\"Portada\",\"item\":\"https:\\\/\\\/diariodelsurdigital.com.ar\\\/\"},{\"@type\":\"ListItem\",\"position\":2,\"name\":\"El Bols\u00f3n: el fuego amenaza y las autoridades proponen militarizar la zona\"}]},{\"@type\":\"WebSite\",\"@id\":\"https:\\\/\\\/diariodelsurdigital.com.ar\\\/#website\",\"url\":\"https:\\\/\\\/diariodelsurdigital.com.ar\\\/\",\"name\":\"Diario del Sur\",\"description\":\"Digital\",\"potentialAction\":[{\"@type\":\"SearchAction\",\"target\":{\"@type\":\"EntryPoint\",\"urlTemplate\":\"https:\\\/\\\/diariodelsurdigital.com.ar\\\/?s={search_term_string}\"},\"query-input\":{\"@type\":\"PropertyValueSpecification\",\"valueRequired\":true,\"valueName\":\"search_term_string\"}}],\"inLanguage\":\"es\"},{\"@type\":\"Person\",\"@id\":\"https:\\\/\\\/diariodelsurdigital.com.ar\\\/#\\\/schema\\\/person\\\/1a4992532ed62965c968031b49195c81\",\"name\":\"Diario del Sur Digital\",\"image\":{\"@type\":\"ImageObject\",\"inLanguage\":\"es\",\"@id\":\"https:\\\/\\\/secure.gravatar.com\\\/avatar\\\/f0c7c47fc7146d19828273b9b8eda651c9c7ab583767e6338d3d3bee825adf76?s=96&d=mm&r=g\",\"url\":\"https:\\\/\\\/secure.gravatar.com\\\/avatar\\\/f0c7c47fc7146d19828273b9b8eda651c9c7ab583767e6338d3d3bee825adf76?s=96&d=mm&r=g\",\"contentUrl\":\"https:\\\/\\\/secure.gravatar.com\\\/avatar\\\/f0c7c47fc7146d19828273b9b8eda651c9c7ab583767e6338d3d3bee825adf76?s=96&d=mm&r=g\",\"caption\":\"Diario del Sur Digital\"},\"url\":\"https:\\\/\\\/diariodelsurdigital.com.ar\\\/?author=4\"}]}<\/script>\n<!-- \/ Yoast SEO plugin. -->","yoast_head_json":{"title":"El Bols\u00f3n: el fuego amenaza y las autoridades proponen militarizar la zona - Diario del Sur","robots":{"index":"index","follow":"follow","max-snippet":"max-snippet:-1","max-image-preview":"max-image-preview:large","max-video-preview":"max-video-preview:-1"},"canonical":"https:\/\/diariodelsurdigital.com.ar\/?p=946","og_locale":"es_ES","og_type":"article","og_title":"El Bols\u00f3n: el fuego amenaza y las autoridades proponen militarizar la zona - Diario del Sur","og_description":"Mientras el pueblo y los brigadistas de El Bols\u00f3n alistaban ayer las defensas ante lo que se prev\u00e9 ser\u00e1n dos d\u00edas de intensos vientos que alimentar\u00e1n el fuego sobre chacras y barrios poblados entre domingo y lunes, el Poder Judicial ya tuvo que dejar en libertad a nueve de las diez personas detenidas hasta ahora [&hellip;]","og_url":"https:\/\/diariodelsurdigital.com.ar\/?p=946","og_site_name":"Diario del Sur","article_published_time":"2025-02-10T15:33:55+00:00","article_modified_time":"2025-02-10T15:33:56+00:00","og_image":[{"width":1200,"height":800,"url":"https:\/\/diariodelsurdigital.com.ar\/wp-content\/uploads\/2025\/02\/incendio-mallin4-foto-Alejandro-Otero.jpg","type":"image\/jpeg"}],"author":"Diario del Sur Digital","twitter_card":"summary_large_image","twitter_misc":{"Escrito por":"Diario del Sur Digital","Tiempo de lectura":"7 minutos"},"schema":{"@context":"https:\/\/schema.org","@graph":[{"@type":"Article","@id":"https:\/\/diariodelsurdigital.com.ar\/?p=946#article","isPartOf":{"@id":"https:\/\/diariodelsurdigital.com.ar\/?p=946"},"author":{"name":"Diario del Sur Digital","@id":"https:\/\/diariodelsurdigital.com.ar\/#\/schema\/person\/1a4992532ed62965c968031b49195c81"},"headline":"El Bols\u00f3n: el fuego amenaza y las autoridades proponen militarizar la zona","datePublished":"2025-02-10T15:33:55+00:00","dateModified":"2025-02-10T15:33:56+00:00","mainEntityOfPage":{"@id":"https:\/\/diariodelsurdigital.com.ar\/?p=946"},"wordCount":1233,"commentCount":0,"image":{"@id":"https:\/\/diariodelsurdigital.com.ar\/?p=946#primaryimage"},"thumbnailUrl":"https:\/\/diariodelsurdigital.com.ar\/wp-content\/uploads\/2025\/02\/incendio-mallin4-foto-Alejandro-Otero.jpg","articleSection":["Inter\u00e9s General","Nacionales"],"inLanguage":"es","potentialAction":[{"@type":"CommentAction","name":"Comment","target":["https:\/\/diariodelsurdigital.com.ar\/?p=946#respond"]}]},{"@type":"WebPage","@id":"https:\/\/diariodelsurdigital.com.ar\/?p=946","url":"https:\/\/diariodelsurdigital.com.ar\/?p=946","name":"El Bols\u00f3n: el fuego amenaza y las autoridades proponen militarizar la zona - Diario del Sur","isPartOf":{"@id":"https:\/\/diariodelsurdigital.com.ar\/#website"},"primaryImageOfPage":{"@id":"https:\/\/diariodelsurdigital.com.ar\/?p=946#primaryimage"},"image":{"@id":"https:\/\/diariodelsurdigital.com.ar\/?p=946#primaryimage"},"thumbnailUrl":"https:\/\/diariodelsurdigital.com.ar\/wp-content\/uploads\/2025\/02\/incendio-mallin4-foto-Alejandro-Otero.jpg","datePublished":"2025-02-10T15:33:55+00:00","dateModified":"2025-02-10T15:33:56+00:00","author":{"@id":"https:\/\/diariodelsurdigital.com.ar\/#\/schema\/person\/1a4992532ed62965c968031b49195c81"},"breadcrumb":{"@id":"https:\/\/diariodelsurdigital.com.ar\/?p=946#breadcrumb"},"inLanguage":"es","potentialAction":[{"@type":"ReadAction","target":["https:\/\/diariodelsurdigital.com.ar\/?p=946"]}]},{"@type":"ImageObject","inLanguage":"es","@id":"https:\/\/diariodelsurdigital.com.ar\/?p=946#primaryimage","url":"https:\/\/diariodelsurdigital.com.ar\/wp-content\/uploads\/2025\/02\/incendio-mallin4-foto-Alejandro-Otero.jpg","contentUrl":"https:\/\/diariodelsurdigital.com.ar\/wp-content\/uploads\/2025\/02\/incendio-mallin4-foto-Alejandro-Otero.jpg","width":1200,"height":800},{"@type":"BreadcrumbList","@id":"https:\/\/diariodelsurdigital.com.ar\/?p=946#breadcrumb","itemListElement":[{"@type":"ListItem","position":1,"name":"Portada","item":"https:\/\/diariodelsurdigital.com.ar\/"},{"@type":"ListItem","position":2,"name":"El Bols\u00f3n: el fuego amenaza y las autoridades proponen militarizar la zona"}]},{"@type":"WebSite","@id":"https:\/\/diariodelsurdigital.com.ar\/#website","url":"https:\/\/diariodelsurdigital.com.ar\/","name":"Diario del Sur","description":"Digital","potentialAction":[{"@type":"SearchAction","target":{"@type":"EntryPoint","urlTemplate":"https:\/\/diariodelsurdigital.com.ar\/?s={search_term_string}"},"query-input":{"@type":"PropertyValueSpecification","valueRequired":true,"valueName":"search_term_string"}}],"inLanguage":"es"},{"@type":"Person","@id":"https:\/\/diariodelsurdigital.com.ar\/#\/schema\/person\/1a4992532ed62965c968031b49195c81","name":"Diario del Sur Digital","image":{"@type":"ImageObject","inLanguage":"es","@id":"https:\/\/secure.gravatar.com\/avatar\/f0c7c47fc7146d19828273b9b8eda651c9c7ab583767e6338d3d3bee825adf76?s=96&d=mm&r=g","url":"https:\/\/secure.gravatar.com\/avatar\/f0c7c47fc7146d19828273b9b8eda651c9c7ab583767e6338d3d3bee825adf76?s=96&d=mm&r=g","contentUrl":"https:\/\/secure.gravatar.com\/avatar\/f0c7c47fc7146d19828273b9b8eda651c9c7ab583767e6338d3d3bee825adf76?s=96&d=mm&r=g","caption":"Diario del Sur Digital"},"url":"https:\/\/diariodelsurdigital.com.ar\/?author=4"}]}},"_links":{"self":[{"href":"https:\/\/diariodelsurdigital.com.ar\/index.php?rest_route=\/wp\/v2\/posts\/946","targetHints":{"allow":["GET"]}}],"collection":[{"href":"https:\/\/diariodelsurdigital.com.ar\/index.php?rest_route=\/wp\/v2\/posts"}],"about":[{"href":"https:\/\/diariodelsurdigital.com.ar\/index.php?rest_route=\/wp\/v2\/types\/post"}],"author":[{"embeddable":true,"href":"https:\/\/diariodelsurdigital.com.ar\/index.php?rest_route=\/wp\/v2\/users\/4"}],"replies":[{"embeddable":true,"href":"https:\/\/diariodelsurdigital.com.ar\/index.php?rest_route=%2Fwp%2Fv2%2Fcomments&post=946"}],"version-history":[{"count":1,"href":"https:\/\/diariodelsurdigital.com.ar\/index.php?rest_route=\/wp\/v2\/posts\/946\/revisions"}],"predecessor-version":[{"id":948,"href":"https:\/\/diariodelsurdigital.com.ar\/index.php?rest_route=\/wp\/v2\/posts\/946\/revisions\/948"}],"wp:featuredmedia":[{"embeddable":true,"href":"https:\/\/diariodelsurdigital.com.ar\/index.php?rest_route=\/wp\/v2\/media\/947"}],"wp:attachment":[{"href":"https:\/\/diariodelsurdigital.com.ar\/index.php?rest_route=%2Fwp%2Fv2%2Fmedia&parent=946"}],"wp:term":[{"taxonomy":"category","embeddable":true,"href":"https:\/\/diariodelsurdigital.com.ar\/index.php?rest_route=%2Fwp%2Fv2%2Fcategories&post=946"},{"taxonomy":"post_tag","embeddable":true,"href":"https:\/\/diariodelsurdigital.com.ar\/index.php?rest_route=%2Fwp%2Fv2%2Ftags&post=946"}],"curies":[{"name":"wp","href":"https:\/\/api.w.org\/{rel}","templated":true}]}}