{"id":964,"date":"2025-02-10T23:17:39","date_gmt":"2025-02-11T02:17:39","guid":{"rendered":"https:\/\/diariodelsurdigital.com.ar\/?p=964"},"modified":"2025-02-10T23:26:13","modified_gmt":"2025-02-11T02:26:13","slug":"y-azcue-y-el-avion-hidrante-y-candela","status":"publish","type":"post","link":"https:\/\/diariodelsurdigital.com.ar\/?p=964","title":{"rendered":"\u00bfY Azcu\u00e9 y el avi\u00f3n hidrante y Candela?"},"content":{"rendered":"\n<p>\u00abEstamos como en La Isla de la Fantas\u00eda, esperando el avi\u00f3n\u00bb; dijo un vecino de Estancia Grande. La bronca no se hizo esperar y los comentarios pueblerinos corrieron tan r\u00e1pido como las llamas que tuvieron que apagar hoy.<\/p>\n\n\n\n<p>LA ISLA DE LA FANTAS\u00cdA: <a href=\"https:\/\/www.youtube.com\/watch?v=AtTHgAYhoCA\">https:\/\/www.youtube.com\/watch?v=AtTHgAYhoCA<\/a><\/p>\n\n\n\n<p>\u00ab\u00bfY Azcu\u00e9 y el avi\u00f3n hidrante y Candela, no aparecieron?, se escuch\u00f3 decir entre veh\u00edculos que iban y ven\u00edan. Hace unas semanas la Municipalidad de Concordia informaba: <\/p>\n\n\n\n<h1 class=\"wp-block-heading\" id=\"page-title\">LLEG\u00d3 A CONCORDIA UN AVI\u00d3N HIDRANTE DEL SISTEMA FEDERAL DE MANEJO DEL FUEGO<\/h1>\n\n\n\n<p>Mi\u00e9rcoles, 22 de Enero de 2025<\/p>\n\n\n\n<p>Luego de los incendios forestales que afectaron a la regi\u00f3n la semana pasada, la posterior declaraci\u00f3n de la Emergencia \u00cdgnea en Concordia y la creaci\u00f3n de un Comit\u00e9 de Emergencia, se llevaron adelante gestiones con la Provincia para que se pueda contar con un avi\u00f3n hidrante del gobierno nacional en la zona.<br><br>Como resultado de las acciones encabezadas por el Intendente Francisco Azcu\u00e9 y el Plan de Manejo del Fuego, que depende de la Secretar\u00eda de Ambiente de la Provincia, lleg\u00f3 un avi\u00f3n hidrante del Sistema Federal de Manejo del Fuego.<br><br>El Plan de Manejo del Fuego de la regi\u00f3n NEA tiene dispuestas aeronaves para el combate de incendios forestales. La que arrib\u00f3 a Concordia cumplir\u00e1 las tareas en el territorio provincial, con base en nuestra ciudad.<br><br>Se trata de un Air Tractor 802 que estar\u00e1 brindando apoyo a los bomberos voluntarios y brigadistas ante la presencia de un incendio forestal de gran magnitud como los que afectaron nuestra zona d\u00edas pasados.<br><br>Durante la jornada de este mi\u00e9rcoles, el Plan de Manejo del Fuego de la Provincia har\u00e1 entrega a la Brigada Forestal\/Civil, perteneciente a la Direcci\u00f3n de Protecci\u00f3n Civil y Emergencias Sanitarias de la Secretar\u00eda de Salud de la Municipalidad, en comodato, un reservorio h\u00eddrico de 100 mil litros para que en caso de que el avi\u00f3n tenga que operar, cuente con el abastecimiento de agua correspondiente.<br><br>Al encontrarse el Aeropuerto de Concordia en obra, la nave permanecer\u00e1 en las instalaciones del Aeroclub de nuestra ciudad, cuyos socios accedieron inmediatamente a colaborar, prestando su infraestructura, gesto que motiv\u00f3 un agradecimiento por parte de las autoridades.<\/p>\n\n\n\n<figure class=\"wp-block-image size-large\"><img loading=\"lazy\" decoding=\"async\" width=\"1024\" height=\"576\" src=\"https:\/\/diariodelsurdigital.com.ar\/wp-content\/uploads\/2025\/02\/avion1-1024x576.webp\" alt=\"\" class=\"wp-image-966\" srcset=\"https:\/\/diariodelsurdigital.com.ar\/wp-content\/uploads\/2025\/02\/avion1-1024x576.webp 1024w, https:\/\/diariodelsurdigital.com.ar\/wp-content\/uploads\/2025\/02\/avion1-300x169.webp 300w, https:\/\/diariodelsurdigital.com.ar\/wp-content\/uploads\/2025\/02\/avion1-768x432.webp 768w, https:\/\/diariodelsurdigital.com.ar\/wp-content\/uploads\/2025\/02\/avion1-747x420.webp 747w, https:\/\/diariodelsurdigital.com.ar\/wp-content\/uploads\/2025\/02\/avion1-696x392.webp 696w, https:\/\/diariodelsurdigital.com.ar\/wp-content\/uploads\/2025\/02\/avion1-1068x601.webp 1068w, https:\/\/diariodelsurdigital.com.ar\/wp-content\/uploads\/2025\/02\/avion1.webp 1200w\" sizes=\"auto, (max-width: 1024px) 100vw, 1024px\" \/><\/figure>\n\n\n\n<p>Por lo visto, la nave hasta ahora nunca se la vio volar. Nunca se hizo tan necesario que el avi\u00f3n Air Tractor 802 vuele y contribuya a apagar los incendios con su reservorio de 100 mil litros para combatir el fuego. Hasta ahora, ni el intendente de Concordia, Francisco Azcu\u00e9, ni otra autoridad provincial sali\u00f3 a informar del porqu\u00e9 el avi\u00f3n hace casi un mes que se encuentra en un hangar sin volar. Somos la Isla de la Fantas\u00eda?<\/p>\n\n\n\n<p>VIDEO: <a href=\"https:\/\/www.youtube.com\/watch?v=7ILmkwJandE\"> <a href=\"https:\/\/www.youtube.com\/watch?v=7ILmkwJandE\">Vista desde una torre de observaci\u00f3n del incendio en Estancia Grande<\/a><\/a> <\/p>\n","protected":false},"excerpt":{"rendered":"<p>\u00abEstamos como en La Isla de la Fantas\u00eda, esperando el avi\u00f3n\u00bb; dijo un vecino de Estancia Grande. La bronca no se hizo esperar y los comentarios pueblerinos corrieron tan r\u00e1pido como las llamas que tuvieron que apagar hoy. LA ISLA DE LA FANTAS\u00cdA: https:\/\/www.youtube.com\/watch?v=AtTHgAYhoCA \u00ab\u00bfY Azcu\u00e9 y el avi\u00f3n hidrante y Candela, no aparecieron?, se [&hellip;]<\/p>\n","protected":false},"author":2,"featured_media":967,"comment_status":"open","ping_status":"open","sticky":false,"template":"","format":"standard","meta":{"footnotes":""},"categories":[16],"tags":[],"class_list":{"0":"post-964","1":"post","2":"type-post","3":"status-publish","4":"format-standard","5":"has-post-thumbnail","7":"category-locales"},"yoast_head":"<!-- This site is optimized with the Yoast SEO plugin v27.4 - https:\/\/yoast.com\/product\/yoast-seo-wordpress\/ -->\n<title>\u00bfY Azcu\u00e9 y el avi\u00f3n hidrante y Candela? - Diario del Sur<\/title>\n<meta name=\"robots\" content=\"index, follow, max-snippet:-1, max-image-preview:large, max-video-preview:-1\" \/>\n<link rel=\"canonical\" href=\"https:\/\/diariodelsurdigital.com.ar\/?p=964\" \/>\n<meta property=\"og:locale\" content=\"es_ES\" \/>\n<meta property=\"og:type\" content=\"article\" \/>\n<meta property=\"og:title\" content=\"\u00bfY Azcu\u00e9 y el avi\u00f3n hidrante y Candela? - Diario del Sur\" \/>\n<meta property=\"og:description\" content=\"\u00abEstamos como en La Isla de la Fantas\u00eda, esperando el avi\u00f3n\u00bb; dijo un vecino de Estancia Grande. La bronca no se hizo esperar y los comentarios pueblerinos corrieron tan r\u00e1pido como las llamas que tuvieron que apagar hoy. LA ISLA DE LA FANTAS\u00cdA: https:\/\/www.youtube.com\/watch?v=AtTHgAYhoCA \u00ab\u00bfY Azcu\u00e9 y el avi\u00f3n hidrante y Candela, no aparecieron?, se [&hellip;]\" \/>\n<meta property=\"og:url\" content=\"https:\/\/diariodelsurdigital.com.ar\/?p=964\" \/>\n<meta property=\"og:site_name\" content=\"Diario del Sur\" \/>\n<meta property=\"article:published_time\" content=\"2025-02-11T02:17:39+00:00\" \/>\n<meta property=\"article:modified_time\" content=\"2025-02-11T02:26:13+00:00\" \/>\n<meta property=\"og:image\" content=\"https:\/\/diariodelsurdigital.com.ar\/wp-content\/uploads\/2025\/02\/o_1737813537_11576.png\" \/>\n\t<meta property=\"og:image:width\" content=\"612\" \/>\n\t<meta property=\"og:image:height\" content=\"415\" \/>\n\t<meta property=\"og:image:type\" content=\"image\/png\" \/>\n<meta name=\"author\" content=\"Diario del Sur Digital\" \/>\n<meta name=\"twitter:card\" content=\"summary_large_image\" \/>\n<meta name=\"twitter:label1\" content=\"Escrito por\" \/>\n\t<meta name=\"twitter:data1\" content=\"Diario del Sur Digital\" \/>\n\t<meta name=\"twitter:label2\" content=\"Tiempo de lectura\" \/>\n\t<meta name=\"twitter:data2\" content=\"3 minutos\" \/>\n<script type=\"application\/ld+json\" class=\"yoast-schema-graph\">{\"@context\":\"https:\\\/\\\/schema.org\",\"@graph\":[{\"@type\":\"Article\",\"@id\":\"https:\\\/\\\/diariodelsurdigital.com.ar\\\/?p=964#article\",\"isPartOf\":{\"@id\":\"https:\\\/\\\/diariodelsurdigital.com.ar\\\/?p=964\"},\"author\":{\"name\":\"Diario del Sur Digital\",\"@id\":\"https:\\\/\\\/diariodelsurdigital.com.ar\\\/#\\\/schema\\\/person\\\/6136a32571657f7dba980b88b04c5465\"},\"headline\":\"\u00bfY Azcu\u00e9 y el avi\u00f3n hidrante y Candela?\",\"datePublished\":\"2025-02-11T02:17:39+00:00\",\"dateModified\":\"2025-02-11T02:26:13+00:00\",\"mainEntityOfPage\":{\"@id\":\"https:\\\/\\\/diariodelsurdigital.com.ar\\\/?p=964\"},\"wordCount\":484,\"commentCount\":0,\"image\":{\"@id\":\"https:\\\/\\\/diariodelsurdigital.com.ar\\\/?p=964#primaryimage\"},\"thumbnailUrl\":\"https:\\\/\\\/diariodelsurdigital.com.ar\\\/wp-content\\\/uploads\\\/2025\\\/02\\\/o_1737813537_11576.png\",\"articleSection\":[\"Locales\"],\"inLanguage\":\"es\",\"potentialAction\":[{\"@type\":\"CommentAction\",\"name\":\"Comment\",\"target\":[\"https:\\\/\\\/diariodelsurdigital.com.ar\\\/?p=964#respond\"]}]},{\"@type\":\"WebPage\",\"@id\":\"https:\\\/\\\/diariodelsurdigital.com.ar\\\/?p=964\",\"url\":\"https:\\\/\\\/diariodelsurdigital.com.ar\\\/?p=964\",\"name\":\"\u00bfY Azcu\u00e9 y el avi\u00f3n hidrante y Candela? - Diario del Sur\",\"isPartOf\":{\"@id\":\"https:\\\/\\\/diariodelsurdigital.com.ar\\\/#website\"},\"primaryImageOfPage\":{\"@id\":\"https:\\\/\\\/diariodelsurdigital.com.ar\\\/?p=964#primaryimage\"},\"image\":{\"@id\":\"https:\\\/\\\/diariodelsurdigital.com.ar\\\/?p=964#primaryimage\"},\"thumbnailUrl\":\"https:\\\/\\\/diariodelsurdigital.com.ar\\\/wp-content\\\/uploads\\\/2025\\\/02\\\/o_1737813537_11576.png\",\"datePublished\":\"2025-02-11T02:17:39+00:00\",\"dateModified\":\"2025-02-11T02:26:13+00:00\",\"author\":{\"@id\":\"https:\\\/\\\/diariodelsurdigital.com.ar\\\/#\\\/schema\\\/person\\\/6136a32571657f7dba980b88b04c5465\"},\"breadcrumb\":{\"@id\":\"https:\\\/\\\/diariodelsurdigital.com.ar\\\/?p=964#breadcrumb\"},\"inLanguage\":\"es\",\"potentialAction\":[{\"@type\":\"ReadAction\",\"target\":[\"https:\\\/\\\/diariodelsurdigital.com.ar\\\/?p=964\"]}]},{\"@type\":\"ImageObject\",\"inLanguage\":\"es\",\"@id\":\"https:\\\/\\\/diariodelsurdigital.com.ar\\\/?p=964#primaryimage\",\"url\":\"https:\\\/\\\/diariodelsurdigital.com.ar\\\/wp-content\\\/uploads\\\/2025\\\/02\\\/o_1737813537_11576.png\",\"contentUrl\":\"https:\\\/\\\/diariodelsurdigital.com.ar\\\/wp-content\\\/uploads\\\/2025\\\/02\\\/o_1737813537_11576.png\",\"width\":612,\"height\":415},{\"@type\":\"BreadcrumbList\",\"@id\":\"https:\\\/\\\/diariodelsurdigital.com.ar\\\/?p=964#breadcrumb\",\"itemListElement\":[{\"@type\":\"ListItem\",\"position\":1,\"name\":\"Portada\",\"item\":\"https:\\\/\\\/diariodelsurdigital.com.ar\\\/\"},{\"@type\":\"ListItem\",\"position\":2,\"name\":\"\u00bfY Azcu\u00e9 y el avi\u00f3n hidrante y Candela?\"}]},{\"@type\":\"WebSite\",\"@id\":\"https:\\\/\\\/diariodelsurdigital.com.ar\\\/#website\",\"url\":\"https:\\\/\\\/diariodelsurdigital.com.ar\\\/\",\"name\":\"Diario del Sur\",\"description\":\"Digital\",\"potentialAction\":[{\"@type\":\"SearchAction\",\"target\":{\"@type\":\"EntryPoint\",\"urlTemplate\":\"https:\\\/\\\/diariodelsurdigital.com.ar\\\/?s={search_term_string}\"},\"query-input\":{\"@type\":\"PropertyValueSpecification\",\"valueRequired\":true,\"valueName\":\"search_term_string\"}}],\"inLanguage\":\"es\"},{\"@type\":\"Person\",\"@id\":\"https:\\\/\\\/diariodelsurdigital.com.ar\\\/#\\\/schema\\\/person\\\/6136a32571657f7dba980b88b04c5465\",\"name\":\"Diario del Sur Digital\",\"image\":{\"@type\":\"ImageObject\",\"inLanguage\":\"es\",\"@id\":\"https:\\\/\\\/secure.gravatar.com\\\/avatar\\\/4c29ceac98541dd42460b2474aaa5dd37594d6ce6cb3cf2c101d09b48ee287ba?s=96&d=mm&r=g\",\"url\":\"https:\\\/\\\/secure.gravatar.com\\\/avatar\\\/4c29ceac98541dd42460b2474aaa5dd37594d6ce6cb3cf2c101d09b48ee287ba?s=96&d=mm&r=g\",\"contentUrl\":\"https:\\\/\\\/secure.gravatar.com\\\/avatar\\\/4c29ceac98541dd42460b2474aaa5dd37594d6ce6cb3cf2c101d09b48ee287ba?s=96&d=mm&r=g\",\"caption\":\"Diario del Sur Digital\"},\"url\":\"https:\\\/\\\/diariodelsurdigital.com.ar\\\/?author=2\"}]}<\/script>\n<!-- \/ Yoast SEO plugin. -->","yoast_head_json":{"title":"\u00bfY Azcu\u00e9 y el avi\u00f3n hidrante y Candela? - Diario del Sur","robots":{"index":"index","follow":"follow","max-snippet":"max-snippet:-1","max-image-preview":"max-image-preview:large","max-video-preview":"max-video-preview:-1"},"canonical":"https:\/\/diariodelsurdigital.com.ar\/?p=964","og_locale":"es_ES","og_type":"article","og_title":"\u00bfY Azcu\u00e9 y el avi\u00f3n hidrante y Candela? - Diario del Sur","og_description":"\u00abEstamos como en La Isla de la Fantas\u00eda, esperando el avi\u00f3n\u00bb; dijo un vecino de Estancia Grande. La bronca no se hizo esperar y los comentarios pueblerinos corrieron tan r\u00e1pido como las llamas que tuvieron que apagar hoy. LA ISLA DE LA FANTAS\u00cdA: https:\/\/www.youtube.com\/watch?v=AtTHgAYhoCA \u00ab\u00bfY Azcu\u00e9 y el avi\u00f3n hidrante y Candela, no aparecieron?, se [&hellip;]","og_url":"https:\/\/diariodelsurdigital.com.ar\/?p=964","og_site_name":"Diario del Sur","article_published_time":"2025-02-11T02:17:39+00:00","article_modified_time":"2025-02-11T02:26:13+00:00","og_image":[{"width":612,"height":415,"url":"https:\/\/diariodelsurdigital.com.ar\/wp-content\/uploads\/2025\/02\/o_1737813537_11576.png","type":"image\/png"}],"author":"Diario del Sur Digital","twitter_card":"summary_large_image","twitter_misc":{"Escrito por":"Diario del Sur Digital","Tiempo de lectura":"3 minutos"},"schema":{"@context":"https:\/\/schema.org","@graph":[{"@type":"Article","@id":"https:\/\/diariodelsurdigital.com.ar\/?p=964#article","isPartOf":{"@id":"https:\/\/diariodelsurdigital.com.ar\/?p=964"},"author":{"name":"Diario del Sur Digital","@id":"https:\/\/diariodelsurdigital.com.ar\/#\/schema\/person\/6136a32571657f7dba980b88b04c5465"},"headline":"\u00bfY Azcu\u00e9 y el avi\u00f3n hidrante y Candela?","datePublished":"2025-02-11T02:17:39+00:00","dateModified":"2025-02-11T02:26:13+00:00","mainEntityOfPage":{"@id":"https:\/\/diariodelsurdigital.com.ar\/?p=964"},"wordCount":484,"commentCount":0,"image":{"@id":"https:\/\/diariodelsurdigital.com.ar\/?p=964#primaryimage"},"thumbnailUrl":"https:\/\/diariodelsurdigital.com.ar\/wp-content\/uploads\/2025\/02\/o_1737813537_11576.png","articleSection":["Locales"],"inLanguage":"es","potentialAction":[{"@type":"CommentAction","name":"Comment","target":["https:\/\/diariodelsurdigital.com.ar\/?p=964#respond"]}]},{"@type":"WebPage","@id":"https:\/\/diariodelsurdigital.com.ar\/?p=964","url":"https:\/\/diariodelsurdigital.com.ar\/?p=964","name":"\u00bfY Azcu\u00e9 y el avi\u00f3n hidrante y Candela? - Diario del Sur","isPartOf":{"@id":"https:\/\/diariodelsurdigital.com.ar\/#website"},"primaryImageOfPage":{"@id":"https:\/\/diariodelsurdigital.com.ar\/?p=964#primaryimage"},"image":{"@id":"https:\/\/diariodelsurdigital.com.ar\/?p=964#primaryimage"},"thumbnailUrl":"https:\/\/diariodelsurdigital.com.ar\/wp-content\/uploads\/2025\/02\/o_1737813537_11576.png","datePublished":"2025-02-11T02:17:39+00:00","dateModified":"2025-02-11T02:26:13+00:00","author":{"@id":"https:\/\/diariodelsurdigital.com.ar\/#\/schema\/person\/6136a32571657f7dba980b88b04c5465"},"breadcrumb":{"@id":"https:\/\/diariodelsurdigital.com.ar\/?p=964#breadcrumb"},"inLanguage":"es","potentialAction":[{"@type":"ReadAction","target":["https:\/\/diariodelsurdigital.com.ar\/?p=964"]}]},{"@type":"ImageObject","inLanguage":"es","@id":"https:\/\/diariodelsurdigital.com.ar\/?p=964#primaryimage","url":"https:\/\/diariodelsurdigital.com.ar\/wp-content\/uploads\/2025\/02\/o_1737813537_11576.png","contentUrl":"https:\/\/diariodelsurdigital.com.ar\/wp-content\/uploads\/2025\/02\/o_1737813537_11576.png","width":612,"height":415},{"@type":"BreadcrumbList","@id":"https:\/\/diariodelsurdigital.com.ar\/?p=964#breadcrumb","itemListElement":[{"@type":"ListItem","position":1,"name":"Portada","item":"https:\/\/diariodelsurdigital.com.ar\/"},{"@type":"ListItem","position":2,"name":"\u00bfY Azcu\u00e9 y el avi\u00f3n hidrante y Candela?"}]},{"@type":"WebSite","@id":"https:\/\/diariodelsurdigital.com.ar\/#website","url":"https:\/\/diariodelsurdigital.com.ar\/","name":"Diario del Sur","description":"Digital","potentialAction":[{"@type":"SearchAction","target":{"@type":"EntryPoint","urlTemplate":"https:\/\/diariodelsurdigital.com.ar\/?s={search_term_string}"},"query-input":{"@type":"PropertyValueSpecification","valueRequired":true,"valueName":"search_term_string"}}],"inLanguage":"es"},{"@type":"Person","@id":"https:\/\/diariodelsurdigital.com.ar\/#\/schema\/person\/6136a32571657f7dba980b88b04c5465","name":"Diario del Sur Digital","image":{"@type":"ImageObject","inLanguage":"es","@id":"https:\/\/secure.gravatar.com\/avatar\/4c29ceac98541dd42460b2474aaa5dd37594d6ce6cb3cf2c101d09b48ee287ba?s=96&d=mm&r=g","url":"https:\/\/secure.gravatar.com\/avatar\/4c29ceac98541dd42460b2474aaa5dd37594d6ce6cb3cf2c101d09b48ee287ba?s=96&d=mm&r=g","contentUrl":"https:\/\/secure.gravatar.com\/avatar\/4c29ceac98541dd42460b2474aaa5dd37594d6ce6cb3cf2c101d09b48ee287ba?s=96&d=mm&r=g","caption":"Diario del Sur Digital"},"url":"https:\/\/diariodelsurdigital.com.ar\/?author=2"}]}},"_links":{"self":[{"href":"https:\/\/diariodelsurdigital.com.ar\/index.php?rest_route=\/wp\/v2\/posts\/964","targetHints":{"allow":["GET"]}}],"collection":[{"href":"https:\/\/diariodelsurdigital.com.ar\/index.php?rest_route=\/wp\/v2\/posts"}],"about":[{"href":"https:\/\/diariodelsurdigital.com.ar\/index.php?rest_route=\/wp\/v2\/types\/post"}],"author":[{"embeddable":true,"href":"https:\/\/diariodelsurdigital.com.ar\/index.php?rest_route=\/wp\/v2\/users\/2"}],"replies":[{"embeddable":true,"href":"https:\/\/diariodelsurdigital.com.ar\/index.php?rest_route=%2Fwp%2Fv2%2Fcomments&post=964"}],"version-history":[{"count":2,"href":"https:\/\/diariodelsurdigital.com.ar\/index.php?rest_route=\/wp\/v2\/posts\/964\/revisions"}],"predecessor-version":[{"id":970,"href":"https:\/\/diariodelsurdigital.com.ar\/index.php?rest_route=\/wp\/v2\/posts\/964\/revisions\/970"}],"wp:featuredmedia":[{"embeddable":true,"href":"https:\/\/diariodelsurdigital.com.ar\/index.php?rest_route=\/wp\/v2\/media\/967"}],"wp:attachment":[{"href":"https:\/\/diariodelsurdigital.com.ar\/index.php?rest_route=%2Fwp%2Fv2%2Fmedia&parent=964"}],"wp:term":[{"taxonomy":"category","embeddable":true,"href":"https:\/\/diariodelsurdigital.com.ar\/index.php?rest_route=%2Fwp%2Fv2%2Fcategories&post=964"},{"taxonomy":"post_tag","embeddable":true,"href":"https:\/\/diariodelsurdigital.com.ar\/index.php?rest_route=%2Fwp%2Fv2%2Ftags&post=964"}],"curies":[{"name":"wp","href":"https:\/\/api.w.org\/{rel}","templated":true}]}}