{"id":971,"date":"2025-02-11T12:13:06","date_gmt":"2025-02-11T15:13:06","guid":{"rendered":"https:\/\/diariodelsurdigital.com.ar\/?p=971"},"modified":"2025-02-11T12:13:07","modified_gmt":"2025-02-11T15:13:07","slug":"el-gobierno-provincial-cancelo-192-millones-de-dolares-de-la-deuda-heredada","status":"publish","type":"post","link":"https:\/\/diariodelsurdigital.com.ar\/?p=971","title":{"rendered":"El gobierno provincial cancel\u00f3 $192 millones de d\u00f3lares de la \u201cdeuda heredada\u201d"},"content":{"rendered":"\n<p>Seg\u00fan informaron, la gesti\u00f3n del gobernador Rogelio Frigerio pag\u00f3 el 8 de febrero 61,9 millones de d\u00f3lares de un nuevo vencimiento de capital e intereses de la deuda internacional que contrajo la gesti\u00f3n anterior.<\/p>\n\n\n\n<p>\u201cA pesar de la ca\u00edda en los recursos, la provincia ya cancel\u00f3 192 millones de d\u00f3lares de la deuda que hered\u00f3\u201d, se\u00f1alaron en un comunicado.<\/p>\n\n\n\n<p>\u201cDe esta manera, Entre R\u00edos no solo mejora su calificaci\u00f3n crediticia y su desempe\u00f1o financiero, sino tambi\u00e9n su situaci\u00f3n en los mercados internacionales en poco m\u00e1s de 15 meses\u201d, aseguraron.<\/p>\n\n\n\n<p>Se trata del tercer vencimiento que le toca afrontar a la gesti\u00f3n actual tras la renegociaci\u00f3n del gobierno anterior, que dej\u00f3 los vencimientos para inicios de 2024.<\/p>\n\n\n\n<p>En los 15 meses acumulados de gesti\u00f3n se han destinado casi USD 192 millones a cubrir los pagos a los acreedores de la provincia, donde unos USD 140 millones corresponden a pagos por vencimientos de capital del bono, cancelando as\u00ed cerca del 30 por ciento del principal pasivo p\u00fablico de Entre R\u00edos.<\/p>\n\n\n\n<h5 class=\"wp-block-heading\">De \u00abnegativa\u00bb a \u00abestable\u00bb<\/h5>\n\n\n\n<p>\u201cSi bien el cumplimiento con los acreedores ha implicado un importante desaf\u00edo para el Tesoro Provincial, el esfuerzo ya comienza a dar frutos\u201d, aseguraron.<\/p>\n\n\n\n<p>\u201cEn efecto, la calificadora internacional S&amp;P Global Ratings mejor\u00f3 nuestra calificaci\u00f3n crediticia como emisor en escala global, en moneda local y extranjera de \u00abCCC\u00bb a \u00abCCC+\u00bb, y revis\u00f3 la perspectiva desde \u00abnegativa\u00bb a \u00abestable\u00bb, destacando en su informe que \u2018Entre R\u00edos mejor\u00f3 su desempe\u00f1o financiero durante el segundo semestre del a\u00f1o y se ha mantenido al d\u00eda con todas sus obligaciones financieras\u2019\u201d, indicaron en el escrito.<\/p>\n","protected":false},"excerpt":{"rendered":"<p>Seg\u00fan informaron, la gesti\u00f3n del gobernador Rogelio Frigerio pag\u00f3 el 8 de febrero 61,9 millones de d\u00f3lares de un nuevo vencimiento de capital e intereses de la deuda internacional que contrajo la gesti\u00f3n anterior. \u201cA pesar de la ca\u00edda en los recursos, la provincia ya cancel\u00f3 192 millones de d\u00f3lares de la deuda que hered\u00f3\u201d, [&hellip;]<\/p>\n","protected":false},"author":4,"featured_media":972,"comment_status":"open","ping_status":"open","sticky":false,"template":"","format":"standard","meta":{"footnotes":""},"categories":[17],"tags":[],"class_list":{"0":"post-971","1":"post","2":"type-post","3":"status-publish","4":"format-standard","5":"has-post-thumbnail","7":"category-provinciales"},"yoast_head":"<!-- This site is optimized with the Yoast SEO plugin v27.4 - https:\/\/yoast.com\/product\/yoast-seo-wordpress\/ -->\n<title>El gobierno provincial cancel\u00f3 $192 millones de d\u00f3lares de la \u201cdeuda heredada\u201d - Diario del Sur<\/title>\n<meta name=\"robots\" content=\"index, follow, max-snippet:-1, max-image-preview:large, max-video-preview:-1\" \/>\n<link rel=\"canonical\" href=\"https:\/\/diariodelsurdigital.com.ar\/?p=971\" \/>\n<meta property=\"og:locale\" content=\"es_ES\" \/>\n<meta property=\"og:type\" content=\"article\" \/>\n<meta property=\"og:title\" content=\"El gobierno provincial cancel\u00f3 $192 millones de d\u00f3lares de la \u201cdeuda heredada\u201d - Diario del Sur\" \/>\n<meta property=\"og:description\" content=\"Seg\u00fan informaron, la gesti\u00f3n del gobernador Rogelio Frigerio pag\u00f3 el 8 de febrero 61,9 millones de d\u00f3lares de un nuevo vencimiento de capital e intereses de la deuda internacional que contrajo la gesti\u00f3n anterior. \u201cA pesar de la ca\u00edda en los recursos, la provincia ya cancel\u00f3 192 millones de d\u00f3lares de la deuda que hered\u00f3\u201d, [&hellip;]\" \/>\n<meta property=\"og:url\" content=\"https:\/\/diariodelsurdigital.com.ar\/?p=971\" \/>\n<meta property=\"og:site_name\" content=\"Diario del Sur\" \/>\n<meta property=\"article:published_time\" content=\"2025-02-11T15:13:06+00:00\" \/>\n<meta property=\"article:modified_time\" content=\"2025-02-11T15:13:07+00:00\" \/>\n<meta property=\"og:image\" content=\"https:\/\/diariodelsurdigital.com.ar\/wp-content\/uploads\/2025\/02\/l_1725887135.jpg\" \/>\n\t<meta property=\"og:image:width\" content=\"870\" \/>\n\t<meta property=\"og:image:height\" content=\"580\" \/>\n\t<meta property=\"og:image:type\" content=\"image\/jpeg\" \/>\n<meta name=\"author\" content=\"Diario del Sur Digital\" \/>\n<meta name=\"twitter:card\" content=\"summary_large_image\" \/>\n<meta name=\"twitter:label1\" content=\"Escrito por\" \/>\n\t<meta name=\"twitter:data1\" content=\"Diario del Sur Digital\" \/>\n\t<meta name=\"twitter:label2\" content=\"Tiempo de lectura\" \/>\n\t<meta name=\"twitter:data2\" content=\"2 minutos\" \/>\n<script type=\"application\/ld+json\" class=\"yoast-schema-graph\">{\"@context\":\"https:\\\/\\\/schema.org\",\"@graph\":[{\"@type\":\"Article\",\"@id\":\"https:\\\/\\\/diariodelsurdigital.com.ar\\\/?p=971#article\",\"isPartOf\":{\"@id\":\"https:\\\/\\\/diariodelsurdigital.com.ar\\\/?p=971\"},\"author\":{\"name\":\"Diario del Sur Digital\",\"@id\":\"https:\\\/\\\/diariodelsurdigital.com.ar\\\/#\\\/schema\\\/person\\\/1a4992532ed62965c968031b49195c81\"},\"headline\":\"El gobierno provincial cancel\u00f3 $192 millones de d\u00f3lares de la \u201cdeuda heredada\u201d\",\"datePublished\":\"2025-02-11T15:13:06+00:00\",\"dateModified\":\"2025-02-11T15:13:07+00:00\",\"mainEntityOfPage\":{\"@id\":\"https:\\\/\\\/diariodelsurdigital.com.ar\\\/?p=971\"},\"wordCount\":291,\"commentCount\":0,\"image\":{\"@id\":\"https:\\\/\\\/diariodelsurdigital.com.ar\\\/?p=971#primaryimage\"},\"thumbnailUrl\":\"https:\\\/\\\/diariodelsurdigital.com.ar\\\/wp-content\\\/uploads\\\/2025\\\/02\\\/l_1725887135.jpg\",\"articleSection\":[\"Provinciales\"],\"inLanguage\":\"es\",\"potentialAction\":[{\"@type\":\"CommentAction\",\"name\":\"Comment\",\"target\":[\"https:\\\/\\\/diariodelsurdigital.com.ar\\\/?p=971#respond\"]}]},{\"@type\":\"WebPage\",\"@id\":\"https:\\\/\\\/diariodelsurdigital.com.ar\\\/?p=971\",\"url\":\"https:\\\/\\\/diariodelsurdigital.com.ar\\\/?p=971\",\"name\":\"El gobierno provincial cancel\u00f3 $192 millones de d\u00f3lares de la \u201cdeuda heredada\u201d - Diario del Sur\",\"isPartOf\":{\"@id\":\"https:\\\/\\\/diariodelsurdigital.com.ar\\\/#website\"},\"primaryImageOfPage\":{\"@id\":\"https:\\\/\\\/diariodelsurdigital.com.ar\\\/?p=971#primaryimage\"},\"image\":{\"@id\":\"https:\\\/\\\/diariodelsurdigital.com.ar\\\/?p=971#primaryimage\"},\"thumbnailUrl\":\"https:\\\/\\\/diariodelsurdigital.com.ar\\\/wp-content\\\/uploads\\\/2025\\\/02\\\/l_1725887135.jpg\",\"datePublished\":\"2025-02-11T15:13:06+00:00\",\"dateModified\":\"2025-02-11T15:13:07+00:00\",\"author\":{\"@id\":\"https:\\\/\\\/diariodelsurdigital.com.ar\\\/#\\\/schema\\\/person\\\/1a4992532ed62965c968031b49195c81\"},\"breadcrumb\":{\"@id\":\"https:\\\/\\\/diariodelsurdigital.com.ar\\\/?p=971#breadcrumb\"},\"inLanguage\":\"es\",\"potentialAction\":[{\"@type\":\"ReadAction\",\"target\":[\"https:\\\/\\\/diariodelsurdigital.com.ar\\\/?p=971\"]}]},{\"@type\":\"ImageObject\",\"inLanguage\":\"es\",\"@id\":\"https:\\\/\\\/diariodelsurdigital.com.ar\\\/?p=971#primaryimage\",\"url\":\"https:\\\/\\\/diariodelsurdigital.com.ar\\\/wp-content\\\/uploads\\\/2025\\\/02\\\/l_1725887135.jpg\",\"contentUrl\":\"https:\\\/\\\/diariodelsurdigital.com.ar\\\/wp-content\\\/uploads\\\/2025\\\/02\\\/l_1725887135.jpg\",\"width\":870,\"height\":580},{\"@type\":\"BreadcrumbList\",\"@id\":\"https:\\\/\\\/diariodelsurdigital.com.ar\\\/?p=971#breadcrumb\",\"itemListElement\":[{\"@type\":\"ListItem\",\"position\":1,\"name\":\"Portada\",\"item\":\"https:\\\/\\\/diariodelsurdigital.com.ar\\\/\"},{\"@type\":\"ListItem\",\"position\":2,\"name\":\"El gobierno provincial cancel\u00f3 $192 millones de d\u00f3lares de la \u201cdeuda heredada\u201d\"}]},{\"@type\":\"WebSite\",\"@id\":\"https:\\\/\\\/diariodelsurdigital.com.ar\\\/#website\",\"url\":\"https:\\\/\\\/diariodelsurdigital.com.ar\\\/\",\"name\":\"Diario del Sur\",\"description\":\"Digital\",\"potentialAction\":[{\"@type\":\"SearchAction\",\"target\":{\"@type\":\"EntryPoint\",\"urlTemplate\":\"https:\\\/\\\/diariodelsurdigital.com.ar\\\/?s={search_term_string}\"},\"query-input\":{\"@type\":\"PropertyValueSpecification\",\"valueRequired\":true,\"valueName\":\"search_term_string\"}}],\"inLanguage\":\"es\"},{\"@type\":\"Person\",\"@id\":\"https:\\\/\\\/diariodelsurdigital.com.ar\\\/#\\\/schema\\\/person\\\/1a4992532ed62965c968031b49195c81\",\"name\":\"Diario del Sur Digital\",\"image\":{\"@type\":\"ImageObject\",\"inLanguage\":\"es\",\"@id\":\"https:\\\/\\\/secure.gravatar.com\\\/avatar\\\/f0c7c47fc7146d19828273b9b8eda651c9c7ab583767e6338d3d3bee825adf76?s=96&d=mm&r=g\",\"url\":\"https:\\\/\\\/secure.gravatar.com\\\/avatar\\\/f0c7c47fc7146d19828273b9b8eda651c9c7ab583767e6338d3d3bee825adf76?s=96&d=mm&r=g\",\"contentUrl\":\"https:\\\/\\\/secure.gravatar.com\\\/avatar\\\/f0c7c47fc7146d19828273b9b8eda651c9c7ab583767e6338d3d3bee825adf76?s=96&d=mm&r=g\",\"caption\":\"Diario del Sur Digital\"},\"url\":\"https:\\\/\\\/diariodelsurdigital.com.ar\\\/?author=4\"}]}<\/script>\n<!-- \/ Yoast SEO plugin. -->","yoast_head_json":{"title":"El gobierno provincial cancel\u00f3 $192 millones de d\u00f3lares de la \u201cdeuda heredada\u201d - Diario del Sur","robots":{"index":"index","follow":"follow","max-snippet":"max-snippet:-1","max-image-preview":"max-image-preview:large","max-video-preview":"max-video-preview:-1"},"canonical":"https:\/\/diariodelsurdigital.com.ar\/?p=971","og_locale":"es_ES","og_type":"article","og_title":"El gobierno provincial cancel\u00f3 $192 millones de d\u00f3lares de la \u201cdeuda heredada\u201d - Diario del Sur","og_description":"Seg\u00fan informaron, la gesti\u00f3n del gobernador Rogelio Frigerio pag\u00f3 el 8 de febrero 61,9 millones de d\u00f3lares de un nuevo vencimiento de capital e intereses de la deuda internacional que contrajo la gesti\u00f3n anterior. \u201cA pesar de la ca\u00edda en los recursos, la provincia ya cancel\u00f3 192 millones de d\u00f3lares de la deuda que hered\u00f3\u201d, [&hellip;]","og_url":"https:\/\/diariodelsurdigital.com.ar\/?p=971","og_site_name":"Diario del Sur","article_published_time":"2025-02-11T15:13:06+00:00","article_modified_time":"2025-02-11T15:13:07+00:00","og_image":[{"width":870,"height":580,"url":"https:\/\/diariodelsurdigital.com.ar\/wp-content\/uploads\/2025\/02\/l_1725887135.jpg","type":"image\/jpeg"}],"author":"Diario del Sur Digital","twitter_card":"summary_large_image","twitter_misc":{"Escrito por":"Diario del Sur Digital","Tiempo de lectura":"2 minutos"},"schema":{"@context":"https:\/\/schema.org","@graph":[{"@type":"Article","@id":"https:\/\/diariodelsurdigital.com.ar\/?p=971#article","isPartOf":{"@id":"https:\/\/diariodelsurdigital.com.ar\/?p=971"},"author":{"name":"Diario del Sur Digital","@id":"https:\/\/diariodelsurdigital.com.ar\/#\/schema\/person\/1a4992532ed62965c968031b49195c81"},"headline":"El gobierno provincial cancel\u00f3 $192 millones de d\u00f3lares de la \u201cdeuda heredada\u201d","datePublished":"2025-02-11T15:13:06+00:00","dateModified":"2025-02-11T15:13:07+00:00","mainEntityOfPage":{"@id":"https:\/\/diariodelsurdigital.com.ar\/?p=971"},"wordCount":291,"commentCount":0,"image":{"@id":"https:\/\/diariodelsurdigital.com.ar\/?p=971#primaryimage"},"thumbnailUrl":"https:\/\/diariodelsurdigital.com.ar\/wp-content\/uploads\/2025\/02\/l_1725887135.jpg","articleSection":["Provinciales"],"inLanguage":"es","potentialAction":[{"@type":"CommentAction","name":"Comment","target":["https:\/\/diariodelsurdigital.com.ar\/?p=971#respond"]}]},{"@type":"WebPage","@id":"https:\/\/diariodelsurdigital.com.ar\/?p=971","url":"https:\/\/diariodelsurdigital.com.ar\/?p=971","name":"El gobierno provincial cancel\u00f3 $192 millones de d\u00f3lares de la \u201cdeuda heredada\u201d - Diario del Sur","isPartOf":{"@id":"https:\/\/diariodelsurdigital.com.ar\/#website"},"primaryImageOfPage":{"@id":"https:\/\/diariodelsurdigital.com.ar\/?p=971#primaryimage"},"image":{"@id":"https:\/\/diariodelsurdigital.com.ar\/?p=971#primaryimage"},"thumbnailUrl":"https:\/\/diariodelsurdigital.com.ar\/wp-content\/uploads\/2025\/02\/l_1725887135.jpg","datePublished":"2025-02-11T15:13:06+00:00","dateModified":"2025-02-11T15:13:07+00:00","author":{"@id":"https:\/\/diariodelsurdigital.com.ar\/#\/schema\/person\/1a4992532ed62965c968031b49195c81"},"breadcrumb":{"@id":"https:\/\/diariodelsurdigital.com.ar\/?p=971#breadcrumb"},"inLanguage":"es","potentialAction":[{"@type":"ReadAction","target":["https:\/\/diariodelsurdigital.com.ar\/?p=971"]}]},{"@type":"ImageObject","inLanguage":"es","@id":"https:\/\/diariodelsurdigital.com.ar\/?p=971#primaryimage","url":"https:\/\/diariodelsurdigital.com.ar\/wp-content\/uploads\/2025\/02\/l_1725887135.jpg","contentUrl":"https:\/\/diariodelsurdigital.com.ar\/wp-content\/uploads\/2025\/02\/l_1725887135.jpg","width":870,"height":580},{"@type":"BreadcrumbList","@id":"https:\/\/diariodelsurdigital.com.ar\/?p=971#breadcrumb","itemListElement":[{"@type":"ListItem","position":1,"name":"Portada","item":"https:\/\/diariodelsurdigital.com.ar\/"},{"@type":"ListItem","position":2,"name":"El gobierno provincial cancel\u00f3 $192 millones de d\u00f3lares de la \u201cdeuda heredada\u201d"}]},{"@type":"WebSite","@id":"https:\/\/diariodelsurdigital.com.ar\/#website","url":"https:\/\/diariodelsurdigital.com.ar\/","name":"Diario del Sur","description":"Digital","potentialAction":[{"@type":"SearchAction","target":{"@type":"EntryPoint","urlTemplate":"https:\/\/diariodelsurdigital.com.ar\/?s={search_term_string}"},"query-input":{"@type":"PropertyValueSpecification","valueRequired":true,"valueName":"search_term_string"}}],"inLanguage":"es"},{"@type":"Person","@id":"https:\/\/diariodelsurdigital.com.ar\/#\/schema\/person\/1a4992532ed62965c968031b49195c81","name":"Diario del Sur Digital","image":{"@type":"ImageObject","inLanguage":"es","@id":"https:\/\/secure.gravatar.com\/avatar\/f0c7c47fc7146d19828273b9b8eda651c9c7ab583767e6338d3d3bee825adf76?s=96&d=mm&r=g","url":"https:\/\/secure.gravatar.com\/avatar\/f0c7c47fc7146d19828273b9b8eda651c9c7ab583767e6338d3d3bee825adf76?s=96&d=mm&r=g","contentUrl":"https:\/\/secure.gravatar.com\/avatar\/f0c7c47fc7146d19828273b9b8eda651c9c7ab583767e6338d3d3bee825adf76?s=96&d=mm&r=g","caption":"Diario del Sur Digital"},"url":"https:\/\/diariodelsurdigital.com.ar\/?author=4"}]}},"_links":{"self":[{"href":"https:\/\/diariodelsurdigital.com.ar\/index.php?rest_route=\/wp\/v2\/posts\/971","targetHints":{"allow":["GET"]}}],"collection":[{"href":"https:\/\/diariodelsurdigital.com.ar\/index.php?rest_route=\/wp\/v2\/posts"}],"about":[{"href":"https:\/\/diariodelsurdigital.com.ar\/index.php?rest_route=\/wp\/v2\/types\/post"}],"author":[{"embeddable":true,"href":"https:\/\/diariodelsurdigital.com.ar\/index.php?rest_route=\/wp\/v2\/users\/4"}],"replies":[{"embeddable":true,"href":"https:\/\/diariodelsurdigital.com.ar\/index.php?rest_route=%2Fwp%2Fv2%2Fcomments&post=971"}],"version-history":[{"count":1,"href":"https:\/\/diariodelsurdigital.com.ar\/index.php?rest_route=\/wp\/v2\/posts\/971\/revisions"}],"predecessor-version":[{"id":973,"href":"https:\/\/diariodelsurdigital.com.ar\/index.php?rest_route=\/wp\/v2\/posts\/971\/revisions\/973"}],"wp:featuredmedia":[{"embeddable":true,"href":"https:\/\/diariodelsurdigital.com.ar\/index.php?rest_route=\/wp\/v2\/media\/972"}],"wp:attachment":[{"href":"https:\/\/diariodelsurdigital.com.ar\/index.php?rest_route=%2Fwp%2Fv2%2Fmedia&parent=971"}],"wp:term":[{"taxonomy":"category","embeddable":true,"href":"https:\/\/diariodelsurdigital.com.ar\/index.php?rest_route=%2Fwp%2Fv2%2Fcategories&post=971"},{"taxonomy":"post_tag","embeddable":true,"href":"https:\/\/diariodelsurdigital.com.ar\/index.php?rest_route=%2Fwp%2Fv2%2Ftags&post=971"}],"curies":[{"name":"wp","href":"https:\/\/api.w.org\/{rel}","templated":true}]}}