{"id":974,"date":"2025-02-11T12:15:33","date_gmt":"2025-02-11T15:15:33","guid":{"rendered":"https:\/\/diariodelsurdigital.com.ar\/?p=974"},"modified":"2025-02-11T12:15:34","modified_gmt":"2025-02-11T15:15:34","slug":"ante-las-sofocantes-temperaturas-el-pais-alcanzo-un-nuevo-record-de-consumo-electrico","status":"publish","type":"post","link":"https:\/\/diariodelsurdigital.com.ar\/?p=974","title":{"rendered":"Ante las sofocantes temperaturas, el pa\u00eds alcanz\u00f3 un nuevo r\u00e9cord de consumo el\u00e9ctrico"},"content":{"rendered":"\n<p>a Argentina alcanz\u00f3 este lunes un r\u00e9cord de consumo de electricidad, seg\u00fan inform\u00f3 la Compa\u00f1\u00eda Administradora del Mercado Mayorista El\u00e9ctrico S.A. (Cammesa). La marca se registr\u00f3 en medio de la ola de calor que afecta a todo el pa\u00eds y en el sector se preparan para una jornada con cortes de luz en varias regiones del pa\u00eds, especialmente en el Noreste Argentino (NEA).<\/p>\n\n\n\n<p>La demanda de potencia el\u00e9ctrica del Sistema Argentino de Interconexi\u00f3n (SADI) que releva Cammesa super\u00f3 hoy cerca de las 14.30 los 30.000 megawatts (MW) y pas\u00f3 el pico de 29.653 que se hab\u00eda registrado el 1 de febrero del a\u00f1o pasado. Un colapso de tensi\u00f3n en NEA rest\u00f3 700 MW cerca de las 14 y evit\u00f3 que esa barrera se superara m\u00e1s temprano. Fuentes del Gobierno se\u00f1alaron que los apagones est\u00e1n relacionados con el uso de aires acondicionados de baja eficiencia. Horas antes se hab\u00edan registrado fallas en la regi\u00f3n Cuyo y en el norte de Santa Cruz.<\/p>\n\n\n\n<p>En las \u00faltimas semanas se registraron fallas en el sistema que afectaron especialmente a provincias del norte. \u201cEn la \u00faltima ola de calor que afect\u00f3 al centro y norte del pa\u00eds, las provincias del NEA como Formosa, Chaco, Corrientes y -aunque en menor medida- Misiones, llegaron a perder m\u00e1s del 50% de la demanda el\u00e9ctrica durante los colapsos\u201d, detall\u00f3 el portal especializado Econojournal.<\/p>\n\n\n\n<h5 class=\"wp-block-heading\">Fin de la ola de calor<\/h5>\n\n\n\n<p>El Servicio Meteorol\u00f3gico Nacional (SMN) prev\u00e9 que desde este martes haya lluvias y un descenso en la temperatura que se extender\u00eda hasta el fin de semana. El descenso de la sensaci\u00f3n t\u00e9rmica implica un alivio para el sistema el\u00e9ctrico. Los picos de consumo de energ\u00eda suelen darse entre febrero y marzo, cuando vuelve el movimiento en los centros urbanos tras las vacaciones. En Cammesa resaltaron que el principal aporte de energ\u00eda de pa\u00edses vecinos viene de Brasil, que aportar\u00eda entre 800 y 1.000 MW, public\u00f3&nbsp;<em>Infobae<\/em>.<\/p>\n","protected":false},"excerpt":{"rendered":"<p>a Argentina alcanz\u00f3 este lunes un r\u00e9cord de consumo de electricidad, seg\u00fan inform\u00f3 la Compa\u00f1\u00eda Administradora del Mercado Mayorista El\u00e9ctrico S.A. (Cammesa). La marca se registr\u00f3 en medio de la ola de calor que afecta a todo el pa\u00eds y en el sector se preparan para una jornada con cortes de luz en varias regiones [&hellip;]<\/p>\n","protected":false},"author":4,"featured_media":975,"comment_status":"open","ping_status":"open","sticky":false,"template":"","format":"standard","meta":{"footnotes":""},"categories":[19,18],"tags":[],"class_list":{"0":"post-974","1":"post","2":"type-post","3":"status-publish","4":"format-standard","5":"has-post-thumbnail","7":"category-interes-general","8":"category-nacionales"},"yoast_head":"<!-- This site is optimized with the Yoast SEO plugin v27.4 - https:\/\/yoast.com\/product\/yoast-seo-wordpress\/ -->\n<title>Ante las sofocantes temperaturas, el pa\u00eds alcanz\u00f3 un nuevo r\u00e9cord de consumo el\u00e9ctrico - Diario del Sur<\/title>\n<meta name=\"robots\" content=\"index, follow, max-snippet:-1, max-image-preview:large, max-video-preview:-1\" \/>\n<link rel=\"canonical\" href=\"https:\/\/diariodelsurdigital.com.ar\/?p=974\" \/>\n<meta property=\"og:locale\" content=\"es_ES\" \/>\n<meta property=\"og:type\" content=\"article\" \/>\n<meta property=\"og:title\" content=\"Ante las sofocantes temperaturas, el pa\u00eds alcanz\u00f3 un nuevo r\u00e9cord de consumo el\u00e9ctrico - Diario del Sur\" \/>\n<meta property=\"og:description\" content=\"a Argentina alcanz\u00f3 este lunes un r\u00e9cord de consumo de electricidad, seg\u00fan inform\u00f3 la Compa\u00f1\u00eda Administradora del Mercado Mayorista El\u00e9ctrico S.A. (Cammesa). La marca se registr\u00f3 en medio de la ola de calor que afecta a todo el pa\u00eds y en el sector se preparan para una jornada con cortes de luz en varias regiones [&hellip;]\" \/>\n<meta property=\"og:url\" content=\"https:\/\/diariodelsurdigital.com.ar\/?p=974\" \/>\n<meta property=\"og:site_name\" content=\"Diario del Sur\" \/>\n<meta property=\"article:published_time\" content=\"2025-02-11T15:15:33+00:00\" \/>\n<meta property=\"article:modified_time\" content=\"2025-02-11T15:15:34+00:00\" \/>\n<meta property=\"og:image\" content=\"https:\/\/diariodelsurdigital.com.ar\/wp-content\/uploads\/2025\/02\/l_1678389728.jpg\" \/>\n\t<meta property=\"og:image:width\" content=\"870\" \/>\n\t<meta property=\"og:image:height\" content=\"580\" \/>\n\t<meta property=\"og:image:type\" content=\"image\/jpeg\" \/>\n<meta name=\"author\" content=\"Diario del Sur Digital\" \/>\n<meta name=\"twitter:card\" content=\"summary_large_image\" \/>\n<meta name=\"twitter:label1\" content=\"Escrito por\" \/>\n\t<meta name=\"twitter:data1\" content=\"Diario del Sur Digital\" \/>\n\t<meta name=\"twitter:label2\" content=\"Tiempo de lectura\" \/>\n\t<meta name=\"twitter:data2\" content=\"2 minutos\" \/>\n<script type=\"application\/ld+json\" class=\"yoast-schema-graph\">{\"@context\":\"https:\\\/\\\/schema.org\",\"@graph\":[{\"@type\":\"Article\",\"@id\":\"https:\\\/\\\/diariodelsurdigital.com.ar\\\/?p=974#article\",\"isPartOf\":{\"@id\":\"https:\\\/\\\/diariodelsurdigital.com.ar\\\/?p=974\"},\"author\":{\"name\":\"Diario del Sur Digital\",\"@id\":\"https:\\\/\\\/diariodelsurdigital.com.ar\\\/#\\\/schema\\\/person\\\/1a4992532ed62965c968031b49195c81\"},\"headline\":\"Ante las sofocantes temperaturas, el pa\u00eds alcanz\u00f3 un nuevo r\u00e9cord de consumo el\u00e9ctrico\",\"datePublished\":\"2025-02-11T15:15:33+00:00\",\"dateModified\":\"2025-02-11T15:15:34+00:00\",\"mainEntityOfPage\":{\"@id\":\"https:\\\/\\\/diariodelsurdigital.com.ar\\\/?p=974\"},\"wordCount\":353,\"commentCount\":0,\"image\":{\"@id\":\"https:\\\/\\\/diariodelsurdigital.com.ar\\\/?p=974#primaryimage\"},\"thumbnailUrl\":\"https:\\\/\\\/diariodelsurdigital.com.ar\\\/wp-content\\\/uploads\\\/2025\\\/02\\\/l_1678389728.jpg\",\"articleSection\":[\"Inter\u00e9s General\",\"Nacionales\"],\"inLanguage\":\"es\",\"potentialAction\":[{\"@type\":\"CommentAction\",\"name\":\"Comment\",\"target\":[\"https:\\\/\\\/diariodelsurdigital.com.ar\\\/?p=974#respond\"]}]},{\"@type\":\"WebPage\",\"@id\":\"https:\\\/\\\/diariodelsurdigital.com.ar\\\/?p=974\",\"url\":\"https:\\\/\\\/diariodelsurdigital.com.ar\\\/?p=974\",\"name\":\"Ante las sofocantes temperaturas, el pa\u00eds alcanz\u00f3 un nuevo r\u00e9cord de consumo el\u00e9ctrico - Diario del Sur\",\"isPartOf\":{\"@id\":\"https:\\\/\\\/diariodelsurdigital.com.ar\\\/#website\"},\"primaryImageOfPage\":{\"@id\":\"https:\\\/\\\/diariodelsurdigital.com.ar\\\/?p=974#primaryimage\"},\"image\":{\"@id\":\"https:\\\/\\\/diariodelsurdigital.com.ar\\\/?p=974#primaryimage\"},\"thumbnailUrl\":\"https:\\\/\\\/diariodelsurdigital.com.ar\\\/wp-content\\\/uploads\\\/2025\\\/02\\\/l_1678389728.jpg\",\"datePublished\":\"2025-02-11T15:15:33+00:00\",\"dateModified\":\"2025-02-11T15:15:34+00:00\",\"author\":{\"@id\":\"https:\\\/\\\/diariodelsurdigital.com.ar\\\/#\\\/schema\\\/person\\\/1a4992532ed62965c968031b49195c81\"},\"breadcrumb\":{\"@id\":\"https:\\\/\\\/diariodelsurdigital.com.ar\\\/?p=974#breadcrumb\"},\"inLanguage\":\"es\",\"potentialAction\":[{\"@type\":\"ReadAction\",\"target\":[\"https:\\\/\\\/diariodelsurdigital.com.ar\\\/?p=974\"]}]},{\"@type\":\"ImageObject\",\"inLanguage\":\"es\",\"@id\":\"https:\\\/\\\/diariodelsurdigital.com.ar\\\/?p=974#primaryimage\",\"url\":\"https:\\\/\\\/diariodelsurdigital.com.ar\\\/wp-content\\\/uploads\\\/2025\\\/02\\\/l_1678389728.jpg\",\"contentUrl\":\"https:\\\/\\\/diariodelsurdigital.com.ar\\\/wp-content\\\/uploads\\\/2025\\\/02\\\/l_1678389728.jpg\",\"width\":870,\"height\":580},{\"@type\":\"BreadcrumbList\",\"@id\":\"https:\\\/\\\/diariodelsurdigital.com.ar\\\/?p=974#breadcrumb\",\"itemListElement\":[{\"@type\":\"ListItem\",\"position\":1,\"name\":\"Portada\",\"item\":\"https:\\\/\\\/diariodelsurdigital.com.ar\\\/\"},{\"@type\":\"ListItem\",\"position\":2,\"name\":\"Ante las sofocantes temperaturas, el pa\u00eds alcanz\u00f3 un nuevo r\u00e9cord de consumo el\u00e9ctrico\"}]},{\"@type\":\"WebSite\",\"@id\":\"https:\\\/\\\/diariodelsurdigital.com.ar\\\/#website\",\"url\":\"https:\\\/\\\/diariodelsurdigital.com.ar\\\/\",\"name\":\"Diario del Sur\",\"description\":\"Digital\",\"potentialAction\":[{\"@type\":\"SearchAction\",\"target\":{\"@type\":\"EntryPoint\",\"urlTemplate\":\"https:\\\/\\\/diariodelsurdigital.com.ar\\\/?s={search_term_string}\"},\"query-input\":{\"@type\":\"PropertyValueSpecification\",\"valueRequired\":true,\"valueName\":\"search_term_string\"}}],\"inLanguage\":\"es\"},{\"@type\":\"Person\",\"@id\":\"https:\\\/\\\/diariodelsurdigital.com.ar\\\/#\\\/schema\\\/person\\\/1a4992532ed62965c968031b49195c81\",\"name\":\"Diario del Sur Digital\",\"image\":{\"@type\":\"ImageObject\",\"inLanguage\":\"es\",\"@id\":\"https:\\\/\\\/secure.gravatar.com\\\/avatar\\\/f0c7c47fc7146d19828273b9b8eda651c9c7ab583767e6338d3d3bee825adf76?s=96&d=mm&r=g\",\"url\":\"https:\\\/\\\/secure.gravatar.com\\\/avatar\\\/f0c7c47fc7146d19828273b9b8eda651c9c7ab583767e6338d3d3bee825adf76?s=96&d=mm&r=g\",\"contentUrl\":\"https:\\\/\\\/secure.gravatar.com\\\/avatar\\\/f0c7c47fc7146d19828273b9b8eda651c9c7ab583767e6338d3d3bee825adf76?s=96&d=mm&r=g\",\"caption\":\"Diario del Sur Digital\"},\"url\":\"https:\\\/\\\/diariodelsurdigital.com.ar\\\/?author=4\"}]}<\/script>\n<!-- \/ Yoast SEO plugin. -->","yoast_head_json":{"title":"Ante las sofocantes temperaturas, el pa\u00eds alcanz\u00f3 un nuevo r\u00e9cord de consumo el\u00e9ctrico - Diario del Sur","robots":{"index":"index","follow":"follow","max-snippet":"max-snippet:-1","max-image-preview":"max-image-preview:large","max-video-preview":"max-video-preview:-1"},"canonical":"https:\/\/diariodelsurdigital.com.ar\/?p=974","og_locale":"es_ES","og_type":"article","og_title":"Ante las sofocantes temperaturas, el pa\u00eds alcanz\u00f3 un nuevo r\u00e9cord de consumo el\u00e9ctrico - Diario del Sur","og_description":"a Argentina alcanz\u00f3 este lunes un r\u00e9cord de consumo de electricidad, seg\u00fan inform\u00f3 la Compa\u00f1\u00eda Administradora del Mercado Mayorista El\u00e9ctrico S.A. (Cammesa). La marca se registr\u00f3 en medio de la ola de calor que afecta a todo el pa\u00eds y en el sector se preparan para una jornada con cortes de luz en varias regiones [&hellip;]","og_url":"https:\/\/diariodelsurdigital.com.ar\/?p=974","og_site_name":"Diario del Sur","article_published_time":"2025-02-11T15:15:33+00:00","article_modified_time":"2025-02-11T15:15:34+00:00","og_image":[{"width":870,"height":580,"url":"https:\/\/diariodelsurdigital.com.ar\/wp-content\/uploads\/2025\/02\/l_1678389728.jpg","type":"image\/jpeg"}],"author":"Diario del Sur Digital","twitter_card":"summary_large_image","twitter_misc":{"Escrito por":"Diario del Sur Digital","Tiempo de lectura":"2 minutos"},"schema":{"@context":"https:\/\/schema.org","@graph":[{"@type":"Article","@id":"https:\/\/diariodelsurdigital.com.ar\/?p=974#article","isPartOf":{"@id":"https:\/\/diariodelsurdigital.com.ar\/?p=974"},"author":{"name":"Diario del Sur Digital","@id":"https:\/\/diariodelsurdigital.com.ar\/#\/schema\/person\/1a4992532ed62965c968031b49195c81"},"headline":"Ante las sofocantes temperaturas, el pa\u00eds alcanz\u00f3 un nuevo r\u00e9cord de consumo el\u00e9ctrico","datePublished":"2025-02-11T15:15:33+00:00","dateModified":"2025-02-11T15:15:34+00:00","mainEntityOfPage":{"@id":"https:\/\/diariodelsurdigital.com.ar\/?p=974"},"wordCount":353,"commentCount":0,"image":{"@id":"https:\/\/diariodelsurdigital.com.ar\/?p=974#primaryimage"},"thumbnailUrl":"https:\/\/diariodelsurdigital.com.ar\/wp-content\/uploads\/2025\/02\/l_1678389728.jpg","articleSection":["Inter\u00e9s General","Nacionales"],"inLanguage":"es","potentialAction":[{"@type":"CommentAction","name":"Comment","target":["https:\/\/diariodelsurdigital.com.ar\/?p=974#respond"]}]},{"@type":"WebPage","@id":"https:\/\/diariodelsurdigital.com.ar\/?p=974","url":"https:\/\/diariodelsurdigital.com.ar\/?p=974","name":"Ante las sofocantes temperaturas, el pa\u00eds alcanz\u00f3 un nuevo r\u00e9cord de consumo el\u00e9ctrico - Diario del Sur","isPartOf":{"@id":"https:\/\/diariodelsurdigital.com.ar\/#website"},"primaryImageOfPage":{"@id":"https:\/\/diariodelsurdigital.com.ar\/?p=974#primaryimage"},"image":{"@id":"https:\/\/diariodelsurdigital.com.ar\/?p=974#primaryimage"},"thumbnailUrl":"https:\/\/diariodelsurdigital.com.ar\/wp-content\/uploads\/2025\/02\/l_1678389728.jpg","datePublished":"2025-02-11T15:15:33+00:00","dateModified":"2025-02-11T15:15:34+00:00","author":{"@id":"https:\/\/diariodelsurdigital.com.ar\/#\/schema\/person\/1a4992532ed62965c968031b49195c81"},"breadcrumb":{"@id":"https:\/\/diariodelsurdigital.com.ar\/?p=974#breadcrumb"},"inLanguage":"es","potentialAction":[{"@type":"ReadAction","target":["https:\/\/diariodelsurdigital.com.ar\/?p=974"]}]},{"@type":"ImageObject","inLanguage":"es","@id":"https:\/\/diariodelsurdigital.com.ar\/?p=974#primaryimage","url":"https:\/\/diariodelsurdigital.com.ar\/wp-content\/uploads\/2025\/02\/l_1678389728.jpg","contentUrl":"https:\/\/diariodelsurdigital.com.ar\/wp-content\/uploads\/2025\/02\/l_1678389728.jpg","width":870,"height":580},{"@type":"BreadcrumbList","@id":"https:\/\/diariodelsurdigital.com.ar\/?p=974#breadcrumb","itemListElement":[{"@type":"ListItem","position":1,"name":"Portada","item":"https:\/\/diariodelsurdigital.com.ar\/"},{"@type":"ListItem","position":2,"name":"Ante las sofocantes temperaturas, el pa\u00eds alcanz\u00f3 un nuevo r\u00e9cord de consumo el\u00e9ctrico"}]},{"@type":"WebSite","@id":"https:\/\/diariodelsurdigital.com.ar\/#website","url":"https:\/\/diariodelsurdigital.com.ar\/","name":"Diario del Sur","description":"Digital","potentialAction":[{"@type":"SearchAction","target":{"@type":"EntryPoint","urlTemplate":"https:\/\/diariodelsurdigital.com.ar\/?s={search_term_string}"},"query-input":{"@type":"PropertyValueSpecification","valueRequired":true,"valueName":"search_term_string"}}],"inLanguage":"es"},{"@type":"Person","@id":"https:\/\/diariodelsurdigital.com.ar\/#\/schema\/person\/1a4992532ed62965c968031b49195c81","name":"Diario del Sur Digital","image":{"@type":"ImageObject","inLanguage":"es","@id":"https:\/\/secure.gravatar.com\/avatar\/f0c7c47fc7146d19828273b9b8eda651c9c7ab583767e6338d3d3bee825adf76?s=96&d=mm&r=g","url":"https:\/\/secure.gravatar.com\/avatar\/f0c7c47fc7146d19828273b9b8eda651c9c7ab583767e6338d3d3bee825adf76?s=96&d=mm&r=g","contentUrl":"https:\/\/secure.gravatar.com\/avatar\/f0c7c47fc7146d19828273b9b8eda651c9c7ab583767e6338d3d3bee825adf76?s=96&d=mm&r=g","caption":"Diario del Sur Digital"},"url":"https:\/\/diariodelsurdigital.com.ar\/?author=4"}]}},"_links":{"self":[{"href":"https:\/\/diariodelsurdigital.com.ar\/index.php?rest_route=\/wp\/v2\/posts\/974","targetHints":{"allow":["GET"]}}],"collection":[{"href":"https:\/\/diariodelsurdigital.com.ar\/index.php?rest_route=\/wp\/v2\/posts"}],"about":[{"href":"https:\/\/diariodelsurdigital.com.ar\/index.php?rest_route=\/wp\/v2\/types\/post"}],"author":[{"embeddable":true,"href":"https:\/\/diariodelsurdigital.com.ar\/index.php?rest_route=\/wp\/v2\/users\/4"}],"replies":[{"embeddable":true,"href":"https:\/\/diariodelsurdigital.com.ar\/index.php?rest_route=%2Fwp%2Fv2%2Fcomments&post=974"}],"version-history":[{"count":1,"href":"https:\/\/diariodelsurdigital.com.ar\/index.php?rest_route=\/wp\/v2\/posts\/974\/revisions"}],"predecessor-version":[{"id":976,"href":"https:\/\/diariodelsurdigital.com.ar\/index.php?rest_route=\/wp\/v2\/posts\/974\/revisions\/976"}],"wp:featuredmedia":[{"embeddable":true,"href":"https:\/\/diariodelsurdigital.com.ar\/index.php?rest_route=\/wp\/v2\/media\/975"}],"wp:attachment":[{"href":"https:\/\/diariodelsurdigital.com.ar\/index.php?rest_route=%2Fwp%2Fv2%2Fmedia&parent=974"}],"wp:term":[{"taxonomy":"category","embeddable":true,"href":"https:\/\/diariodelsurdigital.com.ar\/index.php?rest_route=%2Fwp%2Fv2%2Fcategories&post=974"},{"taxonomy":"post_tag","embeddable":true,"href":"https:\/\/diariodelsurdigital.com.ar\/index.php?rest_route=%2Fwp%2Fv2%2Ftags&post=974"}],"curies":[{"name":"wp","href":"https:\/\/api.w.org\/{rel}","templated":true}]}}