{"id":980,"date":"2025-02-11T12:20:56","date_gmt":"2025-02-11T15:20:56","guid":{"rendered":"https:\/\/diariodelsurdigital.com.ar\/?p=980"},"modified":"2025-02-11T12:20:57","modified_gmt":"2025-02-11T15:20:57","slug":"entre-rios-bajo-alerta-amarilla-anticipan-como-sera-el-fenomeno-que-traeria-alivio-a-la-ola-de-calor","status":"publish","type":"post","link":"https:\/\/diariodelsurdigital.com.ar\/?p=980","title":{"rendered":"Entre R\u00edos, bajo alerta amarilla: anticipan c\u00f3mo ser\u00e1 el fen\u00f3meno que traer\u00eda alivio a la ola de calor"},"content":{"rendered":"\n<p>trav\u00e9s de la Direcci\u00f3n de Defensa Civil, el gobierno de Entre R\u00edos advirti\u00f3 a la poblaci\u00f3n que la provincia ser\u00e1 afectada por tormentas aisladas, algunas localmente fuertes.<\/p>\n\n\n\n<p>El fen\u00f3meno estar\u00eda acompa\u00f1ado por abundante ca\u00edda de agua en cortos per\u00edodos, actividad el\u00e9ctrica, ocasional ca\u00edda de granizo y r\u00e1fagas que podr\u00edan estar entre 60 y 90 km\/h.<\/p>\n\n\n\n<p>Para esta jornada, se prev\u00e9n valores de precipitaci\u00f3n acumulada entre 40 y 60 mil\u00edmetros, pudiendo ser superados en forma puntual, lo que marcar\u00eda el inicio del alivio ante la ola de calor.<\/p>\n\n\n\n<p>En esta l\u00ednea, recomendaron no sacar la basura, retirar los objetos de veredas o canaletas que puedan impedir que el agua escurra, evitar actividades al aire libre y no refugiarse cerca de \u00e1rboles o postes de luz.<\/p>\n","protected":false},"excerpt":{"rendered":"<p>trav\u00e9s de la Direcci\u00f3n de Defensa Civil, el gobierno de Entre R\u00edos advirti\u00f3 a la poblaci\u00f3n que la provincia ser\u00e1 afectada por tormentas aisladas, algunas localmente fuertes. El fen\u00f3meno estar\u00eda acompa\u00f1ado por abundante ca\u00edda de agua en cortos per\u00edodos, actividad el\u00e9ctrica, ocasional ca\u00edda de granizo y r\u00e1fagas que podr\u00edan estar entre 60 y 90 km\/h. [&hellip;]<\/p>\n","protected":false},"author":4,"featured_media":981,"comment_status":"open","ping_status":"open","sticky":false,"template":"","format":"standard","meta":{"footnotes":""},"categories":[19],"tags":[],"class_list":{"0":"post-980","1":"post","2":"type-post","3":"status-publish","4":"format-standard","5":"has-post-thumbnail","7":"category-interes-general"},"yoast_head":"<!-- This site is optimized with the Yoast SEO plugin v27.4 - https:\/\/yoast.com\/product\/yoast-seo-wordpress\/ -->\n<title>Entre R\u00edos, bajo alerta amarilla: anticipan c\u00f3mo ser\u00e1 el fen\u00f3meno que traer\u00eda alivio a la ola de calor - Diario del Sur<\/title>\n<meta name=\"robots\" content=\"index, follow, max-snippet:-1, max-image-preview:large, max-video-preview:-1\" \/>\n<link rel=\"canonical\" href=\"https:\/\/diariodelsurdigital.com.ar\/?p=980\" \/>\n<meta property=\"og:locale\" content=\"es_ES\" \/>\n<meta property=\"og:type\" content=\"article\" \/>\n<meta property=\"og:title\" content=\"Entre R\u00edos, bajo alerta amarilla: anticipan c\u00f3mo ser\u00e1 el fen\u00f3meno que traer\u00eda alivio a la ola de calor - Diario del Sur\" \/>\n<meta property=\"og:description\" content=\"trav\u00e9s de la Direcci\u00f3n de Defensa Civil, el gobierno de Entre R\u00edos advirti\u00f3 a la poblaci\u00f3n que la provincia ser\u00e1 afectada por tormentas aisladas, algunas localmente fuertes. El fen\u00f3meno estar\u00eda acompa\u00f1ado por abundante ca\u00edda de agua en cortos per\u00edodos, actividad el\u00e9ctrica, ocasional ca\u00edda de granizo y r\u00e1fagas que podr\u00edan estar entre 60 y 90 km\/h. [&hellip;]\" \/>\n<meta property=\"og:url\" content=\"https:\/\/diariodelsurdigital.com.ar\/?p=980\" \/>\n<meta property=\"og:site_name\" content=\"Diario del Sur\" \/>\n<meta property=\"article:published_time\" content=\"2025-02-11T15:20:56+00:00\" \/>\n<meta property=\"article:modified_time\" content=\"2025-02-11T15:20:57+00:00\" \/>\n<meta property=\"og:image\" content=\"https:\/\/diariodelsurdigital.com.ar\/wp-content\/uploads\/2025\/02\/l_1739278229.jpg\" \/>\n\t<meta property=\"og:image:width\" content=\"870\" \/>\n\t<meta property=\"og:image:height\" content=\"580\" \/>\n\t<meta property=\"og:image:type\" content=\"image\/jpeg\" \/>\n<meta name=\"author\" content=\"Diario del Sur Digital\" \/>\n<meta name=\"twitter:card\" content=\"summary_large_image\" \/>\n<meta name=\"twitter:label1\" content=\"Escrito por\" \/>\n\t<meta name=\"twitter:data1\" content=\"Diario del Sur Digital\" \/>\n\t<meta name=\"twitter:label2\" content=\"Tiempo de lectura\" \/>\n\t<meta name=\"twitter:data2\" content=\"1 minuto\" \/>\n<script type=\"application\/ld+json\" class=\"yoast-schema-graph\">{\"@context\":\"https:\\\/\\\/schema.org\",\"@graph\":[{\"@type\":\"Article\",\"@id\":\"https:\\\/\\\/diariodelsurdigital.com.ar\\\/?p=980#article\",\"isPartOf\":{\"@id\":\"https:\\\/\\\/diariodelsurdigital.com.ar\\\/?p=980\"},\"author\":{\"name\":\"Diario del Sur Digital\",\"@id\":\"https:\\\/\\\/diariodelsurdigital.com.ar\\\/#\\\/schema\\\/person\\\/1a4992532ed62965c968031b49195c81\"},\"headline\":\"Entre R\u00edos, bajo alerta amarilla: anticipan c\u00f3mo ser\u00e1 el fen\u00f3meno que traer\u00eda alivio a la ola de calor\",\"datePublished\":\"2025-02-11T15:20:56+00:00\",\"dateModified\":\"2025-02-11T15:20:57+00:00\",\"mainEntityOfPage\":{\"@id\":\"https:\\\/\\\/diariodelsurdigital.com.ar\\\/?p=980\"},\"wordCount\":161,\"commentCount\":0,\"image\":{\"@id\":\"https:\\\/\\\/diariodelsurdigital.com.ar\\\/?p=980#primaryimage\"},\"thumbnailUrl\":\"https:\\\/\\\/diariodelsurdigital.com.ar\\\/wp-content\\\/uploads\\\/2025\\\/02\\\/l_1739278229.jpg\",\"articleSection\":[\"Inter\u00e9s General\"],\"inLanguage\":\"es\",\"potentialAction\":[{\"@type\":\"CommentAction\",\"name\":\"Comment\",\"target\":[\"https:\\\/\\\/diariodelsurdigital.com.ar\\\/?p=980#respond\"]}]},{\"@type\":\"WebPage\",\"@id\":\"https:\\\/\\\/diariodelsurdigital.com.ar\\\/?p=980\",\"url\":\"https:\\\/\\\/diariodelsurdigital.com.ar\\\/?p=980\",\"name\":\"Entre R\u00edos, bajo alerta amarilla: anticipan c\u00f3mo ser\u00e1 el fen\u00f3meno que traer\u00eda alivio a la ola de calor - Diario del Sur\",\"isPartOf\":{\"@id\":\"https:\\\/\\\/diariodelsurdigital.com.ar\\\/#website\"},\"primaryImageOfPage\":{\"@id\":\"https:\\\/\\\/diariodelsurdigital.com.ar\\\/?p=980#primaryimage\"},\"image\":{\"@id\":\"https:\\\/\\\/diariodelsurdigital.com.ar\\\/?p=980#primaryimage\"},\"thumbnailUrl\":\"https:\\\/\\\/diariodelsurdigital.com.ar\\\/wp-content\\\/uploads\\\/2025\\\/02\\\/l_1739278229.jpg\",\"datePublished\":\"2025-02-11T15:20:56+00:00\",\"dateModified\":\"2025-02-11T15:20:57+00:00\",\"author\":{\"@id\":\"https:\\\/\\\/diariodelsurdigital.com.ar\\\/#\\\/schema\\\/person\\\/1a4992532ed62965c968031b49195c81\"},\"breadcrumb\":{\"@id\":\"https:\\\/\\\/diariodelsurdigital.com.ar\\\/?p=980#breadcrumb\"},\"inLanguage\":\"es\",\"potentialAction\":[{\"@type\":\"ReadAction\",\"target\":[\"https:\\\/\\\/diariodelsurdigital.com.ar\\\/?p=980\"]}]},{\"@type\":\"ImageObject\",\"inLanguage\":\"es\",\"@id\":\"https:\\\/\\\/diariodelsurdigital.com.ar\\\/?p=980#primaryimage\",\"url\":\"https:\\\/\\\/diariodelsurdigital.com.ar\\\/wp-content\\\/uploads\\\/2025\\\/02\\\/l_1739278229.jpg\",\"contentUrl\":\"https:\\\/\\\/diariodelsurdigital.com.ar\\\/wp-content\\\/uploads\\\/2025\\\/02\\\/l_1739278229.jpg\",\"width\":870,\"height\":580},{\"@type\":\"BreadcrumbList\",\"@id\":\"https:\\\/\\\/diariodelsurdigital.com.ar\\\/?p=980#breadcrumb\",\"itemListElement\":[{\"@type\":\"ListItem\",\"position\":1,\"name\":\"Portada\",\"item\":\"https:\\\/\\\/diariodelsurdigital.com.ar\\\/\"},{\"@type\":\"ListItem\",\"position\":2,\"name\":\"Entre R\u00edos, bajo alerta amarilla: anticipan c\u00f3mo ser\u00e1 el fen\u00f3meno que traer\u00eda alivio a la ola de calor\"}]},{\"@type\":\"WebSite\",\"@id\":\"https:\\\/\\\/diariodelsurdigital.com.ar\\\/#website\",\"url\":\"https:\\\/\\\/diariodelsurdigital.com.ar\\\/\",\"name\":\"Diario del Sur\",\"description\":\"Digital\",\"potentialAction\":[{\"@type\":\"SearchAction\",\"target\":{\"@type\":\"EntryPoint\",\"urlTemplate\":\"https:\\\/\\\/diariodelsurdigital.com.ar\\\/?s={search_term_string}\"},\"query-input\":{\"@type\":\"PropertyValueSpecification\",\"valueRequired\":true,\"valueName\":\"search_term_string\"}}],\"inLanguage\":\"es\"},{\"@type\":\"Person\",\"@id\":\"https:\\\/\\\/diariodelsurdigital.com.ar\\\/#\\\/schema\\\/person\\\/1a4992532ed62965c968031b49195c81\",\"name\":\"Diario del Sur Digital\",\"image\":{\"@type\":\"ImageObject\",\"inLanguage\":\"es\",\"@id\":\"https:\\\/\\\/secure.gravatar.com\\\/avatar\\\/f0c7c47fc7146d19828273b9b8eda651c9c7ab583767e6338d3d3bee825adf76?s=96&d=mm&r=g\",\"url\":\"https:\\\/\\\/secure.gravatar.com\\\/avatar\\\/f0c7c47fc7146d19828273b9b8eda651c9c7ab583767e6338d3d3bee825adf76?s=96&d=mm&r=g\",\"contentUrl\":\"https:\\\/\\\/secure.gravatar.com\\\/avatar\\\/f0c7c47fc7146d19828273b9b8eda651c9c7ab583767e6338d3d3bee825adf76?s=96&d=mm&r=g\",\"caption\":\"Diario del Sur Digital\"},\"url\":\"https:\\\/\\\/diariodelsurdigital.com.ar\\\/?author=4\"}]}<\/script>\n<!-- \/ Yoast SEO plugin. -->","yoast_head_json":{"title":"Entre R\u00edos, bajo alerta amarilla: anticipan c\u00f3mo ser\u00e1 el fen\u00f3meno que traer\u00eda alivio a la ola de calor - Diario del Sur","robots":{"index":"index","follow":"follow","max-snippet":"max-snippet:-1","max-image-preview":"max-image-preview:large","max-video-preview":"max-video-preview:-1"},"canonical":"https:\/\/diariodelsurdigital.com.ar\/?p=980","og_locale":"es_ES","og_type":"article","og_title":"Entre R\u00edos, bajo alerta amarilla: anticipan c\u00f3mo ser\u00e1 el fen\u00f3meno que traer\u00eda alivio a la ola de calor - Diario del Sur","og_description":"trav\u00e9s de la Direcci\u00f3n de Defensa Civil, el gobierno de Entre R\u00edos advirti\u00f3 a la poblaci\u00f3n que la provincia ser\u00e1 afectada por tormentas aisladas, algunas localmente fuertes. El fen\u00f3meno estar\u00eda acompa\u00f1ado por abundante ca\u00edda de agua en cortos per\u00edodos, actividad el\u00e9ctrica, ocasional ca\u00edda de granizo y r\u00e1fagas que podr\u00edan estar entre 60 y 90 km\/h. [&hellip;]","og_url":"https:\/\/diariodelsurdigital.com.ar\/?p=980","og_site_name":"Diario del Sur","article_published_time":"2025-02-11T15:20:56+00:00","article_modified_time":"2025-02-11T15:20:57+00:00","og_image":[{"width":870,"height":580,"url":"https:\/\/diariodelsurdigital.com.ar\/wp-content\/uploads\/2025\/02\/l_1739278229.jpg","type":"image\/jpeg"}],"author":"Diario del Sur Digital","twitter_card":"summary_large_image","twitter_misc":{"Escrito por":"Diario del Sur Digital","Tiempo de lectura":"1 minuto"},"schema":{"@context":"https:\/\/schema.org","@graph":[{"@type":"Article","@id":"https:\/\/diariodelsurdigital.com.ar\/?p=980#article","isPartOf":{"@id":"https:\/\/diariodelsurdigital.com.ar\/?p=980"},"author":{"name":"Diario del Sur Digital","@id":"https:\/\/diariodelsurdigital.com.ar\/#\/schema\/person\/1a4992532ed62965c968031b49195c81"},"headline":"Entre R\u00edos, bajo alerta amarilla: anticipan c\u00f3mo ser\u00e1 el fen\u00f3meno que traer\u00eda alivio a la ola de calor","datePublished":"2025-02-11T15:20:56+00:00","dateModified":"2025-02-11T15:20:57+00:00","mainEntityOfPage":{"@id":"https:\/\/diariodelsurdigital.com.ar\/?p=980"},"wordCount":161,"commentCount":0,"image":{"@id":"https:\/\/diariodelsurdigital.com.ar\/?p=980#primaryimage"},"thumbnailUrl":"https:\/\/diariodelsurdigital.com.ar\/wp-content\/uploads\/2025\/02\/l_1739278229.jpg","articleSection":["Inter\u00e9s General"],"inLanguage":"es","potentialAction":[{"@type":"CommentAction","name":"Comment","target":["https:\/\/diariodelsurdigital.com.ar\/?p=980#respond"]}]},{"@type":"WebPage","@id":"https:\/\/diariodelsurdigital.com.ar\/?p=980","url":"https:\/\/diariodelsurdigital.com.ar\/?p=980","name":"Entre R\u00edos, bajo alerta amarilla: anticipan c\u00f3mo ser\u00e1 el fen\u00f3meno que traer\u00eda alivio a la ola de calor - Diario del Sur","isPartOf":{"@id":"https:\/\/diariodelsurdigital.com.ar\/#website"},"primaryImageOfPage":{"@id":"https:\/\/diariodelsurdigital.com.ar\/?p=980#primaryimage"},"image":{"@id":"https:\/\/diariodelsurdigital.com.ar\/?p=980#primaryimage"},"thumbnailUrl":"https:\/\/diariodelsurdigital.com.ar\/wp-content\/uploads\/2025\/02\/l_1739278229.jpg","datePublished":"2025-02-11T15:20:56+00:00","dateModified":"2025-02-11T15:20:57+00:00","author":{"@id":"https:\/\/diariodelsurdigital.com.ar\/#\/schema\/person\/1a4992532ed62965c968031b49195c81"},"breadcrumb":{"@id":"https:\/\/diariodelsurdigital.com.ar\/?p=980#breadcrumb"},"inLanguage":"es","potentialAction":[{"@type":"ReadAction","target":["https:\/\/diariodelsurdigital.com.ar\/?p=980"]}]},{"@type":"ImageObject","inLanguage":"es","@id":"https:\/\/diariodelsurdigital.com.ar\/?p=980#primaryimage","url":"https:\/\/diariodelsurdigital.com.ar\/wp-content\/uploads\/2025\/02\/l_1739278229.jpg","contentUrl":"https:\/\/diariodelsurdigital.com.ar\/wp-content\/uploads\/2025\/02\/l_1739278229.jpg","width":870,"height":580},{"@type":"BreadcrumbList","@id":"https:\/\/diariodelsurdigital.com.ar\/?p=980#breadcrumb","itemListElement":[{"@type":"ListItem","position":1,"name":"Portada","item":"https:\/\/diariodelsurdigital.com.ar\/"},{"@type":"ListItem","position":2,"name":"Entre R\u00edos, bajo alerta amarilla: anticipan c\u00f3mo ser\u00e1 el fen\u00f3meno que traer\u00eda alivio a la ola de calor"}]},{"@type":"WebSite","@id":"https:\/\/diariodelsurdigital.com.ar\/#website","url":"https:\/\/diariodelsurdigital.com.ar\/","name":"Diario del Sur","description":"Digital","potentialAction":[{"@type":"SearchAction","target":{"@type":"EntryPoint","urlTemplate":"https:\/\/diariodelsurdigital.com.ar\/?s={search_term_string}"},"query-input":{"@type":"PropertyValueSpecification","valueRequired":true,"valueName":"search_term_string"}}],"inLanguage":"es"},{"@type":"Person","@id":"https:\/\/diariodelsurdigital.com.ar\/#\/schema\/person\/1a4992532ed62965c968031b49195c81","name":"Diario del Sur Digital","image":{"@type":"ImageObject","inLanguage":"es","@id":"https:\/\/secure.gravatar.com\/avatar\/f0c7c47fc7146d19828273b9b8eda651c9c7ab583767e6338d3d3bee825adf76?s=96&d=mm&r=g","url":"https:\/\/secure.gravatar.com\/avatar\/f0c7c47fc7146d19828273b9b8eda651c9c7ab583767e6338d3d3bee825adf76?s=96&d=mm&r=g","contentUrl":"https:\/\/secure.gravatar.com\/avatar\/f0c7c47fc7146d19828273b9b8eda651c9c7ab583767e6338d3d3bee825adf76?s=96&d=mm&r=g","caption":"Diario del Sur Digital"},"url":"https:\/\/diariodelsurdigital.com.ar\/?author=4"}]}},"_links":{"self":[{"href":"https:\/\/diariodelsurdigital.com.ar\/index.php?rest_route=\/wp\/v2\/posts\/980","targetHints":{"allow":["GET"]}}],"collection":[{"href":"https:\/\/diariodelsurdigital.com.ar\/index.php?rest_route=\/wp\/v2\/posts"}],"about":[{"href":"https:\/\/diariodelsurdigital.com.ar\/index.php?rest_route=\/wp\/v2\/types\/post"}],"author":[{"embeddable":true,"href":"https:\/\/diariodelsurdigital.com.ar\/index.php?rest_route=\/wp\/v2\/users\/4"}],"replies":[{"embeddable":true,"href":"https:\/\/diariodelsurdigital.com.ar\/index.php?rest_route=%2Fwp%2Fv2%2Fcomments&post=980"}],"version-history":[{"count":1,"href":"https:\/\/diariodelsurdigital.com.ar\/index.php?rest_route=\/wp\/v2\/posts\/980\/revisions"}],"predecessor-version":[{"id":982,"href":"https:\/\/diariodelsurdigital.com.ar\/index.php?rest_route=\/wp\/v2\/posts\/980\/revisions\/982"}],"wp:featuredmedia":[{"embeddable":true,"href":"https:\/\/diariodelsurdigital.com.ar\/index.php?rest_route=\/wp\/v2\/media\/981"}],"wp:attachment":[{"href":"https:\/\/diariodelsurdigital.com.ar\/index.php?rest_route=%2Fwp%2Fv2%2Fmedia&parent=980"}],"wp:term":[{"taxonomy":"category","embeddable":true,"href":"https:\/\/diariodelsurdigital.com.ar\/index.php?rest_route=%2Fwp%2Fv2%2Fcategories&post=980"},{"taxonomy":"post_tag","embeddable":true,"href":"https:\/\/diariodelsurdigital.com.ar\/index.php?rest_route=%2Fwp%2Fv2%2Ftags&post=980"}],"curies":[{"name":"wp","href":"https:\/\/api.w.org\/{rel}","templated":true}]}}