{"id":983,"date":"2025-02-11T13:10:13","date_gmt":"2025-02-11T16:10:13","guid":{"rendered":"https:\/\/diariodelsurdigital.com.ar\/?p=983"},"modified":"2025-02-11T13:14:49","modified_gmt":"2025-02-11T16:14:49","slug":"aparecio-el-avion-hidrante-estaba-corrientes-y-volvera-a-concordia","status":"publish","type":"post","link":"https:\/\/diariodelsurdigital.com.ar\/?p=983","title":{"rendered":"Apareci\u00f3 el avi\u00f3n hidrante: Estaba en Corrientes y volver\u00e1 a Concordia"},"content":{"rendered":"\n<p>Luego de lo publicado por <strong>Diario del SUR Digital<\/strong> sobre la ausencia del avi\u00f3n hidrante en el d\u00eda de ayer en donde unas 1700 hect\u00e1reas se quemaron en el departamento Concordia, se supo que la aeronave estaba socorriendo el incendio en la vecina provincia de Corrientes.<\/p>\n\n\n\n<p>Algunos operadores pol\u00edticos de la Municipalidad de Concordia, cacarearon defendiendo al Intendente Francisco Azcu\u00e9 que se hab\u00eda sacado fotos pegado al avi\u00f3n hidrante cuando lleg\u00f3 a Concordia, de que todo era \u00abuna opereta del peronismo\u00bb, tratando de ocultar la ineptitud en lo que se refiere a la comunicaci\u00f3n.<\/p>\n\n\n\n<p>Una gacetilla oficial de la Municipalidad de Concordia, difundida el 22 de enero, en uno de sus p\u00e1rrafos dec\u00eda lo siguiente: <strong>\u00abComo resultado de las acciones encabezadas por el Intendente Francisco Azcu\u00e9 y el Plan de Manejo del Fuego, que depende de la Secretar\u00eda de Ambiente de la Provincia, lleg\u00f3 un avi\u00f3n hidrante del Sistema Federal de Manejo del Fuego. El Plan de Manejo del Fuego de la regi\u00f3n NEA tiene dispuestas aeronaves para el combate de incendios forestales. La que arrib\u00f3 a Concordia cumplir\u00e1 las tareas en el territorio provincial, con base en nuestra ciudad\u00bb.<\/strong><\/p>\n\n\n\n<p>No lo decimos nosotros. Lo dice claramente el comunicado oficial de la Municipalidad de Concordia: <strong>\u00abcumplir\u00e1 las tareas en el territorio provincial, con base en nuestra ciudad\u00bb<\/strong>, o sea, en Entre R\u00edos.<\/p>\n\n\n\n<p>En horas del mediod\u00eda, el avi\u00f3n hidrante se encontraba en la ciudad entrerriana de Chajar\u00ed y seg\u00fan una fuente, continuar\u00e1 viaje a nuestra ciudad para llegar hoy en horas de la tarde a nuestra ciudad.<\/p>\n\n\n\n<figure class=\"wp-block-image size-full\"><img loading=\"lazy\" decoding=\"async\" width=\"612\" height=\"415\" src=\"https:\/\/diariodelsurdigital.com.ar\/wp-content\/uploads\/2025\/02\/o_1737813537_11576-1.png\" alt=\"\" class=\"wp-image-985\" srcset=\"https:\/\/diariodelsurdigital.com.ar\/wp-content\/uploads\/2025\/02\/o_1737813537_11576-1.png 612w, https:\/\/diariodelsurdigital.com.ar\/wp-content\/uploads\/2025\/02\/o_1737813537_11576-1-300x203.png 300w\" sizes=\"auto, (max-width: 612px) 100vw, 612px\" \/><\/figure>\n","protected":false},"excerpt":{"rendered":"<p>Luego de lo publicado por Diario del SUR Digital sobre la ausencia del avi\u00f3n hidrante en el d\u00eda de ayer en donde unas 1700 hect\u00e1reas se quemaron en el departamento Concordia, se supo que la aeronave estaba socorriendo el incendio en la vecina provincia de Corrientes. Algunos operadores pol\u00edticos de la Municipalidad de Concordia, cacarearon [&hellip;]<\/p>\n","protected":false},"author":2,"featured_media":984,"comment_status":"open","ping_status":"open","sticky":false,"template":"","format":"standard","meta":{"footnotes":""},"categories":[16],"tags":[],"class_list":{"0":"post-983","1":"post","2":"type-post","3":"status-publish","4":"format-standard","5":"has-post-thumbnail","7":"category-locales"},"yoast_head":"<!-- This site is optimized with the Yoast SEO plugin v27.4 - https:\/\/yoast.com\/product\/yoast-seo-wordpress\/ -->\n<title>Apareci\u00f3 el avi\u00f3n hidrante: Estaba en Corrientes y volver\u00e1 a Concordia - Diario del Sur<\/title>\n<meta name=\"robots\" content=\"index, follow, max-snippet:-1, max-image-preview:large, max-video-preview:-1\" \/>\n<link rel=\"canonical\" href=\"https:\/\/diariodelsurdigital.com.ar\/?p=983\" \/>\n<meta property=\"og:locale\" content=\"es_ES\" \/>\n<meta property=\"og:type\" content=\"article\" \/>\n<meta property=\"og:title\" content=\"Apareci\u00f3 el avi\u00f3n hidrante: Estaba en Corrientes y volver\u00e1 a Concordia - Diario del Sur\" \/>\n<meta property=\"og:description\" content=\"Luego de lo publicado por Diario del SUR Digital sobre la ausencia del avi\u00f3n hidrante en el d\u00eda de ayer en donde unas 1700 hect\u00e1reas se quemaron en el departamento Concordia, se supo que la aeronave estaba socorriendo el incendio en la vecina provincia de Corrientes. Algunos operadores pol\u00edticos de la Municipalidad de Concordia, cacarearon [&hellip;]\" \/>\n<meta property=\"og:url\" content=\"https:\/\/diariodelsurdigital.com.ar\/?p=983\" \/>\n<meta property=\"og:site_name\" content=\"Diario del Sur\" \/>\n<meta property=\"article:published_time\" content=\"2025-02-11T16:10:13+00:00\" \/>\n<meta property=\"article:modified_time\" content=\"2025-02-11T16:14:49+00:00\" \/>\n<meta property=\"og:image\" content=\"https:\/\/diariodelsurdigital.com.ar\/wp-content\/uploads\/2025\/02\/486049_avion.jpg\" \/>\n\t<meta property=\"og:image:width\" content=\"573\" \/>\n\t<meta property=\"og:image:height\" content=\"380\" \/>\n\t<meta property=\"og:image:type\" content=\"image\/jpeg\" \/>\n<meta name=\"author\" content=\"Diario del Sur Digital\" \/>\n<meta name=\"twitter:card\" content=\"summary_large_image\" \/>\n<meta name=\"twitter:label1\" content=\"Escrito por\" \/>\n\t<meta name=\"twitter:data1\" content=\"Diario del Sur Digital\" \/>\n\t<meta name=\"twitter:label2\" content=\"Tiempo de lectura\" \/>\n\t<meta name=\"twitter:data2\" content=\"2 minutos\" \/>\n<script type=\"application\/ld+json\" class=\"yoast-schema-graph\">{\"@context\":\"https:\\\/\\\/schema.org\",\"@graph\":[{\"@type\":\"Article\",\"@id\":\"https:\\\/\\\/diariodelsurdigital.com.ar\\\/?p=983#article\",\"isPartOf\":{\"@id\":\"https:\\\/\\\/diariodelsurdigital.com.ar\\\/?p=983\"},\"author\":{\"name\":\"Diario del Sur Digital\",\"@id\":\"https:\\\/\\\/diariodelsurdigital.com.ar\\\/#\\\/schema\\\/person\\\/6136a32571657f7dba980b88b04c5465\"},\"headline\":\"Apareci\u00f3 el avi\u00f3n hidrante: Estaba en Corrientes y volver\u00e1 a Concordia\",\"datePublished\":\"2025-02-11T16:10:13+00:00\",\"dateModified\":\"2025-02-11T16:14:49+00:00\",\"mainEntityOfPage\":{\"@id\":\"https:\\\/\\\/diariodelsurdigital.com.ar\\\/?p=983\"},\"wordCount\":283,\"commentCount\":0,\"image\":{\"@id\":\"https:\\\/\\\/diariodelsurdigital.com.ar\\\/?p=983#primaryimage\"},\"thumbnailUrl\":\"https:\\\/\\\/diariodelsurdigital.com.ar\\\/wp-content\\\/uploads\\\/2025\\\/02\\\/486049_avion.jpg\",\"articleSection\":[\"Locales\"],\"inLanguage\":\"es\",\"potentialAction\":[{\"@type\":\"CommentAction\",\"name\":\"Comment\",\"target\":[\"https:\\\/\\\/diariodelsurdigital.com.ar\\\/?p=983#respond\"]}]},{\"@type\":\"WebPage\",\"@id\":\"https:\\\/\\\/diariodelsurdigital.com.ar\\\/?p=983\",\"url\":\"https:\\\/\\\/diariodelsurdigital.com.ar\\\/?p=983\",\"name\":\"Apareci\u00f3 el avi\u00f3n hidrante: Estaba en Corrientes y volver\u00e1 a Concordia - Diario del Sur\",\"isPartOf\":{\"@id\":\"https:\\\/\\\/diariodelsurdigital.com.ar\\\/#website\"},\"primaryImageOfPage\":{\"@id\":\"https:\\\/\\\/diariodelsurdigital.com.ar\\\/?p=983#primaryimage\"},\"image\":{\"@id\":\"https:\\\/\\\/diariodelsurdigital.com.ar\\\/?p=983#primaryimage\"},\"thumbnailUrl\":\"https:\\\/\\\/diariodelsurdigital.com.ar\\\/wp-content\\\/uploads\\\/2025\\\/02\\\/486049_avion.jpg\",\"datePublished\":\"2025-02-11T16:10:13+00:00\",\"dateModified\":\"2025-02-11T16:14:49+00:00\",\"author\":{\"@id\":\"https:\\\/\\\/diariodelsurdigital.com.ar\\\/#\\\/schema\\\/person\\\/6136a32571657f7dba980b88b04c5465\"},\"breadcrumb\":{\"@id\":\"https:\\\/\\\/diariodelsurdigital.com.ar\\\/?p=983#breadcrumb\"},\"inLanguage\":\"es\",\"potentialAction\":[{\"@type\":\"ReadAction\",\"target\":[\"https:\\\/\\\/diariodelsurdigital.com.ar\\\/?p=983\"]}]},{\"@type\":\"ImageObject\",\"inLanguage\":\"es\",\"@id\":\"https:\\\/\\\/diariodelsurdigital.com.ar\\\/?p=983#primaryimage\",\"url\":\"https:\\\/\\\/diariodelsurdigital.com.ar\\\/wp-content\\\/uploads\\\/2025\\\/02\\\/486049_avion.jpg\",\"contentUrl\":\"https:\\\/\\\/diariodelsurdigital.com.ar\\\/wp-content\\\/uploads\\\/2025\\\/02\\\/486049_avion.jpg\",\"width\":573,\"height\":380},{\"@type\":\"BreadcrumbList\",\"@id\":\"https:\\\/\\\/diariodelsurdigital.com.ar\\\/?p=983#breadcrumb\",\"itemListElement\":[{\"@type\":\"ListItem\",\"position\":1,\"name\":\"Portada\",\"item\":\"https:\\\/\\\/diariodelsurdigital.com.ar\\\/\"},{\"@type\":\"ListItem\",\"position\":2,\"name\":\"Apareci\u00f3 el avi\u00f3n hidrante: Estaba en Corrientes y volver\u00e1 a Concordia\"}]},{\"@type\":\"WebSite\",\"@id\":\"https:\\\/\\\/diariodelsurdigital.com.ar\\\/#website\",\"url\":\"https:\\\/\\\/diariodelsurdigital.com.ar\\\/\",\"name\":\"Diario del Sur\",\"description\":\"Digital\",\"potentialAction\":[{\"@type\":\"SearchAction\",\"target\":{\"@type\":\"EntryPoint\",\"urlTemplate\":\"https:\\\/\\\/diariodelsurdigital.com.ar\\\/?s={search_term_string}\"},\"query-input\":{\"@type\":\"PropertyValueSpecification\",\"valueRequired\":true,\"valueName\":\"search_term_string\"}}],\"inLanguage\":\"es\"},{\"@type\":\"Person\",\"@id\":\"https:\\\/\\\/diariodelsurdigital.com.ar\\\/#\\\/schema\\\/person\\\/6136a32571657f7dba980b88b04c5465\",\"name\":\"Diario del Sur Digital\",\"image\":{\"@type\":\"ImageObject\",\"inLanguage\":\"es\",\"@id\":\"https:\\\/\\\/secure.gravatar.com\\\/avatar\\\/4c29ceac98541dd42460b2474aaa5dd37594d6ce6cb3cf2c101d09b48ee287ba?s=96&d=mm&r=g\",\"url\":\"https:\\\/\\\/secure.gravatar.com\\\/avatar\\\/4c29ceac98541dd42460b2474aaa5dd37594d6ce6cb3cf2c101d09b48ee287ba?s=96&d=mm&r=g\",\"contentUrl\":\"https:\\\/\\\/secure.gravatar.com\\\/avatar\\\/4c29ceac98541dd42460b2474aaa5dd37594d6ce6cb3cf2c101d09b48ee287ba?s=96&d=mm&r=g\",\"caption\":\"Diario del Sur Digital\"},\"url\":\"https:\\\/\\\/diariodelsurdigital.com.ar\\\/?author=2\"}]}<\/script>\n<!-- \/ Yoast SEO plugin. -->","yoast_head_json":{"title":"Apareci\u00f3 el avi\u00f3n hidrante: Estaba en Corrientes y volver\u00e1 a Concordia - Diario del Sur","robots":{"index":"index","follow":"follow","max-snippet":"max-snippet:-1","max-image-preview":"max-image-preview:large","max-video-preview":"max-video-preview:-1"},"canonical":"https:\/\/diariodelsurdigital.com.ar\/?p=983","og_locale":"es_ES","og_type":"article","og_title":"Apareci\u00f3 el avi\u00f3n hidrante: Estaba en Corrientes y volver\u00e1 a Concordia - Diario del Sur","og_description":"Luego de lo publicado por Diario del SUR Digital sobre la ausencia del avi\u00f3n hidrante en el d\u00eda de ayer en donde unas 1700 hect\u00e1reas se quemaron en el departamento Concordia, se supo que la aeronave estaba socorriendo el incendio en la vecina provincia de Corrientes. Algunos operadores pol\u00edticos de la Municipalidad de Concordia, cacarearon [&hellip;]","og_url":"https:\/\/diariodelsurdigital.com.ar\/?p=983","og_site_name":"Diario del Sur","article_published_time":"2025-02-11T16:10:13+00:00","article_modified_time":"2025-02-11T16:14:49+00:00","og_image":[{"width":573,"height":380,"url":"https:\/\/diariodelsurdigital.com.ar\/wp-content\/uploads\/2025\/02\/486049_avion.jpg","type":"image\/jpeg"}],"author":"Diario del Sur Digital","twitter_card":"summary_large_image","twitter_misc":{"Escrito por":"Diario del Sur Digital","Tiempo de lectura":"2 minutos"},"schema":{"@context":"https:\/\/schema.org","@graph":[{"@type":"Article","@id":"https:\/\/diariodelsurdigital.com.ar\/?p=983#article","isPartOf":{"@id":"https:\/\/diariodelsurdigital.com.ar\/?p=983"},"author":{"name":"Diario del Sur Digital","@id":"https:\/\/diariodelsurdigital.com.ar\/#\/schema\/person\/6136a32571657f7dba980b88b04c5465"},"headline":"Apareci\u00f3 el avi\u00f3n hidrante: Estaba en Corrientes y volver\u00e1 a Concordia","datePublished":"2025-02-11T16:10:13+00:00","dateModified":"2025-02-11T16:14:49+00:00","mainEntityOfPage":{"@id":"https:\/\/diariodelsurdigital.com.ar\/?p=983"},"wordCount":283,"commentCount":0,"image":{"@id":"https:\/\/diariodelsurdigital.com.ar\/?p=983#primaryimage"},"thumbnailUrl":"https:\/\/diariodelsurdigital.com.ar\/wp-content\/uploads\/2025\/02\/486049_avion.jpg","articleSection":["Locales"],"inLanguage":"es","potentialAction":[{"@type":"CommentAction","name":"Comment","target":["https:\/\/diariodelsurdigital.com.ar\/?p=983#respond"]}]},{"@type":"WebPage","@id":"https:\/\/diariodelsurdigital.com.ar\/?p=983","url":"https:\/\/diariodelsurdigital.com.ar\/?p=983","name":"Apareci\u00f3 el avi\u00f3n hidrante: Estaba en Corrientes y volver\u00e1 a Concordia - Diario del Sur","isPartOf":{"@id":"https:\/\/diariodelsurdigital.com.ar\/#website"},"primaryImageOfPage":{"@id":"https:\/\/diariodelsurdigital.com.ar\/?p=983#primaryimage"},"image":{"@id":"https:\/\/diariodelsurdigital.com.ar\/?p=983#primaryimage"},"thumbnailUrl":"https:\/\/diariodelsurdigital.com.ar\/wp-content\/uploads\/2025\/02\/486049_avion.jpg","datePublished":"2025-02-11T16:10:13+00:00","dateModified":"2025-02-11T16:14:49+00:00","author":{"@id":"https:\/\/diariodelsurdigital.com.ar\/#\/schema\/person\/6136a32571657f7dba980b88b04c5465"},"breadcrumb":{"@id":"https:\/\/diariodelsurdigital.com.ar\/?p=983#breadcrumb"},"inLanguage":"es","potentialAction":[{"@type":"ReadAction","target":["https:\/\/diariodelsurdigital.com.ar\/?p=983"]}]},{"@type":"ImageObject","inLanguage":"es","@id":"https:\/\/diariodelsurdigital.com.ar\/?p=983#primaryimage","url":"https:\/\/diariodelsurdigital.com.ar\/wp-content\/uploads\/2025\/02\/486049_avion.jpg","contentUrl":"https:\/\/diariodelsurdigital.com.ar\/wp-content\/uploads\/2025\/02\/486049_avion.jpg","width":573,"height":380},{"@type":"BreadcrumbList","@id":"https:\/\/diariodelsurdigital.com.ar\/?p=983#breadcrumb","itemListElement":[{"@type":"ListItem","position":1,"name":"Portada","item":"https:\/\/diariodelsurdigital.com.ar\/"},{"@type":"ListItem","position":2,"name":"Apareci\u00f3 el avi\u00f3n hidrante: Estaba en Corrientes y volver\u00e1 a Concordia"}]},{"@type":"WebSite","@id":"https:\/\/diariodelsurdigital.com.ar\/#website","url":"https:\/\/diariodelsurdigital.com.ar\/","name":"Diario del Sur","description":"Digital","potentialAction":[{"@type":"SearchAction","target":{"@type":"EntryPoint","urlTemplate":"https:\/\/diariodelsurdigital.com.ar\/?s={search_term_string}"},"query-input":{"@type":"PropertyValueSpecification","valueRequired":true,"valueName":"search_term_string"}}],"inLanguage":"es"},{"@type":"Person","@id":"https:\/\/diariodelsurdigital.com.ar\/#\/schema\/person\/6136a32571657f7dba980b88b04c5465","name":"Diario del Sur Digital","image":{"@type":"ImageObject","inLanguage":"es","@id":"https:\/\/secure.gravatar.com\/avatar\/4c29ceac98541dd42460b2474aaa5dd37594d6ce6cb3cf2c101d09b48ee287ba?s=96&d=mm&r=g","url":"https:\/\/secure.gravatar.com\/avatar\/4c29ceac98541dd42460b2474aaa5dd37594d6ce6cb3cf2c101d09b48ee287ba?s=96&d=mm&r=g","contentUrl":"https:\/\/secure.gravatar.com\/avatar\/4c29ceac98541dd42460b2474aaa5dd37594d6ce6cb3cf2c101d09b48ee287ba?s=96&d=mm&r=g","caption":"Diario del Sur Digital"},"url":"https:\/\/diariodelsurdigital.com.ar\/?author=2"}]}},"_links":{"self":[{"href":"https:\/\/diariodelsurdigital.com.ar\/index.php?rest_route=\/wp\/v2\/posts\/983","targetHints":{"allow":["GET"]}}],"collection":[{"href":"https:\/\/diariodelsurdigital.com.ar\/index.php?rest_route=\/wp\/v2\/posts"}],"about":[{"href":"https:\/\/diariodelsurdigital.com.ar\/index.php?rest_route=\/wp\/v2\/types\/post"}],"author":[{"embeddable":true,"href":"https:\/\/diariodelsurdigital.com.ar\/index.php?rest_route=\/wp\/v2\/users\/2"}],"replies":[{"embeddable":true,"href":"https:\/\/diariodelsurdigital.com.ar\/index.php?rest_route=%2Fwp%2Fv2%2Fcomments&post=983"}],"version-history":[{"count":2,"href":"https:\/\/diariodelsurdigital.com.ar\/index.php?rest_route=\/wp\/v2\/posts\/983\/revisions"}],"predecessor-version":[{"id":987,"href":"https:\/\/diariodelsurdigital.com.ar\/index.php?rest_route=\/wp\/v2\/posts\/983\/revisions\/987"}],"wp:featuredmedia":[{"embeddable":true,"href":"https:\/\/diariodelsurdigital.com.ar\/index.php?rest_route=\/wp\/v2\/media\/984"}],"wp:attachment":[{"href":"https:\/\/diariodelsurdigital.com.ar\/index.php?rest_route=%2Fwp%2Fv2%2Fmedia&parent=983"}],"wp:term":[{"taxonomy":"category","embeddable":true,"href":"https:\/\/diariodelsurdigital.com.ar\/index.php?rest_route=%2Fwp%2Fv2%2Fcategories&post=983"},{"taxonomy":"post_tag","embeddable":true,"href":"https:\/\/diariodelsurdigital.com.ar\/index.php?rest_route=%2Fwp%2Fv2%2Ftags&post=983"}],"curies":[{"name":"wp","href":"https:\/\/api.w.org\/{rel}","templated":true}]}}