{"id":9988,"date":"2026-08-31T14:45:44","date_gmt":"2026-08-31T17:45:44","guid":{"rendered":"https:\/\/diariodelsurdigital.com.ar\/?p=9988"},"modified":"2026-08-31T14:45:45","modified_gmt":"2026-08-31T17:45:45","slug":"gremios-marcharan-por-7-000-empleos-en-riesgo-en-granja-tres-arroyos","status":"publish","type":"post","link":"https:\/\/diariodelsurdigital.com.ar\/?p=9988","title":{"rendered":"Gremios marchar\u00e1n por 7.000 empleos en riesgo en Granja Tres Arroyos"},"content":{"rendered":"\n<p class=\"wp-block-paragraph\">La Federaci\u00f3n de la Alimentaci\u00f3n, Uatre, Molineros junto a otros gremios movilizar\u00e1n el mi\u00e9rcoles 9 de septiembre. Pedir\u00e1n que el Estado intervenga en el conflicto del Grupo GTA.<\/p>\n\n\n\n<p class=\"wp-block-paragraph\">La Uni\u00f3n Argentina de Trabajadores Rurales y Estibadores (Uatre), la Federaci\u00f3n de la Alimentaci\u00f3n, Federaci\u00f3n de la Carne y la Uni\u00f3n Obrera Molinera Argentina (UOMA) realizar\u00e1n una marcha hacia la Secretar\u00eda de Trabajo de la Naci\u00f3n para defender m\u00e1s de 7.000 puestos laborales directos que se encuentran en riesgo.<\/p>\n\n\n\n<p class=\"wp-block-paragraph\">La movilizaci\u00f3n, denominada Marcha Sindical Federal por el Grupo GTA de Tres Arroyos, se realizar\u00e1 el mi\u00e9rcoles 9 de septiembre. La concentraci\u00f3n comenzar\u00e1 a las 11 en la intersecci\u00f3n de Hip\u00f3lito Yrigoyen y Piedras, en la Ciudad de Buenos Aires.<\/p>\n\n\n\n<p class=\"wp-block-paragraph\">Reclamo por el empleo y la producci\u00f3n<br>Las cuatro organizaciones sindicales advirtieron que la situaci\u00f3n pone en peligro las fuentes de trabajo, la continuidad de la actividad productiva y el futuro de miles de familias vinculadas directa e indirectamente con el Grupo GTA.<\/p>\n\n\n\n<p class=\"wp-block-paragraph\">\u201cNos movilizamos hacia la Secretar\u00eda de Trabajo de la Naci\u00f3n en defensa de las fuentes de trabajo, la producci\u00f3n y el futuro de miles de familias trabajadoras\u201d, se\u00f1alaron los gremios que convocan.<\/p>\n\n\n\n<p class=\"wp-block-paragraph\">\u201cExigimos la urgente intervenci\u00f3n del Estado nacional ante una situaci\u00f3n que pone en riesgo el empleo y la actividad productiva\u201d, expresaron.<\/p>\n\n\n\n<p class=\"wp-block-paragraph\">Otra marcha a la Secretar\u00eda de Trabajo<br>La convocatoria reunir\u00e1 a trabajadores de la industria de la alimentaci\u00f3n, la actividad rural y el sector molinero, todos vinculados con las distintas ramas productivas que podr\u00edan resultar afectadas.<\/p>\n\n\n\n<p class=\"wp-block-paragraph\">Las organizaciones remarcaron que la defensa de los puestos laborales debe estar acompa\u00f1ada por medidas destinadas a garantizar la continuidad de la producci\u00f3n y brindar previsibilidad a las familias trabajadoras.<\/p>\n\n\n\n<p class=\"wp-block-paragraph\">\u201cDefendemos el trabajo. Defendemos la producci\u00f3n. Defendemos a las familias trabajadoras\u201d, manifestaron.<\/p>\n\n\n\n<p class=\"wp-block-paragraph\">La convocatoria se hizo con la consigna: \u201cNo hay libertad sin justicia social\u201d, public\u00f3 Mundo Gremial. <\/p>\n","protected":false},"excerpt":{"rendered":"<p>La Federaci\u00f3n de la Alimentaci\u00f3n, Uatre, Molineros junto a otros gremios movilizar\u00e1n el mi\u00e9rcoles 9 de septiembre. Pedir\u00e1n que el Estado intervenga en el conflicto del Grupo GTA. La Uni\u00f3n Argentina de Trabajadores Rurales y Estibadores (Uatre), la Federaci\u00f3n de la Alimentaci\u00f3n, Federaci\u00f3n de la Carne y la Uni\u00f3n Obrera Molinera Argentina (UOMA) realizar\u00e1n una [&hellip;]<\/p>\n","protected":false},"author":4,"featured_media":9990,"comment_status":"open","ping_status":"open","sticky":false,"template":"","format":"standard","meta":{"_jetpack_memberships_contains_paid_content":false,"footnotes":""},"categories":[19,18],"tags":[],"class_list":["post-9988","post","type-post","status-publish","format-standard","has-post-thumbnail","category-interes-general","category-nacionales"],"yoast_head":"<!-- This site is optimized with the Yoast SEO plugin v27.6 - https:\/\/yoast.com\/product\/yoast-seo-wordpress\/ -->\n<title>Gremios marchar\u00e1n por 7.000 empleos en riesgo en Granja Tres Arroyos - Diario del Sur<\/title>\n<meta name=\"robots\" content=\"index, follow, max-snippet:-1, max-image-preview:large, max-video-preview:-1\" \/>\n<link rel=\"canonical\" href=\"https:\/\/diariodelsurdigital.com.ar\/?p=9988\" \/>\n<meta property=\"og:locale\" content=\"es_ES\" \/>\n<meta property=\"og:type\" content=\"article\" \/>\n<meta property=\"og:title\" content=\"Gremios marchar\u00e1n por 7.000 empleos en riesgo en Granja Tres Arroyos - Diario del Sur\" \/>\n<meta property=\"og:description\" content=\"La Federaci\u00f3n de la Alimentaci\u00f3n, Uatre, Molineros junto a otros gremios movilizar\u00e1n el mi\u00e9rcoles 9 de septiembre. Pedir\u00e1n que el Estado intervenga en el conflicto del Grupo GTA. La Uni\u00f3n Argentina de Trabajadores Rurales y Estibadores (Uatre), la Federaci\u00f3n de la Alimentaci\u00f3n, Federaci\u00f3n de la Carne y la Uni\u00f3n Obrera Molinera Argentina (UOMA) realizar\u00e1n una [&hellip;]\" \/>\n<meta property=\"og:url\" content=\"https:\/\/diariodelsurdigital.com.ar\/?p=9988\" \/>\n<meta property=\"og:site_name\" content=\"Diario del Sur\" \/>\n<meta property=\"article:published_time\" content=\"2026-08-31T17:45:44+00:00\" \/>\n<meta property=\"article:modified_time\" content=\"2026-08-31T17:45:45+00:00\" \/>\n<meta property=\"og:image\" content=\"https:\/\/diariodelsurdigital.com.ar\/wp-content\/uploads\/2026\/08\/md-2026-08-31T144519.953.webp\" \/>\n\t<meta property=\"og:image:width\" content=\"992\" \/>\n\t<meta property=\"og:image:height\" content=\"557\" \/>\n\t<meta property=\"og:image:type\" content=\"image\/webp\" \/>\n<meta name=\"author\" content=\"Diario del Sur Digital\" \/>\n<meta name=\"twitter:card\" content=\"summary_large_image\" \/>\n<meta name=\"twitter:label1\" content=\"Escrito por\" \/>\n\t<meta name=\"twitter:data1\" content=\"Diario del Sur Digital\" \/>\n\t<meta name=\"twitter:label2\" content=\"Tiempo de lectura\" \/>\n\t<meta name=\"twitter:data2\" content=\"2 minutos\" \/>\n<script type=\"application\/ld+json\" class=\"yoast-schema-graph\">{\"@context\":\"https:\\\/\\\/schema.org\",\"@graph\":[{\"@type\":\"Article\",\"@id\":\"https:\\\/\\\/diariodelsurdigital.com.ar\\\/?p=9988#article\",\"isPartOf\":{\"@id\":\"https:\\\/\\\/diariodelsurdigital.com.ar\\\/?p=9988\"},\"author\":{\"name\":\"Diario del Sur Digital\",\"@id\":\"https:\\\/\\\/diariodelsurdigital.com.ar\\\/#\\\/schema\\\/person\\\/1a4992532ed62965c968031b49195c81\"},\"headline\":\"Gremios marchar\u00e1n por 7.000 empleos en riesgo en Granja Tres Arroyos\",\"datePublished\":\"2026-08-31T17:45:44+00:00\",\"dateModified\":\"2026-08-31T17:45:45+00:00\",\"mainEntityOfPage\":{\"@id\":\"https:\\\/\\\/diariodelsurdigital.com.ar\\\/?p=9988\"},\"wordCount\":345,\"commentCount\":0,\"image\":{\"@id\":\"https:\\\/\\\/diariodelsurdigital.com.ar\\\/?p=9988#primaryimage\"},\"thumbnailUrl\":\"https:\\\/\\\/diariodelsurdigital.com.ar\\\/wp-content\\\/uploads\\\/2026\\\/08\\\/md-2026-08-31T144519.953.webp\",\"articleSection\":[\"Inter\u00e9s General\",\"Nacionales\"],\"inLanguage\":\"es\",\"potentialAction\":[{\"@type\":\"CommentAction\",\"name\":\"Comment\",\"target\":[\"https:\\\/\\\/diariodelsurdigital.com.ar\\\/?p=9988#respond\"]}]},{\"@type\":\"WebPage\",\"@id\":\"https:\\\/\\\/diariodelsurdigital.com.ar\\\/?p=9988\",\"url\":\"https:\\\/\\\/diariodelsurdigital.com.ar\\\/?p=9988\",\"name\":\"Gremios marchar\u00e1n por 7.000 empleos en riesgo en Granja Tres Arroyos - Diario del Sur\",\"isPartOf\":{\"@id\":\"https:\\\/\\\/diariodelsurdigital.com.ar\\\/#website\"},\"primaryImageOfPage\":{\"@id\":\"https:\\\/\\\/diariodelsurdigital.com.ar\\\/?p=9988#primaryimage\"},\"image\":{\"@id\":\"https:\\\/\\\/diariodelsurdigital.com.ar\\\/?p=9988#primaryimage\"},\"thumbnailUrl\":\"https:\\\/\\\/diariodelsurdigital.com.ar\\\/wp-content\\\/uploads\\\/2026\\\/08\\\/md-2026-08-31T144519.953.webp\",\"datePublished\":\"2026-08-31T17:45:44+00:00\",\"dateModified\":\"2026-08-31T17:45:45+00:00\",\"author\":{\"@id\":\"https:\\\/\\\/diariodelsurdigital.com.ar\\\/#\\\/schema\\\/person\\\/1a4992532ed62965c968031b49195c81\"},\"breadcrumb\":{\"@id\":\"https:\\\/\\\/diariodelsurdigital.com.ar\\\/?p=9988#breadcrumb\"},\"inLanguage\":\"es\",\"potentialAction\":[{\"@type\":\"ReadAction\",\"target\":[\"https:\\\/\\\/diariodelsurdigital.com.ar\\\/?p=9988\"]}]},{\"@type\":\"ImageObject\",\"inLanguage\":\"es\",\"@id\":\"https:\\\/\\\/diariodelsurdigital.com.ar\\\/?p=9988#primaryimage\",\"url\":\"https:\\\/\\\/diariodelsurdigital.com.ar\\\/wp-content\\\/uploads\\\/2026\\\/08\\\/md-2026-08-31T144519.953.webp\",\"contentUrl\":\"https:\\\/\\\/diariodelsurdigital.com.ar\\\/wp-content\\\/uploads\\\/2026\\\/08\\\/md-2026-08-31T144519.953.webp\",\"width\":992,\"height\":557},{\"@type\":\"BreadcrumbList\",\"@id\":\"https:\\\/\\\/diariodelsurdigital.com.ar\\\/?p=9988#breadcrumb\",\"itemListElement\":[{\"@type\":\"ListItem\",\"position\":1,\"name\":\"Portada\",\"item\":\"https:\\\/\\\/diariodelsurdigital.com.ar\\\/\"},{\"@type\":\"ListItem\",\"position\":2,\"name\":\"Gremios marchar\u00e1n por 7.000 empleos en riesgo en Granja Tres Arroyos\"}]},{\"@type\":\"WebSite\",\"@id\":\"https:\\\/\\\/diariodelsurdigital.com.ar\\\/#website\",\"url\":\"https:\\\/\\\/diariodelsurdigital.com.ar\\\/\",\"name\":\"Diario del Sur\",\"description\":\"Digital\",\"potentialAction\":[{\"@type\":\"SearchAction\",\"target\":{\"@type\":\"EntryPoint\",\"urlTemplate\":\"https:\\\/\\\/diariodelsurdigital.com.ar\\\/?s={search_term_string}\"},\"query-input\":{\"@type\":\"PropertyValueSpecification\",\"valueRequired\":true,\"valueName\":\"search_term_string\"}}],\"inLanguage\":\"es\"},{\"@type\":\"Person\",\"@id\":\"https:\\\/\\\/diariodelsurdigital.com.ar\\\/#\\\/schema\\\/person\\\/1a4992532ed62965c968031b49195c81\",\"name\":\"Diario del Sur Digital\",\"image\":{\"@type\":\"ImageObject\",\"inLanguage\":\"es\",\"@id\":\"https:\\\/\\\/secure.gravatar.com\\\/avatar\\\/f0c7c47fc7146d19828273b9b8eda651c9c7ab583767e6338d3d3bee825adf76?s=96&d=mm&r=g\",\"url\":\"https:\\\/\\\/secure.gravatar.com\\\/avatar\\\/f0c7c47fc7146d19828273b9b8eda651c9c7ab583767e6338d3d3bee825adf76?s=96&d=mm&r=g\",\"contentUrl\":\"https:\\\/\\\/secure.gravatar.com\\\/avatar\\\/f0c7c47fc7146d19828273b9b8eda651c9c7ab583767e6338d3d3bee825adf76?s=96&d=mm&r=g\",\"caption\":\"Diario del Sur Digital\"},\"url\":\"https:\\\/\\\/diariodelsurdigital.com.ar\\\/?author=4\"}]}<\/script>\n<!-- \/ Yoast SEO plugin. -->","yoast_head_json":{"title":"Gremios marchar\u00e1n por 7.000 empleos en riesgo en Granja Tres Arroyos - Diario del Sur","robots":{"index":"index","follow":"follow","max-snippet":"max-snippet:-1","max-image-preview":"max-image-preview:large","max-video-preview":"max-video-preview:-1"},"canonical":"https:\/\/diariodelsurdigital.com.ar\/?p=9988","og_locale":"es_ES","og_type":"article","og_title":"Gremios marchar\u00e1n por 7.000 empleos en riesgo en Granja Tres Arroyos - Diario del Sur","og_description":"La Federaci\u00f3n de la Alimentaci\u00f3n, Uatre, Molineros junto a otros gremios movilizar\u00e1n el mi\u00e9rcoles 9 de septiembre. Pedir\u00e1n que el Estado intervenga en el conflicto del Grupo GTA. La Uni\u00f3n Argentina de Trabajadores Rurales y Estibadores (Uatre), la Federaci\u00f3n de la Alimentaci\u00f3n, Federaci\u00f3n de la Carne y la Uni\u00f3n Obrera Molinera Argentina (UOMA) realizar\u00e1n una [&hellip;]","og_url":"https:\/\/diariodelsurdigital.com.ar\/?p=9988","og_site_name":"Diario del Sur","article_published_time":"2026-08-31T17:45:44+00:00","article_modified_time":"2026-08-31T17:45:45+00:00","og_image":[{"width":992,"height":557,"url":"https:\/\/diariodelsurdigital.com.ar\/wp-content\/uploads\/2026\/08\/md-2026-08-31T144519.953.webp","type":"image\/webp"}],"author":"Diario del Sur Digital","twitter_card":"summary_large_image","twitter_misc":{"Escrito por":"Diario del Sur Digital","Tiempo de lectura":"2 minutos"},"schema":{"@context":"https:\/\/schema.org","@graph":[{"@type":"Article","@id":"https:\/\/diariodelsurdigital.com.ar\/?p=9988#article","isPartOf":{"@id":"https:\/\/diariodelsurdigital.com.ar\/?p=9988"},"author":{"name":"Diario del Sur Digital","@id":"https:\/\/diariodelsurdigital.com.ar\/#\/schema\/person\/1a4992532ed62965c968031b49195c81"},"headline":"Gremios marchar\u00e1n por 7.000 empleos en riesgo en Granja Tres Arroyos","datePublished":"2026-08-31T17:45:44+00:00","dateModified":"2026-08-31T17:45:45+00:00","mainEntityOfPage":{"@id":"https:\/\/diariodelsurdigital.com.ar\/?p=9988"},"wordCount":345,"commentCount":0,"image":{"@id":"https:\/\/diariodelsurdigital.com.ar\/?p=9988#primaryimage"},"thumbnailUrl":"https:\/\/diariodelsurdigital.com.ar\/wp-content\/uploads\/2026\/08\/md-2026-08-31T144519.953.webp","articleSection":["Inter\u00e9s General","Nacionales"],"inLanguage":"es","potentialAction":[{"@type":"CommentAction","name":"Comment","target":["https:\/\/diariodelsurdigital.com.ar\/?p=9988#respond"]}]},{"@type":"WebPage","@id":"https:\/\/diariodelsurdigital.com.ar\/?p=9988","url":"https:\/\/diariodelsurdigital.com.ar\/?p=9988","name":"Gremios marchar\u00e1n por 7.000 empleos en riesgo en Granja Tres Arroyos - Diario del Sur","isPartOf":{"@id":"https:\/\/diariodelsurdigital.com.ar\/#website"},"primaryImageOfPage":{"@id":"https:\/\/diariodelsurdigital.com.ar\/?p=9988#primaryimage"},"image":{"@id":"https:\/\/diariodelsurdigital.com.ar\/?p=9988#primaryimage"},"thumbnailUrl":"https:\/\/diariodelsurdigital.com.ar\/wp-content\/uploads\/2026\/08\/md-2026-08-31T144519.953.webp","datePublished":"2026-08-31T17:45:44+00:00","dateModified":"2026-08-31T17:45:45+00:00","author":{"@id":"https:\/\/diariodelsurdigital.com.ar\/#\/schema\/person\/1a4992532ed62965c968031b49195c81"},"breadcrumb":{"@id":"https:\/\/diariodelsurdigital.com.ar\/?p=9988#breadcrumb"},"inLanguage":"es","potentialAction":[{"@type":"ReadAction","target":["https:\/\/diariodelsurdigital.com.ar\/?p=9988"]}]},{"@type":"ImageObject","inLanguage":"es","@id":"https:\/\/diariodelsurdigital.com.ar\/?p=9988#primaryimage","url":"https:\/\/diariodelsurdigital.com.ar\/wp-content\/uploads\/2026\/08\/md-2026-08-31T144519.953.webp","contentUrl":"https:\/\/diariodelsurdigital.com.ar\/wp-content\/uploads\/2026\/08\/md-2026-08-31T144519.953.webp","width":992,"height":557},{"@type":"BreadcrumbList","@id":"https:\/\/diariodelsurdigital.com.ar\/?p=9988#breadcrumb","itemListElement":[{"@type":"ListItem","position":1,"name":"Portada","item":"https:\/\/diariodelsurdigital.com.ar\/"},{"@type":"ListItem","position":2,"name":"Gremios marchar\u00e1n por 7.000 empleos en riesgo en Granja Tres Arroyos"}]},{"@type":"WebSite","@id":"https:\/\/diariodelsurdigital.com.ar\/#website","url":"https:\/\/diariodelsurdigital.com.ar\/","name":"Diario del Sur","description":"Digital","potentialAction":[{"@type":"SearchAction","target":{"@type":"EntryPoint","urlTemplate":"https:\/\/diariodelsurdigital.com.ar\/?s={search_term_string}"},"query-input":{"@type":"PropertyValueSpecification","valueRequired":true,"valueName":"search_term_string"}}],"inLanguage":"es"},{"@type":"Person","@id":"https:\/\/diariodelsurdigital.com.ar\/#\/schema\/person\/1a4992532ed62965c968031b49195c81","name":"Diario del Sur Digital","image":{"@type":"ImageObject","inLanguage":"es","@id":"https:\/\/secure.gravatar.com\/avatar\/f0c7c47fc7146d19828273b9b8eda651c9c7ab583767e6338d3d3bee825adf76?s=96&d=mm&r=g","url":"https:\/\/secure.gravatar.com\/avatar\/f0c7c47fc7146d19828273b9b8eda651c9c7ab583767e6338d3d3bee825adf76?s=96&d=mm&r=g","contentUrl":"https:\/\/secure.gravatar.com\/avatar\/f0c7c47fc7146d19828273b9b8eda651c9c7ab583767e6338d3d3bee825adf76?s=96&d=mm&r=g","caption":"Diario del Sur Digital"},"url":"https:\/\/diariodelsurdigital.com.ar\/?author=4"}]}},"jetpack_featured_media_url":"https:\/\/diariodelsurdigital.com.ar\/wp-content\/uploads\/2026\/08\/md-2026-08-31T144519.953.webp","jetpack_sharing_enabled":true,"_links":{"self":[{"href":"https:\/\/diariodelsurdigital.com.ar\/index.php?rest_route=\/wp\/v2\/posts\/9988","targetHints":{"allow":["GET"]}}],"collection":[{"href":"https:\/\/diariodelsurdigital.com.ar\/index.php?rest_route=\/wp\/v2\/posts"}],"about":[{"href":"https:\/\/diariodelsurdigital.com.ar\/index.php?rest_route=\/wp\/v2\/types\/post"}],"author":[{"embeddable":true,"href":"https:\/\/diariodelsurdigital.com.ar\/index.php?rest_route=\/wp\/v2\/users\/4"}],"replies":[{"embeddable":true,"href":"https:\/\/diariodelsurdigital.com.ar\/index.php?rest_route=%2Fwp%2Fv2%2Fcomments&post=9988"}],"version-history":[{"count":1,"href":"https:\/\/diariodelsurdigital.com.ar\/index.php?rest_route=\/wp\/v2\/posts\/9988\/revisions"}],"predecessor-version":[{"id":9991,"href":"https:\/\/diariodelsurdigital.com.ar\/index.php?rest_route=\/wp\/v2\/posts\/9988\/revisions\/9991"}],"wp:featuredmedia":[{"embeddable":true,"href":"https:\/\/diariodelsurdigital.com.ar\/index.php?rest_route=\/wp\/v2\/media\/9990"}],"wp:attachment":[{"href":"https:\/\/diariodelsurdigital.com.ar\/index.php?rest_route=%2Fwp%2Fv2%2Fmedia&parent=9988"}],"wp:term":[{"taxonomy":"category","embeddable":true,"href":"https:\/\/diariodelsurdigital.com.ar\/index.php?rest_route=%2Fwp%2Fv2%2Fcategories&post=9988"},{"taxonomy":"post_tag","embeddable":true,"href":"https:\/\/diariodelsurdigital.com.ar\/index.php?rest_route=%2Fwp%2Fv2%2Ftags&post=9988"}],"curies":[{"name":"wp","href":"https:\/\/api.w.org\/{rel}","templated":true}]}}