{"id":9992,"date":"2026-08-31T14:48:51","date_gmt":"2026-08-31T17:48:51","guid":{"rendered":"https:\/\/diariodelsurdigital.com.ar\/?p=9992"},"modified":"2026-08-31T14:48:56","modified_gmt":"2026-08-31T17:48:56","slug":"el-gobierno-anuncio-el-cierre-de-400-registros-del-automotor","status":"publish","type":"post","link":"https:\/\/diariodelsurdigital.com.ar\/?p=9992","title":{"rendered":"El Gobierno anunci\u00f3 el cierre de 400 Registros del Automotor"},"content":{"rendered":"\n<p class=\"wp-block-paragraph\">El Gobierno anunci\u00f3 este lunes el cierre de casi 400 Registros del Automotor en todo el territorio nacional, como parte de su plan de reconversi\u00f3n del sistema registral automotor argentino que prometi\u00f3 en su campa\u00f1a electoral y que comenz\u00f3 a aplicar a los pocos meses de asumir la administraci\u00f3n del pa\u00eds en diciembre de 2023.<\/p>\n\n\n\n<p class=\"wp-block-paragraph\"><\/p>\n\n\n\n<p class=\"wp-block-paragraph\">La Resoluci\u00f3n 411\/2026, publicada en el Bolet\u00edn Oficial este 31 de agosto, confirma que se decidi\u00f3 la unificaci\u00f3n de 288 registros, la supresi\u00f3n de 14 y la orden de cerrar definitivamente otros 13 que ya hab\u00edan sido suprimidas en 2024 y 2025, pero todav\u00eda faltaba cerrarlas operativamente.<\/p>\n\n\n\n<p class=\"wp-block-paragraph\">As\u00ed, en la pr\u00e1ctica solo desaparecer\u00e1n 27 dependencias en distintas jurisdicciones, 13 de las cuales ya hab\u00edan sido parte de un cierre anteriormente dispuesto en los \u00faltimos dos a\u00f1os.<\/p>\n\n\n\n<p class=\"wp-block-paragraph\">Qu\u00e9 es la unificaci\u00f3n de Registros<\/p>\n\n\n\n<p class=\"wp-block-paragraph\">El propio texto de la Resoluci\u00f3n explica que detectaron casos en los que una misma persona era, simult\u00e1neamente, Encargado Titular de un Registro e Interventor de otro u otros. Por eso hab\u00eda varias identificaciones registrales distintas aunque la gesti\u00f3n estuviera concentrada en una misma persona, public\u00f3 InfoBae.<\/p>\n\n\n\n<p class=\"wp-block-paragraph\">La unificaci\u00f3n permite que se reduzcan 368 unidades registrales a 288 operaciones, lo que implica, eventualmente una reducci\u00f3n de 80 registros. A los efectos de establecer si hay p\u00e9rdidas de empleos con esta decisi\u00f3n, hay que considerar que el reglamento de la Direcci\u00f3n Nacional de Registros de la Propiedad Automotor (DNRPA) establece que los colaboradores de un Registro no son empleados del Estado sino que tienen una relaci\u00f3n laboral con el Encargado de cada Registro.<\/p>\n\n\n\n<p class=\"wp-block-paragraph\">Tambi\u00e9n la normativa se\u00f1ala expresamente que dos o m\u00e1s Registros pueden funcionar en un mismo edificio, aunque manteniendo separados el personal, la caja, los archivos y la mesa de entradas. Por lo tanto, dependiendo de cada caso y de cu\u00e1ntos empleados hay en cada dependencia, la decisi\u00f3n del Gobierno implica un n\u00famero sustancial de p\u00e9rdidas de fuentes de trabajo o no tanto, si se unifican en un mismo lugar f\u00edsico.<\/p>\n\n\n\n<p class=\"wp-block-paragraph\">Los Registros unificados son 368 unidades registrales independientes y sus competencias son incorporadas por otros Registros, ya que en muchos casos esos Registros ya funcionaban bajo un mismo responsable y la reforma solo adec\u00faa la estructura formal a la realidad operativa.<\/p>\n\n\n\n<p class=\"wp-block-paragraph\">Los Registros suprimidos<\/p>\n\n\n\n<p class=\"wp-block-paragraph\">Estos 14 Registros son los que s\u00ed deben cerrar. Se trata de seis unidades en la Provincia de Buenos Aires, en Mar del Plata N.\u00ba 2, La Matanza N.\u00ba 3, Mar del Plata N.\u00ba 9, Olivos N.\u00ba 7, Ituzaing\u00f3 N.\u00ba 1, y Motoveh\u00edculos de Mor\u00f3n C.<\/p>\n\n\n\n<p class=\"wp-block-paragraph\">Adem\u00e1s hay dos en CABA, Capital Federal N.\u00ba 67, Maquinaria\/Cr\u00e9ditos Prendarios Capital Federal N.\u00ba 8; otros 4 en C\u00f3rdoba, los de Embalse, Porte\u00f1a, Motoveh\u00edculos de Embalse A, y Motoveh\u00edculos de Porte\u00f1a A; uno en Neuqu\u00e9n, el Registro N.\u00ba 6; y uno en Tucum\u00e1n, el Registro nro 2, que ten\u00eda pendiente la designaci\u00f3n de Encargado por estar intervenido y que el Gobierno comunic\u00f3 la semana pasada que no proceder\u00eda ante el proceso de reorganizaci\u00f3n del sistema nacional.<\/p>\n\n\n\n<p class=\"wp-block-paragraph\">Los Registros que cerrar\u00e1n<\/p>\n\n\n\n<p class=\"wp-block-paragraph\">Estos 13 casos corresponden a disposiciones anteriores, las 272\/2024 y 19\/2025, en las que se hab\u00eda decidido suprimir estas dependencias dentro de los tiempos que la DNRPA considerara adecuados, y que ahora tienen un plazo de 30 d\u00edas para cerrar definitivamente su operaci\u00f3n.<\/p>\n\n\n\n<p class=\"wp-block-paragraph\">Se trata de los Registros Olavarr\u00eda N.\u00ba 1, Necochea N.\u00ba 2, Lan\u00fas N.\u00ba 6, Esteban Echeverr\u00eda N.\u00ba 3, Bah\u00eda Blanca N.\u00ba 6, Lan\u00fas N.\u00ba 7, Motoveh\u00edculos de Bragado A, Motoveh\u00edculos de Necochea B, Motoveh\u00edculos de Lan\u00fas B, Maquinaria\/Cr\u00e9ditos Prendarios de Olavarr\u00eda, Capital Federal N.\u00ba 96, Viedma N.\u00ba 2, y el de Maquinaria\/Cr\u00e9ditos Prendarios de Viedma.<\/p>\n\n\n\n<p class=\"wp-block-paragraph\">Estas dependencias, efectivamente, cerrar\u00e1n sus puertas despu\u00e9s de m\u00e1s de un a\u00f1o desde la decisi\u00f3n administrativa del Gobierno de suprimirlos definitivamente.<\/p>\n","protected":false},"excerpt":{"rendered":"<p>El Gobierno anunci\u00f3 este lunes el cierre de casi 400 Registros del Automotor en todo el territorio nacional, como parte de su plan de reconversi\u00f3n del sistema registral automotor argentino que prometi\u00f3 en su campa\u00f1a electoral y que comenz\u00f3 a aplicar a los pocos meses de asumir la administraci\u00f3n del pa\u00eds en diciembre de 2023. [&hellip;]<\/p>\n","protected":false},"author":4,"featured_media":9993,"comment_status":"open","ping_status":"open","sticky":false,"template":"","format":"standard","meta":{"_jetpack_memberships_contains_paid_content":false,"footnotes":""},"categories":[19,18],"tags":[],"class_list":["post-9992","post","type-post","status-publish","format-standard","has-post-thumbnail","category-interes-general","category-nacionales"],"yoast_head":"<!-- This site is optimized with the Yoast SEO plugin v27.6 - https:\/\/yoast.com\/product\/yoast-seo-wordpress\/ -->\n<title>El Gobierno anunci\u00f3 el cierre de 400 Registros del Automotor - Diario del Sur<\/title>\n<meta name=\"robots\" content=\"index, follow, max-snippet:-1, max-image-preview:large, max-video-preview:-1\" \/>\n<link rel=\"canonical\" href=\"https:\/\/diariodelsurdigital.com.ar\/?p=9992\" \/>\n<meta property=\"og:locale\" content=\"es_ES\" \/>\n<meta property=\"og:type\" content=\"article\" \/>\n<meta property=\"og:title\" content=\"El Gobierno anunci\u00f3 el cierre de 400 Registros del Automotor - Diario del Sur\" \/>\n<meta property=\"og:description\" content=\"El Gobierno anunci\u00f3 este lunes el cierre de casi 400 Registros del Automotor en todo el territorio nacional, como parte de su plan de reconversi\u00f3n del sistema registral automotor argentino que prometi\u00f3 en su campa\u00f1a electoral y que comenz\u00f3 a aplicar a los pocos meses de asumir la administraci\u00f3n del pa\u00eds en diciembre de 2023. [&hellip;]\" \/>\n<meta property=\"og:url\" content=\"https:\/\/diariodelsurdigital.com.ar\/?p=9992\" \/>\n<meta property=\"og:site_name\" content=\"Diario del Sur\" \/>\n<meta property=\"article:published_time\" content=\"2026-08-31T17:48:51+00:00\" \/>\n<meta property=\"article:modified_time\" content=\"2026-08-31T17:48:56+00:00\" \/>\n<meta property=\"og:image\" content=\"https:\/\/diariodelsurdigital.com.ar\/wp-content\/uploads\/2026\/08\/md-2026-08-31T144707.142.webp\" \/>\n\t<meta property=\"og:image:width\" content=\"992\" \/>\n\t<meta property=\"og:image:height\" content=\"561\" \/>\n\t<meta property=\"og:image:type\" content=\"image\/webp\" \/>\n<meta name=\"author\" content=\"Diario del Sur Digital\" \/>\n<meta name=\"twitter:card\" content=\"summary_large_image\" \/>\n<meta name=\"twitter:label1\" content=\"Escrito por\" \/>\n\t<meta name=\"twitter:data1\" content=\"Diario del Sur Digital\" \/>\n\t<meta name=\"twitter:label2\" content=\"Tiempo de lectura\" \/>\n\t<meta name=\"twitter:data2\" content=\"4 minutos\" \/>\n<script type=\"application\/ld+json\" class=\"yoast-schema-graph\">{\"@context\":\"https:\\\/\\\/schema.org\",\"@graph\":[{\"@type\":\"Article\",\"@id\":\"https:\\\/\\\/diariodelsurdigital.com.ar\\\/?p=9992#article\",\"isPartOf\":{\"@id\":\"https:\\\/\\\/diariodelsurdigital.com.ar\\\/?p=9992\"},\"author\":{\"name\":\"Diario del Sur Digital\",\"@id\":\"https:\\\/\\\/diariodelsurdigital.com.ar\\\/#\\\/schema\\\/person\\\/1a4992532ed62965c968031b49195c81\"},\"headline\":\"El Gobierno anunci\u00f3 el cierre de 400 Registros del Automotor\",\"datePublished\":\"2026-08-31T17:48:51+00:00\",\"dateModified\":\"2026-08-31T17:48:56+00:00\",\"mainEntityOfPage\":{\"@id\":\"https:\\\/\\\/diariodelsurdigital.com.ar\\\/?p=9992\"},\"wordCount\":662,\"commentCount\":0,\"image\":{\"@id\":\"https:\\\/\\\/diariodelsurdigital.com.ar\\\/?p=9992#primaryimage\"},\"thumbnailUrl\":\"https:\\\/\\\/diariodelsurdigital.com.ar\\\/wp-content\\\/uploads\\\/2026\\\/08\\\/md-2026-08-31T144707.142.webp\",\"articleSection\":[\"Inter\u00e9s General\",\"Nacionales\"],\"inLanguage\":\"es\",\"potentialAction\":[{\"@type\":\"CommentAction\",\"name\":\"Comment\",\"target\":[\"https:\\\/\\\/diariodelsurdigital.com.ar\\\/?p=9992#respond\"]}]},{\"@type\":\"WebPage\",\"@id\":\"https:\\\/\\\/diariodelsurdigital.com.ar\\\/?p=9992\",\"url\":\"https:\\\/\\\/diariodelsurdigital.com.ar\\\/?p=9992\",\"name\":\"El Gobierno anunci\u00f3 el cierre de 400 Registros del Automotor - Diario del Sur\",\"isPartOf\":{\"@id\":\"https:\\\/\\\/diariodelsurdigital.com.ar\\\/#website\"},\"primaryImageOfPage\":{\"@id\":\"https:\\\/\\\/diariodelsurdigital.com.ar\\\/?p=9992#primaryimage\"},\"image\":{\"@id\":\"https:\\\/\\\/diariodelsurdigital.com.ar\\\/?p=9992#primaryimage\"},\"thumbnailUrl\":\"https:\\\/\\\/diariodelsurdigital.com.ar\\\/wp-content\\\/uploads\\\/2026\\\/08\\\/md-2026-08-31T144707.142.webp\",\"datePublished\":\"2026-08-31T17:48:51+00:00\",\"dateModified\":\"2026-08-31T17:48:56+00:00\",\"author\":{\"@id\":\"https:\\\/\\\/diariodelsurdigital.com.ar\\\/#\\\/schema\\\/person\\\/1a4992532ed62965c968031b49195c81\"},\"breadcrumb\":{\"@id\":\"https:\\\/\\\/diariodelsurdigital.com.ar\\\/?p=9992#breadcrumb\"},\"inLanguage\":\"es\",\"potentialAction\":[{\"@type\":\"ReadAction\",\"target\":[\"https:\\\/\\\/diariodelsurdigital.com.ar\\\/?p=9992\"]}]},{\"@type\":\"ImageObject\",\"inLanguage\":\"es\",\"@id\":\"https:\\\/\\\/diariodelsurdigital.com.ar\\\/?p=9992#primaryimage\",\"url\":\"https:\\\/\\\/diariodelsurdigital.com.ar\\\/wp-content\\\/uploads\\\/2026\\\/08\\\/md-2026-08-31T144707.142.webp\",\"contentUrl\":\"https:\\\/\\\/diariodelsurdigital.com.ar\\\/wp-content\\\/uploads\\\/2026\\\/08\\\/md-2026-08-31T144707.142.webp\",\"width\":992,\"height\":561},{\"@type\":\"BreadcrumbList\",\"@id\":\"https:\\\/\\\/diariodelsurdigital.com.ar\\\/?p=9992#breadcrumb\",\"itemListElement\":[{\"@type\":\"ListItem\",\"position\":1,\"name\":\"Portada\",\"item\":\"https:\\\/\\\/diariodelsurdigital.com.ar\\\/\"},{\"@type\":\"ListItem\",\"position\":2,\"name\":\"El Gobierno anunci\u00f3 el cierre de 400 Registros del Automotor\"}]},{\"@type\":\"WebSite\",\"@id\":\"https:\\\/\\\/diariodelsurdigital.com.ar\\\/#website\",\"url\":\"https:\\\/\\\/diariodelsurdigital.com.ar\\\/\",\"name\":\"Diario del Sur\",\"description\":\"Digital\",\"potentialAction\":[{\"@type\":\"SearchAction\",\"target\":{\"@type\":\"EntryPoint\",\"urlTemplate\":\"https:\\\/\\\/diariodelsurdigital.com.ar\\\/?s={search_term_string}\"},\"query-input\":{\"@type\":\"PropertyValueSpecification\",\"valueRequired\":true,\"valueName\":\"search_term_string\"}}],\"inLanguage\":\"es\"},{\"@type\":\"Person\",\"@id\":\"https:\\\/\\\/diariodelsurdigital.com.ar\\\/#\\\/schema\\\/person\\\/1a4992532ed62965c968031b49195c81\",\"name\":\"Diario del Sur Digital\",\"image\":{\"@type\":\"ImageObject\",\"inLanguage\":\"es\",\"@id\":\"https:\\\/\\\/secure.gravatar.com\\\/avatar\\\/f0c7c47fc7146d19828273b9b8eda651c9c7ab583767e6338d3d3bee825adf76?s=96&d=mm&r=g\",\"url\":\"https:\\\/\\\/secure.gravatar.com\\\/avatar\\\/f0c7c47fc7146d19828273b9b8eda651c9c7ab583767e6338d3d3bee825adf76?s=96&d=mm&r=g\",\"contentUrl\":\"https:\\\/\\\/secure.gravatar.com\\\/avatar\\\/f0c7c47fc7146d19828273b9b8eda651c9c7ab583767e6338d3d3bee825adf76?s=96&d=mm&r=g\",\"caption\":\"Diario del Sur Digital\"},\"url\":\"https:\\\/\\\/diariodelsurdigital.com.ar\\\/?author=4\"}]}<\/script>\n<!-- \/ Yoast SEO plugin. -->","yoast_head_json":{"title":"El Gobierno anunci\u00f3 el cierre de 400 Registros del Automotor - Diario del Sur","robots":{"index":"index","follow":"follow","max-snippet":"max-snippet:-1","max-image-preview":"max-image-preview:large","max-video-preview":"max-video-preview:-1"},"canonical":"https:\/\/diariodelsurdigital.com.ar\/?p=9992","og_locale":"es_ES","og_type":"article","og_title":"El Gobierno anunci\u00f3 el cierre de 400 Registros del Automotor - Diario del Sur","og_description":"El Gobierno anunci\u00f3 este lunes el cierre de casi 400 Registros del Automotor en todo el territorio nacional, como parte de su plan de reconversi\u00f3n del sistema registral automotor argentino que prometi\u00f3 en su campa\u00f1a electoral y que comenz\u00f3 a aplicar a los pocos meses de asumir la administraci\u00f3n del pa\u00eds en diciembre de 2023. [&hellip;]","og_url":"https:\/\/diariodelsurdigital.com.ar\/?p=9992","og_site_name":"Diario del Sur","article_published_time":"2026-08-31T17:48:51+00:00","article_modified_time":"2026-08-31T17:48:56+00:00","og_image":[{"width":992,"height":561,"url":"https:\/\/diariodelsurdigital.com.ar\/wp-content\/uploads\/2026\/08\/md-2026-08-31T144707.142.webp","type":"image\/webp"}],"author":"Diario del Sur Digital","twitter_card":"summary_large_image","twitter_misc":{"Escrito por":"Diario del Sur Digital","Tiempo de lectura":"4 minutos"},"schema":{"@context":"https:\/\/schema.org","@graph":[{"@type":"Article","@id":"https:\/\/diariodelsurdigital.com.ar\/?p=9992#article","isPartOf":{"@id":"https:\/\/diariodelsurdigital.com.ar\/?p=9992"},"author":{"name":"Diario del Sur Digital","@id":"https:\/\/diariodelsurdigital.com.ar\/#\/schema\/person\/1a4992532ed62965c968031b49195c81"},"headline":"El Gobierno anunci\u00f3 el cierre de 400 Registros del Automotor","datePublished":"2026-08-31T17:48:51+00:00","dateModified":"2026-08-31T17:48:56+00:00","mainEntityOfPage":{"@id":"https:\/\/diariodelsurdigital.com.ar\/?p=9992"},"wordCount":662,"commentCount":0,"image":{"@id":"https:\/\/diariodelsurdigital.com.ar\/?p=9992#primaryimage"},"thumbnailUrl":"https:\/\/diariodelsurdigital.com.ar\/wp-content\/uploads\/2026\/08\/md-2026-08-31T144707.142.webp","articleSection":["Inter\u00e9s General","Nacionales"],"inLanguage":"es","potentialAction":[{"@type":"CommentAction","name":"Comment","target":["https:\/\/diariodelsurdigital.com.ar\/?p=9992#respond"]}]},{"@type":"WebPage","@id":"https:\/\/diariodelsurdigital.com.ar\/?p=9992","url":"https:\/\/diariodelsurdigital.com.ar\/?p=9992","name":"El Gobierno anunci\u00f3 el cierre de 400 Registros del Automotor - Diario del Sur","isPartOf":{"@id":"https:\/\/diariodelsurdigital.com.ar\/#website"},"primaryImageOfPage":{"@id":"https:\/\/diariodelsurdigital.com.ar\/?p=9992#primaryimage"},"image":{"@id":"https:\/\/diariodelsurdigital.com.ar\/?p=9992#primaryimage"},"thumbnailUrl":"https:\/\/diariodelsurdigital.com.ar\/wp-content\/uploads\/2026\/08\/md-2026-08-31T144707.142.webp","datePublished":"2026-08-31T17:48:51+00:00","dateModified":"2026-08-31T17:48:56+00:00","author":{"@id":"https:\/\/diariodelsurdigital.com.ar\/#\/schema\/person\/1a4992532ed62965c968031b49195c81"},"breadcrumb":{"@id":"https:\/\/diariodelsurdigital.com.ar\/?p=9992#breadcrumb"},"inLanguage":"es","potentialAction":[{"@type":"ReadAction","target":["https:\/\/diariodelsurdigital.com.ar\/?p=9992"]}]},{"@type":"ImageObject","inLanguage":"es","@id":"https:\/\/diariodelsurdigital.com.ar\/?p=9992#primaryimage","url":"https:\/\/diariodelsurdigital.com.ar\/wp-content\/uploads\/2026\/08\/md-2026-08-31T144707.142.webp","contentUrl":"https:\/\/diariodelsurdigital.com.ar\/wp-content\/uploads\/2026\/08\/md-2026-08-31T144707.142.webp","width":992,"height":561},{"@type":"BreadcrumbList","@id":"https:\/\/diariodelsurdigital.com.ar\/?p=9992#breadcrumb","itemListElement":[{"@type":"ListItem","position":1,"name":"Portada","item":"https:\/\/diariodelsurdigital.com.ar\/"},{"@type":"ListItem","position":2,"name":"El Gobierno anunci\u00f3 el cierre de 400 Registros del Automotor"}]},{"@type":"WebSite","@id":"https:\/\/diariodelsurdigital.com.ar\/#website","url":"https:\/\/diariodelsurdigital.com.ar\/","name":"Diario del Sur","description":"Digital","potentialAction":[{"@type":"SearchAction","target":{"@type":"EntryPoint","urlTemplate":"https:\/\/diariodelsurdigital.com.ar\/?s={search_term_string}"},"query-input":{"@type":"PropertyValueSpecification","valueRequired":true,"valueName":"search_term_string"}}],"inLanguage":"es"},{"@type":"Person","@id":"https:\/\/diariodelsurdigital.com.ar\/#\/schema\/person\/1a4992532ed62965c968031b49195c81","name":"Diario del Sur Digital","image":{"@type":"ImageObject","inLanguage":"es","@id":"https:\/\/secure.gravatar.com\/avatar\/f0c7c47fc7146d19828273b9b8eda651c9c7ab583767e6338d3d3bee825adf76?s=96&d=mm&r=g","url":"https:\/\/secure.gravatar.com\/avatar\/f0c7c47fc7146d19828273b9b8eda651c9c7ab583767e6338d3d3bee825adf76?s=96&d=mm&r=g","contentUrl":"https:\/\/secure.gravatar.com\/avatar\/f0c7c47fc7146d19828273b9b8eda651c9c7ab583767e6338d3d3bee825adf76?s=96&d=mm&r=g","caption":"Diario del Sur Digital"},"url":"https:\/\/diariodelsurdigital.com.ar\/?author=4"}]}},"jetpack_featured_media_url":"https:\/\/diariodelsurdigital.com.ar\/wp-content\/uploads\/2026\/08\/md-2026-08-31T144707.142.webp","jetpack_sharing_enabled":true,"_links":{"self":[{"href":"https:\/\/diariodelsurdigital.com.ar\/index.php?rest_route=\/wp\/v2\/posts\/9992","targetHints":{"allow":["GET"]}}],"collection":[{"href":"https:\/\/diariodelsurdigital.com.ar\/index.php?rest_route=\/wp\/v2\/posts"}],"about":[{"href":"https:\/\/diariodelsurdigital.com.ar\/index.php?rest_route=\/wp\/v2\/types\/post"}],"author":[{"embeddable":true,"href":"https:\/\/diariodelsurdigital.com.ar\/index.php?rest_route=\/wp\/v2\/users\/4"}],"replies":[{"embeddable":true,"href":"https:\/\/diariodelsurdigital.com.ar\/index.php?rest_route=%2Fwp%2Fv2%2Fcomments&post=9992"}],"version-history":[{"count":1,"href":"https:\/\/diariodelsurdigital.com.ar\/index.php?rest_route=\/wp\/v2\/posts\/9992\/revisions"}],"predecessor-version":[{"id":9994,"href":"https:\/\/diariodelsurdigital.com.ar\/index.php?rest_route=\/wp\/v2\/posts\/9992\/revisions\/9994"}],"wp:featuredmedia":[{"embeddable":true,"href":"https:\/\/diariodelsurdigital.com.ar\/index.php?rest_route=\/wp\/v2\/media\/9993"}],"wp:attachment":[{"href":"https:\/\/diariodelsurdigital.com.ar\/index.php?rest_route=%2Fwp%2Fv2%2Fmedia&parent=9992"}],"wp:term":[{"taxonomy":"category","embeddable":true,"href":"https:\/\/diariodelsurdigital.com.ar\/index.php?rest_route=%2Fwp%2Fv2%2Fcategories&post=9992"},{"taxonomy":"post_tag","embeddable":true,"href":"https:\/\/diariodelsurdigital.com.ar\/index.php?rest_route=%2Fwp%2Fv2%2Ftags&post=9992"}],"curies":[{"name":"wp","href":"https:\/\/api.w.org\/{rel}","templated":true}]}}