{"id":9995,"date":"2026-08-31T14:51:49","date_gmt":"2026-08-31T17:51:49","guid":{"rendered":"https:\/\/diariodelsurdigital.com.ar\/?p=9995"},"modified":"2026-08-31T14:54:16","modified_gmt":"2026-08-31T17:54:16","slug":"la-iglesia-advirtio-sobre-el-endeudamiento-de-las-familias-argentinas-y-pidio-que-el-gobierno-no-tenga-una-mirada-superficial","status":"publish","type":"post","link":"https:\/\/diariodelsurdigital.com.ar\/?p=9995","title":{"rendered":"La Iglesia advirti\u00f3 sobre el endeudamiento de las familias argentinas y pidi\u00f3 que el Gobierno no tenga \u201cuna mirada superficial\u201d"},"content":{"rendered":"\n<p class=\"wp-block-paragraph\">El titular de la Conferencia Episcopal, Marcelo Colombo, se refiri\u00f3 al aumento de la morosidad y exigi\u00f3 alg\u00fan tipo de regulaci\u00f3n ante deudas que calific\u00f3 de abusivas desde el momento en que se contraen.<\/p>\n\n\n\n<p class=\"wp-block-paragraph\"><\/p>\n\n\n\n<p class=\"wp-block-paragraph\">El endeudamiento de los hogares argentinos preocupa a la Iglesia. En un contexto en el que la morosidad familiar se convirti\u00f3 en un tema de preocupaci\u00f3n y debate p\u00fablico, el presidente de la Conferencia Episcopal Argentina (CEA),monse\u00f1or Marcelo Colombo, reclam\u00f3 criterios claros para la contracci\u00f3n de deudas y una intervenci\u00f3n concreta de las autoridades nacionales para encontrar un alivio.<\/p>\n\n\n\n<p class=\"wp-block-paragraph\">El religioso traz\u00f3 un paralelismo con la preocupaci\u00f3n que la Iglesia ya hab\u00eda expresado frente a la ludopat\u00eda online: \u201cFamilias que se endeudaban por raz\u00f3n del juego, como adicci\u00f3n. Ahora, esta situaci\u00f3n que se agrega, que es el tener que afrontar muchas veces por causa del uso de las billeteras electr\u00f3nicas\u201d, se\u00f1al\u00f3 el prelado en declaraciones a Radio Mitre Mendoza.<\/p>\n\n\n\n<p class=\"wp-block-paragraph\">Para el titular de la CEA, la situaci\u00f3n requiere una respuesta concreta: \u201cAlguna soluci\u00f3n tiene que haber en cuanto al menos poner criterios en la contracci\u00f3n de las deudas o buscar la forma de discutir cu\u00e1nto del monto del sueldo de alguien se puede gastar\u201d, afirm\u00f3.<\/p>\n\n\n\n<p class=\"wp-block-paragraph\">Adem\u00e1s, Colombo distingui\u00f3 entre distintos tipos de endeudamiento: \u201cHay deudas que son claramente leoninas al momento de contraerlas y otras que son a gotas, que uno se va quedando de una manera r\u00e1pida en una situaci\u00f3n muy desventajosa para poder satisfacer\u201d.<\/p>\n\n\n\n<p class=\"wp-block-paragraph\">El diagn\u00f3stico eclesial llega en un momento de deterioro acelerado de la capacidad de pago de los hogares. Seg\u00fan el informe del CEPA con datos del Banco Central de la Rep\u00fablica Argentina (BCRA) y la Central de Deudores (CENDEU), la mora bancaria familiar trep\u00f3 al 12,8% en junio de 2026, mientras que en billeteras virtuales alcanz\u00f3 el 30,1%, superando el pico del 27,1% registrado durante la pandemia en mayo de 2020. En total, 5,91 millones de personas se encuentran en situaci\u00f3n irregular dentro de un universo de 20,96 millones de deudores.<\/p>\n\n\n\n<p class=\"wp-block-paragraph\">Colombo fue categ\u00f3rico al rechazar la inacci\u00f3n ante este escenario. \u201cLo que no se puede es tener una mirada superficial, ni menos decir: \u2018No nos interesa o que se arreglen\u2019\u201d, sostuvo. El titular de la CEA mencion\u00f3 espec\u00edficamente las dificultades que enfrentan muchas personas que deben endeudarse para cubrir necesidades b\u00e1sicas: \u201cponerse en deudas para sacrificar alg\u00fan \u00edtem necesario para tener alguna situaci\u00f3n de poder satisfacer alg\u00fan \u00edtem, no deja de preocupar y sobre todo, las consecuencias\u201d.<\/p>\n\n\n\n<p class=\"wp-block-paragraph\">Los datos del BCRA citados en el informe del CEPA indican que en abril de 2026 la carga mensual de los servicios de deuda de las familias represent\u00f3 el 24,1% de la masa salarial. Los pr\u00e9stamos personales y las tarjetas de cr\u00e9dito concentraban el 73% del saldo irregular de los hogares a mayo de 2026, seg\u00fan la misma fuente.<\/p>\n\n\n\n<p class=\"wp-block-paragraph\">Una visita muy esperada<\/p>\n\n\n\n<p class=\"wp-block-paragraph\">El papa Le\u00f3n XIV llegar\u00e1 a la Argentina el pr\u00f3ximo 8 de noviembre, en el marco de un viaje apost\u00f3lico que lo llevar\u00e1 tambi\u00e9n por Uruguay y Per\u00fa entre el 6 y el 17 del mismo mes. Ser\u00e1 la primera visita de un pont\u00edfice al pa\u00eds desde 1987, cuando Juan Pablo II estuvo presente en la Jornada Mundial de la Juventud.<\/p>\n\n\n\n<p class=\"wp-block-paragraph\">El esquema inicial prev\u00e9 que el Papa permanezca el lunes 9 en Buenos Aires, el martes 10 en C\u00f3rdoba y el mi\u00e9rcoles 11 en Luj\u00e1n, con base en la Nunciatura porte\u00f1a durante toda su estad\u00eda en el pa\u00eds.<\/p>\n\n\n\n<p class=\"wp-block-paragraph\">Al respecto, monse\u00f1or Colombo se refiri\u00f3 a la expectativa del l\u00edder de la Iglesia cat\u00f3lica y asegur\u00f3: \u201cEl esp\u00edritu y el entusiasmo del Papa es muy grande. Creo que est\u00e1 con mucho inter\u00e9s\u201d.<\/p>\n\n\n\n<p class=\"wp-block-paragraph\">La agenda definitiva de Le\u00f3n XIV en Argentina a\u00fan no est\u00e1 cerrada, pero la semana pasada lleg\u00f3 al pa\u00eds una misi\u00f3n vaticana con el objetivo de terminar de definir el itinerario y los aspectos de seguridad del viaje, public\u00f3 InfoBae.<\/p>\n\n\n\n<p class=\"wp-block-paragraph\">Entre las actividades en an\u00e1lisis figuran misas multitudinarias, encuentros con seminaristas, religiosos y j\u00f3venes, visitas a personas privadas de la libertad \u2014con la c\u00e1rcel de Villa Devoto como posible sede\u2014 y recorridos por instituciones que atienden a personas con discapacidad. Tambi\u00e9n se eval\u00faa un acto masivo en el estadio Monumental de Buenos Aires, aunque todav\u00eda no hay confirmaci\u00f3n oficial.<\/p>\n","protected":false},"excerpt":{"rendered":"<p>El titular de la Conferencia Episcopal, Marcelo Colombo, se refiri\u00f3 al aumento de la morosidad y exigi\u00f3 alg\u00fan tipo de regulaci\u00f3n ante deudas que calific\u00f3 de abusivas desde el momento en que se contraen. El endeudamiento de los hogares argentinos preocupa a la Iglesia. En un contexto en el que la morosidad familiar se convirti\u00f3 [&hellip;]<\/p>\n","protected":false},"author":4,"featured_media":9996,"comment_status":"open","ping_status":"open","sticky":false,"template":"","format":"standard","meta":{"_jetpack_memberships_contains_paid_content":false,"footnotes":""},"categories":[19,18],"tags":[],"class_list":["post-9995","post","type-post","status-publish","format-standard","has-post-thumbnail","category-interes-general","category-nacionales"],"yoast_head":"<!-- This site is optimized with the Yoast SEO plugin v27.6 - https:\/\/yoast.com\/product\/yoast-seo-wordpress\/ -->\n<title>La Iglesia advirti\u00f3 sobre el endeudamiento de las familias argentinas y pidi\u00f3 que el Gobierno no tenga \u201cuna mirada superficial\u201d - Diario del Sur<\/title>\n<meta name=\"robots\" content=\"index, follow, max-snippet:-1, max-image-preview:large, max-video-preview:-1\" \/>\n<link rel=\"canonical\" href=\"https:\/\/diariodelsurdigital.com.ar\/?p=9995\" \/>\n<meta property=\"og:locale\" content=\"es_ES\" \/>\n<meta property=\"og:type\" content=\"article\" \/>\n<meta property=\"og:title\" content=\"La Iglesia advirti\u00f3 sobre el endeudamiento de las familias argentinas y pidi\u00f3 que el Gobierno no tenga \u201cuna mirada superficial\u201d - Diario del Sur\" \/>\n<meta property=\"og:description\" content=\"El titular de la Conferencia Episcopal, Marcelo Colombo, se refiri\u00f3 al aumento de la morosidad y exigi\u00f3 alg\u00fan tipo de regulaci\u00f3n ante deudas que calific\u00f3 de abusivas desde el momento en que se contraen. El endeudamiento de los hogares argentinos preocupa a la Iglesia. En un contexto en el que la morosidad familiar se convirti\u00f3 [&hellip;]\" \/>\n<meta property=\"og:url\" content=\"https:\/\/diariodelsurdigital.com.ar\/?p=9995\" \/>\n<meta property=\"og:site_name\" content=\"Diario del Sur\" \/>\n<meta property=\"article:published_time\" content=\"2026-08-31T17:51:49+00:00\" \/>\n<meta property=\"article:modified_time\" content=\"2026-08-31T17:54:16+00:00\" \/>\n<meta property=\"og:image\" content=\"https:\/\/diariodelsurdigital.com.ar\/wp-content\/uploads\/2026\/08\/md-2026-08-31T145013.071.webp\" \/>\n\t<meta property=\"og:image:width\" content=\"992\" \/>\n\t<meta property=\"og:image:height\" content=\"684\" \/>\n\t<meta property=\"og:image:type\" content=\"image\/webp\" \/>\n<meta name=\"author\" content=\"Diario del Sur Digital\" \/>\n<meta name=\"twitter:card\" content=\"summary_large_image\" \/>\n<meta name=\"twitter:label1\" content=\"Escrito por\" \/>\n\t<meta name=\"twitter:data1\" content=\"Diario del Sur Digital\" \/>\n\t<meta name=\"twitter:label2\" content=\"Tiempo de lectura\" \/>\n\t<meta name=\"twitter:data2\" content=\"4 minutos\" \/>\n<script type=\"application\/ld+json\" class=\"yoast-schema-graph\">{\"@context\":\"https:\\\/\\\/schema.org\",\"@graph\":[{\"@type\":\"Article\",\"@id\":\"https:\\\/\\\/diariodelsurdigital.com.ar\\\/?p=9995#article\",\"isPartOf\":{\"@id\":\"https:\\\/\\\/diariodelsurdigital.com.ar\\\/?p=9995\"},\"author\":{\"name\":\"Diario del Sur Digital\",\"@id\":\"https:\\\/\\\/diariodelsurdigital.com.ar\\\/#\\\/schema\\\/person\\\/1a4992532ed62965c968031b49195c81\"},\"headline\":\"La Iglesia advirti\u00f3 sobre el endeudamiento de las familias argentinas y pidi\u00f3 que el Gobierno no tenga \u201cuna mirada superficial\u201d\",\"datePublished\":\"2026-08-31T17:51:49+00:00\",\"dateModified\":\"2026-08-31T17:54:16+00:00\",\"mainEntityOfPage\":{\"@id\":\"https:\\\/\\\/diariodelsurdigital.com.ar\\\/?p=9995\"},\"wordCount\":769,\"commentCount\":0,\"image\":{\"@id\":\"https:\\\/\\\/diariodelsurdigital.com.ar\\\/?p=9995#primaryimage\"},\"thumbnailUrl\":\"https:\\\/\\\/diariodelsurdigital.com.ar\\\/wp-content\\\/uploads\\\/2026\\\/08\\\/md-2026-08-31T145013.071.webp\",\"articleSection\":[\"Inter\u00e9s General\",\"Nacionales\"],\"inLanguage\":\"es\",\"potentialAction\":[{\"@type\":\"CommentAction\",\"name\":\"Comment\",\"target\":[\"https:\\\/\\\/diariodelsurdigital.com.ar\\\/?p=9995#respond\"]}]},{\"@type\":\"WebPage\",\"@id\":\"https:\\\/\\\/diariodelsurdigital.com.ar\\\/?p=9995\",\"url\":\"https:\\\/\\\/diariodelsurdigital.com.ar\\\/?p=9995\",\"name\":\"La Iglesia advirti\u00f3 sobre el endeudamiento de las familias argentinas y pidi\u00f3 que el Gobierno no tenga \u201cuna mirada superficial\u201d - Diario del Sur\",\"isPartOf\":{\"@id\":\"https:\\\/\\\/diariodelsurdigital.com.ar\\\/#website\"},\"primaryImageOfPage\":{\"@id\":\"https:\\\/\\\/diariodelsurdigital.com.ar\\\/?p=9995#primaryimage\"},\"image\":{\"@id\":\"https:\\\/\\\/diariodelsurdigital.com.ar\\\/?p=9995#primaryimage\"},\"thumbnailUrl\":\"https:\\\/\\\/diariodelsurdigital.com.ar\\\/wp-content\\\/uploads\\\/2026\\\/08\\\/md-2026-08-31T145013.071.webp\",\"datePublished\":\"2026-08-31T17:51:49+00:00\",\"dateModified\":\"2026-08-31T17:54:16+00:00\",\"author\":{\"@id\":\"https:\\\/\\\/diariodelsurdigital.com.ar\\\/#\\\/schema\\\/person\\\/1a4992532ed62965c968031b49195c81\"},\"breadcrumb\":{\"@id\":\"https:\\\/\\\/diariodelsurdigital.com.ar\\\/?p=9995#breadcrumb\"},\"inLanguage\":\"es\",\"potentialAction\":[{\"@type\":\"ReadAction\",\"target\":[\"https:\\\/\\\/diariodelsurdigital.com.ar\\\/?p=9995\"]}]},{\"@type\":\"ImageObject\",\"inLanguage\":\"es\",\"@id\":\"https:\\\/\\\/diariodelsurdigital.com.ar\\\/?p=9995#primaryimage\",\"url\":\"https:\\\/\\\/diariodelsurdigital.com.ar\\\/wp-content\\\/uploads\\\/2026\\\/08\\\/md-2026-08-31T145013.071.webp\",\"contentUrl\":\"https:\\\/\\\/diariodelsurdigital.com.ar\\\/wp-content\\\/uploads\\\/2026\\\/08\\\/md-2026-08-31T145013.071.webp\",\"width\":992,\"height\":684},{\"@type\":\"BreadcrumbList\",\"@id\":\"https:\\\/\\\/diariodelsurdigital.com.ar\\\/?p=9995#breadcrumb\",\"itemListElement\":[{\"@type\":\"ListItem\",\"position\":1,\"name\":\"Portada\",\"item\":\"https:\\\/\\\/diariodelsurdigital.com.ar\\\/\"},{\"@type\":\"ListItem\",\"position\":2,\"name\":\"La Iglesia advirti\u00f3 sobre el endeudamiento de las familias argentinas y pidi\u00f3 que el Gobierno no tenga \u201cuna mirada superficial\u201d\"}]},{\"@type\":\"WebSite\",\"@id\":\"https:\\\/\\\/diariodelsurdigital.com.ar\\\/#website\",\"url\":\"https:\\\/\\\/diariodelsurdigital.com.ar\\\/\",\"name\":\"Diario del Sur\",\"description\":\"Digital\",\"potentialAction\":[{\"@type\":\"SearchAction\",\"target\":{\"@type\":\"EntryPoint\",\"urlTemplate\":\"https:\\\/\\\/diariodelsurdigital.com.ar\\\/?s={search_term_string}\"},\"query-input\":{\"@type\":\"PropertyValueSpecification\",\"valueRequired\":true,\"valueName\":\"search_term_string\"}}],\"inLanguage\":\"es\"},{\"@type\":\"Person\",\"@id\":\"https:\\\/\\\/diariodelsurdigital.com.ar\\\/#\\\/schema\\\/person\\\/1a4992532ed62965c968031b49195c81\",\"name\":\"Diario del Sur Digital\",\"image\":{\"@type\":\"ImageObject\",\"inLanguage\":\"es\",\"@id\":\"https:\\\/\\\/secure.gravatar.com\\\/avatar\\\/f0c7c47fc7146d19828273b9b8eda651c9c7ab583767e6338d3d3bee825adf76?s=96&d=mm&r=g\",\"url\":\"https:\\\/\\\/secure.gravatar.com\\\/avatar\\\/f0c7c47fc7146d19828273b9b8eda651c9c7ab583767e6338d3d3bee825adf76?s=96&d=mm&r=g\",\"contentUrl\":\"https:\\\/\\\/secure.gravatar.com\\\/avatar\\\/f0c7c47fc7146d19828273b9b8eda651c9c7ab583767e6338d3d3bee825adf76?s=96&d=mm&r=g\",\"caption\":\"Diario del Sur Digital\"},\"url\":\"https:\\\/\\\/diariodelsurdigital.com.ar\\\/?author=4\"}]}<\/script>\n<!-- \/ Yoast SEO plugin. -->","yoast_head_json":{"title":"La Iglesia advirti\u00f3 sobre el endeudamiento de las familias argentinas y pidi\u00f3 que el Gobierno no tenga \u201cuna mirada superficial\u201d - Diario del Sur","robots":{"index":"index","follow":"follow","max-snippet":"max-snippet:-1","max-image-preview":"max-image-preview:large","max-video-preview":"max-video-preview:-1"},"canonical":"https:\/\/diariodelsurdigital.com.ar\/?p=9995","og_locale":"es_ES","og_type":"article","og_title":"La Iglesia advirti\u00f3 sobre el endeudamiento de las familias argentinas y pidi\u00f3 que el Gobierno no tenga \u201cuna mirada superficial\u201d - Diario del Sur","og_description":"El titular de la Conferencia Episcopal, Marcelo Colombo, se refiri\u00f3 al aumento de la morosidad y exigi\u00f3 alg\u00fan tipo de regulaci\u00f3n ante deudas que calific\u00f3 de abusivas desde el momento en que se contraen. El endeudamiento de los hogares argentinos preocupa a la Iglesia. En un contexto en el que la morosidad familiar se convirti\u00f3 [&hellip;]","og_url":"https:\/\/diariodelsurdigital.com.ar\/?p=9995","og_site_name":"Diario del Sur","article_published_time":"2026-08-31T17:51:49+00:00","article_modified_time":"2026-08-31T17:54:16+00:00","og_image":[{"width":992,"height":684,"url":"https:\/\/diariodelsurdigital.com.ar\/wp-content\/uploads\/2026\/08\/md-2026-08-31T145013.071.webp","type":"image\/webp"}],"author":"Diario del Sur Digital","twitter_card":"summary_large_image","twitter_misc":{"Escrito por":"Diario del Sur Digital","Tiempo de lectura":"4 minutos"},"schema":{"@context":"https:\/\/schema.org","@graph":[{"@type":"Article","@id":"https:\/\/diariodelsurdigital.com.ar\/?p=9995#article","isPartOf":{"@id":"https:\/\/diariodelsurdigital.com.ar\/?p=9995"},"author":{"name":"Diario del Sur Digital","@id":"https:\/\/diariodelsurdigital.com.ar\/#\/schema\/person\/1a4992532ed62965c968031b49195c81"},"headline":"La Iglesia advirti\u00f3 sobre el endeudamiento de las familias argentinas y pidi\u00f3 que el Gobierno no tenga \u201cuna mirada superficial\u201d","datePublished":"2026-08-31T17:51:49+00:00","dateModified":"2026-08-31T17:54:16+00:00","mainEntityOfPage":{"@id":"https:\/\/diariodelsurdigital.com.ar\/?p=9995"},"wordCount":769,"commentCount":0,"image":{"@id":"https:\/\/diariodelsurdigital.com.ar\/?p=9995#primaryimage"},"thumbnailUrl":"https:\/\/diariodelsurdigital.com.ar\/wp-content\/uploads\/2026\/08\/md-2026-08-31T145013.071.webp","articleSection":["Inter\u00e9s General","Nacionales"],"inLanguage":"es","potentialAction":[{"@type":"CommentAction","name":"Comment","target":["https:\/\/diariodelsurdigital.com.ar\/?p=9995#respond"]}]},{"@type":"WebPage","@id":"https:\/\/diariodelsurdigital.com.ar\/?p=9995","url":"https:\/\/diariodelsurdigital.com.ar\/?p=9995","name":"La Iglesia advirti\u00f3 sobre el endeudamiento de las familias argentinas y pidi\u00f3 que el Gobierno no tenga \u201cuna mirada superficial\u201d - Diario del Sur","isPartOf":{"@id":"https:\/\/diariodelsurdigital.com.ar\/#website"},"primaryImageOfPage":{"@id":"https:\/\/diariodelsurdigital.com.ar\/?p=9995#primaryimage"},"image":{"@id":"https:\/\/diariodelsurdigital.com.ar\/?p=9995#primaryimage"},"thumbnailUrl":"https:\/\/diariodelsurdigital.com.ar\/wp-content\/uploads\/2026\/08\/md-2026-08-31T145013.071.webp","datePublished":"2026-08-31T17:51:49+00:00","dateModified":"2026-08-31T17:54:16+00:00","author":{"@id":"https:\/\/diariodelsurdigital.com.ar\/#\/schema\/person\/1a4992532ed62965c968031b49195c81"},"breadcrumb":{"@id":"https:\/\/diariodelsurdigital.com.ar\/?p=9995#breadcrumb"},"inLanguage":"es","potentialAction":[{"@type":"ReadAction","target":["https:\/\/diariodelsurdigital.com.ar\/?p=9995"]}]},{"@type":"ImageObject","inLanguage":"es","@id":"https:\/\/diariodelsurdigital.com.ar\/?p=9995#primaryimage","url":"https:\/\/diariodelsurdigital.com.ar\/wp-content\/uploads\/2026\/08\/md-2026-08-31T145013.071.webp","contentUrl":"https:\/\/diariodelsurdigital.com.ar\/wp-content\/uploads\/2026\/08\/md-2026-08-31T145013.071.webp","width":992,"height":684},{"@type":"BreadcrumbList","@id":"https:\/\/diariodelsurdigital.com.ar\/?p=9995#breadcrumb","itemListElement":[{"@type":"ListItem","position":1,"name":"Portada","item":"https:\/\/diariodelsurdigital.com.ar\/"},{"@type":"ListItem","position":2,"name":"La Iglesia advirti\u00f3 sobre el endeudamiento de las familias argentinas y pidi\u00f3 que el Gobierno no tenga \u201cuna mirada superficial\u201d"}]},{"@type":"WebSite","@id":"https:\/\/diariodelsurdigital.com.ar\/#website","url":"https:\/\/diariodelsurdigital.com.ar\/","name":"Diario del Sur","description":"Digital","potentialAction":[{"@type":"SearchAction","target":{"@type":"EntryPoint","urlTemplate":"https:\/\/diariodelsurdigital.com.ar\/?s={search_term_string}"},"query-input":{"@type":"PropertyValueSpecification","valueRequired":true,"valueName":"search_term_string"}}],"inLanguage":"es"},{"@type":"Person","@id":"https:\/\/diariodelsurdigital.com.ar\/#\/schema\/person\/1a4992532ed62965c968031b49195c81","name":"Diario del Sur Digital","image":{"@type":"ImageObject","inLanguage":"es","@id":"https:\/\/secure.gravatar.com\/avatar\/f0c7c47fc7146d19828273b9b8eda651c9c7ab583767e6338d3d3bee825adf76?s=96&d=mm&r=g","url":"https:\/\/secure.gravatar.com\/avatar\/f0c7c47fc7146d19828273b9b8eda651c9c7ab583767e6338d3d3bee825adf76?s=96&d=mm&r=g","contentUrl":"https:\/\/secure.gravatar.com\/avatar\/f0c7c47fc7146d19828273b9b8eda651c9c7ab583767e6338d3d3bee825adf76?s=96&d=mm&r=g","caption":"Diario del Sur Digital"},"url":"https:\/\/diariodelsurdigital.com.ar\/?author=4"}]}},"jetpack_featured_media_url":"https:\/\/diariodelsurdigital.com.ar\/wp-content\/uploads\/2026\/08\/md-2026-08-31T145013.071.webp","jetpack_sharing_enabled":true,"_links":{"self":[{"href":"https:\/\/diariodelsurdigital.com.ar\/index.php?rest_route=\/wp\/v2\/posts\/9995","targetHints":{"allow":["GET"]}}],"collection":[{"href":"https:\/\/diariodelsurdigital.com.ar\/index.php?rest_route=\/wp\/v2\/posts"}],"about":[{"href":"https:\/\/diariodelsurdigital.com.ar\/index.php?rest_route=\/wp\/v2\/types\/post"}],"author":[{"embeddable":true,"href":"https:\/\/diariodelsurdigital.com.ar\/index.php?rest_route=\/wp\/v2\/users\/4"}],"replies":[{"embeddable":true,"href":"https:\/\/diariodelsurdigital.com.ar\/index.php?rest_route=%2Fwp%2Fv2%2Fcomments&post=9995"}],"version-history":[{"count":2,"href":"https:\/\/diariodelsurdigital.com.ar\/index.php?rest_route=\/wp\/v2\/posts\/9995\/revisions"}],"predecessor-version":[{"id":10001,"href":"https:\/\/diariodelsurdigital.com.ar\/index.php?rest_route=\/wp\/v2\/posts\/9995\/revisions\/10001"}],"wp:featuredmedia":[{"embeddable":true,"href":"https:\/\/diariodelsurdigital.com.ar\/index.php?rest_route=\/wp\/v2\/media\/9996"}],"wp:attachment":[{"href":"https:\/\/diariodelsurdigital.com.ar\/index.php?rest_route=%2Fwp%2Fv2%2Fmedia&parent=9995"}],"wp:term":[{"taxonomy":"category","embeddable":true,"href":"https:\/\/diariodelsurdigital.com.ar\/index.php?rest_route=%2Fwp%2Fv2%2Fcategories&post=9995"},{"taxonomy":"post_tag","embeddable":true,"href":"https:\/\/diariodelsurdigital.com.ar\/index.php?rest_route=%2Fwp%2Fv2%2Ftags&post=9995"}],"curies":[{"name":"wp","href":"https:\/\/api.w.org\/{rel}","templated":true}]}}