{"id":9998,"date":"2026-08-31T14:53:36","date_gmt":"2026-08-31T17:53:36","guid":{"rendered":"https:\/\/diariodelsurdigital.com.ar\/?p=9998"},"modified":"2026-08-31T14:53:37","modified_gmt":"2026-08-31T17:53:37","slug":"condenaron-al-expresidente-ecuatoriano-lenin-moreno-a-cinco-anos-de-prision-por-corrupcion","status":"publish","type":"post","link":"https:\/\/diariodelsurdigital.com.ar\/?p=9998","title":{"rendered":"Condenaron al expresidente ecuatoriano Len\u00edn Moreno a cinco a\u00f1os de prisi\u00f3n por corrupci\u00f3n"},"content":{"rendered":"\n<p class=\"wp-block-paragraph\">La Justicia lo declar\u00f3 culpable por una trama ilegal vinculada con la construcci\u00f3n de la central hidroel\u00e9ctrica Coca Codo Sinclair. Su esposa y otros familiares tambi\u00e9n recibieron penas.<\/p>\n\n\n\n<p class=\"wp-block-paragraph\">La Justicia de Ecuador conden\u00f3 a cinco a\u00f1os de prisi\u00f3n al expresidente Len\u00edn Moreno por el delito de cohecho en una causa que investig\u00f3 el pago de sobornos alrededor de la construcci\u00f3n de Coca Codo Sinclair, la mayor central hidroel\u00e9ctrica del pa\u00eds.<\/p>\n\n\n\n<p class=\"wp-block-paragraph\">La sentencia fue dictada por la Corte Nacional de Justicia y alcanza tambi\u00e9n a otras personas acusadas de participar en la maniobra, entre ellas un exembajador chino. La Fiscal\u00eda ecuatoriana inform\u00f3 la resoluci\u00f3n y se\u00f1al\u00f3 que el exmandatario, de 73 a\u00f1os, fue considerado autor del delito.<\/p>\n\n\n\n<p class=\"wp-block-paragraph\">Moreno, que gobern\u00f3 Ecuador entre 2017 y 2021, rechaz\u00f3 las acusaciones y anticip\u00f3 que apelar\u00e1 el fallo de primera instancia. \u201cNo he recibido un solo centavo por parte de Sinohydro\u201d, sostuvo despu\u00e9s de conocer la decisi\u00f3n judicial. El exmandatario particip\u00f3 de la audiencia en Quito junto con su esposa, Roc\u00edo Gonz\u00e1lez.<\/p>\n\n\n\n<p class=\"wp-block-paragraph\">La investigaci\u00f3n se concentra en la construcci\u00f3n de la hidroel\u00e9ctrica Coca Codo Sinclair, desarrollada por la empresa china Sinohydro y puesta en funcionamiento en 2016. Seg\u00fan la Fiscal\u00eda, la compa\u00f1\u00eda habr\u00eda desembolsado alrededor de 76 millones de d\u00f3lares en sobornos, una cifra equivalente al 4% del costo de la obra.<\/p>\n\n\n\n<p class=\"wp-block-paragraph\">Moreno, que gobern\u00f3 Ecuador entre 2017 y 2021, rechaz\u00f3 las acusaciones y anticip\u00f3 que apelar\u00e1 el fallo de primera instancia. \u201cNo he recibido un solo centavo por parte de Sinohydro\u201d, sostuvo despu\u00e9s de conocer la decisi\u00f3n judicial. El exmandatario particip\u00f3 de la audiencia en Quito junto con su esposa, Roc\u00edo Gonz\u00e1lez.<\/p>\n\n\n\n<p class=\"wp-block-paragraph\">La investigaci\u00f3n se concentra en la construcci\u00f3n de la hidroel\u00e9ctrica Coca Codo Sinclair, desarrollada por la empresa china Sinohydro y puesta en funcionamiento en 2016. Seg\u00fan la Fiscal\u00eda, la compa\u00f1\u00eda habr\u00eda desembolsado alrededor de 76 millones de d\u00f3lares en sobornos, una cifra equivalente al 4% del costo de la obra.<\/p>\n\n\n\n<p class=\"wp-block-paragraph\">Los investigadores sostienen que, cuando Moreno era vicepresidente de Rafael Correa, entre 2007 y 2013, integrantes de su familia recibieron cerca de un mill\u00f3n de d\u00f3lares provenientes de esos pagos ilegales a cambio de favorecer el proyecto.<\/p>\n\n\n\n<p class=\"wp-block-paragraph\">La esposa del expresidente, una de sus hijas, dos de sus hermanos y una cu\u00f1ada fueron declarados c\u00f3mplices y condenados a dos a\u00f1os y seis meses de c\u00e1rcel. La causa involucra en total a una veintena de personas, incluidos varios ciudadanos chinos.<\/p>\n\n\n\n<p class=\"wp-block-paragraph\">Adem\u00e1s, dos ecuatorianos que se desempe\u00f1aron como gerentes de la hidroel\u00e9ctrica fueron considerados autores directos de cohecho y recibieron penas de tres a\u00f1os de prisi\u00f3n<\/p>\n\n\n\n<p class=\"wp-block-paragraph\">La Fiscal\u00eda hab\u00eda solicitado una condena de seis a\u00f1os y seis meses para Moreno. En caso de que la sentencia quede firme, deber\u00e1 definirse tambi\u00e9n c\u00f3mo cumplir\u00e1 la pena, debido a su edad y a que utiliza silla de ruedas.<\/p>\n\n\n\n<p class=\"wp-block-paragraph\">Moreno lleg\u00f3 a la Presidencia en 2017 con el respaldo de Rafael Correa, de quien hab\u00eda sido vicepresidente. Sin embargo, una vez en el poder rompi\u00f3 pol\u00edticamente con su antecesor, modific\u00f3 el rumbo del gobierno y fortaleci\u00f3 el v\u00ednculo de Ecuador con Estados Unidos.<\/p>\n\n\n\n<p class=\"wp-block-paragraph\">Correa, por su parte, reside en B\u00e9lgica desde que dej\u00f3 la Presidencia. En 2020 fue condenado en ausencia a ocho a\u00f1os de prisi\u00f3n en otra causa de corrupci\u00f3n relacionada con aportes ilegales de empresas contratistas del Estado, entre ellas la constructora brasile\u00f1a Odebrecht.<\/p>\n","protected":false},"excerpt":{"rendered":"<p>La Justicia lo declar\u00f3 culpable por una trama ilegal vinculada con la construcci\u00f3n de la central hidroel\u00e9ctrica Coca Codo Sinclair. Su esposa y otros familiares tambi\u00e9n recibieron penas. La Justicia de Ecuador conden\u00f3 a cinco a\u00f1os de prisi\u00f3n al expresidente Len\u00edn Moreno por el delito de cohecho en una causa que investig\u00f3 el pago de [&hellip;]<\/p>\n","protected":false},"author":4,"featured_media":9999,"comment_status":"open","ping_status":"open","sticky":false,"template":"","format":"standard","meta":{"_jetpack_memberships_contains_paid_content":false,"footnotes":""},"categories":[20,22],"tags":[],"class_list":["post-9998","post","type-post","status-publish","format-standard","has-post-thumbnail","category-internacionales","category-politica"],"yoast_head":"<!-- This site is optimized with the Yoast SEO plugin v27.6 - https:\/\/yoast.com\/product\/yoast-seo-wordpress\/ -->\n<title>Condenaron al expresidente ecuatoriano Len\u00edn Moreno a cinco a\u00f1os de prisi\u00f3n por corrupci\u00f3n - Diario del Sur<\/title>\n<meta name=\"robots\" content=\"index, follow, max-snippet:-1, max-image-preview:large, max-video-preview:-1\" \/>\n<link rel=\"canonical\" href=\"https:\/\/diariodelsurdigital.com.ar\/?p=9998\" \/>\n<meta property=\"og:locale\" content=\"es_ES\" \/>\n<meta property=\"og:type\" content=\"article\" \/>\n<meta property=\"og:title\" content=\"Condenaron al expresidente ecuatoriano Len\u00edn Moreno a cinco a\u00f1os de prisi\u00f3n por corrupci\u00f3n - Diario del Sur\" \/>\n<meta property=\"og:description\" content=\"La Justicia lo declar\u00f3 culpable por una trama ilegal vinculada con la construcci\u00f3n de la central hidroel\u00e9ctrica Coca Codo Sinclair. Su esposa y otros familiares tambi\u00e9n recibieron penas. La Justicia de Ecuador conden\u00f3 a cinco a\u00f1os de prisi\u00f3n al expresidente Len\u00edn Moreno por el delito de cohecho en una causa que investig\u00f3 el pago de [&hellip;]\" \/>\n<meta property=\"og:url\" content=\"https:\/\/diariodelsurdigital.com.ar\/?p=9998\" \/>\n<meta property=\"og:site_name\" content=\"Diario del Sur\" \/>\n<meta property=\"article:published_time\" content=\"2026-08-31T17:53:36+00:00\" \/>\n<meta property=\"article:modified_time\" content=\"2026-08-31T17:53:37+00:00\" \/>\n<meta property=\"og:image\" content=\"https:\/\/diariodelsurdigital.com.ar\/wp-content\/uploads\/2026\/08\/md-2026-08-31T145225.453.webp\" \/>\n\t<meta property=\"og:image:width\" content=\"992\" \/>\n\t<meta property=\"og:image:height\" content=\"554\" \/>\n\t<meta property=\"og:image:type\" content=\"image\/webp\" \/>\n<meta name=\"author\" content=\"Diario del Sur Digital\" \/>\n<meta name=\"twitter:card\" content=\"summary_large_image\" \/>\n<meta name=\"twitter:label1\" content=\"Escrito por\" \/>\n\t<meta name=\"twitter:data1\" content=\"Diario del Sur Digital\" \/>\n\t<meta name=\"twitter:label2\" content=\"Tiempo de lectura\" \/>\n\t<meta name=\"twitter:data2\" content=\"3 minutos\" \/>\n<script type=\"application\/ld+json\" class=\"yoast-schema-graph\">{\"@context\":\"https:\\\/\\\/schema.org\",\"@graph\":[{\"@type\":\"Article\",\"@id\":\"https:\\\/\\\/diariodelsurdigital.com.ar\\\/?p=9998#article\",\"isPartOf\":{\"@id\":\"https:\\\/\\\/diariodelsurdigital.com.ar\\\/?p=9998\"},\"author\":{\"name\":\"Diario del Sur Digital\",\"@id\":\"https:\\\/\\\/diariodelsurdigital.com.ar\\\/#\\\/schema\\\/person\\\/1a4992532ed62965c968031b49195c81\"},\"headline\":\"Condenaron al expresidente ecuatoriano Len\u00edn Moreno a cinco a\u00f1os de prisi\u00f3n por corrupci\u00f3n\",\"datePublished\":\"2026-08-31T17:53:36+00:00\",\"dateModified\":\"2026-08-31T17:53:37+00:00\",\"mainEntityOfPage\":{\"@id\":\"https:\\\/\\\/diariodelsurdigital.com.ar\\\/?p=9998\"},\"wordCount\":613,\"commentCount\":0,\"image\":{\"@id\":\"https:\\\/\\\/diariodelsurdigital.com.ar\\\/?p=9998#primaryimage\"},\"thumbnailUrl\":\"https:\\\/\\\/diariodelsurdigital.com.ar\\\/wp-content\\\/uploads\\\/2026\\\/08\\\/md-2026-08-31T145225.453.webp\",\"articleSection\":[\"Internacionales\",\"Pol\u00edtica\"],\"inLanguage\":\"es\",\"potentialAction\":[{\"@type\":\"CommentAction\",\"name\":\"Comment\",\"target\":[\"https:\\\/\\\/diariodelsurdigital.com.ar\\\/?p=9998#respond\"]}]},{\"@type\":\"WebPage\",\"@id\":\"https:\\\/\\\/diariodelsurdigital.com.ar\\\/?p=9998\",\"url\":\"https:\\\/\\\/diariodelsurdigital.com.ar\\\/?p=9998\",\"name\":\"Condenaron al expresidente ecuatoriano Len\u00edn Moreno a cinco a\u00f1os de prisi\u00f3n por corrupci\u00f3n - Diario del Sur\",\"isPartOf\":{\"@id\":\"https:\\\/\\\/diariodelsurdigital.com.ar\\\/#website\"},\"primaryImageOfPage\":{\"@id\":\"https:\\\/\\\/diariodelsurdigital.com.ar\\\/?p=9998#primaryimage\"},\"image\":{\"@id\":\"https:\\\/\\\/diariodelsurdigital.com.ar\\\/?p=9998#primaryimage\"},\"thumbnailUrl\":\"https:\\\/\\\/diariodelsurdigital.com.ar\\\/wp-content\\\/uploads\\\/2026\\\/08\\\/md-2026-08-31T145225.453.webp\",\"datePublished\":\"2026-08-31T17:53:36+00:00\",\"dateModified\":\"2026-08-31T17:53:37+00:00\",\"author\":{\"@id\":\"https:\\\/\\\/diariodelsurdigital.com.ar\\\/#\\\/schema\\\/person\\\/1a4992532ed62965c968031b49195c81\"},\"breadcrumb\":{\"@id\":\"https:\\\/\\\/diariodelsurdigital.com.ar\\\/?p=9998#breadcrumb\"},\"inLanguage\":\"es\",\"potentialAction\":[{\"@type\":\"ReadAction\",\"target\":[\"https:\\\/\\\/diariodelsurdigital.com.ar\\\/?p=9998\"]}]},{\"@type\":\"ImageObject\",\"inLanguage\":\"es\",\"@id\":\"https:\\\/\\\/diariodelsurdigital.com.ar\\\/?p=9998#primaryimage\",\"url\":\"https:\\\/\\\/diariodelsurdigital.com.ar\\\/wp-content\\\/uploads\\\/2026\\\/08\\\/md-2026-08-31T145225.453.webp\",\"contentUrl\":\"https:\\\/\\\/diariodelsurdigital.com.ar\\\/wp-content\\\/uploads\\\/2026\\\/08\\\/md-2026-08-31T145225.453.webp\",\"width\":992,\"height\":554},{\"@type\":\"BreadcrumbList\",\"@id\":\"https:\\\/\\\/diariodelsurdigital.com.ar\\\/?p=9998#breadcrumb\",\"itemListElement\":[{\"@type\":\"ListItem\",\"position\":1,\"name\":\"Portada\",\"item\":\"https:\\\/\\\/diariodelsurdigital.com.ar\\\/\"},{\"@type\":\"ListItem\",\"position\":2,\"name\":\"Condenaron al expresidente ecuatoriano Len\u00edn Moreno a cinco a\u00f1os de prisi\u00f3n por corrupci\u00f3n\"}]},{\"@type\":\"WebSite\",\"@id\":\"https:\\\/\\\/diariodelsurdigital.com.ar\\\/#website\",\"url\":\"https:\\\/\\\/diariodelsurdigital.com.ar\\\/\",\"name\":\"Diario del Sur\",\"description\":\"Digital\",\"potentialAction\":[{\"@type\":\"SearchAction\",\"target\":{\"@type\":\"EntryPoint\",\"urlTemplate\":\"https:\\\/\\\/diariodelsurdigital.com.ar\\\/?s={search_term_string}\"},\"query-input\":{\"@type\":\"PropertyValueSpecification\",\"valueRequired\":true,\"valueName\":\"search_term_string\"}}],\"inLanguage\":\"es\"},{\"@type\":\"Person\",\"@id\":\"https:\\\/\\\/diariodelsurdigital.com.ar\\\/#\\\/schema\\\/person\\\/1a4992532ed62965c968031b49195c81\",\"name\":\"Diario del Sur Digital\",\"image\":{\"@type\":\"ImageObject\",\"inLanguage\":\"es\",\"@id\":\"https:\\\/\\\/secure.gravatar.com\\\/avatar\\\/f0c7c47fc7146d19828273b9b8eda651c9c7ab583767e6338d3d3bee825adf76?s=96&d=mm&r=g\",\"url\":\"https:\\\/\\\/secure.gravatar.com\\\/avatar\\\/f0c7c47fc7146d19828273b9b8eda651c9c7ab583767e6338d3d3bee825adf76?s=96&d=mm&r=g\",\"contentUrl\":\"https:\\\/\\\/secure.gravatar.com\\\/avatar\\\/f0c7c47fc7146d19828273b9b8eda651c9c7ab583767e6338d3d3bee825adf76?s=96&d=mm&r=g\",\"caption\":\"Diario del Sur Digital\"},\"url\":\"https:\\\/\\\/diariodelsurdigital.com.ar\\\/?author=4\"}]}<\/script>\n<!-- \/ Yoast SEO plugin. -->","yoast_head_json":{"title":"Condenaron al expresidente ecuatoriano Len\u00edn Moreno a cinco a\u00f1os de prisi\u00f3n por corrupci\u00f3n - Diario del Sur","robots":{"index":"index","follow":"follow","max-snippet":"max-snippet:-1","max-image-preview":"max-image-preview:large","max-video-preview":"max-video-preview:-1"},"canonical":"https:\/\/diariodelsurdigital.com.ar\/?p=9998","og_locale":"es_ES","og_type":"article","og_title":"Condenaron al expresidente ecuatoriano Len\u00edn Moreno a cinco a\u00f1os de prisi\u00f3n por corrupci\u00f3n - Diario del Sur","og_description":"La Justicia lo declar\u00f3 culpable por una trama ilegal vinculada con la construcci\u00f3n de la central hidroel\u00e9ctrica Coca Codo Sinclair. Su esposa y otros familiares tambi\u00e9n recibieron penas. La Justicia de Ecuador conden\u00f3 a cinco a\u00f1os de prisi\u00f3n al expresidente Len\u00edn Moreno por el delito de cohecho en una causa que investig\u00f3 el pago de [&hellip;]","og_url":"https:\/\/diariodelsurdigital.com.ar\/?p=9998","og_site_name":"Diario del Sur","article_published_time":"2026-08-31T17:53:36+00:00","article_modified_time":"2026-08-31T17:53:37+00:00","og_image":[{"width":992,"height":554,"url":"https:\/\/diariodelsurdigital.com.ar\/wp-content\/uploads\/2026\/08\/md-2026-08-31T145225.453.webp","type":"image\/webp"}],"author":"Diario del Sur Digital","twitter_card":"summary_large_image","twitter_misc":{"Escrito por":"Diario del Sur Digital","Tiempo de lectura":"3 minutos"},"schema":{"@context":"https:\/\/schema.org","@graph":[{"@type":"Article","@id":"https:\/\/diariodelsurdigital.com.ar\/?p=9998#article","isPartOf":{"@id":"https:\/\/diariodelsurdigital.com.ar\/?p=9998"},"author":{"name":"Diario del Sur Digital","@id":"https:\/\/diariodelsurdigital.com.ar\/#\/schema\/person\/1a4992532ed62965c968031b49195c81"},"headline":"Condenaron al expresidente ecuatoriano Len\u00edn Moreno a cinco a\u00f1os de prisi\u00f3n por corrupci\u00f3n","datePublished":"2026-08-31T17:53:36+00:00","dateModified":"2026-08-31T17:53:37+00:00","mainEntityOfPage":{"@id":"https:\/\/diariodelsurdigital.com.ar\/?p=9998"},"wordCount":613,"commentCount":0,"image":{"@id":"https:\/\/diariodelsurdigital.com.ar\/?p=9998#primaryimage"},"thumbnailUrl":"https:\/\/diariodelsurdigital.com.ar\/wp-content\/uploads\/2026\/08\/md-2026-08-31T145225.453.webp","articleSection":["Internacionales","Pol\u00edtica"],"inLanguage":"es","potentialAction":[{"@type":"CommentAction","name":"Comment","target":["https:\/\/diariodelsurdigital.com.ar\/?p=9998#respond"]}]},{"@type":"WebPage","@id":"https:\/\/diariodelsurdigital.com.ar\/?p=9998","url":"https:\/\/diariodelsurdigital.com.ar\/?p=9998","name":"Condenaron al expresidente ecuatoriano Len\u00edn Moreno a cinco a\u00f1os de prisi\u00f3n por corrupci\u00f3n - Diario del Sur","isPartOf":{"@id":"https:\/\/diariodelsurdigital.com.ar\/#website"},"primaryImageOfPage":{"@id":"https:\/\/diariodelsurdigital.com.ar\/?p=9998#primaryimage"},"image":{"@id":"https:\/\/diariodelsurdigital.com.ar\/?p=9998#primaryimage"},"thumbnailUrl":"https:\/\/diariodelsurdigital.com.ar\/wp-content\/uploads\/2026\/08\/md-2026-08-31T145225.453.webp","datePublished":"2026-08-31T17:53:36+00:00","dateModified":"2026-08-31T17:53:37+00:00","author":{"@id":"https:\/\/diariodelsurdigital.com.ar\/#\/schema\/person\/1a4992532ed62965c968031b49195c81"},"breadcrumb":{"@id":"https:\/\/diariodelsurdigital.com.ar\/?p=9998#breadcrumb"},"inLanguage":"es","potentialAction":[{"@type":"ReadAction","target":["https:\/\/diariodelsurdigital.com.ar\/?p=9998"]}]},{"@type":"ImageObject","inLanguage":"es","@id":"https:\/\/diariodelsurdigital.com.ar\/?p=9998#primaryimage","url":"https:\/\/diariodelsurdigital.com.ar\/wp-content\/uploads\/2026\/08\/md-2026-08-31T145225.453.webp","contentUrl":"https:\/\/diariodelsurdigital.com.ar\/wp-content\/uploads\/2026\/08\/md-2026-08-31T145225.453.webp","width":992,"height":554},{"@type":"BreadcrumbList","@id":"https:\/\/diariodelsurdigital.com.ar\/?p=9998#breadcrumb","itemListElement":[{"@type":"ListItem","position":1,"name":"Portada","item":"https:\/\/diariodelsurdigital.com.ar\/"},{"@type":"ListItem","position":2,"name":"Condenaron al expresidente ecuatoriano Len\u00edn Moreno a cinco a\u00f1os de prisi\u00f3n por corrupci\u00f3n"}]},{"@type":"WebSite","@id":"https:\/\/diariodelsurdigital.com.ar\/#website","url":"https:\/\/diariodelsurdigital.com.ar\/","name":"Diario del Sur","description":"Digital","potentialAction":[{"@type":"SearchAction","target":{"@type":"EntryPoint","urlTemplate":"https:\/\/diariodelsurdigital.com.ar\/?s={search_term_string}"},"query-input":{"@type":"PropertyValueSpecification","valueRequired":true,"valueName":"search_term_string"}}],"inLanguage":"es"},{"@type":"Person","@id":"https:\/\/diariodelsurdigital.com.ar\/#\/schema\/person\/1a4992532ed62965c968031b49195c81","name":"Diario del Sur Digital","image":{"@type":"ImageObject","inLanguage":"es","@id":"https:\/\/secure.gravatar.com\/avatar\/f0c7c47fc7146d19828273b9b8eda651c9c7ab583767e6338d3d3bee825adf76?s=96&d=mm&r=g","url":"https:\/\/secure.gravatar.com\/avatar\/f0c7c47fc7146d19828273b9b8eda651c9c7ab583767e6338d3d3bee825adf76?s=96&d=mm&r=g","contentUrl":"https:\/\/secure.gravatar.com\/avatar\/f0c7c47fc7146d19828273b9b8eda651c9c7ab583767e6338d3d3bee825adf76?s=96&d=mm&r=g","caption":"Diario del Sur Digital"},"url":"https:\/\/diariodelsurdigital.com.ar\/?author=4"}]}},"jetpack_featured_media_url":"https:\/\/diariodelsurdigital.com.ar\/wp-content\/uploads\/2026\/08\/md-2026-08-31T145225.453.webp","jetpack_sharing_enabled":true,"_links":{"self":[{"href":"https:\/\/diariodelsurdigital.com.ar\/index.php?rest_route=\/wp\/v2\/posts\/9998","targetHints":{"allow":["GET"]}}],"collection":[{"href":"https:\/\/diariodelsurdigital.com.ar\/index.php?rest_route=\/wp\/v2\/posts"}],"about":[{"href":"https:\/\/diariodelsurdigital.com.ar\/index.php?rest_route=\/wp\/v2\/types\/post"}],"author":[{"embeddable":true,"href":"https:\/\/diariodelsurdigital.com.ar\/index.php?rest_route=\/wp\/v2\/users\/4"}],"replies":[{"embeddable":true,"href":"https:\/\/diariodelsurdigital.com.ar\/index.php?rest_route=%2Fwp%2Fv2%2Fcomments&post=9998"}],"version-history":[{"count":1,"href":"https:\/\/diariodelsurdigital.com.ar\/index.php?rest_route=\/wp\/v2\/posts\/9998\/revisions"}],"predecessor-version":[{"id":10000,"href":"https:\/\/diariodelsurdigital.com.ar\/index.php?rest_route=\/wp\/v2\/posts\/9998\/revisions\/10000"}],"wp:featuredmedia":[{"embeddable":true,"href":"https:\/\/diariodelsurdigital.com.ar\/index.php?rest_route=\/wp\/v2\/media\/9999"}],"wp:attachment":[{"href":"https:\/\/diariodelsurdigital.com.ar\/index.php?rest_route=%2Fwp%2Fv2%2Fmedia&parent=9998"}],"wp:term":[{"taxonomy":"category","embeddable":true,"href":"https:\/\/diariodelsurdigital.com.ar\/index.php?rest_route=%2Fwp%2Fv2%2Fcategories&post=9998"},{"taxonomy":"post_tag","embeddable":true,"href":"https:\/\/diariodelsurdigital.com.ar\/index.php?rest_route=%2Fwp%2Fv2%2Ftags&post=9998"}],"curies":[{"name":"wp","href":"https:\/\/api.w.org\/{rel}","templated":true}]}}